{"id":41041,"date":"2025-02-05T10:05:22","date_gmt":"2025-02-05T09:05:22","guid":{"rendered":"https:\/\/santapola.es\/?p=41041"},"modified":"2025-02-05T10:08:34","modified_gmt":"2025-02-05T09:08:34","slug":"santa-pola-posa-en-marxa-el-programa-en-moviment-per-a-millorar-la-qualitat-de-vida-dels-seus-veins-a-traves-de-lexercici-fisic","status":"publish","type":"post","link":"https:\/\/santapola.es\/ca\/santa-pola-posa-en-marxa-el-programa-en-moviment-per-a-millorar-la-qualitat-de-vida-dels-seus-veins-a-traves-de-lexercici-fisic\/","title":{"rendered":"Santa Pola posa en marxa el programa En Moviment per a millorar la qualitat de vida dels seus ve\u00efns a trav\u00e9s de l&#8217;exercici f\u00edsic"},"content":{"rendered":"<p><strong>El Centre de Salut seleccionar\u00e0 als candidats idonis per les seues patologies que entraran en una din\u00e0mica positiva d&#8217;exercici saludable i cohesi\u00f3 social, sent atesos detalladament per professionals de l&#8217;activitat f\u00edsica i l&#8217;esport.\u00a0<\/strong><\/p>\n<p>\u00c1ngel Piedecausa, regidor d&#8217;Esports, ha explicat que \u201cen l&#8217;\u00faltim ple es va aprovar per unanimitat de tots els grups pol\u00edtics la posada en marxa del programa En Moviment, una iniciativa molt important per a nosaltres a trav\u00e9s de la qual aconseguirem, gr\u00e0cies al dels professionals, millorar la qualitat de vida de moltes persones del nostre municipi que necessiten l&#8217;exercici f\u00edsic per a combatre el sedentarisme i les malalties\u201d.<\/p>\n<p>El projecte es desenrotllar\u00e0 en les instal\u00b7lacions de l&#8217;estadi municipal Manolo Maci\u00e1, per a aix\u00f2 l&#8217;Ajuntament de Santa Pola ha habilitat un dels espais coberts transformant-lo en un gimn\u00e0s di\u00e0fan, reformant-lo per a dotar-lo de major amplitud i que compta amb vestuaris, dutxes i lavabos.<\/p>\n<p>El t\u00e8cnic de la regidoria d&#8217;Esports, Fran Lled\u00f3, el va valorar com \u201cun assoliment important per aconseguir que companys llicenciats de l&#8217;Activitat F\u00edsica i Esport puguen incidir en la vida de persones amb malalties, i que a trav\u00e9s d&#8217;este pla s&#8217;adherisquen a l&#8217;exercici f\u00edsic \u00e9s una cosa que haur\u00edem de valorar, aconseguirem que milloren la seua qualitat de vida en el dia a dia i abandonen el sedentarisme\u201d.<\/p>\n<p><iframe loading=\"lazy\" title=\"El programa En Moviment mejorar\u00e1 la calidad de vida de nuestros vecinos con el ejercicio f\u00edsico\" width=\"1080\" height=\"608\" src=\"https:\/\/www.youtube.com\/embed\/ArtjyJx1JC4?feature=oembed\"  allow=\"accelerometer; autoplay; clipboard-write; encrypted-media; gyroscope; picture-in-picture; web-share\" referrerpolicy=\"strict-origin-when-cross-origin\" allowfullscreen><\/iframe><\/p>\n<p><strong>Experi\u00e8ncia pionera a Santa Pola<\/strong><\/p>\n<p>Segons Carlos Elvira, coordinador de la Unitat d&#8217;Activitat i Exercici F\u00edsic (UAEF), \u201cel programa En Moviment naix dels fons NextGeneration de la Uni\u00f3 Europea i Santa Pola l&#8217;est\u00e0 implementant per primera vegada amb la creaci\u00f3 de l&#8217;UAEF. L&#8217;objectiu \u00e9s que totes les persones que vinguen a entrenar aconseguisquen eixos m\u00ednims d&#8217;activitat f\u00edsica que estipula l&#8217;Organitzaci\u00f3 Mundial de la Salut\u201d.<\/p>\n<p>Esta primera experi\u00e8ncia a Santa Pola tindr\u00e0 una duraci\u00f3 de nou mesos, \u201csuficient per a crear eixe h\u00e0bit i que l&#8217;exercici f\u00edsic siga una part important en el dia a dia d&#8217;estes persones. Els entrenaments seran presencials i en grup perqu\u00e8 volem crear cohesi\u00f3 social\u201d.<\/p>\n<p>\u201cTots els pacients ens arriben derivats pel centre de salut, que els considera com a idonis per a este projecte, i ac\u00ed realitzem una primera entrevista per a con\u00e9ixer-los i veure en quin grup els podem incloure per a entrenar. El nostre treball est\u00e0 orientat especialment en la for\u00e7a, amb instruments molt polivalents que ens permeten la m\u00e0xima flexibilitat a l&#8217;hora d&#8217;entrenar, la qual cosa ens permet variar els est\u00edmuls. No sols treballarem a l&#8217;interior del gimn\u00e0s, sin\u00f3 que tamb\u00e9 utilitzarem l&#8217;exterior en l&#8217;estadi Manolo Maci\u00e1 o a la platja, aprofitant les bones condicions climatol\u00f2giques que hi ha a Santa Pola\u201d, va detallar Carlos Elvira.<\/p>\n<p><strong>Entorn propici per a l&#8217;exercici saludable<\/strong><\/p>\n<p>L&#8217;elecci\u00f3 de Santa Pola com el lloc per a la implementaci\u00f3 del programa En Moviment respon a diversos factors clau que fan d&#8217;esta localitat un entorn idoni per al desenrotllament d&#8217;una iniciativa de promoci\u00f3 de l&#8217;activitat f\u00edsica i l&#8217;exercici saludable.<\/p>\n<p>D&#8217;una banda les seues caracter\u00edstiques demogr\u00e0fiques i socioecon\u00f2miques, ja que compta amb una poblaci\u00f3 creixent de persones majors que enfronta reptes relacionats amb l&#8217;envelliment, el sedentarisme i l&#8217;augment de malalties cr\u00f2niques, com la diabetis tipus 2, la hipertensi\u00f3 i les malalties musculoesquel\u00e8tiques.<\/p>\n<p>Per un altre, \u00e9s un lloc propici per a l&#8217;activitat f\u00edsica per entorn natural privilegiat, amb un clima mediterrani, platges i espais oberts ideals per a la pr\u00e0ctica d&#8217;activitats a l&#8217;aire lliure.<\/p>\n<p>La implementaci\u00f3 d&#8217;En Moviment no sols beneficiar\u00e0 als participants directes, sin\u00f3 que tamb\u00e9 pot generar un impacte positiu en tota la comunitat, en fomentar una cultura de salut i benestar, tenint en compte el comprom\u00eds institucional i marc estrat\u00e8gic perqu\u00e8 Santa Pola ha demostrat un ferm comprom\u00eds amb la promoci\u00f3 d&#8217;estils de vida saludables.<\/p>\n<p><strong>Qui pot participar<\/strong><\/p>\n<p>Les persones participants seran majors d&#8217;edat residents i\/o empadronats a Santa Pola i amb assignaci\u00f3 d&#8217;atenci\u00f3 prim\u00e0ria en el nostre Centre de Salut, inactives, amb patologies que requerisquen pautes d&#8217;activitat i exercici f\u00edsic. Especialment persones amb sobrep\u00e9s o obesitat, que patisquen trastorns psicol\u00f2gics com a ansietat i depressi\u00f3, amb artrosi, osteoporosi, fibromi\u00e0lgia o diabetis. S&#8217;establiran quatre grups en els quals podran participar un m\u00e0xim de 18 persones en cada un, 72 en total.<\/p>\n<p>Els participants en este programa seran seleccionats pr\u00e8viament pel Centre de Salut tenint en compte el seu historial m\u00e8dic, de manera que les persones interessades i que no hagen sigut avisades s&#8217;han de dirigir al seu metge de cap\u00e7alera per a sol\u00b7licitar la possibilitat de la seua inclusi\u00f3.<\/p>\n","protected":false},"excerpt":{"rendered":"<p>El Centre de Salut seleccionar\u00e0 als candidats idonis per les seues patologies que entraran en una din\u00e0mica positiva d&#8217;exercici saludable i cohesi\u00f3 social, sent atesos detalladament per professionals de l&#8217;activitat f\u00edsica i l&#8217;esport.\u00a0 \u00c1ngel Piedecausa, regidor d&#8217;Esports, ha explicat que \u201cen l&#8217;\u00faltim ple es va aprovar per unanimitat de tots els grups pol\u00edtics la posada [&hellip;]<\/p>\n","protected":false},"author":96,"featured_media":41039,"comment_status":"closed","ping_status":"closed","sticky":false,"template":"","format":"standard","meta":{"_et_pb_use_builder":"","_et_pb_old_content":"","_et_gb_content_width":"","footnotes":""},"categories":[439,649],"tags":[581,933,1287,1286],"class_list":["post-41041","post","type-post","status-publish","format-standard","has-post-thumbnail","hentry","category-esport","category-sanitat","tag-angel-piedecausa-ca","tag-centre-de-salut","tag-en-moviment-ca","tag-exercisi-fisic"],"yoast_head":"<!-- This site is optimized with the Yoast SEO plugin v27.4 - https:\/\/yoast.com\/product\/yoast-seo-wordpress\/ -->\n<title>Santa Pola posa en marxa el programa En Moviment per a millorar la qualitat de vida dels seus ve\u00efns a trav\u00e9s de l&#039;exercici f\u00edsic - Ajuntament de Santa Pola<\/title>\n<meta name=\"robots\" content=\"index, follow, max-snippet:-1, max-image-preview:large, max-video-preview:-1\" \/>\n<link rel=\"canonical\" href=\"https:\/\/santapola.es\/ca\/santa-pola-posa-en-marxa-el-programa-en-moviment-per-a-millorar-la-qualitat-de-vida-dels-seus-veins-a-traves-de-lexercici-fisic\/\" \/>\n<meta property=\"og:locale\" content=\"ca_ES\" \/>\n<meta property=\"og:type\" content=\"article\" \/>\n<meta property=\"og:title\" content=\"Santa Pola posa en marxa el programa En Moviment per a millorar la qualitat de vida dels seus ve\u00efns a trav\u00e9s de l&#039;exercici f\u00edsic - Ajuntament de Santa Pola\" \/>\n<meta property=\"og:description\" content=\"El Centre de Salut seleccionar\u00e0 als candidats idonis per les seues patologies que entraran en una din\u00e0mica positiva d&#8217;exercici saludable i cohesi\u00f3 social, sent atesos detalladament per professionals de l&#8217;activitat f\u00edsica i l&#8217;esport.\u00a0 \u00c1ngel Piedecausa, regidor d&#8217;Esports, ha explicat que \u201cen l&#8217;\u00faltim ple es va aprovar per unanimitat de tots els grups pol\u00edtics la posada [&hellip;]\" \/>\n<meta property=\"og:url\" content=\"https:\/\/santapola.es\/ca\/santa-pola-posa-en-marxa-el-programa-en-moviment-per-a-millorar-la-qualitat-de-vida-dels-seus-veins-a-traves-de-lexercici-fisic\/\" \/>\n<meta property=\"og:site_name\" content=\"Ajuntament de Santa Pola\" \/>\n<meta property=\"article:publisher\" content=\"https:\/\/www.facebook.com\/AyuntamientoSantaPola\/\" \/>\n<meta property=\"article:published_time\" content=\"2025-02-05T09:05:22+00:00\" \/>\n<meta property=\"article:modified_time\" content=\"2025-02-05T09:08:34+00:00\" \/>\n<meta property=\"og:image\" content=\"https:\/\/santapola.es\/wp-content\/uploads\/2025\/02\/2025-02-05-En-Moviment-1.jpg\" \/>\n\t<meta property=\"og:image:width\" content=\"2350\" \/>\n\t<meta property=\"og:image:height\" content=\"1492\" \/>\n\t<meta property=\"og:image:type\" content=\"image\/jpeg\" \/>\n<meta name=\"author\" content=\"Jos\u00e9 Juan L\u00f3pez Lafuente\" \/>\n<meta name=\"twitter:card\" content=\"summary_large_image\" \/>\n<meta name=\"twitter:creator\" content=\"@SantaPolaAyunt\" \/>\n<meta name=\"twitter:site\" content=\"@SantaPolaAyunt\" \/>\n<script type=\"application\/ld+json\" class=\"yoast-schema-graph\">{\"@context\":\"https:\\\/\\\/schema.org\",\"@graph\":[{\"@type\":\"Article\",\"@id\":\"https:\\\/\\\/santapola.es\\\/ca\\\/santa-pola-posa-en-marxa-el-programa-en-moviment-per-a-millorar-la-qualitat-de-vida-dels-seus-veins-a-traves-de-lexercici-fisic\\\/#article\",\"isPartOf\":{\"@id\":\"https:\\\/\\\/santapola.es\\\/ca\\\/santa-pola-posa-en-marxa-el-programa-en-moviment-per-a-millorar-la-qualitat-de-vida-dels-seus-veins-a-traves-de-lexercici-fisic\\\/\"},\"author\":{\"name\":\"Jos\u00e9 Juan L\u00f3pez Lafuente\",\"@id\":\"https:\\\/\\\/santapola.es\\\/ca\\\/#\\\/schema\\\/person\\\/ad1d67403707b58350c7be5e8dbc442d\"},\"headline\":\"Santa Pola posa en marxa el programa En Moviment per a millorar la qualitat de vida dels seus ve\u00efns a trav\u00e9s de l&#8217;exercici f\u00edsic\",\"datePublished\":\"2025-02-05T09:05:22+00:00\",\"dateModified\":\"2025-02-05T09:08:34+00:00\",\"mainEntityOfPage\":{\"@id\":\"https:\\\/\\\/santapola.es\\\/ca\\\/santa-pola-posa-en-marxa-el-programa-en-moviment-per-a-millorar-la-qualitat-de-vida-dels-seus-veins-a-traves-de-lexercici-fisic\\\/\"},\"wordCount\":850,\"image\":{\"@id\":\"https:\\\/\\\/santapola.es\\\/ca\\\/santa-pola-posa-en-marxa-el-programa-en-moviment-per-a-millorar-la-qualitat-de-vida-dels-seus-veins-a-traves-de-lexercici-fisic\\\/#primaryimage\"},\"thumbnailUrl\":\"https:\\\/\\\/santapola.es\\\/wp-content\\\/uploads\\\/2025\\\/02\\\/2025-02-05-En-Moviment-1.jpg\",\"keywords\":[\"\u00c1ngel Piedecausa\",\"Centre de salut\",\"En Moviment\",\"exercisi f\u00edsic\"],\"articleSection\":[\"Esport\",\"Sanitat\"],\"inLanguage\":\"ca\"},{\"@type\":\"WebPage\",\"@id\":\"https:\\\/\\\/santapola.es\\\/ca\\\/santa-pola-posa-en-marxa-el-programa-en-moviment-per-a-millorar-la-qualitat-de-vida-dels-seus-veins-a-traves-de-lexercici-fisic\\\/\",\"url\":\"https:\\\/\\\/santapola.es\\\/ca\\\/santa-pola-posa-en-marxa-el-programa-en-moviment-per-a-millorar-la-qualitat-de-vida-dels-seus-veins-a-traves-de-lexercici-fisic\\\/\",\"name\":\"Santa Pola posa en marxa el programa En Moviment per a millorar la qualitat de vida dels seus ve\u00efns a trav\u00e9s de l'exercici f\u00edsic - Ajuntament de Santa Pola\",\"isPartOf\":{\"@id\":\"https:\\\/\\\/santapola.es\\\/ca\\\/#website\"},\"primaryImageOfPage\":{\"@id\":\"https:\\\/\\\/santapola.es\\\/ca\\\/santa-pola-posa-en-marxa-el-programa-en-moviment-per-a-millorar-la-qualitat-de-vida-dels-seus-veins-a-traves-de-lexercici-fisic\\\/#primaryimage\"},\"image\":{\"@id\":\"https:\\\/\\\/santapola.es\\\/ca\\\/santa-pola-posa-en-marxa-el-programa-en-moviment-per-a-millorar-la-qualitat-de-vida-dels-seus-veins-a-traves-de-lexercici-fisic\\\/#primaryimage\"},\"thumbnailUrl\":\"https:\\\/\\\/santapola.es\\\/wp-content\\\/uploads\\\/2025\\\/02\\\/2025-02-05-En-Moviment-1.jpg\",\"datePublished\":\"2025-02-05T09:05:22+00:00\",\"dateModified\":\"2025-02-05T09:08:34+00:00\",\"author\":{\"@id\":\"https:\\\/\\\/santapola.es\\\/ca\\\/#\\\/schema\\\/person\\\/ad1d67403707b58350c7be5e8dbc442d\"},\"breadcrumb\":{\"@id\":\"https:\\\/\\\/santapola.es\\\/ca\\\/santa-pola-posa-en-marxa-el-programa-en-moviment-per-a-millorar-la-qualitat-de-vida-dels-seus-veins-a-traves-de-lexercici-fisic\\\/#breadcrumb\"},\"inLanguage\":\"ca\",\"potentialAction\":[{\"@type\":\"ReadAction\",\"target\":[\"https:\\\/\\\/santapola.es\\\/ca\\\/santa-pola-posa-en-marxa-el-programa-en-moviment-per-a-millorar-la-qualitat-de-vida-dels-seus-veins-a-traves-de-lexercici-fisic\\\/\"]}]},{\"@type\":\"ImageObject\",\"inLanguage\":\"ca\",\"@id\":\"https:\\\/\\\/santapola.es\\\/ca\\\/santa-pola-posa-en-marxa-el-programa-en-moviment-per-a-millorar-la-qualitat-de-vida-dels-seus-veins-a-traves-de-lexercici-fisic\\\/#primaryimage\",\"url\":\"https:\\\/\\\/santapola.es\\\/wp-content\\\/uploads\\\/2025\\\/02\\\/2025-02-05-En-Moviment-1.jpg\",\"contentUrl\":\"https:\\\/\\\/santapola.es\\\/wp-content\\\/uploads\\\/2025\\\/02\\\/2025-02-05-En-Moviment-1.jpg\",\"width\":2350,\"height\":1492,\"caption\":\"Screenshot\"},{\"@type\":\"BreadcrumbList\",\"@id\":\"https:\\\/\\\/santapola.es\\\/ca\\\/santa-pola-posa-en-marxa-el-programa-en-moviment-per-a-millorar-la-qualitat-de-vida-dels-seus-veins-a-traves-de-lexercici-fisic\\\/#breadcrumb\",\"itemListElement\":[{\"@type\":\"ListItem\",\"position\":1,\"name\":\"Inici\",\"item\":\"https:\\\/\\\/santapola.es\\\/ca\\\/\"},{\"@type\":\"ListItem\",\"position\":2,\"name\":\"Santa Pola posa en marxa el programa En Moviment per a millorar la qualitat de vida dels seus ve\u00efns a trav\u00e9s de l&#8217;exercici f\u00edsic\"}]},{\"@type\":\"WebSite\",\"@id\":\"https:\\\/\\\/santapola.es\\\/ca\\\/#website\",\"url\":\"https:\\\/\\\/santapola.es\\\/ca\\\/\",\"name\":\"Ayuntamiento de Santa Pola\",\"description\":\"Web de l'Ajuntament de Santa Pola\",\"potentialAction\":[{\"@type\":\"SearchAction\",\"target\":{\"@type\":\"EntryPoint\",\"urlTemplate\":\"https:\\\/\\\/santapola.es\\\/ca\\\/?s={search_term_string}\"},\"query-input\":{\"@type\":\"PropertyValueSpecification\",\"valueRequired\":true,\"valueName\":\"search_term_string\"}}],\"inLanguage\":\"ca\"},{\"@type\":\"Person\",\"@id\":\"https:\\\/\\\/santapola.es\\\/ca\\\/#\\\/schema\\\/person\\\/ad1d67403707b58350c7be5e8dbc442d\",\"name\":\"Jos\u00e9 Juan L\u00f3pez Lafuente\"}]}<\/script>\n<!-- \/ Yoast SEO plugin. -->","yoast_head_json":{"title":"Santa Pola posa en marxa el programa En Moviment per a millorar la qualitat de vida dels seus ve\u00efns a trav\u00e9s de l'exercici f\u00edsic - Ajuntament de Santa Pola","robots":{"index":"index","follow":"follow","max-snippet":"max-snippet:-1","max-image-preview":"max-image-preview:large","max-video-preview":"max-video-preview:-1"},"canonical":"https:\/\/santapola.es\/ca\/santa-pola-posa-en-marxa-el-programa-en-moviment-per-a-millorar-la-qualitat-de-vida-dels-seus-veins-a-traves-de-lexercici-fisic\/","og_locale":"ca_ES","og_type":"article","og_title":"Santa Pola posa en marxa el programa En Moviment per a millorar la qualitat de vida dels seus ve\u00efns a trav\u00e9s de l'exercici f\u00edsic - Ajuntament de Santa Pola","og_description":"El Centre de Salut seleccionar\u00e0 als candidats idonis per les seues patologies que entraran en una din\u00e0mica positiva d&#8217;exercici saludable i cohesi\u00f3 social, sent atesos detalladament per professionals de l&#8217;activitat f\u00edsica i l&#8217;esport.\u00a0 \u00c1ngel Piedecausa, regidor d&#8217;Esports, ha explicat que \u201cen l&#8217;\u00faltim ple es va aprovar per unanimitat de tots els grups pol\u00edtics la posada [&hellip;]","og_url":"https:\/\/santapola.es\/ca\/santa-pola-posa-en-marxa-el-programa-en-moviment-per-a-millorar-la-qualitat-de-vida-dels-seus-veins-a-traves-de-lexercici-fisic\/","og_site_name":"Ajuntament de Santa Pola","article_publisher":"https:\/\/www.facebook.com\/AyuntamientoSantaPola\/","article_published_time":"2025-02-05T09:05:22+00:00","article_modified_time":"2025-02-05T09:08:34+00:00","og_image":[{"width":2350,"height":1492,"url":"https:\/\/santapola.es\/wp-content\/uploads\/2025\/02\/2025-02-05-En-Moviment-1.jpg","type":"image\/jpeg"}],"author":"Jos\u00e9 Juan L\u00f3pez Lafuente","twitter_card":"summary_large_image","twitter_creator":"@SantaPolaAyunt","twitter_site":"@SantaPolaAyunt","schema":{"@context":"https:\/\/schema.org","@graph":[{"@type":"Article","@id":"https:\/\/santapola.es\/ca\/santa-pola-posa-en-marxa-el-programa-en-moviment-per-a-millorar-la-qualitat-de-vida-dels-seus-veins-a-traves-de-lexercici-fisic\/#article","isPartOf":{"@id":"https:\/\/santapola.es\/ca\/santa-pola-posa-en-marxa-el-programa-en-moviment-per-a-millorar-la-qualitat-de-vida-dels-seus-veins-a-traves-de-lexercici-fisic\/"},"author":{"name":"Jos\u00e9 Juan L\u00f3pez Lafuente","@id":"https:\/\/santapola.es\/ca\/#\/schema\/person\/ad1d67403707b58350c7be5e8dbc442d"},"headline":"Santa Pola posa en marxa el programa En Moviment per a millorar la qualitat de vida dels seus ve\u00efns a trav\u00e9s de l&#8217;exercici f\u00edsic","datePublished":"2025-02-05T09:05:22+00:00","dateModified":"2025-02-05T09:08:34+00:00","mainEntityOfPage":{"@id":"https:\/\/santapola.es\/ca\/santa-pola-posa-en-marxa-el-programa-en-moviment-per-a-millorar-la-qualitat-de-vida-dels-seus-veins-a-traves-de-lexercici-fisic\/"},"wordCount":850,"image":{"@id":"https:\/\/santapola.es\/ca\/santa-pola-posa-en-marxa-el-programa-en-moviment-per-a-millorar-la-qualitat-de-vida-dels-seus-veins-a-traves-de-lexercici-fisic\/#primaryimage"},"thumbnailUrl":"https:\/\/santapola.es\/wp-content\/uploads\/2025\/02\/2025-02-05-En-Moviment-1.jpg","keywords":["\u00c1ngel Piedecausa","Centre de salut","En Moviment","exercisi f\u00edsic"],"articleSection":["Esport","Sanitat"],"inLanguage":"ca"},{"@type":"WebPage","@id":"https:\/\/santapola.es\/ca\/santa-pola-posa-en-marxa-el-programa-en-moviment-per-a-millorar-la-qualitat-de-vida-dels-seus-veins-a-traves-de-lexercici-fisic\/","url":"https:\/\/santapola.es\/ca\/santa-pola-posa-en-marxa-el-programa-en-moviment-per-a-millorar-la-qualitat-de-vida-dels-seus-veins-a-traves-de-lexercici-fisic\/","name":"Santa Pola posa en marxa el programa En Moviment per a millorar la qualitat de vida dels seus ve\u00efns a trav\u00e9s de l'exercici f\u00edsic - Ajuntament de Santa Pola","isPartOf":{"@id":"https:\/\/santapola.es\/ca\/#website"},"primaryImageOfPage":{"@id":"https:\/\/santapola.es\/ca\/santa-pola-posa-en-marxa-el-programa-en-moviment-per-a-millorar-la-qualitat-de-vida-dels-seus-veins-a-traves-de-lexercici-fisic\/#primaryimage"},"image":{"@id":"https:\/\/santapola.es\/ca\/santa-pola-posa-en-marxa-el-programa-en-moviment-per-a-millorar-la-qualitat-de-vida-dels-seus-veins-a-traves-de-lexercici-fisic\/#primaryimage"},"thumbnailUrl":"https:\/\/santapola.es\/wp-content\/uploads\/2025\/02\/2025-02-05-En-Moviment-1.jpg","datePublished":"2025-02-05T09:05:22+00:00","dateModified":"2025-02-05T09:08:34+00:00","author":{"@id":"https:\/\/santapola.es\/ca\/#\/schema\/person\/ad1d67403707b58350c7be5e8dbc442d"},"breadcrumb":{"@id":"https:\/\/santapola.es\/ca\/santa-pola-posa-en-marxa-el-programa-en-moviment-per-a-millorar-la-qualitat-de-vida-dels-seus-veins-a-traves-de-lexercici-fisic\/#breadcrumb"},"inLanguage":"ca","potentialAction":[{"@type":"ReadAction","target":["https:\/\/santapola.es\/ca\/santa-pola-posa-en-marxa-el-programa-en-moviment-per-a-millorar-la-qualitat-de-vida-dels-seus-veins-a-traves-de-lexercici-fisic\/"]}]},{"@type":"ImageObject","inLanguage":"ca","@id":"https:\/\/santapola.es\/ca\/santa-pola-posa-en-marxa-el-programa-en-moviment-per-a-millorar-la-qualitat-de-vida-dels-seus-veins-a-traves-de-lexercici-fisic\/#primaryimage","url":"https:\/\/santapola.es\/wp-content\/uploads\/2025\/02\/2025-02-05-En-Moviment-1.jpg","contentUrl":"https:\/\/santapola.es\/wp-content\/uploads\/2025\/02\/2025-02-05-En-Moviment-1.jpg","width":2350,"height":1492,"caption":"Screenshot"},{"@type":"BreadcrumbList","@id":"https:\/\/santapola.es\/ca\/santa-pola-posa-en-marxa-el-programa-en-moviment-per-a-millorar-la-qualitat-de-vida-dels-seus-veins-a-traves-de-lexercici-fisic\/#breadcrumb","itemListElement":[{"@type":"ListItem","position":1,"name":"Inici","item":"https:\/\/santapola.es\/ca\/"},{"@type":"ListItem","position":2,"name":"Santa Pola posa en marxa el programa En Moviment per a millorar la qualitat de vida dels seus ve\u00efns a trav\u00e9s de l&#8217;exercici f\u00edsic"}]},{"@type":"WebSite","@id":"https:\/\/santapola.es\/ca\/#website","url":"https:\/\/santapola.es\/ca\/","name":"Ayuntamiento de Santa Pola","description":"Web de l'Ajuntament de Santa Pola","potentialAction":[{"@type":"SearchAction","target":{"@type":"EntryPoint","urlTemplate":"https:\/\/santapola.es\/ca\/?s={search_term_string}"},"query-input":{"@type":"PropertyValueSpecification","valueRequired":true,"valueName":"search_term_string"}}],"inLanguage":"ca"},{"@type":"Person","@id":"https:\/\/santapola.es\/ca\/#\/schema\/person\/ad1d67403707b58350c7be5e8dbc442d","name":"Jos\u00e9 Juan L\u00f3pez Lafuente"}]}},"_links":{"self":[{"href":"https:\/\/santapola.es\/ca\/wp-json\/wp\/v2\/posts\/41041","targetHints":{"allow":["GET"]}}],"collection":[{"href":"https:\/\/santapola.es\/ca\/wp-json\/wp\/v2\/posts"}],"about":[{"href":"https:\/\/santapola.es\/ca\/wp-json\/wp\/v2\/types\/post"}],"author":[{"embeddable":true,"href":"https:\/\/santapola.es\/ca\/wp-json\/wp\/v2\/users\/96"}],"replies":[{"embeddable":true,"href":"https:\/\/santapola.es\/ca\/wp-json\/wp\/v2\/comments?post=41041"}],"version-history":[{"count":0,"href":"https:\/\/santapola.es\/ca\/wp-json\/wp\/v2\/posts\/41041\/revisions"}],"wp:featuredmedia":[{"embeddable":true,"href":"https:\/\/santapola.es\/ca\/wp-json\/wp\/v2\/media\/41039"}],"wp:attachment":[{"href":"https:\/\/santapola.es\/ca\/wp-json\/wp\/v2\/media?parent=41041"}],"wp:term":[{"taxonomy":"category","embeddable":true,"href":"https:\/\/santapola.es\/ca\/wp-json\/wp\/v2\/categories?post=41041"},{"taxonomy":"post_tag","embeddable":true,"href":"https:\/\/santapola.es\/ca\/wp-json\/wp\/v2\/tags?post=41041"}],"curies":[{"name":"wp","href":"https:\/\/api.w.org\/{rel}","templated":true}]}}