{"id":41027,"date":"2025-02-03T13:19:48","date_gmt":"2025-02-03T12:19:48","guid":{"rendered":"https:\/\/santapola.es\/?p=41027"},"modified":"2025-02-03T13:24:32","modified_gmt":"2025-02-03T12:24:32","slug":"santa-pola-es-mou-al-febrer-al-ritme-de-la-dansa-amb-el-festival-internacional-moute-2025","status":"publish","type":"post","link":"https:\/\/santapola.es\/ca\/santa-pola-es-mou-al-febrer-al-ritme-de-la-dansa-amb-el-festival-internacional-moute-2025\/","title":{"rendered":"Santa Pola es mou al febrer al ritme de la dansa amb el Festival Internacional Moute 2025"},"content":{"rendered":"<p><strong>El ball pren els carrers i places de Santa Pola durant este mes amb un important programa d&#8217;activitats gratu\u00eftes en espais p\u00fablics i una gala d&#8217;escoles de dansa que comptar\u00e0 amb m\u00e9s de 300 participants d&#8217;Espanya, Fran\u00e7a, It\u00e0lia i Pa\u00efsos Baixos.<\/strong><\/p>\n<p>La regidor de Cultura, Nely Baile, ha presentat este mat\u00ed el II Festival de Dansa Internacional Moute Santa Pola 2025 que organitza l&#8217;escola Fem Dansa juntament amb l&#8217;Ajuntament, \u201cun esdeveniment consolidat com un referent cultural i art\u00edstic a Santa Pola, amb una programaci\u00f3 molt \u00e0mplia i variada d&#8217;activitats totalment gratu\u00eftes\u201d.<\/p>\n<p>L&#8217;edil va destacar \u201cels Diumenges en Dansa, una proposta especial que omplir\u00e0 els espais p\u00fablics de Santa Pola amb espectacles a l&#8217;aire lliure, acostant la dansa a fam\u00edlies, a visitants i a ve\u00efns, i que transformaran les nostres places en escenaris vius de l&#8217;art\u201d, i va agrair \u201ca Mar\u00eda Palaz\u00f3n i el seu equip, i a tots els participants, per fer d&#8217;este festival un gran esdeveniment\u201d.<\/p>\n<p>Mar\u00eda Palaz\u00f3n, alma mater del festival Moute, va comentar algunes de les novetats d&#8217;esta edici\u00f3: \u201cdem\u00e0 comencen els tallers socials i sanitaris que durem a terme amb associacions locals a l&#8217;escola de Fem Dansa. Tamb\u00e9 tindrem un taller de fam\u00edlies a la Casa de Cultura el divendres 14 per a xiquets de 3 a 6 anys, que experimentaran amb el seu cos juntament amb qualsevol familiar, i una altra iniciativa nova \u00e9s el taller de percussi\u00f3 i dansa que celebrarem al parc Sorolla el dissabte 15\u201d.<\/p>\n<p>Palaz\u00f3n va voler destacar l&#8217;activitat dels Diumenges en Dansa, \u201cque l&#8217;any passat van tindre un gran acolliment i ja vam comen\u00e7ar ahir dia 2 amb l&#8217;actuaci\u00f3 d&#8217;Experience i Emotion. Este diumenge 9, en la pla\u00e7a de la Comunitat Valenciana, tindrem l&#8217;actuaci\u00f3 de tots els premiats amb beques del 2024 que vindran a Santa Pola, i el 16 gaudirem en la Glorieta del Projecte Good d&#8217;Asun Noales, que representaran quatre extractes del seu repertori\u201d.<\/p>\n<p><strong>M\u00e9s de 300 participants<\/strong><\/p>\n<p>El 21 i 22 de febrer se celebraran els esdeveniments m\u00e9s multitudinaris, en els quals s&#8217;han inscrit 25 escoles el divendres i 22 el dissabte, ajuntant a m\u00e9s de 300 persones vingudes no sols de diversos punts d&#8217;Espanya, sin\u00f3 tamb\u00e9 d&#8217;Holanda, It\u00e0lia i Fran\u00e7a.<\/p>\n<p>\u201cEl divendres 21 tindrem la Gala d&#8217;Escoles en la Glorieta i el dissabte ser\u00e0 el dia de major activitat amb tallers cada hora durant tot el dia en el pavell\u00f3 Lara Gonz\u00e1lez, i que culminar\u00e0 amb el tancament de la Gala d&#8217;Escoles en la Glorieta\u201d, va afegir Palaz\u00f3n.<\/p>\n<p>El fermall d&#8217;or a l&#8217;II Festival de Dansa Internacional Moute Santa Pola 2025 tindr\u00e0 lloc el 15 de mar\u00e7 amb un gran espectacle final que ser\u00e0 anunciat en breu, i que pret\u00e9n superar el llist\u00f3 que va deixar en la passada edici\u00f3 l&#8217;espectacle de dansa a\u00e8ria Sylphes, que va abarrotar de p\u00fablic la Glorieta i va tindre un gran \u00e8xit.<\/p>\n<p>Per a acabar, Nely Baile va voler \u201cconvidar-vos a tots a ser part d&#8217;este Moute 2025, us esperem a Santa Pola per a gaudir d&#8217;una experi\u00e8ncia que transformar\u00e0 la manera de viure i de sentir la dansa\u201d.<\/p>\n<p><a href=\"https:\/\/www.turismosantapola.es\/stp\/web_php\/index.php?contenido=esdeveniments_coconut&amp;idEsdev=1274&amp;title=danza-internacional-mou-te-santa-pola-2025&amp;lang=42\">Consulta la programaci\u00f3 completa<\/a><\/p>\n","protected":false},"excerpt":{"rendered":"<p>El ball pren els carrers i places de Santa Pola durant este mes amb un important programa d&#8217;activitats gratu\u00eftes en espais p\u00fablics i una gala d&#8217;escoles de dansa que comptar\u00e0 amb m\u00e9s de 300 participants d&#8217;Espanya, Fran\u00e7a, It\u00e0lia i Pa\u00efsos Baixos. La regidor de Cultura, Nely Baile, ha presentat este mat\u00ed el II Festival de [&hellip;]<\/p>\n","protected":false},"author":96,"featured_media":41025,"comment_status":"closed","ping_status":"closed","sticky":false,"template":"","format":"standard","meta":{"_et_pb_use_builder":"","_et_pb_old_content":"","_et_gb_content_width":"","footnotes":""},"categories":[433],"tags":[1271,788,1283,511],"class_list":["post-41027","post","type-post","status-publish","format-standard","has-post-thumbnail","hentry","category-cultura-ca","tag-fem-dansa-ca","tag-maria-palazon-ca","tag-moute-ca","tag-nely-baile-ca"],"yoast_head":"<!-- This site is optimized with the Yoast SEO plugin v27.4 - https:\/\/yoast.com\/product\/yoast-seo-wordpress\/ -->\n<title>Santa Pola es mou al febrer al ritme de la dansa amb el Festival Internacional Moute 2025 - Ajuntament de Santa Pola<\/title>\n<meta name=\"robots\" content=\"index, follow, max-snippet:-1, max-image-preview:large, max-video-preview:-1\" \/>\n<link rel=\"canonical\" href=\"https:\/\/santapola.es\/ca\/santa-pola-es-mou-al-febrer-al-ritme-de-la-dansa-amb-el-festival-internacional-moute-2025\/\" \/>\n<meta property=\"og:locale\" content=\"ca_ES\" \/>\n<meta property=\"og:type\" content=\"article\" \/>\n<meta property=\"og:title\" content=\"Santa Pola es mou al febrer al ritme de la dansa amb el Festival Internacional Moute 2025 - Ajuntament de Santa Pola\" \/>\n<meta property=\"og:description\" content=\"El ball pren els carrers i places de Santa Pola durant este mes amb un important programa d&#8217;activitats gratu\u00eftes en espais p\u00fablics i una gala d&#8217;escoles de dansa que comptar\u00e0 amb m\u00e9s de 300 participants d&#8217;Espanya, Fran\u00e7a, It\u00e0lia i Pa\u00efsos Baixos. La regidor de Cultura, Nely Baile, ha presentat este mat\u00ed el II Festival de [&hellip;]\" \/>\n<meta property=\"og:url\" content=\"https:\/\/santapola.es\/ca\/santa-pola-es-mou-al-febrer-al-ritme-de-la-dansa-amb-el-festival-internacional-moute-2025\/\" \/>\n<meta property=\"og:site_name\" content=\"Ajuntament de Santa Pola\" \/>\n<meta property=\"article:publisher\" content=\"https:\/\/www.facebook.com\/AyuntamientoSantaPola\/\" \/>\n<meta property=\"article:published_time\" content=\"2025-02-03T12:19:48+00:00\" \/>\n<meta property=\"article:modified_time\" content=\"2025-02-03T12:24:32+00:00\" \/>\n<meta property=\"og:image\" content=\"https:\/\/santapola.es\/wp-content\/uploads\/2025\/02\/2025-02-03-Moute-1.jpg\" \/>\n\t<meta property=\"og:image:width\" content=\"2000\" \/>\n\t<meta property=\"og:image:height\" content=\"1500\" \/>\n\t<meta property=\"og:image:type\" content=\"image\/jpeg\" \/>\n<meta name=\"author\" content=\"Jos\u00e9 Juan L\u00f3pez Lafuente\" \/>\n<meta name=\"twitter:card\" content=\"summary_large_image\" \/>\n<meta name=\"twitter:creator\" content=\"@SantaPolaAyunt\" \/>\n<meta name=\"twitter:site\" content=\"@SantaPolaAyunt\" \/>\n<script type=\"application\/ld+json\" class=\"yoast-schema-graph\">{\"@context\":\"https:\\\/\\\/schema.org\",\"@graph\":[{\"@type\":\"Article\",\"@id\":\"https:\\\/\\\/santapola.es\\\/ca\\\/santa-pola-es-mou-al-febrer-al-ritme-de-la-dansa-amb-el-festival-internacional-moute-2025\\\/#article\",\"isPartOf\":{\"@id\":\"https:\\\/\\\/santapola.es\\\/ca\\\/santa-pola-es-mou-al-febrer-al-ritme-de-la-dansa-amb-el-festival-internacional-moute-2025\\\/\"},\"author\":{\"name\":\"Jos\u00e9 Juan L\u00f3pez Lafuente\",\"@id\":\"https:\\\/\\\/santapola.es\\\/ca\\\/#\\\/schema\\\/person\\\/ad1d67403707b58350c7be5e8dbc442d\"},\"headline\":\"Santa Pola es mou al febrer al ritme de la dansa amb el Festival Internacional Moute 2025\",\"datePublished\":\"2025-02-03T12:19:48+00:00\",\"dateModified\":\"2025-02-03T12:24:32+00:00\",\"mainEntityOfPage\":{\"@id\":\"https:\\\/\\\/santapola.es\\\/ca\\\/santa-pola-es-mou-al-febrer-al-ritme-de-la-dansa-amb-el-festival-internacional-moute-2025\\\/\"},\"wordCount\":567,\"image\":{\"@id\":\"https:\\\/\\\/santapola.es\\\/ca\\\/santa-pola-es-mou-al-febrer-al-ritme-de-la-dansa-amb-el-festival-internacional-moute-2025\\\/#primaryimage\"},\"thumbnailUrl\":\"https:\\\/\\\/santapola.es\\\/wp-content\\\/uploads\\\/2025\\\/02\\\/2025-02-03-Moute-1.jpg\",\"keywords\":[\"Fem Dansa\",\"Mar\u00eda Palaz\u00f3n\",\"Moute\",\"Nely Baile\"],\"articleSection\":[\"Cultura\"],\"inLanguage\":\"ca\"},{\"@type\":\"WebPage\",\"@id\":\"https:\\\/\\\/santapola.es\\\/ca\\\/santa-pola-es-mou-al-febrer-al-ritme-de-la-dansa-amb-el-festival-internacional-moute-2025\\\/\",\"url\":\"https:\\\/\\\/santapola.es\\\/ca\\\/santa-pola-es-mou-al-febrer-al-ritme-de-la-dansa-amb-el-festival-internacional-moute-2025\\\/\",\"name\":\"Santa Pola es mou al febrer al ritme de la dansa amb el Festival Internacional Moute 2025 - Ajuntament de Santa Pola\",\"isPartOf\":{\"@id\":\"https:\\\/\\\/santapola.es\\\/ca\\\/#website\"},\"primaryImageOfPage\":{\"@id\":\"https:\\\/\\\/santapola.es\\\/ca\\\/santa-pola-es-mou-al-febrer-al-ritme-de-la-dansa-amb-el-festival-internacional-moute-2025\\\/#primaryimage\"},\"image\":{\"@id\":\"https:\\\/\\\/santapola.es\\\/ca\\\/santa-pola-es-mou-al-febrer-al-ritme-de-la-dansa-amb-el-festival-internacional-moute-2025\\\/#primaryimage\"},\"thumbnailUrl\":\"https:\\\/\\\/santapola.es\\\/wp-content\\\/uploads\\\/2025\\\/02\\\/2025-02-03-Moute-1.jpg\",\"datePublished\":\"2025-02-03T12:19:48+00:00\",\"dateModified\":\"2025-02-03T12:24:32+00:00\",\"author\":{\"@id\":\"https:\\\/\\\/santapola.es\\\/ca\\\/#\\\/schema\\\/person\\\/ad1d67403707b58350c7be5e8dbc442d\"},\"breadcrumb\":{\"@id\":\"https:\\\/\\\/santapola.es\\\/ca\\\/santa-pola-es-mou-al-febrer-al-ritme-de-la-dansa-amb-el-festival-internacional-moute-2025\\\/#breadcrumb\"},\"inLanguage\":\"ca\",\"potentialAction\":[{\"@type\":\"ReadAction\",\"target\":[\"https:\\\/\\\/santapola.es\\\/ca\\\/santa-pola-es-mou-al-febrer-al-ritme-de-la-dansa-amb-el-festival-internacional-moute-2025\\\/\"]}]},{\"@type\":\"ImageObject\",\"inLanguage\":\"ca\",\"@id\":\"https:\\\/\\\/santapola.es\\\/ca\\\/santa-pola-es-mou-al-febrer-al-ritme-de-la-dansa-amb-el-festival-internacional-moute-2025\\\/#primaryimage\",\"url\":\"https:\\\/\\\/santapola.es\\\/wp-content\\\/uploads\\\/2025\\\/02\\\/2025-02-03-Moute-1.jpg\",\"contentUrl\":\"https:\\\/\\\/santapola.es\\\/wp-content\\\/uploads\\\/2025\\\/02\\\/2025-02-03-Moute-1.jpg\",\"width\":2000,\"height\":1500},{\"@type\":\"BreadcrumbList\",\"@id\":\"https:\\\/\\\/santapola.es\\\/ca\\\/santa-pola-es-mou-al-febrer-al-ritme-de-la-dansa-amb-el-festival-internacional-moute-2025\\\/#breadcrumb\",\"itemListElement\":[{\"@type\":\"ListItem\",\"position\":1,\"name\":\"Inici\",\"item\":\"https:\\\/\\\/santapola.es\\\/ca\\\/\"},{\"@type\":\"ListItem\",\"position\":2,\"name\":\"Santa Pola es mou al febrer al ritme de la dansa amb el Festival Internacional Moute 2025\"}]},{\"@type\":\"WebSite\",\"@id\":\"https:\\\/\\\/santapola.es\\\/ca\\\/#website\",\"url\":\"https:\\\/\\\/santapola.es\\\/ca\\\/\",\"name\":\"Ayuntamiento de Santa Pola\",\"description\":\"Web de l'Ajuntament de Santa Pola\",\"potentialAction\":[{\"@type\":\"SearchAction\",\"target\":{\"@type\":\"EntryPoint\",\"urlTemplate\":\"https:\\\/\\\/santapola.es\\\/ca\\\/?s={search_term_string}\"},\"query-input\":{\"@type\":\"PropertyValueSpecification\",\"valueRequired\":true,\"valueName\":\"search_term_string\"}}],\"inLanguage\":\"ca\"},{\"@type\":\"Person\",\"@id\":\"https:\\\/\\\/santapola.es\\\/ca\\\/#\\\/schema\\\/person\\\/ad1d67403707b58350c7be5e8dbc442d\",\"name\":\"Jos\u00e9 Juan L\u00f3pez Lafuente\"}]}<\/script>\n<!-- \/ Yoast SEO plugin. -->","yoast_head_json":{"title":"Santa Pola es mou al febrer al ritme de la dansa amb el Festival Internacional Moute 2025 - Ajuntament de Santa Pola","robots":{"index":"index","follow":"follow","max-snippet":"max-snippet:-1","max-image-preview":"max-image-preview:large","max-video-preview":"max-video-preview:-1"},"canonical":"https:\/\/santapola.es\/ca\/santa-pola-es-mou-al-febrer-al-ritme-de-la-dansa-amb-el-festival-internacional-moute-2025\/","og_locale":"ca_ES","og_type":"article","og_title":"Santa Pola es mou al febrer al ritme de la dansa amb el Festival Internacional Moute 2025 - Ajuntament de Santa Pola","og_description":"El ball pren els carrers i places de Santa Pola durant este mes amb un important programa d&#8217;activitats gratu\u00eftes en espais p\u00fablics i una gala d&#8217;escoles de dansa que comptar\u00e0 amb m\u00e9s de 300 participants d&#8217;Espanya, Fran\u00e7a, It\u00e0lia i Pa\u00efsos Baixos. La regidor de Cultura, Nely Baile, ha presentat este mat\u00ed el II Festival de [&hellip;]","og_url":"https:\/\/santapola.es\/ca\/santa-pola-es-mou-al-febrer-al-ritme-de-la-dansa-amb-el-festival-internacional-moute-2025\/","og_site_name":"Ajuntament de Santa Pola","article_publisher":"https:\/\/www.facebook.com\/AyuntamientoSantaPola\/","article_published_time":"2025-02-03T12:19:48+00:00","article_modified_time":"2025-02-03T12:24:32+00:00","og_image":[{"width":2000,"height":1500,"url":"https:\/\/santapola.es\/wp-content\/uploads\/2025\/02\/2025-02-03-Moute-1.jpg","type":"image\/jpeg"}],"author":"Jos\u00e9 Juan L\u00f3pez Lafuente","twitter_card":"summary_large_image","twitter_creator":"@SantaPolaAyunt","twitter_site":"@SantaPolaAyunt","schema":{"@context":"https:\/\/schema.org","@graph":[{"@type":"Article","@id":"https:\/\/santapola.es\/ca\/santa-pola-es-mou-al-febrer-al-ritme-de-la-dansa-amb-el-festival-internacional-moute-2025\/#article","isPartOf":{"@id":"https:\/\/santapola.es\/ca\/santa-pola-es-mou-al-febrer-al-ritme-de-la-dansa-amb-el-festival-internacional-moute-2025\/"},"author":{"name":"Jos\u00e9 Juan L\u00f3pez Lafuente","@id":"https:\/\/santapola.es\/ca\/#\/schema\/person\/ad1d67403707b58350c7be5e8dbc442d"},"headline":"Santa Pola es mou al febrer al ritme de la dansa amb el Festival Internacional Moute 2025","datePublished":"2025-02-03T12:19:48+00:00","dateModified":"2025-02-03T12:24:32+00:00","mainEntityOfPage":{"@id":"https:\/\/santapola.es\/ca\/santa-pola-es-mou-al-febrer-al-ritme-de-la-dansa-amb-el-festival-internacional-moute-2025\/"},"wordCount":567,"image":{"@id":"https:\/\/santapola.es\/ca\/santa-pola-es-mou-al-febrer-al-ritme-de-la-dansa-amb-el-festival-internacional-moute-2025\/#primaryimage"},"thumbnailUrl":"https:\/\/santapola.es\/wp-content\/uploads\/2025\/02\/2025-02-03-Moute-1.jpg","keywords":["Fem Dansa","Mar\u00eda Palaz\u00f3n","Moute","Nely Baile"],"articleSection":["Cultura"],"inLanguage":"ca"},{"@type":"WebPage","@id":"https:\/\/santapola.es\/ca\/santa-pola-es-mou-al-febrer-al-ritme-de-la-dansa-amb-el-festival-internacional-moute-2025\/","url":"https:\/\/santapola.es\/ca\/santa-pola-es-mou-al-febrer-al-ritme-de-la-dansa-amb-el-festival-internacional-moute-2025\/","name":"Santa Pola es mou al febrer al ritme de la dansa amb el Festival Internacional Moute 2025 - Ajuntament de Santa Pola","isPartOf":{"@id":"https:\/\/santapola.es\/ca\/#website"},"primaryImageOfPage":{"@id":"https:\/\/santapola.es\/ca\/santa-pola-es-mou-al-febrer-al-ritme-de-la-dansa-amb-el-festival-internacional-moute-2025\/#primaryimage"},"image":{"@id":"https:\/\/santapola.es\/ca\/santa-pola-es-mou-al-febrer-al-ritme-de-la-dansa-amb-el-festival-internacional-moute-2025\/#primaryimage"},"thumbnailUrl":"https:\/\/santapola.es\/wp-content\/uploads\/2025\/02\/2025-02-03-Moute-1.jpg","datePublished":"2025-02-03T12:19:48+00:00","dateModified":"2025-02-03T12:24:32+00:00","author":{"@id":"https:\/\/santapola.es\/ca\/#\/schema\/person\/ad1d67403707b58350c7be5e8dbc442d"},"breadcrumb":{"@id":"https:\/\/santapola.es\/ca\/santa-pola-es-mou-al-febrer-al-ritme-de-la-dansa-amb-el-festival-internacional-moute-2025\/#breadcrumb"},"inLanguage":"ca","potentialAction":[{"@type":"ReadAction","target":["https:\/\/santapola.es\/ca\/santa-pola-es-mou-al-febrer-al-ritme-de-la-dansa-amb-el-festival-internacional-moute-2025\/"]}]},{"@type":"ImageObject","inLanguage":"ca","@id":"https:\/\/santapola.es\/ca\/santa-pola-es-mou-al-febrer-al-ritme-de-la-dansa-amb-el-festival-internacional-moute-2025\/#primaryimage","url":"https:\/\/santapola.es\/wp-content\/uploads\/2025\/02\/2025-02-03-Moute-1.jpg","contentUrl":"https:\/\/santapola.es\/wp-content\/uploads\/2025\/02\/2025-02-03-Moute-1.jpg","width":2000,"height":1500},{"@type":"BreadcrumbList","@id":"https:\/\/santapola.es\/ca\/santa-pola-es-mou-al-febrer-al-ritme-de-la-dansa-amb-el-festival-internacional-moute-2025\/#breadcrumb","itemListElement":[{"@type":"ListItem","position":1,"name":"Inici","item":"https:\/\/santapola.es\/ca\/"},{"@type":"ListItem","position":2,"name":"Santa Pola es mou al febrer al ritme de la dansa amb el Festival Internacional Moute 2025"}]},{"@type":"WebSite","@id":"https:\/\/santapola.es\/ca\/#website","url":"https:\/\/santapola.es\/ca\/","name":"Ayuntamiento de Santa Pola","description":"Web de l'Ajuntament de Santa Pola","potentialAction":[{"@type":"SearchAction","target":{"@type":"EntryPoint","urlTemplate":"https:\/\/santapola.es\/ca\/?s={search_term_string}"},"query-input":{"@type":"PropertyValueSpecification","valueRequired":true,"valueName":"search_term_string"}}],"inLanguage":"ca"},{"@type":"Person","@id":"https:\/\/santapola.es\/ca\/#\/schema\/person\/ad1d67403707b58350c7be5e8dbc442d","name":"Jos\u00e9 Juan L\u00f3pez Lafuente"}]}},"_links":{"self":[{"href":"https:\/\/santapola.es\/ca\/wp-json\/wp\/v2\/posts\/41027","targetHints":{"allow":["GET"]}}],"collection":[{"href":"https:\/\/santapola.es\/ca\/wp-json\/wp\/v2\/posts"}],"about":[{"href":"https:\/\/santapola.es\/ca\/wp-json\/wp\/v2\/types\/post"}],"author":[{"embeddable":true,"href":"https:\/\/santapola.es\/ca\/wp-json\/wp\/v2\/users\/96"}],"replies":[{"embeddable":true,"href":"https:\/\/santapola.es\/ca\/wp-json\/wp\/v2\/comments?post=41027"}],"version-history":[{"count":0,"href":"https:\/\/santapola.es\/ca\/wp-json\/wp\/v2\/posts\/41027\/revisions"}],"wp:featuredmedia":[{"embeddable":true,"href":"https:\/\/santapola.es\/ca\/wp-json\/wp\/v2\/media\/41025"}],"wp:attachment":[{"href":"https:\/\/santapola.es\/ca\/wp-json\/wp\/v2\/media?parent=41027"}],"wp:term":[{"taxonomy":"category","embeddable":true,"href":"https:\/\/santapola.es\/ca\/wp-json\/wp\/v2\/categories?post=41027"},{"taxonomy":"post_tag","embeddable":true,"href":"https:\/\/santapola.es\/ca\/wp-json\/wp\/v2\/tags?post=41027"}],"curies":[{"name":"wp","href":"https:\/\/api.w.org\/{rel}","templated":true}]}}