{"id":41017,"date":"2025-01-30T15:36:38","date_gmt":"2025-01-30T14:36:38","guid":{"rendered":"https:\/\/santapola.es\/?p=41017"},"modified":"2025-01-30T15:36:38","modified_gmt":"2025-01-30T14:36:38","slug":"el-ple-aprova-el-pla-director-del-cap-de-santa-pola-i-lagenda-urbana-2030","status":"publish","type":"post","link":"https:\/\/santapola.es\/ca\/el-ple-aprova-el-pla-director-del-cap-de-santa-pola-i-lagenda-urbana-2030\/","title":{"rendered":"El ple aprova el Pla Director del Cap de Santa Pola i l&#8217;Agenda Urbana 2030"},"content":{"rendered":"<p><strong>Es rebutja demanar la dimissi\u00f3 de Carlos Maz\u00f3n i per unanimitat se sol\u00b7licitar\u00e0 la declaraci\u00f3 d&#8217;inter\u00e9s auton\u00f2mic de les Festes Patronals i de Moros i Cristians, aix\u00ed com la declaraci\u00f3 de Ben Immaterial de Rellev\u00e0ncia Local per a la Vinguda de la Mare de D\u00e9u de Loreto.\u00a0<\/strong><\/p>\n<p>El ple va comen\u00e7ar amb l&#8217;habitual minut de silenci en mem\u00f2ria de les v\u00edctimes de viol\u00e8ncia de g\u00e8nere i amb la lectura per part del regidor de Pesca, \u00c1ngel Piedecausa, d&#8217;una moci\u00f3 institucional en defensa del sector pesquer.<\/p>\n<p>L&#8217;equip de govern va presentar el Pla Director del Cap de Santa Pola que, segons va explicar l&#8217;alcaldessa, \u201cha sigut elaborat per dos catedr\u00e0tiques de la Universitat d&#8217;Alacant i preveu l&#8217;execuci\u00f3 de quatre senderes dins d&#8217;un pla global que l&#8217;ordene, i la seua aprovaci\u00f3 ens permetr\u00e0 la possibilitat d&#8217;aspirar a subvencions europees per a un projecte de 15 milions d&#8217;euros\u201d.<\/p>\n<p>El portaveu de M\u00e9s Santa Pola, Esteve Ruiz, va dir que \u201ces busca consens per\u00f2 cap grup de l&#8217;oposici\u00f3 est\u00e0 d&#8217;acord, este projecte \u00e9s m\u00e9s una propaganda de Fitur, un estudi bastant pobre per a fer quatre senderes\u201d, la qual cosa el grup popular va qualificar com \u201cuna falta de respecte a les autores del pla\u201d.<\/p>\n<p>La regidor de Vox Mireia Moya va justificar l&#8217;abstenci\u00f3 del seu grup al\u00b7legant que \u201cestem a favor que es pose en valor el cap i, com despr\u00e9s s&#8217;especificar\u00e0 cada actuaci\u00f3, no ens negarem\u201d.<\/p>\n<p>Per part seua, l&#8217;edil socialista Jos\u00e9 Francisco L\u00f3pez va matisar que \u201c\u00e9s necessari el pla, per\u00f2 una de les actuacions que \u00e9s la sendera 4 no ens agrada, per aix\u00f2 votarem en contra per q\u00fcestions mediambientals\u201d.<\/p>\n<p><strong>Agenda Urbana 2030<\/strong><\/p>\n<p>Amb vots a favor de tots els grups municipals excepte Vox, es va aprovar l&#8217;estrat\u00e8gia de desenrotllament integrat del municipi a trav\u00e9s de l&#8217;Agenda Urbana 2030, que l&#8217;alcaldessa va considerar \u201cun estudi molt important per part de t\u00e8cnics i pol\u00edtics que servir\u00e0 per a plasmar cap a on anem i \u00e9s una cosa imprescindible per a poder optar a subvencions europees tindre clares les nostres directrius de futur\u201d.<\/p>\n<p>Fora de l&#8217;orde del dia es van aprovar per unanimitat l&#8217;adhesi\u00f3 al programa En Moviment per a millorar la salut dels ciutadans de Santa Pola amb problem\u00e0tiques tant f\u00edsiques com mentals, aix\u00ed com sol\u00b7licitar la declaraci\u00f3 d&#8217;inter\u00e9s auton\u00f2mic per a les Festes Patronals i de Moros i Cristians en honor a la Mare de D\u00e9u de Loreto.<\/p>\n<p><strong>Mocions pol\u00edtiques<\/strong><\/p>\n<p>M\u00e9s Santa Pola va sol\u00b7licitar a trav\u00e9s d&#8217;una moci\u00f3 demanar la dimissi\u00f3 de Carlos Maz\u00f3n com a president de la Generalitat Valenciana, que va ser rebutjada amb els vots en contra del grup popular, l&#8217;abstenci\u00f3 de Vox i els vots favorables del grup socialista i els presentadors de la moci\u00f3.<\/p>\n<p>Les que s\u00ed que es van aprovar per unanimitat van ser la moci\u00f3 socialista per a iniciar el procediment de sol\u00b7licitud per a la declaraci\u00f3 de Ben Immaterial de Rellev\u00e0ncia Local per a la Vinguda de la Mare de D\u00e9u de Loreto, aix\u00ed com la sol\u00b7licitud a l&#8217;empresa que gestiona el tanatori local perqu\u00e8 estudie la possibilitat d&#8217;ampliar el seu horari.<\/p>\n","protected":false},"excerpt":{"rendered":"<p>Es rebutja demanar la dimissi\u00f3 de Carlos Maz\u00f3n i per unanimitat se sol\u00b7licitar\u00e0 la declaraci\u00f3 d&#8217;inter\u00e9s auton\u00f2mic de les Festes Patronals i de Moros i Cristians, aix\u00ed com la declaraci\u00f3 de Ben Immaterial de Rellev\u00e0ncia Local per a la Vinguda de la Mare de D\u00e9u de Loreto.\u00a0 El ple va comen\u00e7ar amb l&#8217;habitual minut de [&hellip;]<\/p>\n","protected":false},"author":96,"featured_media":41016,"comment_status":"closed","ping_status":"closed","sticky":false,"template":"","format":"standard","meta":{"_et_pb_use_builder":"","_et_pb_old_content":"","_et_gb_content_width":"","footnotes":""},"categories":[473],"tags":[1281,1280],"class_list":["post-41017","post","type-post","status-publish","format-standard","has-post-thumbnail","hentry","category-plens","tag-agenda-urbana-2030-ca","tag-pla-director-del-cap-de-santa-pola"],"yoast_head":"<!-- This site is optimized with the Yoast SEO plugin v27.4 - https:\/\/yoast.com\/product\/yoast-seo-wordpress\/ -->\n<title>El ple aprova el Pla Director del Cap de Santa Pola i l&#039;Agenda Urbana 2030 - Ajuntament de Santa Pola<\/title>\n<meta name=\"robots\" content=\"index, follow, max-snippet:-1, max-image-preview:large, max-video-preview:-1\" \/>\n<link rel=\"canonical\" href=\"https:\/\/santapola.es\/ca\/el-ple-aprova-el-pla-director-del-cap-de-santa-pola-i-lagenda-urbana-2030\/\" \/>\n<meta property=\"og:locale\" content=\"ca_ES\" \/>\n<meta property=\"og:type\" content=\"article\" \/>\n<meta property=\"og:title\" content=\"El ple aprova el Pla Director del Cap de Santa Pola i l&#039;Agenda Urbana 2030 - Ajuntament de Santa Pola\" \/>\n<meta property=\"og:description\" content=\"Es rebutja demanar la dimissi\u00f3 de Carlos Maz\u00f3n i per unanimitat se sol\u00b7licitar\u00e0 la declaraci\u00f3 d&#8217;inter\u00e9s auton\u00f2mic de les Festes Patronals i de Moros i Cristians, aix\u00ed com la declaraci\u00f3 de Ben Immaterial de Rellev\u00e0ncia Local per a la Vinguda de la Mare de D\u00e9u de Loreto.\u00a0 El ple va comen\u00e7ar amb l&#8217;habitual minut de [&hellip;]\" \/>\n<meta property=\"og:url\" content=\"https:\/\/santapola.es\/ca\/el-ple-aprova-el-pla-director-del-cap-de-santa-pola-i-lagenda-urbana-2030\/\" \/>\n<meta property=\"og:site_name\" content=\"Ajuntament de Santa Pola\" \/>\n<meta property=\"article:publisher\" content=\"https:\/\/www.facebook.com\/AyuntamientoSantaPola\/\" \/>\n<meta property=\"article:published_time\" content=\"2025-01-30T14:36:38+00:00\" \/>\n<meta property=\"og:image\" content=\"https:\/\/santapola.es\/wp-content\/uploads\/2025\/01\/2025-01-30-pleno.jpg\" \/>\n\t<meta property=\"og:image:width\" content=\"2000\" \/>\n\t<meta property=\"og:image:height\" content=\"968\" \/>\n\t<meta property=\"og:image:type\" content=\"image\/jpeg\" \/>\n<meta name=\"author\" content=\"Jos\u00e9 Juan L\u00f3pez Lafuente\" \/>\n<meta name=\"twitter:card\" content=\"summary_large_image\" \/>\n<meta name=\"twitter:creator\" content=\"@SantaPolaAyunt\" \/>\n<meta name=\"twitter:site\" content=\"@SantaPolaAyunt\" \/>\n<script type=\"application\/ld+json\" class=\"yoast-schema-graph\">{\"@context\":\"https:\\\/\\\/schema.org\",\"@graph\":[{\"@type\":\"Article\",\"@id\":\"https:\\\/\\\/santapola.es\\\/ca\\\/el-ple-aprova-el-pla-director-del-cap-de-santa-pola-i-lagenda-urbana-2030\\\/#article\",\"isPartOf\":{\"@id\":\"https:\\\/\\\/santapola.es\\\/ca\\\/el-ple-aprova-el-pla-director-del-cap-de-santa-pola-i-lagenda-urbana-2030\\\/\"},\"author\":{\"name\":\"Jos\u00e9 Juan L\u00f3pez Lafuente\",\"@id\":\"https:\\\/\\\/santapola.es\\\/ca\\\/#\\\/schema\\\/person\\\/ad1d67403707b58350c7be5e8dbc442d\"},\"headline\":\"El ple aprova el Pla Director del Cap de Santa Pola i l&#8217;Agenda Urbana 2030\",\"datePublished\":\"2025-01-30T14:36:38+00:00\",\"mainEntityOfPage\":{\"@id\":\"https:\\\/\\\/santapola.es\\\/ca\\\/el-ple-aprova-el-pla-director-del-cap-de-santa-pola-i-lagenda-urbana-2030\\\/\"},\"wordCount\":585,\"image\":{\"@id\":\"https:\\\/\\\/santapola.es\\\/ca\\\/el-ple-aprova-el-pla-director-del-cap-de-santa-pola-i-lagenda-urbana-2030\\\/#primaryimage\"},\"thumbnailUrl\":\"https:\\\/\\\/santapola.es\\\/wp-content\\\/uploads\\\/2025\\\/01\\\/2025-01-30-pleno.jpg\",\"keywords\":[\"Agenda Urbana 2030\",\"Pla Director del Cap de Santa Pola\"],\"articleSection\":[\"Plens\"],\"inLanguage\":\"ca\"},{\"@type\":\"WebPage\",\"@id\":\"https:\\\/\\\/santapola.es\\\/ca\\\/el-ple-aprova-el-pla-director-del-cap-de-santa-pola-i-lagenda-urbana-2030\\\/\",\"url\":\"https:\\\/\\\/santapola.es\\\/ca\\\/el-ple-aprova-el-pla-director-del-cap-de-santa-pola-i-lagenda-urbana-2030\\\/\",\"name\":\"El ple aprova el Pla Director del Cap de Santa Pola i l'Agenda Urbana 2030 - Ajuntament de Santa Pola\",\"isPartOf\":{\"@id\":\"https:\\\/\\\/santapola.es\\\/ca\\\/#website\"},\"primaryImageOfPage\":{\"@id\":\"https:\\\/\\\/santapola.es\\\/ca\\\/el-ple-aprova-el-pla-director-del-cap-de-santa-pola-i-lagenda-urbana-2030\\\/#primaryimage\"},\"image\":{\"@id\":\"https:\\\/\\\/santapola.es\\\/ca\\\/el-ple-aprova-el-pla-director-del-cap-de-santa-pola-i-lagenda-urbana-2030\\\/#primaryimage\"},\"thumbnailUrl\":\"https:\\\/\\\/santapola.es\\\/wp-content\\\/uploads\\\/2025\\\/01\\\/2025-01-30-pleno.jpg\",\"datePublished\":\"2025-01-30T14:36:38+00:00\",\"author\":{\"@id\":\"https:\\\/\\\/santapola.es\\\/ca\\\/#\\\/schema\\\/person\\\/ad1d67403707b58350c7be5e8dbc442d\"},\"breadcrumb\":{\"@id\":\"https:\\\/\\\/santapola.es\\\/ca\\\/el-ple-aprova-el-pla-director-del-cap-de-santa-pola-i-lagenda-urbana-2030\\\/#breadcrumb\"},\"inLanguage\":\"ca\",\"potentialAction\":[{\"@type\":\"ReadAction\",\"target\":[\"https:\\\/\\\/santapola.es\\\/ca\\\/el-ple-aprova-el-pla-director-del-cap-de-santa-pola-i-lagenda-urbana-2030\\\/\"]}]},{\"@type\":\"ImageObject\",\"inLanguage\":\"ca\",\"@id\":\"https:\\\/\\\/santapola.es\\\/ca\\\/el-ple-aprova-el-pla-director-del-cap-de-santa-pola-i-lagenda-urbana-2030\\\/#primaryimage\",\"url\":\"https:\\\/\\\/santapola.es\\\/wp-content\\\/uploads\\\/2025\\\/01\\\/2025-01-30-pleno.jpg\",\"contentUrl\":\"https:\\\/\\\/santapola.es\\\/wp-content\\\/uploads\\\/2025\\\/01\\\/2025-01-30-pleno.jpg\",\"width\":2000,\"height\":968},{\"@type\":\"BreadcrumbList\",\"@id\":\"https:\\\/\\\/santapola.es\\\/ca\\\/el-ple-aprova-el-pla-director-del-cap-de-santa-pola-i-lagenda-urbana-2030\\\/#breadcrumb\",\"itemListElement\":[{\"@type\":\"ListItem\",\"position\":1,\"name\":\"Inici\",\"item\":\"https:\\\/\\\/santapola.es\\\/ca\\\/\"},{\"@type\":\"ListItem\",\"position\":2,\"name\":\"El ple aprova el Pla Director del Cap de Santa Pola i l&#8217;Agenda Urbana 2030\"}]},{\"@type\":\"WebSite\",\"@id\":\"https:\\\/\\\/santapola.es\\\/ca\\\/#website\",\"url\":\"https:\\\/\\\/santapola.es\\\/ca\\\/\",\"name\":\"Ayuntamiento de Santa Pola\",\"description\":\"Web de l'Ajuntament de Santa Pola\",\"potentialAction\":[{\"@type\":\"SearchAction\",\"target\":{\"@type\":\"EntryPoint\",\"urlTemplate\":\"https:\\\/\\\/santapola.es\\\/ca\\\/?s={search_term_string}\"},\"query-input\":{\"@type\":\"PropertyValueSpecification\",\"valueRequired\":true,\"valueName\":\"search_term_string\"}}],\"inLanguage\":\"ca\"},{\"@type\":\"Person\",\"@id\":\"https:\\\/\\\/santapola.es\\\/ca\\\/#\\\/schema\\\/person\\\/ad1d67403707b58350c7be5e8dbc442d\",\"name\":\"Jos\u00e9 Juan L\u00f3pez Lafuente\"}]}<\/script>\n<!-- \/ Yoast SEO plugin. -->","yoast_head_json":{"title":"El ple aprova el Pla Director del Cap de Santa Pola i l'Agenda Urbana 2030 - Ajuntament de Santa Pola","robots":{"index":"index","follow":"follow","max-snippet":"max-snippet:-1","max-image-preview":"max-image-preview:large","max-video-preview":"max-video-preview:-1"},"canonical":"https:\/\/santapola.es\/ca\/el-ple-aprova-el-pla-director-del-cap-de-santa-pola-i-lagenda-urbana-2030\/","og_locale":"ca_ES","og_type":"article","og_title":"El ple aprova el Pla Director del Cap de Santa Pola i l'Agenda Urbana 2030 - Ajuntament de Santa Pola","og_description":"Es rebutja demanar la dimissi\u00f3 de Carlos Maz\u00f3n i per unanimitat se sol\u00b7licitar\u00e0 la declaraci\u00f3 d&#8217;inter\u00e9s auton\u00f2mic de les Festes Patronals i de Moros i Cristians, aix\u00ed com la declaraci\u00f3 de Ben Immaterial de Rellev\u00e0ncia Local per a la Vinguda de la Mare de D\u00e9u de Loreto.\u00a0 El ple va comen\u00e7ar amb l&#8217;habitual minut de [&hellip;]","og_url":"https:\/\/santapola.es\/ca\/el-ple-aprova-el-pla-director-del-cap-de-santa-pola-i-lagenda-urbana-2030\/","og_site_name":"Ajuntament de Santa Pola","article_publisher":"https:\/\/www.facebook.com\/AyuntamientoSantaPola\/","article_published_time":"2025-01-30T14:36:38+00:00","og_image":[{"width":2000,"height":968,"url":"https:\/\/santapola.es\/wp-content\/uploads\/2025\/01\/2025-01-30-pleno.jpg","type":"image\/jpeg"}],"author":"Jos\u00e9 Juan L\u00f3pez Lafuente","twitter_card":"summary_large_image","twitter_creator":"@SantaPolaAyunt","twitter_site":"@SantaPolaAyunt","schema":{"@context":"https:\/\/schema.org","@graph":[{"@type":"Article","@id":"https:\/\/santapola.es\/ca\/el-ple-aprova-el-pla-director-del-cap-de-santa-pola-i-lagenda-urbana-2030\/#article","isPartOf":{"@id":"https:\/\/santapola.es\/ca\/el-ple-aprova-el-pla-director-del-cap-de-santa-pola-i-lagenda-urbana-2030\/"},"author":{"name":"Jos\u00e9 Juan L\u00f3pez Lafuente","@id":"https:\/\/santapola.es\/ca\/#\/schema\/person\/ad1d67403707b58350c7be5e8dbc442d"},"headline":"El ple aprova el Pla Director del Cap de Santa Pola i l&#8217;Agenda Urbana 2030","datePublished":"2025-01-30T14:36:38+00:00","mainEntityOfPage":{"@id":"https:\/\/santapola.es\/ca\/el-ple-aprova-el-pla-director-del-cap-de-santa-pola-i-lagenda-urbana-2030\/"},"wordCount":585,"image":{"@id":"https:\/\/santapola.es\/ca\/el-ple-aprova-el-pla-director-del-cap-de-santa-pola-i-lagenda-urbana-2030\/#primaryimage"},"thumbnailUrl":"https:\/\/santapola.es\/wp-content\/uploads\/2025\/01\/2025-01-30-pleno.jpg","keywords":["Agenda Urbana 2030","Pla Director del Cap de Santa Pola"],"articleSection":["Plens"],"inLanguage":"ca"},{"@type":"WebPage","@id":"https:\/\/santapola.es\/ca\/el-ple-aprova-el-pla-director-del-cap-de-santa-pola-i-lagenda-urbana-2030\/","url":"https:\/\/santapola.es\/ca\/el-ple-aprova-el-pla-director-del-cap-de-santa-pola-i-lagenda-urbana-2030\/","name":"El ple aprova el Pla Director del Cap de Santa Pola i l'Agenda Urbana 2030 - Ajuntament de Santa Pola","isPartOf":{"@id":"https:\/\/santapola.es\/ca\/#website"},"primaryImageOfPage":{"@id":"https:\/\/santapola.es\/ca\/el-ple-aprova-el-pla-director-del-cap-de-santa-pola-i-lagenda-urbana-2030\/#primaryimage"},"image":{"@id":"https:\/\/santapola.es\/ca\/el-ple-aprova-el-pla-director-del-cap-de-santa-pola-i-lagenda-urbana-2030\/#primaryimage"},"thumbnailUrl":"https:\/\/santapola.es\/wp-content\/uploads\/2025\/01\/2025-01-30-pleno.jpg","datePublished":"2025-01-30T14:36:38+00:00","author":{"@id":"https:\/\/santapola.es\/ca\/#\/schema\/person\/ad1d67403707b58350c7be5e8dbc442d"},"breadcrumb":{"@id":"https:\/\/santapola.es\/ca\/el-ple-aprova-el-pla-director-del-cap-de-santa-pola-i-lagenda-urbana-2030\/#breadcrumb"},"inLanguage":"ca","potentialAction":[{"@type":"ReadAction","target":["https:\/\/santapola.es\/ca\/el-ple-aprova-el-pla-director-del-cap-de-santa-pola-i-lagenda-urbana-2030\/"]}]},{"@type":"ImageObject","inLanguage":"ca","@id":"https:\/\/santapola.es\/ca\/el-ple-aprova-el-pla-director-del-cap-de-santa-pola-i-lagenda-urbana-2030\/#primaryimage","url":"https:\/\/santapola.es\/wp-content\/uploads\/2025\/01\/2025-01-30-pleno.jpg","contentUrl":"https:\/\/santapola.es\/wp-content\/uploads\/2025\/01\/2025-01-30-pleno.jpg","width":2000,"height":968},{"@type":"BreadcrumbList","@id":"https:\/\/santapola.es\/ca\/el-ple-aprova-el-pla-director-del-cap-de-santa-pola-i-lagenda-urbana-2030\/#breadcrumb","itemListElement":[{"@type":"ListItem","position":1,"name":"Inici","item":"https:\/\/santapola.es\/ca\/"},{"@type":"ListItem","position":2,"name":"El ple aprova el Pla Director del Cap de Santa Pola i l&#8217;Agenda Urbana 2030"}]},{"@type":"WebSite","@id":"https:\/\/santapola.es\/ca\/#website","url":"https:\/\/santapola.es\/ca\/","name":"Ayuntamiento de Santa Pola","description":"Web de l'Ajuntament de Santa Pola","potentialAction":[{"@type":"SearchAction","target":{"@type":"EntryPoint","urlTemplate":"https:\/\/santapola.es\/ca\/?s={search_term_string}"},"query-input":{"@type":"PropertyValueSpecification","valueRequired":true,"valueName":"search_term_string"}}],"inLanguage":"ca"},{"@type":"Person","@id":"https:\/\/santapola.es\/ca\/#\/schema\/person\/ad1d67403707b58350c7be5e8dbc442d","name":"Jos\u00e9 Juan L\u00f3pez Lafuente"}]}},"_links":{"self":[{"href":"https:\/\/santapola.es\/ca\/wp-json\/wp\/v2\/posts\/41017","targetHints":{"allow":["GET"]}}],"collection":[{"href":"https:\/\/santapola.es\/ca\/wp-json\/wp\/v2\/posts"}],"about":[{"href":"https:\/\/santapola.es\/ca\/wp-json\/wp\/v2\/types\/post"}],"author":[{"embeddable":true,"href":"https:\/\/santapola.es\/ca\/wp-json\/wp\/v2\/users\/96"}],"replies":[{"embeddable":true,"href":"https:\/\/santapola.es\/ca\/wp-json\/wp\/v2\/comments?post=41017"}],"version-history":[{"count":0,"href":"https:\/\/santapola.es\/ca\/wp-json\/wp\/v2\/posts\/41017\/revisions"}],"wp:featuredmedia":[{"embeddable":true,"href":"https:\/\/santapola.es\/ca\/wp-json\/wp\/v2\/media\/41016"}],"wp:attachment":[{"href":"https:\/\/santapola.es\/ca\/wp-json\/wp\/v2\/media?parent=41017"}],"wp:term":[{"taxonomy":"category","embeddable":true,"href":"https:\/\/santapola.es\/ca\/wp-json\/wp\/v2\/categories?post=41017"},{"taxonomy":"post_tag","embeddable":true,"href":"https:\/\/santapola.es\/ca\/wp-json\/wp\/v2\/tags?post=41017"}],"curies":[{"name":"wp","href":"https:\/\/api.w.org\/{rel}","templated":true}]}}