{"id":41004,"date":"2025-01-30T11:49:36","date_gmt":"2025-01-30T10:49:36","guid":{"rendered":"https:\/\/santapola.es\/?p=41004"},"modified":"2025-01-30T11:51:44","modified_gmt":"2025-01-30T10:51:44","slug":"els-carpaccios-de-mariscos-de-santa-pola-sorprenen-a-madrid-fusion","status":"publish","type":"post","link":"https:\/\/santapola.es\/ca\/els-carpaccios-de-mariscos-de-santa-pola-sorprenen-a-madrid-fusion\/","title":{"rendered":"Els carpaccios de mariscos de Santa Pola sorprenen a Madrid Fusi\u00f3n"},"content":{"rendered":"<p><strong>Els productes de l&#8217;empresa local La Marufina van destacar en la prestigiosa fira gastron\u00f2mica que reunix els millors xefs d&#8217;Espanya. El xef Emilio Guill\u00e9n va realitzar una demostraci\u00f3 amb el delici\u00f3s carpaccio de mariscos.<\/strong><\/p>\n<p>Els nostres productes de la mar van ser protagonistes en la 23a edici\u00f3 de la prestigiosa fira gastron\u00f2mica Madrid Fusi\u00f3n Aliments d&#8217;Espanya, que es va clausurar ahir amb la participaci\u00f3 m\u00e9s important de la seua hist\u00f2ria, 1.874 congressistes, 26.104 visitants i 232 empreses expositores.<\/p>\n<p>El xef Emilio Guill\u00e9n, del restaurant P\u00f2sit Pesquer de Santa Pola, va realitzar una demostraci\u00f3 utilitzant els saborosos carpaccios de marisc de l&#8217;empresa local La Marufina, que ha elaborat una interessant carta de productes la base dels quals s\u00f3n els millors mariscos del Mediterrani capturats pels seus propis vaixells.<\/p>\n<p>L&#8217;equip de Marufina va poder donar a con\u00e9ixer els seus innovadors i excel\u00b7lents productes, elaborats a Santa Pola, a xefs de prestigi com Mart\u00edn Berasategui , Mar\u00eda Jos\u00e9 San Rom\u00e1n del Restaurant Monastrell o el santapoler Diego Ren\u00e9 L\u00f3pez And\u00fajar de Beluga M\u00e0laga, entre altres, a m\u00e9s de periodistes especialitzats i influencers gastron\u00f2mics.<\/p>\n","protected":false},"excerpt":{"rendered":"<p>Els productes de l&#8217;empresa local La Marufina van destacar en la prestigiosa fira gastron\u00f2mica que reunix els millors xefs d&#8217;Espanya. El xef Emilio Guill\u00e9n va realitzar una demostraci\u00f3 amb el delici\u00f3s carpaccio de mariscos. Els nostres productes de la mar van ser protagonistes en la 23a edici\u00f3 de la prestigiosa fira gastron\u00f2mica Madrid Fusi\u00f3n Aliments [&hellip;]<\/p>\n","protected":false},"author":96,"featured_media":41002,"comment_status":"closed","ping_status":"closed","sticky":false,"template":"","format":"standard","meta":{"_et_pb_use_builder":"","_et_pb_old_content":"","_et_gb_content_width":"","footnotes":""},"categories":[882,589],"tags":[1275,1277,1276],"class_list":["post-41004","post","type-post","status-publish","format-standard","has-post-thumbnail","hentry","category-pesca-2","category-turisme","tag-carpaccio-de-mariscos","tag-la-marufina-ca","tag-madrid-fusion-ca"],"yoast_head":"<!-- This site is optimized with the Yoast SEO plugin v27.4 - https:\/\/yoast.com\/product\/yoast-seo-wordpress\/ -->\n<title>Els carpaccios de mariscos de Santa Pola sorprenen a Madrid Fusi\u00f3n - Ajuntament de Santa Pola<\/title>\n<meta name=\"robots\" content=\"index, follow, max-snippet:-1, max-image-preview:large, max-video-preview:-1\" \/>\n<link rel=\"canonical\" href=\"https:\/\/santapola.es\/ca\/els-carpaccios-de-mariscos-de-santa-pola-sorprenen-a-madrid-fusion\/\" \/>\n<meta property=\"og:locale\" content=\"ca_ES\" \/>\n<meta property=\"og:type\" content=\"article\" \/>\n<meta property=\"og:title\" content=\"Els carpaccios de mariscos de Santa Pola sorprenen a Madrid Fusi\u00f3n - Ajuntament de Santa Pola\" \/>\n<meta property=\"og:description\" content=\"Els productes de l&#8217;empresa local La Marufina van destacar en la prestigiosa fira gastron\u00f2mica que reunix els millors xefs d&#8217;Espanya. El xef Emilio Guill\u00e9n va realitzar una demostraci\u00f3 amb el delici\u00f3s carpaccio de mariscos. Els nostres productes de la mar van ser protagonistes en la 23a edici\u00f3 de la prestigiosa fira gastron\u00f2mica Madrid Fusi\u00f3n Aliments [&hellip;]\" \/>\n<meta property=\"og:url\" content=\"https:\/\/santapola.es\/ca\/els-carpaccios-de-mariscos-de-santa-pola-sorprenen-a-madrid-fusion\/\" \/>\n<meta property=\"og:site_name\" content=\"Ajuntament de Santa Pola\" \/>\n<meta property=\"article:publisher\" content=\"https:\/\/www.facebook.com\/AyuntamientoSantaPola\/\" \/>\n<meta property=\"article:published_time\" content=\"2025-01-30T10:49:36+00:00\" \/>\n<meta property=\"article:modified_time\" content=\"2025-01-30T10:51:44+00:00\" \/>\n<meta property=\"og:image\" content=\"https:\/\/santapola.es\/wp-content\/uploads\/2025\/01\/WhatsApp-Image-2025-01-29-at-22.34.49.jpeg\" \/>\n\t<meta property=\"og:image:width\" content=\"1600\" \/>\n\t<meta property=\"og:image:height\" content=\"1200\" \/>\n\t<meta property=\"og:image:type\" content=\"image\/jpeg\" \/>\n<meta name=\"author\" content=\"Jos\u00e9 Juan L\u00f3pez Lafuente\" \/>\n<meta name=\"twitter:card\" content=\"summary_large_image\" \/>\n<meta name=\"twitter:creator\" content=\"@SantaPolaAyunt\" \/>\n<meta name=\"twitter:site\" content=\"@SantaPolaAyunt\" \/>\n<script type=\"application\/ld+json\" class=\"yoast-schema-graph\">{\"@context\":\"https:\\\/\\\/schema.org\",\"@graph\":[{\"@type\":\"Article\",\"@id\":\"https:\\\/\\\/santapola.es\\\/ca\\\/els-carpaccios-de-mariscos-de-santa-pola-sorprenen-a-madrid-fusion\\\/#article\",\"isPartOf\":{\"@id\":\"https:\\\/\\\/santapola.es\\\/ca\\\/els-carpaccios-de-mariscos-de-santa-pola-sorprenen-a-madrid-fusion\\\/\"},\"author\":{\"name\":\"Jos\u00e9 Juan L\u00f3pez Lafuente\",\"@id\":\"https:\\\/\\\/santapola.es\\\/ca\\\/#\\\/schema\\\/person\\\/ad1d67403707b58350c7be5e8dbc442d\"},\"headline\":\"Els carpaccios de mariscos de Santa Pola sorprenen a Madrid Fusi\u00f3n\",\"datePublished\":\"2025-01-30T10:49:36+00:00\",\"dateModified\":\"2025-01-30T10:51:44+00:00\",\"mainEntityOfPage\":{\"@id\":\"https:\\\/\\\/santapola.es\\\/ca\\\/els-carpaccios-de-mariscos-de-santa-pola-sorprenen-a-madrid-fusion\\\/\"},\"wordCount\":213,\"image\":{\"@id\":\"https:\\\/\\\/santapola.es\\\/ca\\\/els-carpaccios-de-mariscos-de-santa-pola-sorprenen-a-madrid-fusion\\\/#primaryimage\"},\"thumbnailUrl\":\"https:\\\/\\\/santapola.es\\\/wp-content\\\/uploads\\\/2025\\\/01\\\/WhatsApp-Image-2025-01-29-at-22.34.49.jpeg\",\"keywords\":[\"carpaccio de mariscos\",\"La Marufina\",\"Madrid Fusi\u00f3n\"],\"articleSection\":[\"Pesca\",\"Turisme\"],\"inLanguage\":\"ca\"},{\"@type\":\"WebPage\",\"@id\":\"https:\\\/\\\/santapola.es\\\/ca\\\/els-carpaccios-de-mariscos-de-santa-pola-sorprenen-a-madrid-fusion\\\/\",\"url\":\"https:\\\/\\\/santapola.es\\\/ca\\\/els-carpaccios-de-mariscos-de-santa-pola-sorprenen-a-madrid-fusion\\\/\",\"name\":\"Els carpaccios de mariscos de Santa Pola sorprenen a Madrid Fusi\u00f3n - Ajuntament de Santa Pola\",\"isPartOf\":{\"@id\":\"https:\\\/\\\/santapola.es\\\/ca\\\/#website\"},\"primaryImageOfPage\":{\"@id\":\"https:\\\/\\\/santapola.es\\\/ca\\\/els-carpaccios-de-mariscos-de-santa-pola-sorprenen-a-madrid-fusion\\\/#primaryimage\"},\"image\":{\"@id\":\"https:\\\/\\\/santapola.es\\\/ca\\\/els-carpaccios-de-mariscos-de-santa-pola-sorprenen-a-madrid-fusion\\\/#primaryimage\"},\"thumbnailUrl\":\"https:\\\/\\\/santapola.es\\\/wp-content\\\/uploads\\\/2025\\\/01\\\/WhatsApp-Image-2025-01-29-at-22.34.49.jpeg\",\"datePublished\":\"2025-01-30T10:49:36+00:00\",\"dateModified\":\"2025-01-30T10:51:44+00:00\",\"author\":{\"@id\":\"https:\\\/\\\/santapola.es\\\/ca\\\/#\\\/schema\\\/person\\\/ad1d67403707b58350c7be5e8dbc442d\"},\"breadcrumb\":{\"@id\":\"https:\\\/\\\/santapola.es\\\/ca\\\/els-carpaccios-de-mariscos-de-santa-pola-sorprenen-a-madrid-fusion\\\/#breadcrumb\"},\"inLanguage\":\"ca\",\"potentialAction\":[{\"@type\":\"ReadAction\",\"target\":[\"https:\\\/\\\/santapola.es\\\/ca\\\/els-carpaccios-de-mariscos-de-santa-pola-sorprenen-a-madrid-fusion\\\/\"]}]},{\"@type\":\"ImageObject\",\"inLanguage\":\"ca\",\"@id\":\"https:\\\/\\\/santapola.es\\\/ca\\\/els-carpaccios-de-mariscos-de-santa-pola-sorprenen-a-madrid-fusion\\\/#primaryimage\",\"url\":\"https:\\\/\\\/santapola.es\\\/wp-content\\\/uploads\\\/2025\\\/01\\\/WhatsApp-Image-2025-01-29-at-22.34.49.jpeg\",\"contentUrl\":\"https:\\\/\\\/santapola.es\\\/wp-content\\\/uploads\\\/2025\\\/01\\\/WhatsApp-Image-2025-01-29-at-22.34.49.jpeg\",\"width\":1600,\"height\":1200},{\"@type\":\"BreadcrumbList\",\"@id\":\"https:\\\/\\\/santapola.es\\\/ca\\\/els-carpaccios-de-mariscos-de-santa-pola-sorprenen-a-madrid-fusion\\\/#breadcrumb\",\"itemListElement\":[{\"@type\":\"ListItem\",\"position\":1,\"name\":\"Inici\",\"item\":\"https:\\\/\\\/santapola.es\\\/ca\\\/\"},{\"@type\":\"ListItem\",\"position\":2,\"name\":\"Els carpaccios de mariscos de Santa Pola sorprenen a Madrid Fusi\u00f3n\"}]},{\"@type\":\"WebSite\",\"@id\":\"https:\\\/\\\/santapola.es\\\/ca\\\/#website\",\"url\":\"https:\\\/\\\/santapola.es\\\/ca\\\/\",\"name\":\"Ayuntamiento de Santa Pola\",\"description\":\"Web de l'Ajuntament de Santa Pola\",\"potentialAction\":[{\"@type\":\"SearchAction\",\"target\":{\"@type\":\"EntryPoint\",\"urlTemplate\":\"https:\\\/\\\/santapola.es\\\/ca\\\/?s={search_term_string}\"},\"query-input\":{\"@type\":\"PropertyValueSpecification\",\"valueRequired\":true,\"valueName\":\"search_term_string\"}}],\"inLanguage\":\"ca\"},{\"@type\":\"Person\",\"@id\":\"https:\\\/\\\/santapola.es\\\/ca\\\/#\\\/schema\\\/person\\\/ad1d67403707b58350c7be5e8dbc442d\",\"name\":\"Jos\u00e9 Juan L\u00f3pez Lafuente\"}]}<\/script>\n<!-- \/ Yoast SEO plugin. -->","yoast_head_json":{"title":"Els carpaccios de mariscos de Santa Pola sorprenen a Madrid Fusi\u00f3n - Ajuntament de Santa Pola","robots":{"index":"index","follow":"follow","max-snippet":"max-snippet:-1","max-image-preview":"max-image-preview:large","max-video-preview":"max-video-preview:-1"},"canonical":"https:\/\/santapola.es\/ca\/els-carpaccios-de-mariscos-de-santa-pola-sorprenen-a-madrid-fusion\/","og_locale":"ca_ES","og_type":"article","og_title":"Els carpaccios de mariscos de Santa Pola sorprenen a Madrid Fusi\u00f3n - Ajuntament de Santa Pola","og_description":"Els productes de l&#8217;empresa local La Marufina van destacar en la prestigiosa fira gastron\u00f2mica que reunix els millors xefs d&#8217;Espanya. El xef Emilio Guill\u00e9n va realitzar una demostraci\u00f3 amb el delici\u00f3s carpaccio de mariscos. Els nostres productes de la mar van ser protagonistes en la 23a edici\u00f3 de la prestigiosa fira gastron\u00f2mica Madrid Fusi\u00f3n Aliments [&hellip;]","og_url":"https:\/\/santapola.es\/ca\/els-carpaccios-de-mariscos-de-santa-pola-sorprenen-a-madrid-fusion\/","og_site_name":"Ajuntament de Santa Pola","article_publisher":"https:\/\/www.facebook.com\/AyuntamientoSantaPola\/","article_published_time":"2025-01-30T10:49:36+00:00","article_modified_time":"2025-01-30T10:51:44+00:00","og_image":[{"width":1600,"height":1200,"url":"https:\/\/santapola.es\/wp-content\/uploads\/2025\/01\/WhatsApp-Image-2025-01-29-at-22.34.49.jpeg","type":"image\/jpeg"}],"author":"Jos\u00e9 Juan L\u00f3pez Lafuente","twitter_card":"summary_large_image","twitter_creator":"@SantaPolaAyunt","twitter_site":"@SantaPolaAyunt","schema":{"@context":"https:\/\/schema.org","@graph":[{"@type":"Article","@id":"https:\/\/santapola.es\/ca\/els-carpaccios-de-mariscos-de-santa-pola-sorprenen-a-madrid-fusion\/#article","isPartOf":{"@id":"https:\/\/santapola.es\/ca\/els-carpaccios-de-mariscos-de-santa-pola-sorprenen-a-madrid-fusion\/"},"author":{"name":"Jos\u00e9 Juan L\u00f3pez Lafuente","@id":"https:\/\/santapola.es\/ca\/#\/schema\/person\/ad1d67403707b58350c7be5e8dbc442d"},"headline":"Els carpaccios de mariscos de Santa Pola sorprenen a Madrid Fusi\u00f3n","datePublished":"2025-01-30T10:49:36+00:00","dateModified":"2025-01-30T10:51:44+00:00","mainEntityOfPage":{"@id":"https:\/\/santapola.es\/ca\/els-carpaccios-de-mariscos-de-santa-pola-sorprenen-a-madrid-fusion\/"},"wordCount":213,"image":{"@id":"https:\/\/santapola.es\/ca\/els-carpaccios-de-mariscos-de-santa-pola-sorprenen-a-madrid-fusion\/#primaryimage"},"thumbnailUrl":"https:\/\/santapola.es\/wp-content\/uploads\/2025\/01\/WhatsApp-Image-2025-01-29-at-22.34.49.jpeg","keywords":["carpaccio de mariscos","La Marufina","Madrid Fusi\u00f3n"],"articleSection":["Pesca","Turisme"],"inLanguage":"ca"},{"@type":"WebPage","@id":"https:\/\/santapola.es\/ca\/els-carpaccios-de-mariscos-de-santa-pola-sorprenen-a-madrid-fusion\/","url":"https:\/\/santapola.es\/ca\/els-carpaccios-de-mariscos-de-santa-pola-sorprenen-a-madrid-fusion\/","name":"Els carpaccios de mariscos de Santa Pola sorprenen a Madrid Fusi\u00f3n - Ajuntament de Santa Pola","isPartOf":{"@id":"https:\/\/santapola.es\/ca\/#website"},"primaryImageOfPage":{"@id":"https:\/\/santapola.es\/ca\/els-carpaccios-de-mariscos-de-santa-pola-sorprenen-a-madrid-fusion\/#primaryimage"},"image":{"@id":"https:\/\/santapola.es\/ca\/els-carpaccios-de-mariscos-de-santa-pola-sorprenen-a-madrid-fusion\/#primaryimage"},"thumbnailUrl":"https:\/\/santapola.es\/wp-content\/uploads\/2025\/01\/WhatsApp-Image-2025-01-29-at-22.34.49.jpeg","datePublished":"2025-01-30T10:49:36+00:00","dateModified":"2025-01-30T10:51:44+00:00","author":{"@id":"https:\/\/santapola.es\/ca\/#\/schema\/person\/ad1d67403707b58350c7be5e8dbc442d"},"breadcrumb":{"@id":"https:\/\/santapola.es\/ca\/els-carpaccios-de-mariscos-de-santa-pola-sorprenen-a-madrid-fusion\/#breadcrumb"},"inLanguage":"ca","potentialAction":[{"@type":"ReadAction","target":["https:\/\/santapola.es\/ca\/els-carpaccios-de-mariscos-de-santa-pola-sorprenen-a-madrid-fusion\/"]}]},{"@type":"ImageObject","inLanguage":"ca","@id":"https:\/\/santapola.es\/ca\/els-carpaccios-de-mariscos-de-santa-pola-sorprenen-a-madrid-fusion\/#primaryimage","url":"https:\/\/santapola.es\/wp-content\/uploads\/2025\/01\/WhatsApp-Image-2025-01-29-at-22.34.49.jpeg","contentUrl":"https:\/\/santapola.es\/wp-content\/uploads\/2025\/01\/WhatsApp-Image-2025-01-29-at-22.34.49.jpeg","width":1600,"height":1200},{"@type":"BreadcrumbList","@id":"https:\/\/santapola.es\/ca\/els-carpaccios-de-mariscos-de-santa-pola-sorprenen-a-madrid-fusion\/#breadcrumb","itemListElement":[{"@type":"ListItem","position":1,"name":"Inici","item":"https:\/\/santapola.es\/ca\/"},{"@type":"ListItem","position":2,"name":"Els carpaccios de mariscos de Santa Pola sorprenen a Madrid Fusi\u00f3n"}]},{"@type":"WebSite","@id":"https:\/\/santapola.es\/ca\/#website","url":"https:\/\/santapola.es\/ca\/","name":"Ayuntamiento de Santa Pola","description":"Web de l'Ajuntament de Santa Pola","potentialAction":[{"@type":"SearchAction","target":{"@type":"EntryPoint","urlTemplate":"https:\/\/santapola.es\/ca\/?s={search_term_string}"},"query-input":{"@type":"PropertyValueSpecification","valueRequired":true,"valueName":"search_term_string"}}],"inLanguage":"ca"},{"@type":"Person","@id":"https:\/\/santapola.es\/ca\/#\/schema\/person\/ad1d67403707b58350c7be5e8dbc442d","name":"Jos\u00e9 Juan L\u00f3pez Lafuente"}]}},"_links":{"self":[{"href":"https:\/\/santapola.es\/ca\/wp-json\/wp\/v2\/posts\/41004","targetHints":{"allow":["GET"]}}],"collection":[{"href":"https:\/\/santapola.es\/ca\/wp-json\/wp\/v2\/posts"}],"about":[{"href":"https:\/\/santapola.es\/ca\/wp-json\/wp\/v2\/types\/post"}],"author":[{"embeddable":true,"href":"https:\/\/santapola.es\/ca\/wp-json\/wp\/v2\/users\/96"}],"replies":[{"embeddable":true,"href":"https:\/\/santapola.es\/ca\/wp-json\/wp\/v2\/comments?post=41004"}],"version-history":[{"count":0,"href":"https:\/\/santapola.es\/ca\/wp-json\/wp\/v2\/posts\/41004\/revisions"}],"wp:featuredmedia":[{"embeddable":true,"href":"https:\/\/santapola.es\/ca\/wp-json\/wp\/v2\/media\/41002"}],"wp:attachment":[{"href":"https:\/\/santapola.es\/ca\/wp-json\/wp\/v2\/media?parent=41004"}],"wp:term":[{"taxonomy":"category","embeddable":true,"href":"https:\/\/santapola.es\/ca\/wp-json\/wp\/v2\/categories?post=41004"},{"taxonomy":"post_tag","embeddable":true,"href":"https:\/\/santapola.es\/ca\/wp-json\/wp\/v2\/tags?post=41004"}],"curies":[{"name":"wp","href":"https:\/\/api.w.org\/{rel}","templated":true}]}}