{"id":40964,"date":"2025-01-28T13:04:35","date_gmt":"2025-01-28T12:04:35","guid":{"rendered":"https:\/\/santapola.es\/?p=40964"},"modified":"2025-01-28T13:06:01","modified_gmt":"2025-01-28T12:06:01","slug":"les-oficines-municipals-de-gran-alacant-tancaran-el-dijous-30-per-al-seu-trasllat-a-les-noves-dependencies-que-obriran-el-31","status":"publish","type":"post","link":"https:\/\/santapola.es\/ca\/les-oficines-municipals-de-gran-alacant-tancaran-el-dijous-30-per-al-seu-trasllat-a-les-noves-dependencies-que-obriran-el-31\/","title":{"rendered":"Les oficines municipals de Gran Alacant tancaran el dijous 30 per al seu trasllat a les noves depend\u00e8ncies que obriran el 31"},"content":{"rendered":"<p><strong>Una vegada finalitzades les obres de remodelaci\u00f3 en l&#8217;edifici municipal de l&#8217;avinguda d&#8217;Escandin\u00e0via, es reobriran al p\u00fablic divendres que ve 31 de gener. El dijous 30 estaran tancades les oficines provisionals del Santara Resort per a traslladar tota la infraestructura a les noves depend\u00e8ncies.<\/strong><\/p>\n<p>El mes de novembre passat les oficines municipals de Gran Alacant es van traslladar provisionalment al Santara Resort per a executar les obres de remodelaci\u00f3 de l&#8217;espai d&#8217;atenci\u00f3 al p\u00fablic en l&#8217;edifici municipal de l&#8217;avinguda d&#8217;Escandin\u00e0via.<\/p>\n<p>Dos mesos despr\u00e9s, els treballs han arribat a la seua fi i l&#8217;Ajuntament de Santa Pola procedir\u00e0 esta setmana a recuperar la ubicaci\u00f3 original. Per este motiu, les actuals oficines en el Resort tancaran les seues portes el dijous 30 de gener per a procedir al trasllat i muntatge de tota la infraestructura a les noves depend\u00e8ncies, per la qual cosa eixe dia no hi haur\u00e0 atenci\u00f3 als ciutadans.<\/p>\n<p>El divendres 31 reobriran les noves oficines de l&#8217;edifici municipal i ja estaran disponibles perqu\u00e8 els ve\u00efns de Gran Alacant puguen realitzar els seus tr\u00e0mits amb l&#8217;administraci\u00f3 local.<\/p>\n","protected":false},"excerpt":{"rendered":"<p>Una vegada finalitzades les obres de remodelaci\u00f3 en l&#8217;edifici municipal de l&#8217;avinguda d&#8217;Escandin\u00e0via, es reobriran al p\u00fablic divendres que ve 31 de gener. El dijous 30 estaran tancades les oficines provisionals del Santara Resort per a traslladar tota la infraestructura a les noves depend\u00e8ncies. El mes de novembre passat les oficines municipals de Gran Alacant [&hellip;]<\/p>\n","protected":false},"author":96,"featured_media":40962,"comment_status":"closed","ping_status":"closed","sticky":false,"template":"","format":"standard","meta":{"_et_pb_use_builder":"","_et_pb_old_content":"","_et_gb_content_width":"","footnotes":""},"categories":[588],"tags":[1172],"class_list":["post-40964","post","type-post","status-publish","format-standard","has-post-thumbnail","hentry","category-gran-alacant-2","tag-oficines-municipals-gran-alacant"],"yoast_head":"<!-- This site is optimized with the Yoast SEO plugin v27.4 - https:\/\/yoast.com\/product\/yoast-seo-wordpress\/ -->\n<title>Les oficines municipals de Gran Alacant tancaran el dijous 30 per al seu trasllat a les noves depend\u00e8ncies que obriran el 31 - Ajuntament de Santa Pola<\/title>\n<meta name=\"robots\" content=\"index, follow, max-snippet:-1, max-image-preview:large, max-video-preview:-1\" \/>\n<link rel=\"canonical\" href=\"https:\/\/santapola.es\/ca\/les-oficines-municipals-de-gran-alacant-tancaran-el-dijous-30-per-al-seu-trasllat-a-les-noves-dependencies-que-obriran-el-31\/\" \/>\n<meta property=\"og:locale\" content=\"ca_ES\" \/>\n<meta property=\"og:type\" content=\"article\" \/>\n<meta property=\"og:title\" content=\"Les oficines municipals de Gran Alacant tancaran el dijous 30 per al seu trasllat a les noves depend\u00e8ncies que obriran el 31 - Ajuntament de Santa Pola\" \/>\n<meta property=\"og:description\" content=\"Una vegada finalitzades les obres de remodelaci\u00f3 en l&#8217;edifici municipal de l&#8217;avinguda d&#8217;Escandin\u00e0via, es reobriran al p\u00fablic divendres que ve 31 de gener. El dijous 30 estaran tancades les oficines provisionals del Santara Resort per a traslladar tota la infraestructura a les noves depend\u00e8ncies. El mes de novembre passat les oficines municipals de Gran Alacant [&hellip;]\" \/>\n<meta property=\"og:url\" content=\"https:\/\/santapola.es\/ca\/les-oficines-municipals-de-gran-alacant-tancaran-el-dijous-30-per-al-seu-trasllat-a-les-noves-dependencies-que-obriran-el-31\/\" \/>\n<meta property=\"og:site_name\" content=\"Ajuntament de Santa Pola\" \/>\n<meta property=\"article:publisher\" content=\"https:\/\/www.facebook.com\/AyuntamientoSantaPola\/\" \/>\n<meta property=\"article:published_time\" content=\"2025-01-28T12:04:35+00:00\" \/>\n<meta property=\"article:modified_time\" content=\"2025-01-28T12:06:01+00:00\" \/>\n<meta property=\"og:image\" content=\"https:\/\/santapola.es\/wp-content\/uploads\/2025\/01\/gran-alacant-oficinas.jpg\" \/>\n\t<meta property=\"og:image:width\" content=\"800\" \/>\n\t<meta property=\"og:image:height\" content=\"511\" \/>\n\t<meta property=\"og:image:type\" content=\"image\/jpeg\" \/>\n<meta name=\"author\" content=\"Jos\u00e9 Juan L\u00f3pez Lafuente\" \/>\n<meta name=\"twitter:card\" content=\"summary_large_image\" \/>\n<meta name=\"twitter:creator\" content=\"@SantaPolaAyunt\" \/>\n<meta name=\"twitter:site\" content=\"@SantaPolaAyunt\" \/>\n<script type=\"application\/ld+json\" class=\"yoast-schema-graph\">{\"@context\":\"https:\\\/\\\/schema.org\",\"@graph\":[{\"@type\":\"Article\",\"@id\":\"https:\\\/\\\/santapola.es\\\/ca\\\/les-oficines-municipals-de-gran-alacant-tancaran-el-dijous-30-per-al-seu-trasllat-a-les-noves-dependencies-que-obriran-el-31\\\/#article\",\"isPartOf\":{\"@id\":\"https:\\\/\\\/santapola.es\\\/ca\\\/les-oficines-municipals-de-gran-alacant-tancaran-el-dijous-30-per-al-seu-trasllat-a-les-noves-dependencies-que-obriran-el-31\\\/\"},\"author\":{\"name\":\"Jos\u00e9 Juan L\u00f3pez Lafuente\",\"@id\":\"https:\\\/\\\/santapola.es\\\/ca\\\/#\\\/schema\\\/person\\\/ad1d67403707b58350c7be5e8dbc442d\"},\"headline\":\"Les oficines municipals de Gran Alacant tancaran el dijous 30 per al seu trasllat a les noves depend\u00e8ncies que obriran el 31\",\"datePublished\":\"2025-01-28T12:04:35+00:00\",\"dateModified\":\"2025-01-28T12:06:01+00:00\",\"mainEntityOfPage\":{\"@id\":\"https:\\\/\\\/santapola.es\\\/ca\\\/les-oficines-municipals-de-gran-alacant-tancaran-el-dijous-30-per-al-seu-trasllat-a-les-noves-dependencies-que-obriran-el-31\\\/\"},\"wordCount\":214,\"image\":{\"@id\":\"https:\\\/\\\/santapola.es\\\/ca\\\/les-oficines-municipals-de-gran-alacant-tancaran-el-dijous-30-per-al-seu-trasllat-a-les-noves-dependencies-que-obriran-el-31\\\/#primaryimage\"},\"thumbnailUrl\":\"https:\\\/\\\/santapola.es\\\/wp-content\\\/uploads\\\/2025\\\/01\\\/gran-alacant-oficinas.jpg\",\"keywords\":[\"oficines municipals Gran Alacant\"],\"articleSection\":[\"Gran Alacant\"],\"inLanguage\":\"ca\"},{\"@type\":\"WebPage\",\"@id\":\"https:\\\/\\\/santapola.es\\\/ca\\\/les-oficines-municipals-de-gran-alacant-tancaran-el-dijous-30-per-al-seu-trasllat-a-les-noves-dependencies-que-obriran-el-31\\\/\",\"url\":\"https:\\\/\\\/santapola.es\\\/ca\\\/les-oficines-municipals-de-gran-alacant-tancaran-el-dijous-30-per-al-seu-trasllat-a-les-noves-dependencies-que-obriran-el-31\\\/\",\"name\":\"Les oficines municipals de Gran Alacant tancaran el dijous 30 per al seu trasllat a les noves depend\u00e8ncies que obriran el 31 - Ajuntament de Santa Pola\",\"isPartOf\":{\"@id\":\"https:\\\/\\\/santapola.es\\\/ca\\\/#website\"},\"primaryImageOfPage\":{\"@id\":\"https:\\\/\\\/santapola.es\\\/ca\\\/les-oficines-municipals-de-gran-alacant-tancaran-el-dijous-30-per-al-seu-trasllat-a-les-noves-dependencies-que-obriran-el-31\\\/#primaryimage\"},\"image\":{\"@id\":\"https:\\\/\\\/santapola.es\\\/ca\\\/les-oficines-municipals-de-gran-alacant-tancaran-el-dijous-30-per-al-seu-trasllat-a-les-noves-dependencies-que-obriran-el-31\\\/#primaryimage\"},\"thumbnailUrl\":\"https:\\\/\\\/santapola.es\\\/wp-content\\\/uploads\\\/2025\\\/01\\\/gran-alacant-oficinas.jpg\",\"datePublished\":\"2025-01-28T12:04:35+00:00\",\"dateModified\":\"2025-01-28T12:06:01+00:00\",\"author\":{\"@id\":\"https:\\\/\\\/santapola.es\\\/ca\\\/#\\\/schema\\\/person\\\/ad1d67403707b58350c7be5e8dbc442d\"},\"breadcrumb\":{\"@id\":\"https:\\\/\\\/santapola.es\\\/ca\\\/les-oficines-municipals-de-gran-alacant-tancaran-el-dijous-30-per-al-seu-trasllat-a-les-noves-dependencies-que-obriran-el-31\\\/#breadcrumb\"},\"inLanguage\":\"ca\",\"potentialAction\":[{\"@type\":\"ReadAction\",\"target\":[\"https:\\\/\\\/santapola.es\\\/ca\\\/les-oficines-municipals-de-gran-alacant-tancaran-el-dijous-30-per-al-seu-trasllat-a-les-noves-dependencies-que-obriran-el-31\\\/\"]}]},{\"@type\":\"ImageObject\",\"inLanguage\":\"ca\",\"@id\":\"https:\\\/\\\/santapola.es\\\/ca\\\/les-oficines-municipals-de-gran-alacant-tancaran-el-dijous-30-per-al-seu-trasllat-a-les-noves-dependencies-que-obriran-el-31\\\/#primaryimage\",\"url\":\"https:\\\/\\\/santapola.es\\\/wp-content\\\/uploads\\\/2025\\\/01\\\/gran-alacant-oficinas.jpg\",\"contentUrl\":\"https:\\\/\\\/santapola.es\\\/wp-content\\\/uploads\\\/2025\\\/01\\\/gran-alacant-oficinas.jpg\",\"width\":800,\"height\":511},{\"@type\":\"BreadcrumbList\",\"@id\":\"https:\\\/\\\/santapola.es\\\/ca\\\/les-oficines-municipals-de-gran-alacant-tancaran-el-dijous-30-per-al-seu-trasllat-a-les-noves-dependencies-que-obriran-el-31\\\/#breadcrumb\",\"itemListElement\":[{\"@type\":\"ListItem\",\"position\":1,\"name\":\"Inici\",\"item\":\"https:\\\/\\\/santapola.es\\\/ca\\\/\"},{\"@type\":\"ListItem\",\"position\":2,\"name\":\"Les oficines municipals de Gran Alacant tancaran el dijous 30 per al seu trasllat a les noves depend\u00e8ncies que obriran el 31\"}]},{\"@type\":\"WebSite\",\"@id\":\"https:\\\/\\\/santapola.es\\\/ca\\\/#website\",\"url\":\"https:\\\/\\\/santapola.es\\\/ca\\\/\",\"name\":\"Ayuntamiento de Santa Pola\",\"description\":\"Web de l'Ajuntament de Santa Pola\",\"potentialAction\":[{\"@type\":\"SearchAction\",\"target\":{\"@type\":\"EntryPoint\",\"urlTemplate\":\"https:\\\/\\\/santapola.es\\\/ca\\\/?s={search_term_string}\"},\"query-input\":{\"@type\":\"PropertyValueSpecification\",\"valueRequired\":true,\"valueName\":\"search_term_string\"}}],\"inLanguage\":\"ca\"},{\"@type\":\"Person\",\"@id\":\"https:\\\/\\\/santapola.es\\\/ca\\\/#\\\/schema\\\/person\\\/ad1d67403707b58350c7be5e8dbc442d\",\"name\":\"Jos\u00e9 Juan L\u00f3pez Lafuente\"}]}<\/script>\n<!-- \/ Yoast SEO plugin. -->","yoast_head_json":{"title":"Les oficines municipals de Gran Alacant tancaran el dijous 30 per al seu trasllat a les noves depend\u00e8ncies que obriran el 31 - Ajuntament de Santa Pola","robots":{"index":"index","follow":"follow","max-snippet":"max-snippet:-1","max-image-preview":"max-image-preview:large","max-video-preview":"max-video-preview:-1"},"canonical":"https:\/\/santapola.es\/ca\/les-oficines-municipals-de-gran-alacant-tancaran-el-dijous-30-per-al-seu-trasllat-a-les-noves-dependencies-que-obriran-el-31\/","og_locale":"ca_ES","og_type":"article","og_title":"Les oficines municipals de Gran Alacant tancaran el dijous 30 per al seu trasllat a les noves depend\u00e8ncies que obriran el 31 - Ajuntament de Santa Pola","og_description":"Una vegada finalitzades les obres de remodelaci\u00f3 en l&#8217;edifici municipal de l&#8217;avinguda d&#8217;Escandin\u00e0via, es reobriran al p\u00fablic divendres que ve 31 de gener. El dijous 30 estaran tancades les oficines provisionals del Santara Resort per a traslladar tota la infraestructura a les noves depend\u00e8ncies. El mes de novembre passat les oficines municipals de Gran Alacant [&hellip;]","og_url":"https:\/\/santapola.es\/ca\/les-oficines-municipals-de-gran-alacant-tancaran-el-dijous-30-per-al-seu-trasllat-a-les-noves-dependencies-que-obriran-el-31\/","og_site_name":"Ajuntament de Santa Pola","article_publisher":"https:\/\/www.facebook.com\/AyuntamientoSantaPola\/","article_published_time":"2025-01-28T12:04:35+00:00","article_modified_time":"2025-01-28T12:06:01+00:00","og_image":[{"width":800,"height":511,"url":"https:\/\/santapola.es\/wp-content\/uploads\/2025\/01\/gran-alacant-oficinas.jpg","type":"image\/jpeg"}],"author":"Jos\u00e9 Juan L\u00f3pez Lafuente","twitter_card":"summary_large_image","twitter_creator":"@SantaPolaAyunt","twitter_site":"@SantaPolaAyunt","schema":{"@context":"https:\/\/schema.org","@graph":[{"@type":"Article","@id":"https:\/\/santapola.es\/ca\/les-oficines-municipals-de-gran-alacant-tancaran-el-dijous-30-per-al-seu-trasllat-a-les-noves-dependencies-que-obriran-el-31\/#article","isPartOf":{"@id":"https:\/\/santapola.es\/ca\/les-oficines-municipals-de-gran-alacant-tancaran-el-dijous-30-per-al-seu-trasllat-a-les-noves-dependencies-que-obriran-el-31\/"},"author":{"name":"Jos\u00e9 Juan L\u00f3pez Lafuente","@id":"https:\/\/santapola.es\/ca\/#\/schema\/person\/ad1d67403707b58350c7be5e8dbc442d"},"headline":"Les oficines municipals de Gran Alacant tancaran el dijous 30 per al seu trasllat a les noves depend\u00e8ncies que obriran el 31","datePublished":"2025-01-28T12:04:35+00:00","dateModified":"2025-01-28T12:06:01+00:00","mainEntityOfPage":{"@id":"https:\/\/santapola.es\/ca\/les-oficines-municipals-de-gran-alacant-tancaran-el-dijous-30-per-al-seu-trasllat-a-les-noves-dependencies-que-obriran-el-31\/"},"wordCount":214,"image":{"@id":"https:\/\/santapola.es\/ca\/les-oficines-municipals-de-gran-alacant-tancaran-el-dijous-30-per-al-seu-trasllat-a-les-noves-dependencies-que-obriran-el-31\/#primaryimage"},"thumbnailUrl":"https:\/\/santapola.es\/wp-content\/uploads\/2025\/01\/gran-alacant-oficinas.jpg","keywords":["oficines municipals Gran Alacant"],"articleSection":["Gran Alacant"],"inLanguage":"ca"},{"@type":"WebPage","@id":"https:\/\/santapola.es\/ca\/les-oficines-municipals-de-gran-alacant-tancaran-el-dijous-30-per-al-seu-trasllat-a-les-noves-dependencies-que-obriran-el-31\/","url":"https:\/\/santapola.es\/ca\/les-oficines-municipals-de-gran-alacant-tancaran-el-dijous-30-per-al-seu-trasllat-a-les-noves-dependencies-que-obriran-el-31\/","name":"Les oficines municipals de Gran Alacant tancaran el dijous 30 per al seu trasllat a les noves depend\u00e8ncies que obriran el 31 - Ajuntament de Santa Pola","isPartOf":{"@id":"https:\/\/santapola.es\/ca\/#website"},"primaryImageOfPage":{"@id":"https:\/\/santapola.es\/ca\/les-oficines-municipals-de-gran-alacant-tancaran-el-dijous-30-per-al-seu-trasllat-a-les-noves-dependencies-que-obriran-el-31\/#primaryimage"},"image":{"@id":"https:\/\/santapola.es\/ca\/les-oficines-municipals-de-gran-alacant-tancaran-el-dijous-30-per-al-seu-trasllat-a-les-noves-dependencies-que-obriran-el-31\/#primaryimage"},"thumbnailUrl":"https:\/\/santapola.es\/wp-content\/uploads\/2025\/01\/gran-alacant-oficinas.jpg","datePublished":"2025-01-28T12:04:35+00:00","dateModified":"2025-01-28T12:06:01+00:00","author":{"@id":"https:\/\/santapola.es\/ca\/#\/schema\/person\/ad1d67403707b58350c7be5e8dbc442d"},"breadcrumb":{"@id":"https:\/\/santapola.es\/ca\/les-oficines-municipals-de-gran-alacant-tancaran-el-dijous-30-per-al-seu-trasllat-a-les-noves-dependencies-que-obriran-el-31\/#breadcrumb"},"inLanguage":"ca","potentialAction":[{"@type":"ReadAction","target":["https:\/\/santapola.es\/ca\/les-oficines-municipals-de-gran-alacant-tancaran-el-dijous-30-per-al-seu-trasllat-a-les-noves-dependencies-que-obriran-el-31\/"]}]},{"@type":"ImageObject","inLanguage":"ca","@id":"https:\/\/santapola.es\/ca\/les-oficines-municipals-de-gran-alacant-tancaran-el-dijous-30-per-al-seu-trasllat-a-les-noves-dependencies-que-obriran-el-31\/#primaryimage","url":"https:\/\/santapola.es\/wp-content\/uploads\/2025\/01\/gran-alacant-oficinas.jpg","contentUrl":"https:\/\/santapola.es\/wp-content\/uploads\/2025\/01\/gran-alacant-oficinas.jpg","width":800,"height":511},{"@type":"BreadcrumbList","@id":"https:\/\/santapola.es\/ca\/les-oficines-municipals-de-gran-alacant-tancaran-el-dijous-30-per-al-seu-trasllat-a-les-noves-dependencies-que-obriran-el-31\/#breadcrumb","itemListElement":[{"@type":"ListItem","position":1,"name":"Inici","item":"https:\/\/santapola.es\/ca\/"},{"@type":"ListItem","position":2,"name":"Les oficines municipals de Gran Alacant tancaran el dijous 30 per al seu trasllat a les noves depend\u00e8ncies que obriran el 31"}]},{"@type":"WebSite","@id":"https:\/\/santapola.es\/ca\/#website","url":"https:\/\/santapola.es\/ca\/","name":"Ayuntamiento de Santa Pola","description":"Web de l'Ajuntament de Santa Pola","potentialAction":[{"@type":"SearchAction","target":{"@type":"EntryPoint","urlTemplate":"https:\/\/santapola.es\/ca\/?s={search_term_string}"},"query-input":{"@type":"PropertyValueSpecification","valueRequired":true,"valueName":"search_term_string"}}],"inLanguage":"ca"},{"@type":"Person","@id":"https:\/\/santapola.es\/ca\/#\/schema\/person\/ad1d67403707b58350c7be5e8dbc442d","name":"Jos\u00e9 Juan L\u00f3pez Lafuente"}]}},"_links":{"self":[{"href":"https:\/\/santapola.es\/ca\/wp-json\/wp\/v2\/posts\/40964","targetHints":{"allow":["GET"]}}],"collection":[{"href":"https:\/\/santapola.es\/ca\/wp-json\/wp\/v2\/posts"}],"about":[{"href":"https:\/\/santapola.es\/ca\/wp-json\/wp\/v2\/types\/post"}],"author":[{"embeddable":true,"href":"https:\/\/santapola.es\/ca\/wp-json\/wp\/v2\/users\/96"}],"replies":[{"embeddable":true,"href":"https:\/\/santapola.es\/ca\/wp-json\/wp\/v2\/comments?post=40964"}],"version-history":[{"count":0,"href":"https:\/\/santapola.es\/ca\/wp-json\/wp\/v2\/posts\/40964\/revisions"}],"wp:featuredmedia":[{"embeddable":true,"href":"https:\/\/santapola.es\/ca\/wp-json\/wp\/v2\/media\/40962"}],"wp:attachment":[{"href":"https:\/\/santapola.es\/ca\/wp-json\/wp\/v2\/media?parent=40964"}],"wp:term":[{"taxonomy":"category","embeddable":true,"href":"https:\/\/santapola.es\/ca\/wp-json\/wp\/v2\/categories?post=40964"},{"taxonomy":"post_tag","embeddable":true,"href":"https:\/\/santapola.es\/ca\/wp-json\/wp\/v2\/tags?post=40964"}],"curies":[{"name":"wp","href":"https:\/\/api.w.org\/{rel}","templated":true}]}}