{"id":40919,"date":"2025-01-27T14:03:35","date_gmt":"2025-01-27T13:03:35","guid":{"rendered":"https:\/\/santapola.es\/?p=40919"},"modified":"2025-01-27T14:08:30","modified_gmt":"2025-01-27T13:08:30","slug":"santa-pola-empren-va-ajudar-a-la-creacio-de-38-empreses-locals-i-48-llocs-de-treball-en-2024","status":"publish","type":"post","link":"https:\/\/santapola.es\/ca\/santa-pola-empren-va-ajudar-a-la-creacio-de-38-empreses-locals-i-48-llocs-de-treball-en-2024\/","title":{"rendered":"Santa Pola Empr\u00e9n va ajudar a la creaci\u00f3 de 38 empreses locals i 48 llocs de treball en 2024"},"content":{"rendered":"<p><strong>Este servici municipal va prestar 661 servicis a emprenedors i empreses, sent els m\u00e9s habituals l&#8217;assessorament per a la posada en marxa i la informaci\u00f3 i gesti\u00f3 sobre ajudes i subvencions.<\/strong><\/p>\n<p>Amb l&#8217;objectiu d&#8217;impulsar l&#8217;economia local a trav\u00e9s de la creaci\u00f3 d&#8217;empreses, l&#8217;Ajuntament de Santa Pola, a trav\u00e9s de la seua regidoria d&#8217;Emprenedors, oferix el servici Santa Pola Empr\u00e9n, un servici integral d&#8217;informaci\u00f3, assessorament, tramitaci\u00f3 de noves empreses i tutela de les acabades de constituir, aix\u00ed com suport a les ja existents per a ajudar-les a cr\u00e9ixer.<\/p>\n<p>A m\u00e9s promou el desenrotllament de l&#8217;emprenedoria fomentant la innovaci\u00f3, la creativitat, la cooperaci\u00f3 empresarial i l&#8217;exploraci\u00f3 de noves oportunitats de negoci i ocupaci\u00f3.<\/p>\n<p>Durant l&#8217;any 2024 s&#8217;ha at\u00e9s 341 usuaris emprenedors, als quals s&#8217;ha prestat un total de 661 servicis, la majoria d&#8217;ells referits a subvencions i ajudes (164), assessorament per a creaci\u00f3 d&#8217;empresa (151), entrevistes personals (101), orientaci\u00f3 i an\u00e0lisi de la idea empresarial (51) i creaci\u00f3 del pla d&#8217;empresa (51).<\/p>\n<p>En eixe per\u00edode s&#8217;han creat 38 noves empreses que han contractat inicialment 48 treballadors, s&#8217;han tramitat 11 subvencions i gestionat 4 microcr\u00e8dits per valor de 106.000 euros i amb la creaci\u00f3 de 10 llocs de treball.<\/p>\n<p><strong>Tramitaci\u00f3 electr\u00f2nica per a la constituci\u00f3 d&#8217;empreses<\/strong><\/p>\n<p>A trav\u00e9s d&#8217;un conveni de col\u00b7laboraci\u00f3 amb el Ministeri d&#8217;Ind\u00fastria, Turisme i Comer\u00e7, l&#8217;Ajuntament de Santa Pola \u00e9s Punt d&#8217;Atenci\u00f3 a l&#8217;Emprenedor (PAE) integrat en la Xarxa CIRCE, la qual cosa permet la tramitaci\u00f3 electr\u00f2nica per a constituir i cessar empreses a Espanya, la seua posada en marxa, aix\u00ed com tramitar l&#8217;alta o baixa en RETA (R\u00e8gim Especial de Treballadors Aut\u00f2noms), d&#8217;una manera unificada a mode de finestreta \u00fanica empresarial.<\/p>\n<p>El Document \u00danic Electr\u00f2nic (DUE) unifica m\u00e9s de 25 formularis administratius que el sistema CIRCE envia a totes les administracions competents. D&#8217;esta manera, la persona que desitge emprendre ja no haur\u00e0 d&#8217;intervindre m\u00e9s, ni despla\u00e7ar-se a cap altra administraci\u00f3 ni tornar a donar les seues dades.<\/p>\n<p><strong>Foment de la cultura emprenedora<\/strong><\/p>\n<p>Santa Pola Empr\u00e9n tamb\u00e9 t\u00e9 com a objectiu fomentar la cultura emprenedora, especialment entre els j\u00f3vens. Algunes de les accions realitzades en 2024 han sigut la participaci\u00f3 en la I Fira de Formaci\u00f3 i Ocupaci\u00f3, l&#8217;organitzaci\u00f3 de la jornada \u201cPositivament\u201d destinada a l&#8217;alumnat d&#8217;instituts i emprenedors, un desdejuni empresarial amb la Cambra d&#8217;Alacant i una xarrada en el cotreball Simple Social Hub de Gran Alacant.<\/p>\n<p>Un altre dels servicis \u00e9s la informaci\u00f3, orientaci\u00f3 i assessorament a associacions locals sobre el proc\u00e9s de constituci\u00f3 i legalitzaci\u00f3 d&#8217;associacions i entitats sense \u00e0nim de lucre, aix\u00ed com sobre convocat\u00f2ries de subvencions, legislaci\u00f3, etc.<\/p>\n","protected":false},"excerpt":{"rendered":"<p>Este servici municipal va prestar 661 servicis a emprenedors i empreses, sent els m\u00e9s habituals l&#8217;assessorament per a la posada en marxa i la informaci\u00f3 i gesti\u00f3 sobre ajudes i subvencions. Amb l&#8217;objectiu d&#8217;impulsar l&#8217;economia local a trav\u00e9s de la creaci\u00f3 d&#8217;empreses, l&#8217;Ajuntament de Santa Pola, a trav\u00e9s de la seua regidoria d&#8217;Emprenedors, oferix el [&hellip;]<\/p>\n","protected":false},"author":96,"featured_media":40920,"comment_status":"closed","ping_status":"closed","sticky":false,"template":"","format":"standard","meta":{"_et_pb_use_builder":"","_et_pb_old_content":"","_et_gb_content_width":"","footnotes":""},"categories":[543],"tags":[],"class_list":["post-40919","post","type-post","status-publish","format-standard","has-post-thumbnail","hentry","category-empren-santa-pola"],"yoast_head":"<!-- This site is optimized with the Yoast SEO plugin v27.4 - https:\/\/yoast.com\/product\/yoast-seo-wordpress\/ -->\n<title>Santa Pola Empr\u00e9n va ajudar a la creaci\u00f3 de 38 empreses locals i 48 llocs de treball en 2024 - Ajuntament de Santa Pola<\/title>\n<meta name=\"robots\" content=\"index, follow, max-snippet:-1, max-image-preview:large, max-video-preview:-1\" \/>\n<link rel=\"canonical\" href=\"https:\/\/santapola.es\/ca\/santa-pola-empren-va-ajudar-a-la-creacio-de-38-empreses-locals-i-48-llocs-de-treball-en-2024\/\" \/>\n<meta property=\"og:locale\" content=\"ca_ES\" \/>\n<meta property=\"og:type\" content=\"article\" \/>\n<meta property=\"og:title\" content=\"Santa Pola Empr\u00e9n va ajudar a la creaci\u00f3 de 38 empreses locals i 48 llocs de treball en 2024 - Ajuntament de Santa Pola\" \/>\n<meta property=\"og:description\" content=\"Este servici municipal va prestar 661 servicis a emprenedors i empreses, sent els m\u00e9s habituals l&#8217;assessorament per a la posada en marxa i la informaci\u00f3 i gesti\u00f3 sobre ajudes i subvencions. Amb l&#8217;objectiu d&#8217;impulsar l&#8217;economia local a trav\u00e9s de la creaci\u00f3 d&#8217;empreses, l&#8217;Ajuntament de Santa Pola, a trav\u00e9s de la seua regidoria d&#8217;Emprenedors, oferix el [&hellip;]\" \/>\n<meta property=\"og:url\" content=\"https:\/\/santapola.es\/ca\/santa-pola-empren-va-ajudar-a-la-creacio-de-38-empreses-locals-i-48-llocs-de-treball-en-2024\/\" \/>\n<meta property=\"og:site_name\" content=\"Ajuntament de Santa Pola\" \/>\n<meta property=\"article:publisher\" content=\"https:\/\/www.facebook.com\/AyuntamientoSantaPola\/\" \/>\n<meta property=\"article:published_time\" content=\"2025-01-27T13:03:35+00:00\" \/>\n<meta property=\"article:modified_time\" content=\"2025-01-27T13:08:30+00:00\" \/>\n<meta property=\"og:image\" content=\"https:\/\/santapola.es\/wp-content\/uploads\/2025\/01\/PHOTO-2024-04-16-14-58-09.jpg\" \/>\n\t<meta property=\"og:image:width\" content=\"4032\" \/>\n\t<meta property=\"og:image:height\" content=\"3024\" \/>\n\t<meta property=\"og:image:type\" content=\"image\/jpeg\" \/>\n<meta name=\"author\" content=\"Jos\u00e9 Juan L\u00f3pez Lafuente\" \/>\n<meta name=\"twitter:card\" content=\"summary_large_image\" \/>\n<meta name=\"twitter:creator\" content=\"@SantaPolaAyunt\" \/>\n<meta name=\"twitter:site\" content=\"@SantaPolaAyunt\" \/>\n<script type=\"application\/ld+json\" class=\"yoast-schema-graph\">{\"@context\":\"https:\\\/\\\/schema.org\",\"@graph\":[{\"@type\":\"Article\",\"@id\":\"https:\\\/\\\/santapola.es\\\/ca\\\/santa-pola-empren-va-ajudar-a-la-creacio-de-38-empreses-locals-i-48-llocs-de-treball-en-2024\\\/#article\",\"isPartOf\":{\"@id\":\"https:\\\/\\\/santapola.es\\\/ca\\\/santa-pola-empren-va-ajudar-a-la-creacio-de-38-empreses-locals-i-48-llocs-de-treball-en-2024\\\/\"},\"author\":{\"name\":\"Jos\u00e9 Juan L\u00f3pez Lafuente\",\"@id\":\"https:\\\/\\\/santapola.es\\\/ca\\\/#\\\/schema\\\/person\\\/ad1d67403707b58350c7be5e8dbc442d\"},\"headline\":\"Santa Pola Empr\u00e9n va ajudar a la creaci\u00f3 de 38 empreses locals i 48 llocs de treball en 2024\",\"datePublished\":\"2025-01-27T13:03:35+00:00\",\"dateModified\":\"2025-01-27T13:08:30+00:00\",\"mainEntityOfPage\":{\"@id\":\"https:\\\/\\\/santapola.es\\\/ca\\\/santa-pola-empren-va-ajudar-a-la-creacio-de-38-empreses-locals-i-48-llocs-de-treball-en-2024\\\/\"},\"wordCount\":482,\"image\":{\"@id\":\"https:\\\/\\\/santapola.es\\\/ca\\\/santa-pola-empren-va-ajudar-a-la-creacio-de-38-empreses-locals-i-48-llocs-de-treball-en-2024\\\/#primaryimage\"},\"thumbnailUrl\":\"https:\\\/\\\/santapola.es\\\/wp-content\\\/uploads\\\/2025\\\/01\\\/PHOTO-2024-04-16-14-58-09.jpg\",\"articleSection\":[\"Empr\u00e9n Santa Pola\"],\"inLanguage\":\"ca\"},{\"@type\":\"WebPage\",\"@id\":\"https:\\\/\\\/santapola.es\\\/ca\\\/santa-pola-empren-va-ajudar-a-la-creacio-de-38-empreses-locals-i-48-llocs-de-treball-en-2024\\\/\",\"url\":\"https:\\\/\\\/santapola.es\\\/ca\\\/santa-pola-empren-va-ajudar-a-la-creacio-de-38-empreses-locals-i-48-llocs-de-treball-en-2024\\\/\",\"name\":\"Santa Pola Empr\u00e9n va ajudar a la creaci\u00f3 de 38 empreses locals i 48 llocs de treball en 2024 - Ajuntament de Santa Pola\",\"isPartOf\":{\"@id\":\"https:\\\/\\\/santapola.es\\\/ca\\\/#website\"},\"primaryImageOfPage\":{\"@id\":\"https:\\\/\\\/santapola.es\\\/ca\\\/santa-pola-empren-va-ajudar-a-la-creacio-de-38-empreses-locals-i-48-llocs-de-treball-en-2024\\\/#primaryimage\"},\"image\":{\"@id\":\"https:\\\/\\\/santapola.es\\\/ca\\\/santa-pola-empren-va-ajudar-a-la-creacio-de-38-empreses-locals-i-48-llocs-de-treball-en-2024\\\/#primaryimage\"},\"thumbnailUrl\":\"https:\\\/\\\/santapola.es\\\/wp-content\\\/uploads\\\/2025\\\/01\\\/PHOTO-2024-04-16-14-58-09.jpg\",\"datePublished\":\"2025-01-27T13:03:35+00:00\",\"dateModified\":\"2025-01-27T13:08:30+00:00\",\"author\":{\"@id\":\"https:\\\/\\\/santapola.es\\\/ca\\\/#\\\/schema\\\/person\\\/ad1d67403707b58350c7be5e8dbc442d\"},\"breadcrumb\":{\"@id\":\"https:\\\/\\\/santapola.es\\\/ca\\\/santa-pola-empren-va-ajudar-a-la-creacio-de-38-empreses-locals-i-48-llocs-de-treball-en-2024\\\/#breadcrumb\"},\"inLanguage\":\"ca\",\"potentialAction\":[{\"@type\":\"ReadAction\",\"target\":[\"https:\\\/\\\/santapola.es\\\/ca\\\/santa-pola-empren-va-ajudar-a-la-creacio-de-38-empreses-locals-i-48-llocs-de-treball-en-2024\\\/\"]}]},{\"@type\":\"ImageObject\",\"inLanguage\":\"ca\",\"@id\":\"https:\\\/\\\/santapola.es\\\/ca\\\/santa-pola-empren-va-ajudar-a-la-creacio-de-38-empreses-locals-i-48-llocs-de-treball-en-2024\\\/#primaryimage\",\"url\":\"https:\\\/\\\/santapola.es\\\/wp-content\\\/uploads\\\/2025\\\/01\\\/PHOTO-2024-04-16-14-58-09.jpg\",\"contentUrl\":\"https:\\\/\\\/santapola.es\\\/wp-content\\\/uploads\\\/2025\\\/01\\\/PHOTO-2024-04-16-14-58-09.jpg\",\"width\":3000,\"height\":2250},{\"@type\":\"BreadcrumbList\",\"@id\":\"https:\\\/\\\/santapola.es\\\/ca\\\/santa-pola-empren-va-ajudar-a-la-creacio-de-38-empreses-locals-i-48-llocs-de-treball-en-2024\\\/#breadcrumb\",\"itemListElement\":[{\"@type\":\"ListItem\",\"position\":1,\"name\":\"Inici\",\"item\":\"https:\\\/\\\/santapola.es\\\/ca\\\/\"},{\"@type\":\"ListItem\",\"position\":2,\"name\":\"Santa Pola Empr\u00e9n va ajudar a la creaci\u00f3 de 38 empreses locals i 48 llocs de treball en 2024\"}]},{\"@type\":\"WebSite\",\"@id\":\"https:\\\/\\\/santapola.es\\\/ca\\\/#website\",\"url\":\"https:\\\/\\\/santapola.es\\\/ca\\\/\",\"name\":\"Ayuntamiento de Santa Pola\",\"description\":\"Web de l'Ajuntament de Santa Pola\",\"potentialAction\":[{\"@type\":\"SearchAction\",\"target\":{\"@type\":\"EntryPoint\",\"urlTemplate\":\"https:\\\/\\\/santapola.es\\\/ca\\\/?s={search_term_string}\"},\"query-input\":{\"@type\":\"PropertyValueSpecification\",\"valueRequired\":true,\"valueName\":\"search_term_string\"}}],\"inLanguage\":\"ca\"},{\"@type\":\"Person\",\"@id\":\"https:\\\/\\\/santapola.es\\\/ca\\\/#\\\/schema\\\/person\\\/ad1d67403707b58350c7be5e8dbc442d\",\"name\":\"Jos\u00e9 Juan L\u00f3pez Lafuente\"}]}<\/script>\n<!-- \/ Yoast SEO plugin. -->","yoast_head_json":{"title":"Santa Pola Empr\u00e9n va ajudar a la creaci\u00f3 de 38 empreses locals i 48 llocs de treball en 2024 - Ajuntament de Santa Pola","robots":{"index":"index","follow":"follow","max-snippet":"max-snippet:-1","max-image-preview":"max-image-preview:large","max-video-preview":"max-video-preview:-1"},"canonical":"https:\/\/santapola.es\/ca\/santa-pola-empren-va-ajudar-a-la-creacio-de-38-empreses-locals-i-48-llocs-de-treball-en-2024\/","og_locale":"ca_ES","og_type":"article","og_title":"Santa Pola Empr\u00e9n va ajudar a la creaci\u00f3 de 38 empreses locals i 48 llocs de treball en 2024 - Ajuntament de Santa Pola","og_description":"Este servici municipal va prestar 661 servicis a emprenedors i empreses, sent els m\u00e9s habituals l&#8217;assessorament per a la posada en marxa i la informaci\u00f3 i gesti\u00f3 sobre ajudes i subvencions. Amb l&#8217;objectiu d&#8217;impulsar l&#8217;economia local a trav\u00e9s de la creaci\u00f3 d&#8217;empreses, l&#8217;Ajuntament de Santa Pola, a trav\u00e9s de la seua regidoria d&#8217;Emprenedors, oferix el [&hellip;]","og_url":"https:\/\/santapola.es\/ca\/santa-pola-empren-va-ajudar-a-la-creacio-de-38-empreses-locals-i-48-llocs-de-treball-en-2024\/","og_site_name":"Ajuntament de Santa Pola","article_publisher":"https:\/\/www.facebook.com\/AyuntamientoSantaPola\/","article_published_time":"2025-01-27T13:03:35+00:00","article_modified_time":"2025-01-27T13:08:30+00:00","og_image":[{"width":4032,"height":3024,"url":"https:\/\/santapola.es\/wp-content\/uploads\/2025\/01\/PHOTO-2024-04-16-14-58-09.jpg","type":"image\/jpeg"}],"author":"Jos\u00e9 Juan L\u00f3pez Lafuente","twitter_card":"summary_large_image","twitter_creator":"@SantaPolaAyunt","twitter_site":"@SantaPolaAyunt","schema":{"@context":"https:\/\/schema.org","@graph":[{"@type":"Article","@id":"https:\/\/santapola.es\/ca\/santa-pola-empren-va-ajudar-a-la-creacio-de-38-empreses-locals-i-48-llocs-de-treball-en-2024\/#article","isPartOf":{"@id":"https:\/\/santapola.es\/ca\/santa-pola-empren-va-ajudar-a-la-creacio-de-38-empreses-locals-i-48-llocs-de-treball-en-2024\/"},"author":{"name":"Jos\u00e9 Juan L\u00f3pez Lafuente","@id":"https:\/\/santapola.es\/ca\/#\/schema\/person\/ad1d67403707b58350c7be5e8dbc442d"},"headline":"Santa Pola Empr\u00e9n va ajudar a la creaci\u00f3 de 38 empreses locals i 48 llocs de treball en 2024","datePublished":"2025-01-27T13:03:35+00:00","dateModified":"2025-01-27T13:08:30+00:00","mainEntityOfPage":{"@id":"https:\/\/santapola.es\/ca\/santa-pola-empren-va-ajudar-a-la-creacio-de-38-empreses-locals-i-48-llocs-de-treball-en-2024\/"},"wordCount":482,"image":{"@id":"https:\/\/santapola.es\/ca\/santa-pola-empren-va-ajudar-a-la-creacio-de-38-empreses-locals-i-48-llocs-de-treball-en-2024\/#primaryimage"},"thumbnailUrl":"https:\/\/santapola.es\/wp-content\/uploads\/2025\/01\/PHOTO-2024-04-16-14-58-09.jpg","articleSection":["Empr\u00e9n Santa Pola"],"inLanguage":"ca"},{"@type":"WebPage","@id":"https:\/\/santapola.es\/ca\/santa-pola-empren-va-ajudar-a-la-creacio-de-38-empreses-locals-i-48-llocs-de-treball-en-2024\/","url":"https:\/\/santapola.es\/ca\/santa-pola-empren-va-ajudar-a-la-creacio-de-38-empreses-locals-i-48-llocs-de-treball-en-2024\/","name":"Santa Pola Empr\u00e9n va ajudar a la creaci\u00f3 de 38 empreses locals i 48 llocs de treball en 2024 - Ajuntament de Santa Pola","isPartOf":{"@id":"https:\/\/santapola.es\/ca\/#website"},"primaryImageOfPage":{"@id":"https:\/\/santapola.es\/ca\/santa-pola-empren-va-ajudar-a-la-creacio-de-38-empreses-locals-i-48-llocs-de-treball-en-2024\/#primaryimage"},"image":{"@id":"https:\/\/santapola.es\/ca\/santa-pola-empren-va-ajudar-a-la-creacio-de-38-empreses-locals-i-48-llocs-de-treball-en-2024\/#primaryimage"},"thumbnailUrl":"https:\/\/santapola.es\/wp-content\/uploads\/2025\/01\/PHOTO-2024-04-16-14-58-09.jpg","datePublished":"2025-01-27T13:03:35+00:00","dateModified":"2025-01-27T13:08:30+00:00","author":{"@id":"https:\/\/santapola.es\/ca\/#\/schema\/person\/ad1d67403707b58350c7be5e8dbc442d"},"breadcrumb":{"@id":"https:\/\/santapola.es\/ca\/santa-pola-empren-va-ajudar-a-la-creacio-de-38-empreses-locals-i-48-llocs-de-treball-en-2024\/#breadcrumb"},"inLanguage":"ca","potentialAction":[{"@type":"ReadAction","target":["https:\/\/santapola.es\/ca\/santa-pola-empren-va-ajudar-a-la-creacio-de-38-empreses-locals-i-48-llocs-de-treball-en-2024\/"]}]},{"@type":"ImageObject","inLanguage":"ca","@id":"https:\/\/santapola.es\/ca\/santa-pola-empren-va-ajudar-a-la-creacio-de-38-empreses-locals-i-48-llocs-de-treball-en-2024\/#primaryimage","url":"https:\/\/santapola.es\/wp-content\/uploads\/2025\/01\/PHOTO-2024-04-16-14-58-09.jpg","contentUrl":"https:\/\/santapola.es\/wp-content\/uploads\/2025\/01\/PHOTO-2024-04-16-14-58-09.jpg","width":3000,"height":2250},{"@type":"BreadcrumbList","@id":"https:\/\/santapola.es\/ca\/santa-pola-empren-va-ajudar-a-la-creacio-de-38-empreses-locals-i-48-llocs-de-treball-en-2024\/#breadcrumb","itemListElement":[{"@type":"ListItem","position":1,"name":"Inici","item":"https:\/\/santapola.es\/ca\/"},{"@type":"ListItem","position":2,"name":"Santa Pola Empr\u00e9n va ajudar a la creaci\u00f3 de 38 empreses locals i 48 llocs de treball en 2024"}]},{"@type":"WebSite","@id":"https:\/\/santapola.es\/ca\/#website","url":"https:\/\/santapola.es\/ca\/","name":"Ayuntamiento de Santa Pola","description":"Web de l'Ajuntament de Santa Pola","potentialAction":[{"@type":"SearchAction","target":{"@type":"EntryPoint","urlTemplate":"https:\/\/santapola.es\/ca\/?s={search_term_string}"},"query-input":{"@type":"PropertyValueSpecification","valueRequired":true,"valueName":"search_term_string"}}],"inLanguage":"ca"},{"@type":"Person","@id":"https:\/\/santapola.es\/ca\/#\/schema\/person\/ad1d67403707b58350c7be5e8dbc442d","name":"Jos\u00e9 Juan L\u00f3pez Lafuente"}]}},"_links":{"self":[{"href":"https:\/\/santapola.es\/ca\/wp-json\/wp\/v2\/posts\/40919","targetHints":{"allow":["GET"]}}],"collection":[{"href":"https:\/\/santapola.es\/ca\/wp-json\/wp\/v2\/posts"}],"about":[{"href":"https:\/\/santapola.es\/ca\/wp-json\/wp\/v2\/types\/post"}],"author":[{"embeddable":true,"href":"https:\/\/santapola.es\/ca\/wp-json\/wp\/v2\/users\/96"}],"replies":[{"embeddable":true,"href":"https:\/\/santapola.es\/ca\/wp-json\/wp\/v2\/comments?post=40919"}],"version-history":[{"count":0,"href":"https:\/\/santapola.es\/ca\/wp-json\/wp\/v2\/posts\/40919\/revisions"}],"wp:featuredmedia":[{"embeddable":true,"href":"https:\/\/santapola.es\/ca\/wp-json\/wp\/v2\/media\/40920"}],"wp:attachment":[{"href":"https:\/\/santapola.es\/ca\/wp-json\/wp\/v2\/media?parent=40919"}],"wp:term":[{"taxonomy":"category","embeddable":true,"href":"https:\/\/santapola.es\/ca\/wp-json\/wp\/v2\/categories?post=40919"},{"taxonomy":"post_tag","embeddable":true,"href":"https:\/\/santapola.es\/ca\/wp-json\/wp\/v2\/tags?post=40919"}],"curies":[{"name":"wp","href":"https:\/\/api.w.org\/{rel}","templated":true}]}}