{"id":40836,"date":"2025-01-23T19:11:44","date_gmt":"2025-01-23T18:11:44","guid":{"rendered":"https:\/\/santapola.es\/?p=40836"},"modified":"2025-01-23T19:16:00","modified_gmt":"2025-01-23T18:16:00","slug":"santa-pola-presenta-en-la-plaza-de-callao-de-madrid-el-festival-internacional-de-danza-mou-te","status":"publish","type":"post","link":"https:\/\/santapola.es\/ca\/santa-pola-presenta-en-la-plaza-de-callao-de-madrid-el-festival-internacional-de-danza-mou-te\/","title":{"rendered":"Santa Pola presenta en la pla\u00e7a de Callao de Madrid el Festival Internacional de Dansa Mou-Te"},"content":{"rendered":"<p><strong>El mes de febrer la dansa pren protagonisme a Santa Pola i hui s&#8217;ha promocionat en l&#8217;espai de la Costa Blanca en la pla\u00e7a de Callao, on un grup de dansa urbana ha promocionat el Mou-Te 2025.<\/strong><\/p>\n<p><strong>Tamb\u00e9 s&#8217;ha donat a con\u00e9ixer entre els madrilenys i s&#8217;han\u00a0 repartit capsetes amb escates de sal marina natural de les Salines Bras del Port.<\/strong><\/p>\n<p>Enguany la participaci\u00f3 de la Costa Blanca en la Fira Internacional de Turisme de Madrid, FITUR, no sols se centra en IFEMA, sin\u00f3 que s&#8217;acosta m\u00e9s encara als madrilenys a peu de carrer en la c\u00e8ntrica pla\u00e7a de Callao, on s&#8217;ha instal\u00b7lat un poal de pantalles gegants per a projeccions que es complementen amb multitud d&#8217;activitats.<\/p>\n<p>Una d&#8217;elles ha sigut la presentaci\u00f3 del Festival Internacional de Dansa Mou-Te que Santa Pola acull cada mes de febrer organitzat per Mar\u00eda Palaz\u00f3n amb l&#8217;objectiu de reunir ballarins de diverses modalitats, regions i pa\u00efsos en un espai com\u00fa, fomentant l&#8217;intercanvi cultural i l&#8217;enriquiment personal i acad\u00e8mic dels participants.<\/p>\n<p>La iniciativa va comen\u00e7ar en 2015 sota la denominaci\u00f3 de Congr\u00e9s de Dansa Santa Pola i, despr\u00e9s de huit edicions, des de 2024 el festival ha evolucionat d&#8217;un esdeveniment local a una cita internacional que atrau a escoles i professionals de diferents pa\u00efsos, la qual cosa ha consolidat cada febrer a Santa Pola com un mes replet d&#8217;activitats i espectacles.<\/p>\n<p>Esta vesprada en Callao, un grup de dotze ballarines i ballarins de l&#8217;escola Fem Dansa han posat en escena una coreografia de dansa urbana amb l&#8217;objectiu de promocionar en viu el festival Mou-Te entre el p\u00fablic madrileny, amb la pres\u00e8ncia de l&#8217;alcaldessa Loreto Serrano i el regidor de Turisme, Borja Merino.<\/p>\n<p><iframe loading=\"lazy\" title=\"Festival Internacional de Danza MOU-TE en Santa Pola\" width=\"1080\" height=\"608\" src=\"https:\/\/www.youtube.com\/embed\/1jlG7wywd0c?feature=oembed\"  allow=\"accelerometer; autoplay; clipboard-write; encrypted-media; gyroscope; picture-in-picture; web-share\" referrerpolicy=\"strict-origin-when-cross-origin\" allowfullscreen><\/iframe><\/p>\n<p><strong>Escates de sal<\/strong><\/p>\n<p>Tamb\u00e9 en la pla\u00e7a de Callao s&#8217;ha presentat al p\u00fablic madrileny les escates de sal natural marina Polasal de les Salines Bras del Port, amb un v\u00eddeo explicatiu i amb el repartiment de capsetes de sal entre els assistents.<\/p>\n","protected":false},"excerpt":{"rendered":"<p>El mes de febrer la dansa pren protagonisme a Santa Pola i hui s&#8217;ha promocionat en l&#8217;espai de la Costa Blanca en la pla\u00e7a de Callao, on un grup de dansa urbana ha promocionat el Mou-Te 2025. Tamb\u00e9 s&#8217;ha donat a con\u00e9ixer entre els madrilenys i s&#8217;han\u00a0 repartit capsetes amb escates de sal marina natural [&hellip;]<\/p>\n","protected":false},"author":96,"featured_media":40837,"comment_status":"closed","ping_status":"closed","sticky":false,"template":"","format":"standard","meta":{"_et_pb_use_builder":"","_et_pb_old_content":"","_et_gb_content_width":"","footnotes":""},"categories":[433,589],"tags":[582,1271,809,487,749,1270,1267,1266],"class_list":["post-40836","post","type-post","status-publish","format-standard","has-post-thumbnail","hentry","category-cultura-ca","category-turisme","tag-borja-merino-ca","tag-fem-dansa-ca","tag-fitur-ca","tag-loreto-serrano-ca","tag-mou-te-ca","tag-plaza-de-callao","tag-sal-ca","tag-salines-bras-del-port"],"yoast_head":"<!-- This site is optimized with the Yoast SEO plugin v27.4 - https:\/\/yoast.com\/product\/yoast-seo-wordpress\/ -->\n<title>Santa Pola presenta en la pla\u00e7a de Callao de Madrid el Festival Internacional de Dansa Mou-Te - Ajuntament de Santa Pola<\/title>\n<meta name=\"robots\" content=\"index, follow, max-snippet:-1, max-image-preview:large, max-video-preview:-1\" \/>\n<link rel=\"canonical\" href=\"https:\/\/santapola.es\/ca\/santa-pola-presenta-en-la-plaza-de-callao-de-madrid-el-festival-internacional-de-danza-mou-te\/\" \/>\n<meta property=\"og:locale\" content=\"ca_ES\" \/>\n<meta property=\"og:type\" content=\"article\" \/>\n<meta property=\"og:title\" content=\"Santa Pola presenta en la pla\u00e7a de Callao de Madrid el Festival Internacional de Dansa Mou-Te - Ajuntament de Santa Pola\" \/>\n<meta property=\"og:description\" content=\"El mes de febrer la dansa pren protagonisme a Santa Pola i hui s&#8217;ha promocionat en l&#8217;espai de la Costa Blanca en la pla\u00e7a de Callao, on un grup de dansa urbana ha promocionat el Mou-Te 2025. Tamb\u00e9 s&#8217;ha donat a con\u00e9ixer entre els madrilenys i s&#8217;han\u00a0 repartit capsetes amb escates de sal marina natural [&hellip;]\" \/>\n<meta property=\"og:url\" content=\"https:\/\/santapola.es\/ca\/santa-pola-presenta-en-la-plaza-de-callao-de-madrid-el-festival-internacional-de-danza-mou-te\/\" \/>\n<meta property=\"og:site_name\" content=\"Ajuntament de Santa Pola\" \/>\n<meta property=\"article:publisher\" content=\"https:\/\/www.facebook.com\/AyuntamientoSantaPola\/\" \/>\n<meta property=\"article:published_time\" content=\"2025-01-23T18:11:44+00:00\" \/>\n<meta property=\"article:modified_time\" content=\"2025-01-23T18:16:00+00:00\" \/>\n<meta property=\"og:image\" content=\"https:\/\/santapola.es\/wp-content\/uploads\/2025\/01\/2025-01-23-moute-15.jpeg\" \/>\n\t<meta property=\"og:image:width\" content=\"1920\" \/>\n\t<meta property=\"og:image:height\" content=\"1440\" \/>\n\t<meta property=\"og:image:type\" content=\"image\/jpeg\" \/>\n<meta name=\"author\" content=\"Jos\u00e9 Juan L\u00f3pez Lafuente\" \/>\n<meta name=\"twitter:card\" content=\"summary_large_image\" \/>\n<meta name=\"twitter:creator\" content=\"@SantaPolaAyunt\" \/>\n<meta name=\"twitter:site\" content=\"@SantaPolaAyunt\" \/>\n<script type=\"application\/ld+json\" class=\"yoast-schema-graph\">{\"@context\":\"https:\\\/\\\/schema.org\",\"@graph\":[{\"@type\":\"Article\",\"@id\":\"https:\\\/\\\/santapola.es\\\/ca\\\/santa-pola-presenta-en-la-plaza-de-callao-de-madrid-el-festival-internacional-de-danza-mou-te\\\/#article\",\"isPartOf\":{\"@id\":\"https:\\\/\\\/santapola.es\\\/ca\\\/santa-pola-presenta-en-la-plaza-de-callao-de-madrid-el-festival-internacional-de-danza-mou-te\\\/\"},\"author\":{\"name\":\"Jos\u00e9 Juan L\u00f3pez Lafuente\",\"@id\":\"https:\\\/\\\/santapola.es\\\/ca\\\/#\\\/schema\\\/person\\\/ad1d67403707b58350c7be5e8dbc442d\"},\"headline\":\"Santa Pola presenta en la pla\u00e7a de Callao de Madrid el Festival Internacional de Dansa Mou-Te\",\"datePublished\":\"2025-01-23T18:11:44+00:00\",\"dateModified\":\"2025-01-23T18:16:00+00:00\",\"mainEntityOfPage\":{\"@id\":\"https:\\\/\\\/santapola.es\\\/ca\\\/santa-pola-presenta-en-la-plaza-de-callao-de-madrid-el-festival-internacional-de-danza-mou-te\\\/\"},\"wordCount\":378,\"image\":{\"@id\":\"https:\\\/\\\/santapola.es\\\/ca\\\/santa-pola-presenta-en-la-plaza-de-callao-de-madrid-el-festival-internacional-de-danza-mou-te\\\/#primaryimage\"},\"thumbnailUrl\":\"https:\\\/\\\/santapola.es\\\/wp-content\\\/uploads\\\/2025\\\/01\\\/2025-01-23-moute-15.jpeg\",\"keywords\":[\"Borja Merino\",\"Fem Dansa\",\"FITUR\",\"Loreto Serrano\",\"Mou-Te\",\"plaza de Callao\",\"sal\",\"Salines Bras del Port\"],\"articleSection\":[\"Cultura\",\"Turisme\"],\"inLanguage\":\"ca\"},{\"@type\":\"WebPage\",\"@id\":\"https:\\\/\\\/santapola.es\\\/ca\\\/santa-pola-presenta-en-la-plaza-de-callao-de-madrid-el-festival-internacional-de-danza-mou-te\\\/\",\"url\":\"https:\\\/\\\/santapola.es\\\/ca\\\/santa-pola-presenta-en-la-plaza-de-callao-de-madrid-el-festival-internacional-de-danza-mou-te\\\/\",\"name\":\"Santa Pola presenta en la pla\u00e7a de Callao de Madrid el Festival Internacional de Dansa Mou-Te - Ajuntament de Santa Pola\",\"isPartOf\":{\"@id\":\"https:\\\/\\\/santapola.es\\\/ca\\\/#website\"},\"primaryImageOfPage\":{\"@id\":\"https:\\\/\\\/santapola.es\\\/ca\\\/santa-pola-presenta-en-la-plaza-de-callao-de-madrid-el-festival-internacional-de-danza-mou-te\\\/#primaryimage\"},\"image\":{\"@id\":\"https:\\\/\\\/santapola.es\\\/ca\\\/santa-pola-presenta-en-la-plaza-de-callao-de-madrid-el-festival-internacional-de-danza-mou-te\\\/#primaryimage\"},\"thumbnailUrl\":\"https:\\\/\\\/santapola.es\\\/wp-content\\\/uploads\\\/2025\\\/01\\\/2025-01-23-moute-15.jpeg\",\"datePublished\":\"2025-01-23T18:11:44+00:00\",\"dateModified\":\"2025-01-23T18:16:00+00:00\",\"author\":{\"@id\":\"https:\\\/\\\/santapola.es\\\/ca\\\/#\\\/schema\\\/person\\\/ad1d67403707b58350c7be5e8dbc442d\"},\"breadcrumb\":{\"@id\":\"https:\\\/\\\/santapola.es\\\/ca\\\/santa-pola-presenta-en-la-plaza-de-callao-de-madrid-el-festival-internacional-de-danza-mou-te\\\/#breadcrumb\"},\"inLanguage\":\"ca\",\"potentialAction\":[{\"@type\":\"ReadAction\",\"target\":[\"https:\\\/\\\/santapola.es\\\/ca\\\/santa-pola-presenta-en-la-plaza-de-callao-de-madrid-el-festival-internacional-de-danza-mou-te\\\/\"]}]},{\"@type\":\"ImageObject\",\"inLanguage\":\"ca\",\"@id\":\"https:\\\/\\\/santapola.es\\\/ca\\\/santa-pola-presenta-en-la-plaza-de-callao-de-madrid-el-festival-internacional-de-danza-mou-te\\\/#primaryimage\",\"url\":\"https:\\\/\\\/santapola.es\\\/wp-content\\\/uploads\\\/2025\\\/01\\\/2025-01-23-moute-15.jpeg\",\"contentUrl\":\"https:\\\/\\\/santapola.es\\\/wp-content\\\/uploads\\\/2025\\\/01\\\/2025-01-23-moute-15.jpeg\",\"width\":1920,\"height\":1440},{\"@type\":\"BreadcrumbList\",\"@id\":\"https:\\\/\\\/santapola.es\\\/ca\\\/santa-pola-presenta-en-la-plaza-de-callao-de-madrid-el-festival-internacional-de-danza-mou-te\\\/#breadcrumb\",\"itemListElement\":[{\"@type\":\"ListItem\",\"position\":1,\"name\":\"Inici\",\"item\":\"https:\\\/\\\/santapola.es\\\/ca\\\/\"},{\"@type\":\"ListItem\",\"position\":2,\"name\":\"Santa Pola presenta en la pla\u00e7a de Callao de Madrid el Festival Internacional de Dansa Mou-Te\"}]},{\"@type\":\"WebSite\",\"@id\":\"https:\\\/\\\/santapola.es\\\/ca\\\/#website\",\"url\":\"https:\\\/\\\/santapola.es\\\/ca\\\/\",\"name\":\"Ayuntamiento de Santa Pola\",\"description\":\"Web de l'Ajuntament de Santa Pola\",\"potentialAction\":[{\"@type\":\"SearchAction\",\"target\":{\"@type\":\"EntryPoint\",\"urlTemplate\":\"https:\\\/\\\/santapola.es\\\/ca\\\/?s={search_term_string}\"},\"query-input\":{\"@type\":\"PropertyValueSpecification\",\"valueRequired\":true,\"valueName\":\"search_term_string\"}}],\"inLanguage\":\"ca\"},{\"@type\":\"Person\",\"@id\":\"https:\\\/\\\/santapola.es\\\/ca\\\/#\\\/schema\\\/person\\\/ad1d67403707b58350c7be5e8dbc442d\",\"name\":\"Jos\u00e9 Juan L\u00f3pez Lafuente\"}]}<\/script>\n<!-- \/ Yoast SEO plugin. -->","yoast_head_json":{"title":"Santa Pola presenta en la pla\u00e7a de Callao de Madrid el Festival Internacional de Dansa Mou-Te - Ajuntament de Santa Pola","robots":{"index":"index","follow":"follow","max-snippet":"max-snippet:-1","max-image-preview":"max-image-preview:large","max-video-preview":"max-video-preview:-1"},"canonical":"https:\/\/santapola.es\/ca\/santa-pola-presenta-en-la-plaza-de-callao-de-madrid-el-festival-internacional-de-danza-mou-te\/","og_locale":"ca_ES","og_type":"article","og_title":"Santa Pola presenta en la pla\u00e7a de Callao de Madrid el Festival Internacional de Dansa Mou-Te - Ajuntament de Santa Pola","og_description":"El mes de febrer la dansa pren protagonisme a Santa Pola i hui s&#8217;ha promocionat en l&#8217;espai de la Costa Blanca en la pla\u00e7a de Callao, on un grup de dansa urbana ha promocionat el Mou-Te 2025. Tamb\u00e9 s&#8217;ha donat a con\u00e9ixer entre els madrilenys i s&#8217;han\u00a0 repartit capsetes amb escates de sal marina natural [&hellip;]","og_url":"https:\/\/santapola.es\/ca\/santa-pola-presenta-en-la-plaza-de-callao-de-madrid-el-festival-internacional-de-danza-mou-te\/","og_site_name":"Ajuntament de Santa Pola","article_publisher":"https:\/\/www.facebook.com\/AyuntamientoSantaPola\/","article_published_time":"2025-01-23T18:11:44+00:00","article_modified_time":"2025-01-23T18:16:00+00:00","og_image":[{"width":1920,"height":1440,"url":"https:\/\/santapola.es\/wp-content\/uploads\/2025\/01\/2025-01-23-moute-15.jpeg","type":"image\/jpeg"}],"author":"Jos\u00e9 Juan L\u00f3pez Lafuente","twitter_card":"summary_large_image","twitter_creator":"@SantaPolaAyunt","twitter_site":"@SantaPolaAyunt","schema":{"@context":"https:\/\/schema.org","@graph":[{"@type":"Article","@id":"https:\/\/santapola.es\/ca\/santa-pola-presenta-en-la-plaza-de-callao-de-madrid-el-festival-internacional-de-danza-mou-te\/#article","isPartOf":{"@id":"https:\/\/santapola.es\/ca\/santa-pola-presenta-en-la-plaza-de-callao-de-madrid-el-festival-internacional-de-danza-mou-te\/"},"author":{"name":"Jos\u00e9 Juan L\u00f3pez Lafuente","@id":"https:\/\/santapola.es\/ca\/#\/schema\/person\/ad1d67403707b58350c7be5e8dbc442d"},"headline":"Santa Pola presenta en la pla\u00e7a de Callao de Madrid el Festival Internacional de Dansa Mou-Te","datePublished":"2025-01-23T18:11:44+00:00","dateModified":"2025-01-23T18:16:00+00:00","mainEntityOfPage":{"@id":"https:\/\/santapola.es\/ca\/santa-pola-presenta-en-la-plaza-de-callao-de-madrid-el-festival-internacional-de-danza-mou-te\/"},"wordCount":378,"image":{"@id":"https:\/\/santapola.es\/ca\/santa-pola-presenta-en-la-plaza-de-callao-de-madrid-el-festival-internacional-de-danza-mou-te\/#primaryimage"},"thumbnailUrl":"https:\/\/santapola.es\/wp-content\/uploads\/2025\/01\/2025-01-23-moute-15.jpeg","keywords":["Borja Merino","Fem Dansa","FITUR","Loreto Serrano","Mou-Te","plaza de Callao","sal","Salines Bras del Port"],"articleSection":["Cultura","Turisme"],"inLanguage":"ca"},{"@type":"WebPage","@id":"https:\/\/santapola.es\/ca\/santa-pola-presenta-en-la-plaza-de-callao-de-madrid-el-festival-internacional-de-danza-mou-te\/","url":"https:\/\/santapola.es\/ca\/santa-pola-presenta-en-la-plaza-de-callao-de-madrid-el-festival-internacional-de-danza-mou-te\/","name":"Santa Pola presenta en la pla\u00e7a de Callao de Madrid el Festival Internacional de Dansa Mou-Te - Ajuntament de Santa Pola","isPartOf":{"@id":"https:\/\/santapola.es\/ca\/#website"},"primaryImageOfPage":{"@id":"https:\/\/santapola.es\/ca\/santa-pola-presenta-en-la-plaza-de-callao-de-madrid-el-festival-internacional-de-danza-mou-te\/#primaryimage"},"image":{"@id":"https:\/\/santapola.es\/ca\/santa-pola-presenta-en-la-plaza-de-callao-de-madrid-el-festival-internacional-de-danza-mou-te\/#primaryimage"},"thumbnailUrl":"https:\/\/santapola.es\/wp-content\/uploads\/2025\/01\/2025-01-23-moute-15.jpeg","datePublished":"2025-01-23T18:11:44+00:00","dateModified":"2025-01-23T18:16:00+00:00","author":{"@id":"https:\/\/santapola.es\/ca\/#\/schema\/person\/ad1d67403707b58350c7be5e8dbc442d"},"breadcrumb":{"@id":"https:\/\/santapola.es\/ca\/santa-pola-presenta-en-la-plaza-de-callao-de-madrid-el-festival-internacional-de-danza-mou-te\/#breadcrumb"},"inLanguage":"ca","potentialAction":[{"@type":"ReadAction","target":["https:\/\/santapola.es\/ca\/santa-pola-presenta-en-la-plaza-de-callao-de-madrid-el-festival-internacional-de-danza-mou-te\/"]}]},{"@type":"ImageObject","inLanguage":"ca","@id":"https:\/\/santapola.es\/ca\/santa-pola-presenta-en-la-plaza-de-callao-de-madrid-el-festival-internacional-de-danza-mou-te\/#primaryimage","url":"https:\/\/santapola.es\/wp-content\/uploads\/2025\/01\/2025-01-23-moute-15.jpeg","contentUrl":"https:\/\/santapola.es\/wp-content\/uploads\/2025\/01\/2025-01-23-moute-15.jpeg","width":1920,"height":1440},{"@type":"BreadcrumbList","@id":"https:\/\/santapola.es\/ca\/santa-pola-presenta-en-la-plaza-de-callao-de-madrid-el-festival-internacional-de-danza-mou-te\/#breadcrumb","itemListElement":[{"@type":"ListItem","position":1,"name":"Inici","item":"https:\/\/santapola.es\/ca\/"},{"@type":"ListItem","position":2,"name":"Santa Pola presenta en la pla\u00e7a de Callao de Madrid el Festival Internacional de Dansa Mou-Te"}]},{"@type":"WebSite","@id":"https:\/\/santapola.es\/ca\/#website","url":"https:\/\/santapola.es\/ca\/","name":"Ayuntamiento de Santa Pola","description":"Web de l'Ajuntament de Santa Pola","potentialAction":[{"@type":"SearchAction","target":{"@type":"EntryPoint","urlTemplate":"https:\/\/santapola.es\/ca\/?s={search_term_string}"},"query-input":{"@type":"PropertyValueSpecification","valueRequired":true,"valueName":"search_term_string"}}],"inLanguage":"ca"},{"@type":"Person","@id":"https:\/\/santapola.es\/ca\/#\/schema\/person\/ad1d67403707b58350c7be5e8dbc442d","name":"Jos\u00e9 Juan L\u00f3pez Lafuente"}]}},"_links":{"self":[{"href":"https:\/\/santapola.es\/ca\/wp-json\/wp\/v2\/posts\/40836","targetHints":{"allow":["GET"]}}],"collection":[{"href":"https:\/\/santapola.es\/ca\/wp-json\/wp\/v2\/posts"}],"about":[{"href":"https:\/\/santapola.es\/ca\/wp-json\/wp\/v2\/types\/post"}],"author":[{"embeddable":true,"href":"https:\/\/santapola.es\/ca\/wp-json\/wp\/v2\/users\/96"}],"replies":[{"embeddable":true,"href":"https:\/\/santapola.es\/ca\/wp-json\/wp\/v2\/comments?post=40836"}],"version-history":[{"count":0,"href":"https:\/\/santapola.es\/ca\/wp-json\/wp\/v2\/posts\/40836\/revisions"}],"wp:featuredmedia":[{"embeddable":true,"href":"https:\/\/santapola.es\/ca\/wp-json\/wp\/v2\/media\/40837"}],"wp:attachment":[{"href":"https:\/\/santapola.es\/ca\/wp-json\/wp\/v2\/media?parent=40836"}],"wp:term":[{"taxonomy":"category","embeddable":true,"href":"https:\/\/santapola.es\/ca\/wp-json\/wp\/v2\/categories?post=40836"},{"taxonomy":"post_tag","embeddable":true,"href":"https:\/\/santapola.es\/ca\/wp-json\/wp\/v2\/tags?post=40836"}],"curies":[{"name":"wp","href":"https:\/\/api.w.org\/{rel}","templated":true}]}}