{"id":40834,"date":"2025-01-23T14:55:40","date_gmt":"2025-01-23T13:55:40","guid":{"rendered":"https:\/\/santapola.es\/?p=40834"},"modified":"2025-05-28T11:45:26","modified_gmt":"2025-05-28T09:45:26","slug":"retorn-al-passat-al-castell-fortalesa-de-santa-pola-amb-ulleres-de-realitat-virtual","status":"publish","type":"post","link":"https:\/\/santapola.es\/ca\/retorn-al-passat-al-castell-fortalesa-de-santa-pola-amb-ulleres-de-realitat-virtual\/","title":{"rendered":"Retorn al passat al Castell Fortalesa de Santa Pola amb ulleres de realitat virtual"},"content":{"rendered":"<p><strong>Un projecte de realitat virtual recrea mitjan\u00e7ant tecnologies immersives la vida dels habitants de la fortalesa entre els segles XVI i XIX. A partir de febrer, els usuaris podran viatjar en el temps amb ulleres d&#8217;\u00faltima generaci\u00f3 i gaudir d&#8217;una experi\u00e8ncia sensorial en el seu context hist\u00f2ric, arquitect\u00f2nic i social.<\/strong><\/p>\n<p>L&#8217;Ajuntament de Santa Pola ha presentat hui en Fitur esta iniciativa cultural i tur\u00edstica desenrotllada per l&#8217;\u00c0rea de Turisme, el Museu de la Mar i l&#8217;empresa AR Vision, mitjan\u00e7ant el qual el seu Castell Fortalesa recobra la seua vida passada gr\u00e0cies a la realitat virtual.<\/p>\n<p>El projecte de recreaci\u00f3 hist\u00f2rica de la Fortalesa de Santa Pola oferix una innovadora oportunitat per a explorar i reviure diferents etapes de la seua evoluci\u00f3, abastant els segles XVI, XVII i XIX, i estar\u00e0 disponible per al p\u00fablic a partir de febrer en el Museu de la Mar.<\/p>\n<p>El regidor de Turisme, Borja Merino, va explicar que \u201cl&#8217;objectiu era proporcionar una representaci\u00f3 fidedigna i detallada de l&#8217;enclavament hist\u00f2ric en diferents \u00e8poques, que permetera als usuaris submergir-se en una recreaci\u00f3 virtual que oferix un acostament sensorial i visual a les diferents fases de la construcci\u00f3 de la fortalesa. Esta experi\u00e8ncia t\u00e9 potencial tant en l&#8217;\u00e0mbit educatiu com tur\u00edstic, millorant la comprensi\u00f3 del context hist\u00f2ric, arquitect\u00f2nic i social del monument\u201d.<\/p>\n<p><iframe loading=\"lazy\" title=\"Proyecto de realidad virtual del Castillo Fortaleza\" width=\"1080\" height=\"608\" src=\"https:\/\/www.youtube.com\/embed\/OpnEzckVlfI?feature=oembed\"  allow=\"accelerometer; autoplay; clipboard-write; encrypted-media; gyroscope; picture-in-picture; web-share\" referrerpolicy=\"strict-origin-when-cross-origin\" allowfullscreen><\/iframe><\/p>\n<p><strong>Experi\u00e8ncia interactiva per als visitants<\/strong><\/p>\n<p>L&#8217;alcaldessa Loreto Serrano va explicar que \u201cen el cas de la nostra Fortalesa, aix\u00f2 \u00e9s particularment valu\u00f3s per a mostrar la seua evoluci\u00f3 entre els segles XVI i XIX, \u00e8poques en les quals les estructures van ser modificades significativament. Els usuaris no sols observaran, sin\u00f3 que tamb\u00e9 poden participar en activitats, obtindre informaci\u00f3 contextual i accedir a dades hist\u00f2riques a trav\u00e9s d&#8217;elements interactius. Esta interactivitat fomenta una major retenci\u00f3 del coneixement i un aprenentatge m\u00e9s din\u00e0mic i atractiu\u201d.<\/p>\n<p>Per a institucions educatives, el projecte pot usar-se en aules d&#8217;hist\u00f2ria, arqueologia o arquitectura. Per al sector tur\u00edstic, ser\u00e0 una ferramenta per a enriquir la visita f\u00edsica amb una experi\u00e8ncia que permeta comprendre millor la hist\u00f2ria del lloc. La recreaci\u00f3 3D oferix la possibilitat de reconstruir digitalment elements perduts o deteriorats de la fortalesa, com a torres, muralles o detalls arquitect\u00f2nics. Aix\u00f2 proporciona una visi\u00f3 completa del patrimoni tal com va existir en el seu apogeu, permetent una millor apreciaci\u00f3 del seu valor hist\u00f2ric.<\/p>\n<p>Serrano va recordar que este projecte \u201cha sigut finan\u00e7at al cent per cent a trav\u00e9s del Pla de Sostenibilitat Tur\u00edstica en Dest\u00ed (PSTD) amb fons europeus Next Generation, i forma part d&#8217;un pla per a digitalitzar tots els recursos de Santa Pola i poder visitar-los en l\u00ednia\u201d.<\/p>\n<p><strong>Jugar i aprendre de la hist\u00f2ria<\/strong><\/p>\n<p>Juan Antonio Franco, director de AR Vision, es va mostrar \u201cmolt content de presentar este projecte d&#8217;experi\u00e8ncia tur\u00edstica immersiva, que reconstru\u00efx el Castell Fortalesa en tres etapes diferents a trav\u00e9s de realitat virtual. Amb les ulleres d&#8217;\u00faltima generaci\u00f3 es pot tindre una experi\u00e8ncia immersiva per a viure com era el castell segles arrere i com vivien els personatges en eixa \u00e8poca de manera fidedigna\u201d.<\/p>\n<p>El segle XVI obrir\u00e0 una experi\u00e8ncia de ludificaci\u00f3 que juga amb els personatges de la fortalesa, el XVII recrear\u00e0 un fet hist\u00f2ric tan important com l&#8217;expulsi\u00f3 dels moriscos, mentres que el segle XIX ens portar\u00e0 a con\u00e9ixer a les cambreres de la Verge de Loreto i la seua capella.<\/p>\n<p><img loading=\"lazy\" decoding=\"async\" class=\"aligncenter size-large wp-image-43904\" src=\"https:\/\/santapola.es\/wp-content\/uploads\/2025\/01\/2024_10-TODOS-LOS-LOGOS-png-1024x64.png\" alt=\"\" width=\"1024\" height=\"64\" srcset=\"https:\/\/santapola.es\/wp-content\/uploads\/2025\/01\/2024_10-TODOS-LOS-LOGOS-png-980x61.png 980w, https:\/\/santapola.es\/wp-content\/uploads\/2025\/01\/2024_10-TODOS-LOS-LOGOS-png-480x30.png 480w\" sizes=\"(min-width: 0px) and (max-width: 480px) 480px, (min-width: 481px) and (max-width: 980px) 980px, (min-width: 981px) 1024px, 100vw\" \/><\/p>\n","protected":false},"excerpt":{"rendered":"<p>Un projecte de realitat virtual recrea mitjan\u00e7ant tecnologies immersives la vida dels habitants de la fortalesa entre els segles XVI i XIX. A partir de febrer, els usuaris podran viatjar en el temps amb ulleres d&#8217;\u00faltima generaci\u00f3 i gaudir d&#8217;una experi\u00e8ncia sensorial en el seu context hist\u00f2ric, arquitect\u00f2nic i social. L&#8217;Ajuntament de Santa Pola ha [&hellip;]<\/p>\n","protected":false},"author":96,"featured_media":40832,"comment_status":"closed","ping_status":"closed","sticky":false,"template":"","format":"standard","meta":{"_et_pb_use_builder":"","_et_pb_old_content":"","_et_gb_content_width":"","footnotes":""},"categories":[433,589],"tags":[1269,582,518,487,1268],"class_list":["post-40834","post","type-post","status-publish","format-standard","has-post-thumbnail","hentry","category-cultura-ca","category-turisme","tag-ar-vision-ca","tag-borja-merino-ca","tag-castell-fortalesa","tag-loreto-serrano-ca","tag-realitat-virtual"],"yoast_head":"<!-- This site is optimized with the Yoast SEO plugin v27.4 - https:\/\/yoast.com\/product\/yoast-seo-wordpress\/ -->\n<title>Retorn al passat al Castell Fortalesa de Santa Pola amb ulleres de realitat virtual - Ajuntament de Santa Pola<\/title>\n<meta name=\"robots\" content=\"index, follow, max-snippet:-1, max-image-preview:large, max-video-preview:-1\" \/>\n<link rel=\"canonical\" href=\"https:\/\/santapola.es\/ca\/retorn-al-passat-al-castell-fortalesa-de-santa-pola-amb-ulleres-de-realitat-virtual\/\" \/>\n<meta property=\"og:locale\" content=\"ca_ES\" \/>\n<meta property=\"og:type\" content=\"article\" \/>\n<meta property=\"og:title\" content=\"Retorn al passat al Castell Fortalesa de Santa Pola amb ulleres de realitat virtual - Ajuntament de Santa Pola\" \/>\n<meta property=\"og:description\" content=\"Un projecte de realitat virtual recrea mitjan\u00e7ant tecnologies immersives la vida dels habitants de la fortalesa entre els segles XVI i XIX. A partir de febrer, els usuaris podran viatjar en el temps amb ulleres d&#8217;\u00faltima generaci\u00f3 i gaudir d&#8217;una experi\u00e8ncia sensorial en el seu context hist\u00f2ric, arquitect\u00f2nic i social. L&#8217;Ajuntament de Santa Pola ha [&hellip;]\" \/>\n<meta property=\"og:url\" content=\"https:\/\/santapola.es\/ca\/retorn-al-passat-al-castell-fortalesa-de-santa-pola-amb-ulleres-de-realitat-virtual\/\" \/>\n<meta property=\"og:site_name\" content=\"Ajuntament de Santa Pola\" \/>\n<meta property=\"article:publisher\" content=\"https:\/\/www.facebook.com\/AyuntamientoSantaPola\/\" \/>\n<meta property=\"article:published_time\" content=\"2025-01-23T13:55:40+00:00\" \/>\n<meta property=\"article:modified_time\" content=\"2025-05-28T09:45:26+00:00\" \/>\n<meta property=\"og:image\" content=\"https:\/\/santapola.es\/wp-content\/uploads\/2025\/01\/2025-01-23-castillo-3.jpeg\" \/>\n\t<meta property=\"og:image:width\" content=\"5120\" \/>\n\t<meta property=\"og:image:height\" content=\"3840\" \/>\n\t<meta property=\"og:image:type\" content=\"image\/jpeg\" \/>\n<meta name=\"author\" content=\"Jos\u00e9 Juan L\u00f3pez Lafuente\" \/>\n<meta name=\"twitter:card\" content=\"summary_large_image\" \/>\n<meta name=\"twitter:creator\" content=\"@SantaPolaAyunt\" \/>\n<meta name=\"twitter:site\" content=\"@SantaPolaAyunt\" \/>\n<script type=\"application\/ld+json\" class=\"yoast-schema-graph\">{\"@context\":\"https:\\\/\\\/schema.org\",\"@graph\":[{\"@type\":\"Article\",\"@id\":\"https:\\\/\\\/santapola.es\\\/ca\\\/retorn-al-passat-al-castell-fortalesa-de-santa-pola-amb-ulleres-de-realitat-virtual\\\/#article\",\"isPartOf\":{\"@id\":\"https:\\\/\\\/santapola.es\\\/ca\\\/retorn-al-passat-al-castell-fortalesa-de-santa-pola-amb-ulleres-de-realitat-virtual\\\/\"},\"author\":{\"name\":\"Jos\u00e9 Juan L\u00f3pez Lafuente\",\"@id\":\"https:\\\/\\\/santapola.es\\\/ca\\\/#\\\/schema\\\/person\\\/ad1d67403707b58350c7be5e8dbc442d\"},\"headline\":\"Retorn al passat al Castell Fortalesa de Santa Pola amb ulleres de realitat virtual\",\"datePublished\":\"2025-01-23T13:55:40+00:00\",\"dateModified\":\"2025-05-28T09:45:26+00:00\",\"mainEntityOfPage\":{\"@id\":\"https:\\\/\\\/santapola.es\\\/ca\\\/retorn-al-passat-al-castell-fortalesa-de-santa-pola-amb-ulleres-de-realitat-virtual\\\/\"},\"wordCount\":626,\"image\":{\"@id\":\"https:\\\/\\\/santapola.es\\\/ca\\\/retorn-al-passat-al-castell-fortalesa-de-santa-pola-amb-ulleres-de-realitat-virtual\\\/#primaryimage\"},\"thumbnailUrl\":\"https:\\\/\\\/santapola.es\\\/wp-content\\\/uploads\\\/2025\\\/01\\\/2025-01-23-castillo-3.jpeg\",\"keywords\":[\"AR Vision\",\"Borja Merino\",\"Castell-Fortalesa\",\"Loreto Serrano\",\"realitat virtual\"],\"articleSection\":[\"Cultura\",\"Turisme\"],\"inLanguage\":\"ca\"},{\"@type\":\"WebPage\",\"@id\":\"https:\\\/\\\/santapola.es\\\/ca\\\/retorn-al-passat-al-castell-fortalesa-de-santa-pola-amb-ulleres-de-realitat-virtual\\\/\",\"url\":\"https:\\\/\\\/santapola.es\\\/ca\\\/retorn-al-passat-al-castell-fortalesa-de-santa-pola-amb-ulleres-de-realitat-virtual\\\/\",\"name\":\"Retorn al passat al Castell Fortalesa de Santa Pola amb ulleres de realitat virtual - Ajuntament de Santa Pola\",\"isPartOf\":{\"@id\":\"https:\\\/\\\/santapola.es\\\/ca\\\/#website\"},\"primaryImageOfPage\":{\"@id\":\"https:\\\/\\\/santapola.es\\\/ca\\\/retorn-al-passat-al-castell-fortalesa-de-santa-pola-amb-ulleres-de-realitat-virtual\\\/#primaryimage\"},\"image\":{\"@id\":\"https:\\\/\\\/santapola.es\\\/ca\\\/retorn-al-passat-al-castell-fortalesa-de-santa-pola-amb-ulleres-de-realitat-virtual\\\/#primaryimage\"},\"thumbnailUrl\":\"https:\\\/\\\/santapola.es\\\/wp-content\\\/uploads\\\/2025\\\/01\\\/2025-01-23-castillo-3.jpeg\",\"datePublished\":\"2025-01-23T13:55:40+00:00\",\"dateModified\":\"2025-05-28T09:45:26+00:00\",\"author\":{\"@id\":\"https:\\\/\\\/santapola.es\\\/ca\\\/#\\\/schema\\\/person\\\/ad1d67403707b58350c7be5e8dbc442d\"},\"breadcrumb\":{\"@id\":\"https:\\\/\\\/santapola.es\\\/ca\\\/retorn-al-passat-al-castell-fortalesa-de-santa-pola-amb-ulleres-de-realitat-virtual\\\/#breadcrumb\"},\"inLanguage\":\"ca\",\"potentialAction\":[{\"@type\":\"ReadAction\",\"target\":[\"https:\\\/\\\/santapola.es\\\/ca\\\/retorn-al-passat-al-castell-fortalesa-de-santa-pola-amb-ulleres-de-realitat-virtual\\\/\"]}]},{\"@type\":\"ImageObject\",\"inLanguage\":\"ca\",\"@id\":\"https:\\\/\\\/santapola.es\\\/ca\\\/retorn-al-passat-al-castell-fortalesa-de-santa-pola-amb-ulleres-de-realitat-virtual\\\/#primaryimage\",\"url\":\"https:\\\/\\\/santapola.es\\\/wp-content\\\/uploads\\\/2025\\\/01\\\/2025-01-23-castillo-3.jpeg\",\"contentUrl\":\"https:\\\/\\\/santapola.es\\\/wp-content\\\/uploads\\\/2025\\\/01\\\/2025-01-23-castillo-3.jpeg\",\"width\":5120,\"height\":3840},{\"@type\":\"BreadcrumbList\",\"@id\":\"https:\\\/\\\/santapola.es\\\/ca\\\/retorn-al-passat-al-castell-fortalesa-de-santa-pola-amb-ulleres-de-realitat-virtual\\\/#breadcrumb\",\"itemListElement\":[{\"@type\":\"ListItem\",\"position\":1,\"name\":\"Inici\",\"item\":\"https:\\\/\\\/santapola.es\\\/ca\\\/\"},{\"@type\":\"ListItem\",\"position\":2,\"name\":\"Retorn al passat al Castell Fortalesa de Santa Pola amb ulleres de realitat virtual\"}]},{\"@type\":\"WebSite\",\"@id\":\"https:\\\/\\\/santapola.es\\\/ca\\\/#website\",\"url\":\"https:\\\/\\\/santapola.es\\\/ca\\\/\",\"name\":\"Ayuntamiento de Santa Pola\",\"description\":\"Web de l'Ajuntament de Santa Pola\",\"potentialAction\":[{\"@type\":\"SearchAction\",\"target\":{\"@type\":\"EntryPoint\",\"urlTemplate\":\"https:\\\/\\\/santapola.es\\\/ca\\\/?s={search_term_string}\"},\"query-input\":{\"@type\":\"PropertyValueSpecification\",\"valueRequired\":true,\"valueName\":\"search_term_string\"}}],\"inLanguage\":\"ca\"},{\"@type\":\"Person\",\"@id\":\"https:\\\/\\\/santapola.es\\\/ca\\\/#\\\/schema\\\/person\\\/ad1d67403707b58350c7be5e8dbc442d\",\"name\":\"Jos\u00e9 Juan L\u00f3pez Lafuente\"}]}<\/script>\n<!-- \/ Yoast SEO plugin. -->","yoast_head_json":{"title":"Retorn al passat al Castell Fortalesa de Santa Pola amb ulleres de realitat virtual - Ajuntament de Santa Pola","robots":{"index":"index","follow":"follow","max-snippet":"max-snippet:-1","max-image-preview":"max-image-preview:large","max-video-preview":"max-video-preview:-1"},"canonical":"https:\/\/santapola.es\/ca\/retorn-al-passat-al-castell-fortalesa-de-santa-pola-amb-ulleres-de-realitat-virtual\/","og_locale":"ca_ES","og_type":"article","og_title":"Retorn al passat al Castell Fortalesa de Santa Pola amb ulleres de realitat virtual - Ajuntament de Santa Pola","og_description":"Un projecte de realitat virtual recrea mitjan\u00e7ant tecnologies immersives la vida dels habitants de la fortalesa entre els segles XVI i XIX. A partir de febrer, els usuaris podran viatjar en el temps amb ulleres d&#8217;\u00faltima generaci\u00f3 i gaudir d&#8217;una experi\u00e8ncia sensorial en el seu context hist\u00f2ric, arquitect\u00f2nic i social. L&#8217;Ajuntament de Santa Pola ha [&hellip;]","og_url":"https:\/\/santapola.es\/ca\/retorn-al-passat-al-castell-fortalesa-de-santa-pola-amb-ulleres-de-realitat-virtual\/","og_site_name":"Ajuntament de Santa Pola","article_publisher":"https:\/\/www.facebook.com\/AyuntamientoSantaPola\/","article_published_time":"2025-01-23T13:55:40+00:00","article_modified_time":"2025-05-28T09:45:26+00:00","og_image":[{"width":5120,"height":3840,"url":"https:\/\/santapola.es\/wp-content\/uploads\/2025\/01\/2025-01-23-castillo-3.jpeg","type":"image\/jpeg"}],"author":"Jos\u00e9 Juan L\u00f3pez Lafuente","twitter_card":"summary_large_image","twitter_creator":"@SantaPolaAyunt","twitter_site":"@SantaPolaAyunt","schema":{"@context":"https:\/\/schema.org","@graph":[{"@type":"Article","@id":"https:\/\/santapola.es\/ca\/retorn-al-passat-al-castell-fortalesa-de-santa-pola-amb-ulleres-de-realitat-virtual\/#article","isPartOf":{"@id":"https:\/\/santapola.es\/ca\/retorn-al-passat-al-castell-fortalesa-de-santa-pola-amb-ulleres-de-realitat-virtual\/"},"author":{"name":"Jos\u00e9 Juan L\u00f3pez Lafuente","@id":"https:\/\/santapola.es\/ca\/#\/schema\/person\/ad1d67403707b58350c7be5e8dbc442d"},"headline":"Retorn al passat al Castell Fortalesa de Santa Pola amb ulleres de realitat virtual","datePublished":"2025-01-23T13:55:40+00:00","dateModified":"2025-05-28T09:45:26+00:00","mainEntityOfPage":{"@id":"https:\/\/santapola.es\/ca\/retorn-al-passat-al-castell-fortalesa-de-santa-pola-amb-ulleres-de-realitat-virtual\/"},"wordCount":626,"image":{"@id":"https:\/\/santapola.es\/ca\/retorn-al-passat-al-castell-fortalesa-de-santa-pola-amb-ulleres-de-realitat-virtual\/#primaryimage"},"thumbnailUrl":"https:\/\/santapola.es\/wp-content\/uploads\/2025\/01\/2025-01-23-castillo-3.jpeg","keywords":["AR Vision","Borja Merino","Castell-Fortalesa","Loreto Serrano","realitat virtual"],"articleSection":["Cultura","Turisme"],"inLanguage":"ca"},{"@type":"WebPage","@id":"https:\/\/santapola.es\/ca\/retorn-al-passat-al-castell-fortalesa-de-santa-pola-amb-ulleres-de-realitat-virtual\/","url":"https:\/\/santapola.es\/ca\/retorn-al-passat-al-castell-fortalesa-de-santa-pola-amb-ulleres-de-realitat-virtual\/","name":"Retorn al passat al Castell Fortalesa de Santa Pola amb ulleres de realitat virtual - Ajuntament de Santa Pola","isPartOf":{"@id":"https:\/\/santapola.es\/ca\/#website"},"primaryImageOfPage":{"@id":"https:\/\/santapola.es\/ca\/retorn-al-passat-al-castell-fortalesa-de-santa-pola-amb-ulleres-de-realitat-virtual\/#primaryimage"},"image":{"@id":"https:\/\/santapola.es\/ca\/retorn-al-passat-al-castell-fortalesa-de-santa-pola-amb-ulleres-de-realitat-virtual\/#primaryimage"},"thumbnailUrl":"https:\/\/santapola.es\/wp-content\/uploads\/2025\/01\/2025-01-23-castillo-3.jpeg","datePublished":"2025-01-23T13:55:40+00:00","dateModified":"2025-05-28T09:45:26+00:00","author":{"@id":"https:\/\/santapola.es\/ca\/#\/schema\/person\/ad1d67403707b58350c7be5e8dbc442d"},"breadcrumb":{"@id":"https:\/\/santapola.es\/ca\/retorn-al-passat-al-castell-fortalesa-de-santa-pola-amb-ulleres-de-realitat-virtual\/#breadcrumb"},"inLanguage":"ca","potentialAction":[{"@type":"ReadAction","target":["https:\/\/santapola.es\/ca\/retorn-al-passat-al-castell-fortalesa-de-santa-pola-amb-ulleres-de-realitat-virtual\/"]}]},{"@type":"ImageObject","inLanguage":"ca","@id":"https:\/\/santapola.es\/ca\/retorn-al-passat-al-castell-fortalesa-de-santa-pola-amb-ulleres-de-realitat-virtual\/#primaryimage","url":"https:\/\/santapola.es\/wp-content\/uploads\/2025\/01\/2025-01-23-castillo-3.jpeg","contentUrl":"https:\/\/santapola.es\/wp-content\/uploads\/2025\/01\/2025-01-23-castillo-3.jpeg","width":5120,"height":3840},{"@type":"BreadcrumbList","@id":"https:\/\/santapola.es\/ca\/retorn-al-passat-al-castell-fortalesa-de-santa-pola-amb-ulleres-de-realitat-virtual\/#breadcrumb","itemListElement":[{"@type":"ListItem","position":1,"name":"Inici","item":"https:\/\/santapola.es\/ca\/"},{"@type":"ListItem","position":2,"name":"Retorn al passat al Castell Fortalesa de Santa Pola amb ulleres de realitat virtual"}]},{"@type":"WebSite","@id":"https:\/\/santapola.es\/ca\/#website","url":"https:\/\/santapola.es\/ca\/","name":"Ayuntamiento de Santa Pola","description":"Web de l'Ajuntament de Santa Pola","potentialAction":[{"@type":"SearchAction","target":{"@type":"EntryPoint","urlTemplate":"https:\/\/santapola.es\/ca\/?s={search_term_string}"},"query-input":{"@type":"PropertyValueSpecification","valueRequired":true,"valueName":"search_term_string"}}],"inLanguage":"ca"},{"@type":"Person","@id":"https:\/\/santapola.es\/ca\/#\/schema\/person\/ad1d67403707b58350c7be5e8dbc442d","name":"Jos\u00e9 Juan L\u00f3pez Lafuente"}]}},"_links":{"self":[{"href":"https:\/\/santapola.es\/ca\/wp-json\/wp\/v2\/posts\/40834","targetHints":{"allow":["GET"]}}],"collection":[{"href":"https:\/\/santapola.es\/ca\/wp-json\/wp\/v2\/posts"}],"about":[{"href":"https:\/\/santapola.es\/ca\/wp-json\/wp\/v2\/types\/post"}],"author":[{"embeddable":true,"href":"https:\/\/santapola.es\/ca\/wp-json\/wp\/v2\/users\/96"}],"replies":[{"embeddable":true,"href":"https:\/\/santapola.es\/ca\/wp-json\/wp\/v2\/comments?post=40834"}],"version-history":[{"count":0,"href":"https:\/\/santapola.es\/ca\/wp-json\/wp\/v2\/posts\/40834\/revisions"}],"wp:featuredmedia":[{"embeddable":true,"href":"https:\/\/santapola.es\/ca\/wp-json\/wp\/v2\/media\/40832"}],"wp:attachment":[{"href":"https:\/\/santapola.es\/ca\/wp-json\/wp\/v2\/media?parent=40834"}],"wp:term":[{"taxonomy":"category","embeddable":true,"href":"https:\/\/santapola.es\/ca\/wp-json\/wp\/v2\/categories?post=40834"},{"taxonomy":"post_tag","embeddable":true,"href":"https:\/\/santapola.es\/ca\/wp-json\/wp\/v2\/tags?post=40834"}],"curies":[{"name":"wp","href":"https:\/\/api.w.org\/{rel}","templated":true}]}}