{"id":40827,"date":"2025-01-23T11:43:31","date_gmt":"2025-01-23T10:43:31","guid":{"rendered":"https:\/\/santapola.es\/?p=40827"},"modified":"2025-01-23T11:47:48","modified_gmt":"2025-01-23T10:47:48","slug":"el-sabor-de-santa-pola-les-exclusives-escates-de-sal-marina-es-convertixen-en-reclam-turistic","status":"publish","type":"post","link":"https:\/\/santapola.es\/ca\/el-sabor-de-santa-pola-les-exclusives-escates-de-sal-marina-es-convertixen-en-reclam-turistic\/","title":{"rendered":"El sabor de Santa Pola: les exclusives escates de sal marina es convertixen en reclam tur\u00edstic"},"content":{"rendered":"<p><strong>L&#8217;Ajuntament de Santa Pola i les Salines Bras del Port han presentat en Fitur les exquisides escates de sal marina natural Polasal, les \u00faniques produ\u00efdes a Espanya, com a nou reclam tur\u00edstic<\/strong><\/p>\n<p>Santa Pola, amb el seu inconfusible car\u00e0cter mariner i la seua rica tradici\u00f3 gastron\u00f2mica, refor\u00e7a la seua aposta pel turisme de qualitat amb una innovadora col\u00b7laboraci\u00f3 al costat de Salines Bras del Port. En el marc de FITUR 2025 es llan\u00e7a un producte \u00fanic que promet convertir-se en un referent per als qui busquen emportar-se un tros de Santa Pola en la seua mem\u00f2ria i en la seua taula: les escates de sal marina natural de Polasal.<\/p>\n<p>Este exclusiu producte, de fet s\u00f3n les \u00faniques escates de sal marina produ\u00efdes a Espanya, transforma qualsevol plat en una experi\u00e8ncia culin\u00e0ria extraordin\u00e0ria. Tal com ha explicat Teresa Ferr\u00e1ndez, de Salines Bras del Port, \u201cla seua forma piramidal, la seua textura cruixent i delicada i la seua capacitat per a potenciar sabors aporten un toc de sofisticaci\u00f3 que captiva tant a xefs professionals com a amants de la bona cuina. Les escates de sal marina natural de Polasal estan dissenyades per a real\u00e7ar qualsevol creaci\u00f3 gastron\u00f2mica, des d&#8217;ensalades fresques, carns sucoses i peixos delicats, fins a cre\u00eflles cruixents i fins i tot postres\u201d.<\/p>\n<p><iframe loading=\"lazy\" title=\"Salinas Bras del Port de Santa Pola\" width=\"1080\" height=\"608\" src=\"https:\/\/www.youtube.com\/embed\/iM7qmd2ZcLI?feature=oembed\"  allow=\"accelerometer; autoplay; clipboard-write; encrypted-media; gyroscope; picture-in-picture; web-share\" referrerpolicy=\"strict-origin-when-cross-origin\" allowfullscreen><\/iframe><\/p>\n<p><strong>Una experi\u00e8ncia que va m\u00e9s enll\u00e0 de la taula<\/strong><\/p>\n<p>La presentaci\u00f3 en Fitur inclou tamb\u00e9 una atractiva acci\u00f3 de street m\u00e0rqueting la mateixa vesprada de hui dijous en la ic\u00f2nica pla\u00e7a de Callao de Madrid. Segons l&#8217;alcaldessa Loreto Serrano, \u201calhora que es projecta un interessant reportatge de les salines en les pantalles LED de Turisme Costa Blanca en el centre de la capital, es donar\u00e0 a con\u00e9ixer este exquisit producte entre les persones que assistisquen a l&#8217;esdeveniment, els qui podran emportar-se un paquet d&#8217;escates de sal marina com a record de Santa Pola, alguna cosa que sempre agrada molt a la gent. Amb esta iniciativa, Santa Pola es posiciona com un dest\u00ed \u00fanic en la Costa Blanca, on el turisme gastron\u00f2mic troba un aliat excepcional en les escates de sal marina Polasal.<\/p>\n<p><strong>Una aposta per la identitat local i el turisme sostenible<\/strong><\/p>\n<p>Borja Merino, regidor de Turisme, va destacar que \u201ceste nou reclam tur\u00edstic no sols enriquix l&#8217;experi\u00e8ncia dels qui visiten Santa Pola, sin\u00f3 que tamb\u00e9 refor\u00e7a el comprom\u00eds del nostre municipi amb la sostenibilitat i la promoci\u00f3 de productes locals d&#8217;alta qualitat. Les Salines Bras del Port, amb el seu llegat de segles, es convertixen aix\u00ed en ambaixadores d&#8217;un dest\u00ed on la tradici\u00f3 i la innovaci\u00f3 es donen la m\u00e0\u201d.<\/p>\n","protected":false},"excerpt":{"rendered":"<p>L&#8217;Ajuntament de Santa Pola i les Salines Bras del Port han presentat en Fitur les exquisides escates de sal marina natural Polasal, les \u00faniques produ\u00efdes a Espanya, com a nou reclam tur\u00edstic Santa Pola, amb el seu inconfusible car\u00e0cter mariner i la seua rica tradici\u00f3 gastron\u00f2mica, refor\u00e7a la seua aposta pel turisme de qualitat amb [&hellip;]<\/p>\n","protected":false},"author":96,"featured_media":40825,"comment_status":"closed","ping_status":"closed","sticky":false,"template":"","format":"standard","meta":{"_et_pb_use_builder":"","_et_pb_old_content":"","_et_gb_content_width":"","footnotes":""},"categories":[589],"tags":[582,487,1267,1266],"class_list":["post-40827","post","type-post","status-publish","format-standard","has-post-thumbnail","hentry","category-turisme","tag-borja-merino-ca","tag-loreto-serrano-ca","tag-sal-ca","tag-salines-bras-del-port"],"yoast_head":"<!-- This site is optimized with the Yoast SEO plugin v27.4 - https:\/\/yoast.com\/product\/yoast-seo-wordpress\/ -->\n<title>El sabor de Santa Pola: les exclusives escates de sal marina es convertixen en reclam tur\u00edstic - Ajuntament de Santa Pola<\/title>\n<meta name=\"robots\" content=\"index, follow, max-snippet:-1, max-image-preview:large, max-video-preview:-1\" \/>\n<link rel=\"canonical\" href=\"https:\/\/santapola.es\/ca\/el-sabor-de-santa-pola-les-exclusives-escates-de-sal-marina-es-convertixen-en-reclam-turistic\/\" \/>\n<meta property=\"og:locale\" content=\"ca_ES\" \/>\n<meta property=\"og:type\" content=\"article\" \/>\n<meta property=\"og:title\" content=\"El sabor de Santa Pola: les exclusives escates de sal marina es convertixen en reclam tur\u00edstic - Ajuntament de Santa Pola\" \/>\n<meta property=\"og:description\" content=\"L&#8217;Ajuntament de Santa Pola i les Salines Bras del Port han presentat en Fitur les exquisides escates de sal marina natural Polasal, les \u00faniques produ\u00efdes a Espanya, com a nou reclam tur\u00edstic Santa Pola, amb el seu inconfusible car\u00e0cter mariner i la seua rica tradici\u00f3 gastron\u00f2mica, refor\u00e7a la seua aposta pel turisme de qualitat amb [&hellip;]\" \/>\n<meta property=\"og:url\" content=\"https:\/\/santapola.es\/ca\/el-sabor-de-santa-pola-les-exclusives-escates-de-sal-marina-es-convertixen-en-reclam-turistic\/\" \/>\n<meta property=\"og:site_name\" content=\"Ajuntament de Santa Pola\" \/>\n<meta property=\"article:publisher\" content=\"https:\/\/www.facebook.com\/AyuntamientoSantaPola\/\" \/>\n<meta property=\"article:published_time\" content=\"2025-01-23T10:43:31+00:00\" \/>\n<meta property=\"article:modified_time\" content=\"2025-01-23T10:47:48+00:00\" \/>\n<meta property=\"og:image\" content=\"https:\/\/santapola.es\/wp-content\/uploads\/2025\/01\/2025-01-23-sal-3.jpeg\" \/>\n\t<meta property=\"og:image:width\" content=\"5120\" \/>\n\t<meta property=\"og:image:height\" content=\"3840\" \/>\n\t<meta property=\"og:image:type\" content=\"image\/jpeg\" \/>\n<meta name=\"author\" content=\"Jos\u00e9 Juan L\u00f3pez Lafuente\" \/>\n<meta name=\"twitter:card\" content=\"summary_large_image\" \/>\n<meta name=\"twitter:creator\" content=\"@SantaPolaAyunt\" \/>\n<meta name=\"twitter:site\" content=\"@SantaPolaAyunt\" \/>\n<script type=\"application\/ld+json\" class=\"yoast-schema-graph\">{\"@context\":\"https:\\\/\\\/schema.org\",\"@graph\":[{\"@type\":\"Article\",\"@id\":\"https:\\\/\\\/santapola.es\\\/ca\\\/el-sabor-de-santa-pola-les-exclusives-escates-de-sal-marina-es-convertixen-en-reclam-turistic\\\/#article\",\"isPartOf\":{\"@id\":\"https:\\\/\\\/santapola.es\\\/ca\\\/el-sabor-de-santa-pola-les-exclusives-escates-de-sal-marina-es-convertixen-en-reclam-turistic\\\/\"},\"author\":{\"name\":\"Jos\u00e9 Juan L\u00f3pez Lafuente\",\"@id\":\"https:\\\/\\\/santapola.es\\\/ca\\\/#\\\/schema\\\/person\\\/ad1d67403707b58350c7be5e8dbc442d\"},\"headline\":\"El sabor de Santa Pola: les exclusives escates de sal marina es convertixen en reclam tur\u00edstic\",\"datePublished\":\"2025-01-23T10:43:31+00:00\",\"dateModified\":\"2025-01-23T10:47:48+00:00\",\"mainEntityOfPage\":{\"@id\":\"https:\\\/\\\/santapola.es\\\/ca\\\/el-sabor-de-santa-pola-les-exclusives-escates-de-sal-marina-es-convertixen-en-reclam-turistic\\\/\"},\"wordCount\":484,\"image\":{\"@id\":\"https:\\\/\\\/santapola.es\\\/ca\\\/el-sabor-de-santa-pola-les-exclusives-escates-de-sal-marina-es-convertixen-en-reclam-turistic\\\/#primaryimage\"},\"thumbnailUrl\":\"https:\\\/\\\/santapola.es\\\/wp-content\\\/uploads\\\/2025\\\/01\\\/2025-01-23-sal-3.jpeg\",\"keywords\":[\"Borja Merino\",\"Loreto Serrano\",\"sal\",\"Salines Bras del Port\"],\"articleSection\":[\"Turisme\"],\"inLanguage\":\"ca\"},{\"@type\":\"WebPage\",\"@id\":\"https:\\\/\\\/santapola.es\\\/ca\\\/el-sabor-de-santa-pola-les-exclusives-escates-de-sal-marina-es-convertixen-en-reclam-turistic\\\/\",\"url\":\"https:\\\/\\\/santapola.es\\\/ca\\\/el-sabor-de-santa-pola-les-exclusives-escates-de-sal-marina-es-convertixen-en-reclam-turistic\\\/\",\"name\":\"El sabor de Santa Pola: les exclusives escates de sal marina es convertixen en reclam tur\u00edstic - Ajuntament de Santa Pola\",\"isPartOf\":{\"@id\":\"https:\\\/\\\/santapola.es\\\/ca\\\/#website\"},\"primaryImageOfPage\":{\"@id\":\"https:\\\/\\\/santapola.es\\\/ca\\\/el-sabor-de-santa-pola-les-exclusives-escates-de-sal-marina-es-convertixen-en-reclam-turistic\\\/#primaryimage\"},\"image\":{\"@id\":\"https:\\\/\\\/santapola.es\\\/ca\\\/el-sabor-de-santa-pola-les-exclusives-escates-de-sal-marina-es-convertixen-en-reclam-turistic\\\/#primaryimage\"},\"thumbnailUrl\":\"https:\\\/\\\/santapola.es\\\/wp-content\\\/uploads\\\/2025\\\/01\\\/2025-01-23-sal-3.jpeg\",\"datePublished\":\"2025-01-23T10:43:31+00:00\",\"dateModified\":\"2025-01-23T10:47:48+00:00\",\"author\":{\"@id\":\"https:\\\/\\\/santapola.es\\\/ca\\\/#\\\/schema\\\/person\\\/ad1d67403707b58350c7be5e8dbc442d\"},\"breadcrumb\":{\"@id\":\"https:\\\/\\\/santapola.es\\\/ca\\\/el-sabor-de-santa-pola-les-exclusives-escates-de-sal-marina-es-convertixen-en-reclam-turistic\\\/#breadcrumb\"},\"inLanguage\":\"ca\",\"potentialAction\":[{\"@type\":\"ReadAction\",\"target\":[\"https:\\\/\\\/santapola.es\\\/ca\\\/el-sabor-de-santa-pola-les-exclusives-escates-de-sal-marina-es-convertixen-en-reclam-turistic\\\/\"]}]},{\"@type\":\"ImageObject\",\"inLanguage\":\"ca\",\"@id\":\"https:\\\/\\\/santapola.es\\\/ca\\\/el-sabor-de-santa-pola-les-exclusives-escates-de-sal-marina-es-convertixen-en-reclam-turistic\\\/#primaryimage\",\"url\":\"https:\\\/\\\/santapola.es\\\/wp-content\\\/uploads\\\/2025\\\/01\\\/2025-01-23-sal-3.jpeg\",\"contentUrl\":\"https:\\\/\\\/santapola.es\\\/wp-content\\\/uploads\\\/2025\\\/01\\\/2025-01-23-sal-3.jpeg\",\"width\":5120,\"height\":3840},{\"@type\":\"BreadcrumbList\",\"@id\":\"https:\\\/\\\/santapola.es\\\/ca\\\/el-sabor-de-santa-pola-les-exclusives-escates-de-sal-marina-es-convertixen-en-reclam-turistic\\\/#breadcrumb\",\"itemListElement\":[{\"@type\":\"ListItem\",\"position\":1,\"name\":\"Inici\",\"item\":\"https:\\\/\\\/santapola.es\\\/ca\\\/\"},{\"@type\":\"ListItem\",\"position\":2,\"name\":\"El sabor de Santa Pola: les exclusives escates de sal marina es convertixen en reclam tur\u00edstic\"}]},{\"@type\":\"WebSite\",\"@id\":\"https:\\\/\\\/santapola.es\\\/ca\\\/#website\",\"url\":\"https:\\\/\\\/santapola.es\\\/ca\\\/\",\"name\":\"Ayuntamiento de Santa Pola\",\"description\":\"Web de l'Ajuntament de Santa Pola\",\"potentialAction\":[{\"@type\":\"SearchAction\",\"target\":{\"@type\":\"EntryPoint\",\"urlTemplate\":\"https:\\\/\\\/santapola.es\\\/ca\\\/?s={search_term_string}\"},\"query-input\":{\"@type\":\"PropertyValueSpecification\",\"valueRequired\":true,\"valueName\":\"search_term_string\"}}],\"inLanguage\":\"ca\"},{\"@type\":\"Person\",\"@id\":\"https:\\\/\\\/santapola.es\\\/ca\\\/#\\\/schema\\\/person\\\/ad1d67403707b58350c7be5e8dbc442d\",\"name\":\"Jos\u00e9 Juan L\u00f3pez Lafuente\"}]}<\/script>\n<!-- \/ Yoast SEO plugin. -->","yoast_head_json":{"title":"El sabor de Santa Pola: les exclusives escates de sal marina es convertixen en reclam tur\u00edstic - Ajuntament de Santa Pola","robots":{"index":"index","follow":"follow","max-snippet":"max-snippet:-1","max-image-preview":"max-image-preview:large","max-video-preview":"max-video-preview:-1"},"canonical":"https:\/\/santapola.es\/ca\/el-sabor-de-santa-pola-les-exclusives-escates-de-sal-marina-es-convertixen-en-reclam-turistic\/","og_locale":"ca_ES","og_type":"article","og_title":"El sabor de Santa Pola: les exclusives escates de sal marina es convertixen en reclam tur\u00edstic - Ajuntament de Santa Pola","og_description":"L&#8217;Ajuntament de Santa Pola i les Salines Bras del Port han presentat en Fitur les exquisides escates de sal marina natural Polasal, les \u00faniques produ\u00efdes a Espanya, com a nou reclam tur\u00edstic Santa Pola, amb el seu inconfusible car\u00e0cter mariner i la seua rica tradici\u00f3 gastron\u00f2mica, refor\u00e7a la seua aposta pel turisme de qualitat amb [&hellip;]","og_url":"https:\/\/santapola.es\/ca\/el-sabor-de-santa-pola-les-exclusives-escates-de-sal-marina-es-convertixen-en-reclam-turistic\/","og_site_name":"Ajuntament de Santa Pola","article_publisher":"https:\/\/www.facebook.com\/AyuntamientoSantaPola\/","article_published_time":"2025-01-23T10:43:31+00:00","article_modified_time":"2025-01-23T10:47:48+00:00","og_image":[{"width":5120,"height":3840,"url":"https:\/\/santapola.es\/wp-content\/uploads\/2025\/01\/2025-01-23-sal-3.jpeg","type":"image\/jpeg"}],"author":"Jos\u00e9 Juan L\u00f3pez Lafuente","twitter_card":"summary_large_image","twitter_creator":"@SantaPolaAyunt","twitter_site":"@SantaPolaAyunt","schema":{"@context":"https:\/\/schema.org","@graph":[{"@type":"Article","@id":"https:\/\/santapola.es\/ca\/el-sabor-de-santa-pola-les-exclusives-escates-de-sal-marina-es-convertixen-en-reclam-turistic\/#article","isPartOf":{"@id":"https:\/\/santapola.es\/ca\/el-sabor-de-santa-pola-les-exclusives-escates-de-sal-marina-es-convertixen-en-reclam-turistic\/"},"author":{"name":"Jos\u00e9 Juan L\u00f3pez Lafuente","@id":"https:\/\/santapola.es\/ca\/#\/schema\/person\/ad1d67403707b58350c7be5e8dbc442d"},"headline":"El sabor de Santa Pola: les exclusives escates de sal marina es convertixen en reclam tur\u00edstic","datePublished":"2025-01-23T10:43:31+00:00","dateModified":"2025-01-23T10:47:48+00:00","mainEntityOfPage":{"@id":"https:\/\/santapola.es\/ca\/el-sabor-de-santa-pola-les-exclusives-escates-de-sal-marina-es-convertixen-en-reclam-turistic\/"},"wordCount":484,"image":{"@id":"https:\/\/santapola.es\/ca\/el-sabor-de-santa-pola-les-exclusives-escates-de-sal-marina-es-convertixen-en-reclam-turistic\/#primaryimage"},"thumbnailUrl":"https:\/\/santapola.es\/wp-content\/uploads\/2025\/01\/2025-01-23-sal-3.jpeg","keywords":["Borja Merino","Loreto Serrano","sal","Salines Bras del Port"],"articleSection":["Turisme"],"inLanguage":"ca"},{"@type":"WebPage","@id":"https:\/\/santapola.es\/ca\/el-sabor-de-santa-pola-les-exclusives-escates-de-sal-marina-es-convertixen-en-reclam-turistic\/","url":"https:\/\/santapola.es\/ca\/el-sabor-de-santa-pola-les-exclusives-escates-de-sal-marina-es-convertixen-en-reclam-turistic\/","name":"El sabor de Santa Pola: les exclusives escates de sal marina es convertixen en reclam tur\u00edstic - Ajuntament de Santa Pola","isPartOf":{"@id":"https:\/\/santapola.es\/ca\/#website"},"primaryImageOfPage":{"@id":"https:\/\/santapola.es\/ca\/el-sabor-de-santa-pola-les-exclusives-escates-de-sal-marina-es-convertixen-en-reclam-turistic\/#primaryimage"},"image":{"@id":"https:\/\/santapola.es\/ca\/el-sabor-de-santa-pola-les-exclusives-escates-de-sal-marina-es-convertixen-en-reclam-turistic\/#primaryimage"},"thumbnailUrl":"https:\/\/santapola.es\/wp-content\/uploads\/2025\/01\/2025-01-23-sal-3.jpeg","datePublished":"2025-01-23T10:43:31+00:00","dateModified":"2025-01-23T10:47:48+00:00","author":{"@id":"https:\/\/santapola.es\/ca\/#\/schema\/person\/ad1d67403707b58350c7be5e8dbc442d"},"breadcrumb":{"@id":"https:\/\/santapola.es\/ca\/el-sabor-de-santa-pola-les-exclusives-escates-de-sal-marina-es-convertixen-en-reclam-turistic\/#breadcrumb"},"inLanguage":"ca","potentialAction":[{"@type":"ReadAction","target":["https:\/\/santapola.es\/ca\/el-sabor-de-santa-pola-les-exclusives-escates-de-sal-marina-es-convertixen-en-reclam-turistic\/"]}]},{"@type":"ImageObject","inLanguage":"ca","@id":"https:\/\/santapola.es\/ca\/el-sabor-de-santa-pola-les-exclusives-escates-de-sal-marina-es-convertixen-en-reclam-turistic\/#primaryimage","url":"https:\/\/santapola.es\/wp-content\/uploads\/2025\/01\/2025-01-23-sal-3.jpeg","contentUrl":"https:\/\/santapola.es\/wp-content\/uploads\/2025\/01\/2025-01-23-sal-3.jpeg","width":5120,"height":3840},{"@type":"BreadcrumbList","@id":"https:\/\/santapola.es\/ca\/el-sabor-de-santa-pola-les-exclusives-escates-de-sal-marina-es-convertixen-en-reclam-turistic\/#breadcrumb","itemListElement":[{"@type":"ListItem","position":1,"name":"Inici","item":"https:\/\/santapola.es\/ca\/"},{"@type":"ListItem","position":2,"name":"El sabor de Santa Pola: les exclusives escates de sal marina es convertixen en reclam tur\u00edstic"}]},{"@type":"WebSite","@id":"https:\/\/santapola.es\/ca\/#website","url":"https:\/\/santapola.es\/ca\/","name":"Ayuntamiento de Santa Pola","description":"Web de l'Ajuntament de Santa Pola","potentialAction":[{"@type":"SearchAction","target":{"@type":"EntryPoint","urlTemplate":"https:\/\/santapola.es\/ca\/?s={search_term_string}"},"query-input":{"@type":"PropertyValueSpecification","valueRequired":true,"valueName":"search_term_string"}}],"inLanguage":"ca"},{"@type":"Person","@id":"https:\/\/santapola.es\/ca\/#\/schema\/person\/ad1d67403707b58350c7be5e8dbc442d","name":"Jos\u00e9 Juan L\u00f3pez Lafuente"}]}},"_links":{"self":[{"href":"https:\/\/santapola.es\/ca\/wp-json\/wp\/v2\/posts\/40827","targetHints":{"allow":["GET"]}}],"collection":[{"href":"https:\/\/santapola.es\/ca\/wp-json\/wp\/v2\/posts"}],"about":[{"href":"https:\/\/santapola.es\/ca\/wp-json\/wp\/v2\/types\/post"}],"author":[{"embeddable":true,"href":"https:\/\/santapola.es\/ca\/wp-json\/wp\/v2\/users\/96"}],"replies":[{"embeddable":true,"href":"https:\/\/santapola.es\/ca\/wp-json\/wp\/v2\/comments?post=40827"}],"version-history":[{"count":0,"href":"https:\/\/santapola.es\/ca\/wp-json\/wp\/v2\/posts\/40827\/revisions"}],"wp:featuredmedia":[{"embeddable":true,"href":"https:\/\/santapola.es\/ca\/wp-json\/wp\/v2\/media\/40825"}],"wp:attachment":[{"href":"https:\/\/santapola.es\/ca\/wp-json\/wp\/v2\/media?parent=40827"}],"wp:term":[{"taxonomy":"category","embeddable":true,"href":"https:\/\/santapola.es\/ca\/wp-json\/wp\/v2\/categories?post=40827"},{"taxonomy":"post_tag","embeddable":true,"href":"https:\/\/santapola.es\/ca\/wp-json\/wp\/v2\/tags?post=40827"}],"curies":[{"name":"wp","href":"https:\/\/api.w.org\/{rel}","templated":true}]}}