{"id":40809,"date":"2025-01-22T16:53:37","date_gmt":"2025-01-22T15:53:37","guid":{"rendered":"https:\/\/santapola.es\/?p=40809"},"modified":"2025-01-22T16:56:32","modified_gmt":"2025-01-22T15:56:32","slug":"santa-pola-presenta-el-seu-primer-gran-video-promocional-de-les-festes-patronals-i-de-moros-i-cristians","status":"publish","type":"post","link":"https:\/\/santapola.es\/ca\/santa-pola-presenta-el-seu-primer-gran-video-promocional-de-les-festes-patronals-i-de-moros-i-cristians\/","title":{"rendered":"Santa Pola presenta el seu primer gran v\u00eddeo promocional de les Festes Patronals i de Moros i Cristians"},"content":{"rendered":"<p><strong>A m\u00e9s del v\u00eddeo principal sota el lema \u201cSanta Pola: passi\u00f3, tradicions i cultura\u201d, la campanya inclou dos p\u00edndoles espec\u00edfiques sobre les festes de Moros i Cristians i les patronals en honor a la Mare de D\u00e9u de Loreto.\u00a0<\/strong><\/p>\n<p>Santa Pola, amb la seua passi\u00f3 inigualable per les tradicions, la cultura i la hist\u00f2ria, ha fet un pas hist\u00f2ric en la promoci\u00f3 de les seues festivitats m\u00e9s emblem\u00e0tiques. Per primera vegada en la nostra vila, hem produ\u00eft un v\u00eddeo promocional \u00fanic, una pe\u00e7a audiovisual que captura l&#8217;ess\u00e8ncia de les nostres Festes Patronals i de Moros i Cristians en honor a la Mare de D\u00e9u de Loreto.<\/p>\n<p>Esta vesprada s&#8217;ha presentat en Fitur este projecte que, segons l&#8217;alcaldessa Loreto Serrano, \u201cbusca transmetre l&#8217;emoci\u00f3 que ens embolica durant les nostres celebracions, el batec del nostre poble i el llegat que ens unix\u201d.<\/p>\n<p>El v\u00eddeo, concebut per a emocionar i promoure, \u00e9s una finestra al cor de Santa Pola. A trav\u00e9s d&#8217;imatges vibrants i moments inoblidables, reflectix la nostra hist\u00f2ria, la passi\u00f3 que definix a les seues gents, la m\u00fasica que embolica cada rac\u00f3 i la for\u00e7a de les nostres tradicions. \u201c\u00c9s un tribut a la nostra cultura viva i una crida a tots aquells que vulguen ser part d&#8217;estes dates tan significatives\u201d, va expressar l&#8217;alcaldessa.<\/p>\n<p><iframe loading=\"lazy\" title=\"Fiestas Patronales y de Moros y Cristianos en honor Virgen de Loreto en Santa Pola\" width=\"1080\" height=\"608\" src=\"https:\/\/www.youtube.com\/embed\/ZDPGfAuUxkQ?feature=oembed\"  allow=\"accelerometer; autoplay; clipboard-write; encrypted-media; gyroscope; picture-in-picture; web-share\" referrerpolicy=\"strict-origin-when-cross-origin\" allowfullscreen><\/iframe><\/p>\n<p>A m\u00e9s, per a complementar este v\u00eddeo principal, s&#8217;han creat dos p\u00edndoles addicionals que destaquen els aspectes m\u00e9s singulars de les nostres celebracions: una enfocada exclusivament en les vibrants festes de Moros i Cristians, i una altra que arreplega la devoci\u00f3 i el fervor de les Festes Patronals en honor a la nostra benvolguda Mare de D\u00e9u de Loreto.<\/p>\n<p><strong>Una ferramenta clau per a la promoci\u00f3 tur\u00edstica<\/strong><\/p>\n<p>\u201cEste v\u00eddeo promocional no sols busca emocionar als habitants de Santa Pola, sin\u00f3 tamb\u00e9 captar l&#8217;atenci\u00f3 de visitants de tot el m\u00f3n. Les Festes Patronals i de Moros i Cristians s\u00f3n part de la nostra identitat, i este esfor\u00e7 audiovisual pret\u00e9n consolidar a Santa Pola com una destinaci\u00f3 tur\u00edstica de refer\u00e8ncia per a aquells que busquen tradicions aut\u00e8ntiques, cultura i un ambient festiu inoblidable\u201d, va comentar en Fitur el regidor de Turisme, Borja Merino, qui va afegir que \u201cdurant estos dies de celebraci\u00f3 de Fitur es projectar\u00e0 el v\u00eddeo en la pantalla de Costa Blanca en la pla\u00e7a de Callao de Madrid\u201d.<\/p>\n<p>L&#8217;Ajuntament de Santa Pola est\u00e0 realitzant els tr\u00e0mits per a sol\u00b7licitar la declaraci\u00f3 de Festes d&#8217;Inter\u00e9s Tur\u00edstic Auton\u00f2mic i ha aprofitat la celebraci\u00f3 de la fira madrilenya per a recaptar adhesions entre altres ajuntaments, institucions i associacions.<\/p>\n","protected":false},"excerpt":{"rendered":"<p>A m\u00e9s del v\u00eddeo principal sota el lema \u201cSanta Pola: passi\u00f3, tradicions i cultura\u201d, la campanya inclou dos p\u00edndoles espec\u00edfiques sobre les festes de Moros i Cristians i les patronals en honor a la Mare de D\u00e9u de Loreto.\u00a0 Santa Pola, amb la seua passi\u00f3 inigualable per les tradicions, la cultura i la hist\u00f2ria, ha [&hellip;]<\/p>\n","protected":false},"author":96,"featured_media":40806,"comment_status":"closed","ping_status":"closed","sticky":false,"template":"","format":"standard","meta":{"_et_pb_use_builder":"","_et_pb_old_content":"","_et_gb_content_width":"","footnotes":""},"categories":[434,589],"tags":[582,563,487,731],"class_list":["post-40809","post","type-post","status-publish","format-standard","has-post-thumbnail","hentry","category-festes","category-turisme","tag-borja-merino-ca","tag-festes-patronals","tag-loreto-serrano-ca","tag-moros-y-cristianos-ca"],"yoast_head":"<!-- This site is optimized with the Yoast SEO plugin v27.4 - https:\/\/yoast.com\/product\/yoast-seo-wordpress\/ -->\n<title>Santa Pola presenta el seu primer gran v\u00eddeo promocional de les Festes Patronals i de Moros i Cristians - Ajuntament de Santa Pola<\/title>\n<meta name=\"robots\" content=\"index, follow, max-snippet:-1, max-image-preview:large, max-video-preview:-1\" \/>\n<link rel=\"canonical\" href=\"https:\/\/santapola.es\/ca\/santa-pola-presenta-el-seu-primer-gran-video-promocional-de-les-festes-patronals-i-de-moros-i-cristians\/\" \/>\n<meta property=\"og:locale\" content=\"ca_ES\" \/>\n<meta property=\"og:type\" content=\"article\" \/>\n<meta property=\"og:title\" content=\"Santa Pola presenta el seu primer gran v\u00eddeo promocional de les Festes Patronals i de Moros i Cristians - Ajuntament de Santa Pola\" \/>\n<meta property=\"og:description\" content=\"A m\u00e9s del v\u00eddeo principal sota el lema \u201cSanta Pola: passi\u00f3, tradicions i cultura\u201d, la campanya inclou dos p\u00edndoles espec\u00edfiques sobre les festes de Moros i Cristians i les patronals en honor a la Mare de D\u00e9u de Loreto.\u00a0 Santa Pola, amb la seua passi\u00f3 inigualable per les tradicions, la cultura i la hist\u00f2ria, ha [&hellip;]\" \/>\n<meta property=\"og:url\" content=\"https:\/\/santapola.es\/ca\/santa-pola-presenta-el-seu-primer-gran-video-promocional-de-les-festes-patronals-i-de-moros-i-cristians\/\" \/>\n<meta property=\"og:site_name\" content=\"Ajuntament de Santa Pola\" \/>\n<meta property=\"article:publisher\" content=\"https:\/\/www.facebook.com\/AyuntamientoSantaPola\/\" \/>\n<meta property=\"article:published_time\" content=\"2025-01-22T15:53:37+00:00\" \/>\n<meta property=\"article:modified_time\" content=\"2025-01-22T15:56:32+00:00\" \/>\n<meta property=\"og:image\" content=\"https:\/\/santapola.es\/wp-content\/uploads\/2025\/01\/2025-01-22-fiestas-2.jpeg\" \/>\n\t<meta property=\"og:image:width\" content=\"5120\" \/>\n\t<meta property=\"og:image:height\" content=\"3840\" \/>\n\t<meta property=\"og:image:type\" content=\"image\/jpeg\" \/>\n<meta name=\"author\" content=\"Jos\u00e9 Juan L\u00f3pez Lafuente\" \/>\n<meta name=\"twitter:card\" content=\"summary_large_image\" \/>\n<meta name=\"twitter:creator\" content=\"@SantaPolaAyunt\" \/>\n<meta name=\"twitter:site\" content=\"@SantaPolaAyunt\" \/>\n<script type=\"application\/ld+json\" class=\"yoast-schema-graph\">{\"@context\":\"https:\\\/\\\/schema.org\",\"@graph\":[{\"@type\":\"Article\",\"@id\":\"https:\\\/\\\/santapola.es\\\/ca\\\/santa-pola-presenta-el-seu-primer-gran-video-promocional-de-les-festes-patronals-i-de-moros-i-cristians\\\/#article\",\"isPartOf\":{\"@id\":\"https:\\\/\\\/santapola.es\\\/ca\\\/santa-pola-presenta-el-seu-primer-gran-video-promocional-de-les-festes-patronals-i-de-moros-i-cristians\\\/\"},\"author\":{\"name\":\"Jos\u00e9 Juan L\u00f3pez Lafuente\",\"@id\":\"https:\\\/\\\/santapola.es\\\/ca\\\/#\\\/schema\\\/person\\\/ad1d67403707b58350c7be5e8dbc442d\"},\"headline\":\"Santa Pola presenta el seu primer gran v\u00eddeo promocional de les Festes Patronals i de Moros i Cristians\",\"datePublished\":\"2025-01-22T15:53:37+00:00\",\"dateModified\":\"2025-01-22T15:56:32+00:00\",\"mainEntityOfPage\":{\"@id\":\"https:\\\/\\\/santapola.es\\\/ca\\\/santa-pola-presenta-el-seu-primer-gran-video-promocional-de-les-festes-patronals-i-de-moros-i-cristians\\\/\"},\"wordCount\":497,\"image\":{\"@id\":\"https:\\\/\\\/santapola.es\\\/ca\\\/santa-pola-presenta-el-seu-primer-gran-video-promocional-de-les-festes-patronals-i-de-moros-i-cristians\\\/#primaryimage\"},\"thumbnailUrl\":\"https:\\\/\\\/santapola.es\\\/wp-content\\\/uploads\\\/2025\\\/01\\\/2025-01-22-fiestas-2.jpeg\",\"keywords\":[\"Borja Merino\",\"Festes patronals\",\"Loreto Serrano\",\"Moros y Cristianos\"],\"articleSection\":[\"Festes\",\"Turisme\"],\"inLanguage\":\"ca\"},{\"@type\":\"WebPage\",\"@id\":\"https:\\\/\\\/santapola.es\\\/ca\\\/santa-pola-presenta-el-seu-primer-gran-video-promocional-de-les-festes-patronals-i-de-moros-i-cristians\\\/\",\"url\":\"https:\\\/\\\/santapola.es\\\/ca\\\/santa-pola-presenta-el-seu-primer-gran-video-promocional-de-les-festes-patronals-i-de-moros-i-cristians\\\/\",\"name\":\"Santa Pola presenta el seu primer gran v\u00eddeo promocional de les Festes Patronals i de Moros i Cristians - Ajuntament de Santa Pola\",\"isPartOf\":{\"@id\":\"https:\\\/\\\/santapola.es\\\/ca\\\/#website\"},\"primaryImageOfPage\":{\"@id\":\"https:\\\/\\\/santapola.es\\\/ca\\\/santa-pola-presenta-el-seu-primer-gran-video-promocional-de-les-festes-patronals-i-de-moros-i-cristians\\\/#primaryimage\"},\"image\":{\"@id\":\"https:\\\/\\\/santapola.es\\\/ca\\\/santa-pola-presenta-el-seu-primer-gran-video-promocional-de-les-festes-patronals-i-de-moros-i-cristians\\\/#primaryimage\"},\"thumbnailUrl\":\"https:\\\/\\\/santapola.es\\\/wp-content\\\/uploads\\\/2025\\\/01\\\/2025-01-22-fiestas-2.jpeg\",\"datePublished\":\"2025-01-22T15:53:37+00:00\",\"dateModified\":\"2025-01-22T15:56:32+00:00\",\"author\":{\"@id\":\"https:\\\/\\\/santapola.es\\\/ca\\\/#\\\/schema\\\/person\\\/ad1d67403707b58350c7be5e8dbc442d\"},\"breadcrumb\":{\"@id\":\"https:\\\/\\\/santapola.es\\\/ca\\\/santa-pola-presenta-el-seu-primer-gran-video-promocional-de-les-festes-patronals-i-de-moros-i-cristians\\\/#breadcrumb\"},\"inLanguage\":\"ca\",\"potentialAction\":[{\"@type\":\"ReadAction\",\"target\":[\"https:\\\/\\\/santapola.es\\\/ca\\\/santa-pola-presenta-el-seu-primer-gran-video-promocional-de-les-festes-patronals-i-de-moros-i-cristians\\\/\"]}]},{\"@type\":\"ImageObject\",\"inLanguage\":\"ca\",\"@id\":\"https:\\\/\\\/santapola.es\\\/ca\\\/santa-pola-presenta-el-seu-primer-gran-video-promocional-de-les-festes-patronals-i-de-moros-i-cristians\\\/#primaryimage\",\"url\":\"https:\\\/\\\/santapola.es\\\/wp-content\\\/uploads\\\/2025\\\/01\\\/2025-01-22-fiestas-2.jpeg\",\"contentUrl\":\"https:\\\/\\\/santapola.es\\\/wp-content\\\/uploads\\\/2025\\\/01\\\/2025-01-22-fiestas-2.jpeg\",\"width\":5120,\"height\":3840},{\"@type\":\"BreadcrumbList\",\"@id\":\"https:\\\/\\\/santapola.es\\\/ca\\\/santa-pola-presenta-el-seu-primer-gran-video-promocional-de-les-festes-patronals-i-de-moros-i-cristians\\\/#breadcrumb\",\"itemListElement\":[{\"@type\":\"ListItem\",\"position\":1,\"name\":\"Inici\",\"item\":\"https:\\\/\\\/santapola.es\\\/ca\\\/\"},{\"@type\":\"ListItem\",\"position\":2,\"name\":\"Santa Pola presenta el seu primer gran v\u00eddeo promocional de les Festes Patronals i de Moros i Cristians\"}]},{\"@type\":\"WebSite\",\"@id\":\"https:\\\/\\\/santapola.es\\\/ca\\\/#website\",\"url\":\"https:\\\/\\\/santapola.es\\\/ca\\\/\",\"name\":\"Ayuntamiento de Santa Pola\",\"description\":\"Web de l'Ajuntament de Santa Pola\",\"potentialAction\":[{\"@type\":\"SearchAction\",\"target\":{\"@type\":\"EntryPoint\",\"urlTemplate\":\"https:\\\/\\\/santapola.es\\\/ca\\\/?s={search_term_string}\"},\"query-input\":{\"@type\":\"PropertyValueSpecification\",\"valueRequired\":true,\"valueName\":\"search_term_string\"}}],\"inLanguage\":\"ca\"},{\"@type\":\"Person\",\"@id\":\"https:\\\/\\\/santapola.es\\\/ca\\\/#\\\/schema\\\/person\\\/ad1d67403707b58350c7be5e8dbc442d\",\"name\":\"Jos\u00e9 Juan L\u00f3pez Lafuente\"}]}<\/script>\n<!-- \/ Yoast SEO plugin. -->","yoast_head_json":{"title":"Santa Pola presenta el seu primer gran v\u00eddeo promocional de les Festes Patronals i de Moros i Cristians - Ajuntament de Santa Pola","robots":{"index":"index","follow":"follow","max-snippet":"max-snippet:-1","max-image-preview":"max-image-preview:large","max-video-preview":"max-video-preview:-1"},"canonical":"https:\/\/santapola.es\/ca\/santa-pola-presenta-el-seu-primer-gran-video-promocional-de-les-festes-patronals-i-de-moros-i-cristians\/","og_locale":"ca_ES","og_type":"article","og_title":"Santa Pola presenta el seu primer gran v\u00eddeo promocional de les Festes Patronals i de Moros i Cristians - Ajuntament de Santa Pola","og_description":"A m\u00e9s del v\u00eddeo principal sota el lema \u201cSanta Pola: passi\u00f3, tradicions i cultura\u201d, la campanya inclou dos p\u00edndoles espec\u00edfiques sobre les festes de Moros i Cristians i les patronals en honor a la Mare de D\u00e9u de Loreto.\u00a0 Santa Pola, amb la seua passi\u00f3 inigualable per les tradicions, la cultura i la hist\u00f2ria, ha [&hellip;]","og_url":"https:\/\/santapola.es\/ca\/santa-pola-presenta-el-seu-primer-gran-video-promocional-de-les-festes-patronals-i-de-moros-i-cristians\/","og_site_name":"Ajuntament de Santa Pola","article_publisher":"https:\/\/www.facebook.com\/AyuntamientoSantaPola\/","article_published_time":"2025-01-22T15:53:37+00:00","article_modified_time":"2025-01-22T15:56:32+00:00","og_image":[{"width":5120,"height":3840,"url":"https:\/\/santapola.es\/wp-content\/uploads\/2025\/01\/2025-01-22-fiestas-2.jpeg","type":"image\/jpeg"}],"author":"Jos\u00e9 Juan L\u00f3pez Lafuente","twitter_card":"summary_large_image","twitter_creator":"@SantaPolaAyunt","twitter_site":"@SantaPolaAyunt","schema":{"@context":"https:\/\/schema.org","@graph":[{"@type":"Article","@id":"https:\/\/santapola.es\/ca\/santa-pola-presenta-el-seu-primer-gran-video-promocional-de-les-festes-patronals-i-de-moros-i-cristians\/#article","isPartOf":{"@id":"https:\/\/santapola.es\/ca\/santa-pola-presenta-el-seu-primer-gran-video-promocional-de-les-festes-patronals-i-de-moros-i-cristians\/"},"author":{"name":"Jos\u00e9 Juan L\u00f3pez Lafuente","@id":"https:\/\/santapola.es\/ca\/#\/schema\/person\/ad1d67403707b58350c7be5e8dbc442d"},"headline":"Santa Pola presenta el seu primer gran v\u00eddeo promocional de les Festes Patronals i de Moros i Cristians","datePublished":"2025-01-22T15:53:37+00:00","dateModified":"2025-01-22T15:56:32+00:00","mainEntityOfPage":{"@id":"https:\/\/santapola.es\/ca\/santa-pola-presenta-el-seu-primer-gran-video-promocional-de-les-festes-patronals-i-de-moros-i-cristians\/"},"wordCount":497,"image":{"@id":"https:\/\/santapola.es\/ca\/santa-pola-presenta-el-seu-primer-gran-video-promocional-de-les-festes-patronals-i-de-moros-i-cristians\/#primaryimage"},"thumbnailUrl":"https:\/\/santapola.es\/wp-content\/uploads\/2025\/01\/2025-01-22-fiestas-2.jpeg","keywords":["Borja Merino","Festes patronals","Loreto Serrano","Moros y Cristianos"],"articleSection":["Festes","Turisme"],"inLanguage":"ca"},{"@type":"WebPage","@id":"https:\/\/santapola.es\/ca\/santa-pola-presenta-el-seu-primer-gran-video-promocional-de-les-festes-patronals-i-de-moros-i-cristians\/","url":"https:\/\/santapola.es\/ca\/santa-pola-presenta-el-seu-primer-gran-video-promocional-de-les-festes-patronals-i-de-moros-i-cristians\/","name":"Santa Pola presenta el seu primer gran v\u00eddeo promocional de les Festes Patronals i de Moros i Cristians - Ajuntament de Santa Pola","isPartOf":{"@id":"https:\/\/santapola.es\/ca\/#website"},"primaryImageOfPage":{"@id":"https:\/\/santapola.es\/ca\/santa-pola-presenta-el-seu-primer-gran-video-promocional-de-les-festes-patronals-i-de-moros-i-cristians\/#primaryimage"},"image":{"@id":"https:\/\/santapola.es\/ca\/santa-pola-presenta-el-seu-primer-gran-video-promocional-de-les-festes-patronals-i-de-moros-i-cristians\/#primaryimage"},"thumbnailUrl":"https:\/\/santapola.es\/wp-content\/uploads\/2025\/01\/2025-01-22-fiestas-2.jpeg","datePublished":"2025-01-22T15:53:37+00:00","dateModified":"2025-01-22T15:56:32+00:00","author":{"@id":"https:\/\/santapola.es\/ca\/#\/schema\/person\/ad1d67403707b58350c7be5e8dbc442d"},"breadcrumb":{"@id":"https:\/\/santapola.es\/ca\/santa-pola-presenta-el-seu-primer-gran-video-promocional-de-les-festes-patronals-i-de-moros-i-cristians\/#breadcrumb"},"inLanguage":"ca","potentialAction":[{"@type":"ReadAction","target":["https:\/\/santapola.es\/ca\/santa-pola-presenta-el-seu-primer-gran-video-promocional-de-les-festes-patronals-i-de-moros-i-cristians\/"]}]},{"@type":"ImageObject","inLanguage":"ca","@id":"https:\/\/santapola.es\/ca\/santa-pola-presenta-el-seu-primer-gran-video-promocional-de-les-festes-patronals-i-de-moros-i-cristians\/#primaryimage","url":"https:\/\/santapola.es\/wp-content\/uploads\/2025\/01\/2025-01-22-fiestas-2.jpeg","contentUrl":"https:\/\/santapola.es\/wp-content\/uploads\/2025\/01\/2025-01-22-fiestas-2.jpeg","width":5120,"height":3840},{"@type":"BreadcrumbList","@id":"https:\/\/santapola.es\/ca\/santa-pola-presenta-el-seu-primer-gran-video-promocional-de-les-festes-patronals-i-de-moros-i-cristians\/#breadcrumb","itemListElement":[{"@type":"ListItem","position":1,"name":"Inici","item":"https:\/\/santapola.es\/ca\/"},{"@type":"ListItem","position":2,"name":"Santa Pola presenta el seu primer gran v\u00eddeo promocional de les Festes Patronals i de Moros i Cristians"}]},{"@type":"WebSite","@id":"https:\/\/santapola.es\/ca\/#website","url":"https:\/\/santapola.es\/ca\/","name":"Ayuntamiento de Santa Pola","description":"Web de l'Ajuntament de Santa Pola","potentialAction":[{"@type":"SearchAction","target":{"@type":"EntryPoint","urlTemplate":"https:\/\/santapola.es\/ca\/?s={search_term_string}"},"query-input":{"@type":"PropertyValueSpecification","valueRequired":true,"valueName":"search_term_string"}}],"inLanguage":"ca"},{"@type":"Person","@id":"https:\/\/santapola.es\/ca\/#\/schema\/person\/ad1d67403707b58350c7be5e8dbc442d","name":"Jos\u00e9 Juan L\u00f3pez Lafuente"}]}},"_links":{"self":[{"href":"https:\/\/santapola.es\/ca\/wp-json\/wp\/v2\/posts\/40809","targetHints":{"allow":["GET"]}}],"collection":[{"href":"https:\/\/santapola.es\/ca\/wp-json\/wp\/v2\/posts"}],"about":[{"href":"https:\/\/santapola.es\/ca\/wp-json\/wp\/v2\/types\/post"}],"author":[{"embeddable":true,"href":"https:\/\/santapola.es\/ca\/wp-json\/wp\/v2\/users\/96"}],"replies":[{"embeddable":true,"href":"https:\/\/santapola.es\/ca\/wp-json\/wp\/v2\/comments?post=40809"}],"version-history":[{"count":0,"href":"https:\/\/santapola.es\/ca\/wp-json\/wp\/v2\/posts\/40809\/revisions"}],"wp:featuredmedia":[{"embeddable":true,"href":"https:\/\/santapola.es\/ca\/wp-json\/wp\/v2\/media\/40806"}],"wp:attachment":[{"href":"https:\/\/santapola.es\/ca\/wp-json\/wp\/v2\/media?parent=40809"}],"wp:term":[{"taxonomy":"category","embeddable":true,"href":"https:\/\/santapola.es\/ca\/wp-json\/wp\/v2\/categories?post=40809"},{"taxonomy":"post_tag","embeddable":true,"href":"https:\/\/santapola.es\/ca\/wp-json\/wp\/v2\/tags?post=40809"}],"curies":[{"name":"wp","href":"https:\/\/api.w.org\/{rel}","templated":true}]}}