{"id":40802,"date":"2025-01-22T16:16:40","date_gmt":"2025-01-22T15:16:40","guid":{"rendered":"https:\/\/santapola.es\/?p=40802"},"modified":"2025-01-22T16:18:52","modified_gmt":"2025-01-22T15:18:52","slug":"santa-pola-posa-en-valor-la-gamba-roja-de-la-seua-badia-en-fitur","status":"publish","type":"post","link":"https:\/\/santapola.es\/ca\/santa-pola-posa-en-valor-la-gamba-roja-de-la-seua-badia-en-fitur\/","title":{"rendered":"Santa Pola posa en valor la gamba roja de la seua badia en Fitur"},"content":{"rendered":"<p><strong>El xef Tiel Baile ha cuinat en la zona showcooking de Costa Blanca una exquisida fideu\u00e0 amb caldo de Peix de Santa Pola i gamba roja de la nostra badia.\u00a0 Com a entrant ha elaborat tamb\u00e9 un sabor\u00f3s t\u00e0rtar de quisquilla amb el producte de l&#8217;empresa local Marufina.\u00a0<\/strong><\/p>\n<p>La gastronomia de la vila marinera mai passa desapercebuda en la Fira Internacional de Turisme de Madrid, Fitur, i en esta ocasi\u00f3 s&#8217;ha posat en valor un dels nostres productes m\u00e9s exquisits i, \u00faltimament, de m\u00e9s actualitat per les restriccions europees a la seua pesca: la gamba roja.<\/p>\n<p>Tiel Baile, xef del restaurant Paco Baile, ha sigut l&#8217;encarregat de cuinar en el showcooking de l&#8217;estand de la Comunitat Valenciana en el pavell\u00f3 7 d&#8217;IFEMA una deliciosa fideu\u00e0 marinera amb gamba roja de Santa Pola, elaborada amb el fam\u00f3s caldo de calder Peix de Santa Pola i amb la sal marina natural de les salines Bras del Port.<\/p>\n<p>L&#8217;alcaldessa Loreto Serrano i el regidor de Turisme, Borja Merino, han sigut presents en l&#8217;esdeveniment en representaci\u00f3 oficial del nostre municipi. No cal dir que la degustaci\u00f3 ha sigut tot un \u00e8xit i els assistents al showcooking no han deixat ni les sobres.<\/p>\n<p>L&#8217;empresa local Marufina tamb\u00e9 ha sigut protagonista en Fitur en elaborar el xef una versi\u00f3 personal del seu exquisit t\u00e0rtar de quisquilla.<\/p>\n","protected":false},"excerpt":{"rendered":"<p>El xef Tiel Baile ha cuinat en la zona showcooking de Costa Blanca una exquisida fideu\u00e0 amb caldo de Peix de Santa Pola i gamba roja de la nostra badia.\u00a0 Com a entrant ha elaborat tamb\u00e9 un sabor\u00f3s t\u00e0rtar de quisquilla amb el producte de l&#8217;empresa local Marufina.\u00a0 La gastronomia de la vila marinera mai [&hellip;]<\/p>\n","protected":false},"author":96,"featured_media":40800,"comment_status":"closed","ping_status":"closed","sticky":false,"template":"","format":"standard","meta":{"_et_pb_use_builder":"","_et_pb_old_content":"","_et_gb_content_width":"","footnotes":""},"categories":[589],"tags":[582,809,1258,487,1259,1257],"class_list":["post-40802","post","type-post","status-publish","format-standard","has-post-thumbnail","hentry","category-turisme","tag-borja-merino-ca","tag-fitur-ca","tag-gamba-roja-ca","tag-loreto-serrano-ca","tag-peix-de-santa-pola-ca","tag-showcooking-ca"],"yoast_head":"<!-- This site is optimized with the Yoast SEO plugin v27.4 - https:\/\/yoast.com\/product\/yoast-seo-wordpress\/ -->\n<title>Santa Pola posa en valor la gamba roja de la seua badia en Fitur - Ajuntament de Santa Pola<\/title>\n<meta name=\"robots\" content=\"index, follow, max-snippet:-1, max-image-preview:large, max-video-preview:-1\" \/>\n<link rel=\"canonical\" href=\"https:\/\/santapola.es\/ca\/santa-pola-posa-en-valor-la-gamba-roja-de-la-seua-badia-en-fitur\/\" \/>\n<meta property=\"og:locale\" content=\"ca_ES\" \/>\n<meta property=\"og:type\" content=\"article\" \/>\n<meta property=\"og:title\" content=\"Santa Pola posa en valor la gamba roja de la seua badia en Fitur - Ajuntament de Santa Pola\" \/>\n<meta property=\"og:description\" content=\"El xef Tiel Baile ha cuinat en la zona showcooking de Costa Blanca una exquisida fideu\u00e0 amb caldo de Peix de Santa Pola i gamba roja de la nostra badia.\u00a0 Com a entrant ha elaborat tamb\u00e9 un sabor\u00f3s t\u00e0rtar de quisquilla amb el producte de l&#8217;empresa local Marufina.\u00a0 La gastronomia de la vila marinera mai [&hellip;]\" \/>\n<meta property=\"og:url\" content=\"https:\/\/santapola.es\/ca\/santa-pola-posa-en-valor-la-gamba-roja-de-la-seua-badia-en-fitur\/\" \/>\n<meta property=\"og:site_name\" content=\"Ajuntament de Santa Pola\" \/>\n<meta property=\"article:publisher\" content=\"https:\/\/www.facebook.com\/AyuntamientoSantaPola\/\" \/>\n<meta property=\"article:published_time\" content=\"2025-01-22T15:16:40+00:00\" \/>\n<meta property=\"article:modified_time\" content=\"2025-01-22T15:18:52+00:00\" \/>\n<meta property=\"og:image\" content=\"https:\/\/santapola.es\/wp-content\/uploads\/2025\/01\/2025-01-22-showcookihg-6.jpeg\" \/>\n\t<meta property=\"og:image:width\" content=\"5120\" \/>\n\t<meta property=\"og:image:height\" content=\"3840\" \/>\n\t<meta property=\"og:image:type\" content=\"image\/jpeg\" \/>\n<meta name=\"author\" content=\"Jos\u00e9 Juan L\u00f3pez Lafuente\" \/>\n<meta name=\"twitter:card\" content=\"summary_large_image\" \/>\n<meta name=\"twitter:creator\" content=\"@SantaPolaAyunt\" \/>\n<meta name=\"twitter:site\" content=\"@SantaPolaAyunt\" \/>\n<script type=\"application\/ld+json\" class=\"yoast-schema-graph\">{\"@context\":\"https:\\\/\\\/schema.org\",\"@graph\":[{\"@type\":\"Article\",\"@id\":\"https:\\\/\\\/santapola.es\\\/ca\\\/santa-pola-posa-en-valor-la-gamba-roja-de-la-seua-badia-en-fitur\\\/#article\",\"isPartOf\":{\"@id\":\"https:\\\/\\\/santapola.es\\\/ca\\\/santa-pola-posa-en-valor-la-gamba-roja-de-la-seua-badia-en-fitur\\\/\"},\"author\":{\"name\":\"Jos\u00e9 Juan L\u00f3pez Lafuente\",\"@id\":\"https:\\\/\\\/santapola.es\\\/ca\\\/#\\\/schema\\\/person\\\/ad1d67403707b58350c7be5e8dbc442d\"},\"headline\":\"Santa Pola posa en valor la gamba roja de la seua badia en Fitur\",\"datePublished\":\"2025-01-22T15:16:40+00:00\",\"dateModified\":\"2025-01-22T15:18:52+00:00\",\"mainEntityOfPage\":{\"@id\":\"https:\\\/\\\/santapola.es\\\/ca\\\/santa-pola-posa-en-valor-la-gamba-roja-de-la-seua-badia-en-fitur\\\/\"},\"wordCount\":247,\"image\":{\"@id\":\"https:\\\/\\\/santapola.es\\\/ca\\\/santa-pola-posa-en-valor-la-gamba-roja-de-la-seua-badia-en-fitur\\\/#primaryimage\"},\"thumbnailUrl\":\"https:\\\/\\\/santapola.es\\\/wp-content\\\/uploads\\\/2025\\\/01\\\/2025-01-22-showcookihg-6.jpeg\",\"keywords\":[\"Borja Merino\",\"FITUR\",\"gamba roja\",\"Loreto Serrano\",\"Peix de Santa Pola\",\"showcooking\"],\"articleSection\":[\"Turisme\"],\"inLanguage\":\"ca\"},{\"@type\":\"WebPage\",\"@id\":\"https:\\\/\\\/santapola.es\\\/ca\\\/santa-pola-posa-en-valor-la-gamba-roja-de-la-seua-badia-en-fitur\\\/\",\"url\":\"https:\\\/\\\/santapola.es\\\/ca\\\/santa-pola-posa-en-valor-la-gamba-roja-de-la-seua-badia-en-fitur\\\/\",\"name\":\"Santa Pola posa en valor la gamba roja de la seua badia en Fitur - Ajuntament de Santa Pola\",\"isPartOf\":{\"@id\":\"https:\\\/\\\/santapola.es\\\/ca\\\/#website\"},\"primaryImageOfPage\":{\"@id\":\"https:\\\/\\\/santapola.es\\\/ca\\\/santa-pola-posa-en-valor-la-gamba-roja-de-la-seua-badia-en-fitur\\\/#primaryimage\"},\"image\":{\"@id\":\"https:\\\/\\\/santapola.es\\\/ca\\\/santa-pola-posa-en-valor-la-gamba-roja-de-la-seua-badia-en-fitur\\\/#primaryimage\"},\"thumbnailUrl\":\"https:\\\/\\\/santapola.es\\\/wp-content\\\/uploads\\\/2025\\\/01\\\/2025-01-22-showcookihg-6.jpeg\",\"datePublished\":\"2025-01-22T15:16:40+00:00\",\"dateModified\":\"2025-01-22T15:18:52+00:00\",\"author\":{\"@id\":\"https:\\\/\\\/santapola.es\\\/ca\\\/#\\\/schema\\\/person\\\/ad1d67403707b58350c7be5e8dbc442d\"},\"breadcrumb\":{\"@id\":\"https:\\\/\\\/santapola.es\\\/ca\\\/santa-pola-posa-en-valor-la-gamba-roja-de-la-seua-badia-en-fitur\\\/#breadcrumb\"},\"inLanguage\":\"ca\",\"potentialAction\":[{\"@type\":\"ReadAction\",\"target\":[\"https:\\\/\\\/santapola.es\\\/ca\\\/santa-pola-posa-en-valor-la-gamba-roja-de-la-seua-badia-en-fitur\\\/\"]}]},{\"@type\":\"ImageObject\",\"inLanguage\":\"ca\",\"@id\":\"https:\\\/\\\/santapola.es\\\/ca\\\/santa-pola-posa-en-valor-la-gamba-roja-de-la-seua-badia-en-fitur\\\/#primaryimage\",\"url\":\"https:\\\/\\\/santapola.es\\\/wp-content\\\/uploads\\\/2025\\\/01\\\/2025-01-22-showcookihg-6.jpeg\",\"contentUrl\":\"https:\\\/\\\/santapola.es\\\/wp-content\\\/uploads\\\/2025\\\/01\\\/2025-01-22-showcookihg-6.jpeg\",\"width\":5120,\"height\":3840},{\"@type\":\"BreadcrumbList\",\"@id\":\"https:\\\/\\\/santapola.es\\\/ca\\\/santa-pola-posa-en-valor-la-gamba-roja-de-la-seua-badia-en-fitur\\\/#breadcrumb\",\"itemListElement\":[{\"@type\":\"ListItem\",\"position\":1,\"name\":\"Inici\",\"item\":\"https:\\\/\\\/santapola.es\\\/ca\\\/\"},{\"@type\":\"ListItem\",\"position\":2,\"name\":\"Santa Pola posa en valor la gamba roja de la seua badia en Fitur\"}]},{\"@type\":\"WebSite\",\"@id\":\"https:\\\/\\\/santapola.es\\\/ca\\\/#website\",\"url\":\"https:\\\/\\\/santapola.es\\\/ca\\\/\",\"name\":\"Ayuntamiento de Santa Pola\",\"description\":\"Web de l'Ajuntament de Santa Pola\",\"potentialAction\":[{\"@type\":\"SearchAction\",\"target\":{\"@type\":\"EntryPoint\",\"urlTemplate\":\"https:\\\/\\\/santapola.es\\\/ca\\\/?s={search_term_string}\"},\"query-input\":{\"@type\":\"PropertyValueSpecification\",\"valueRequired\":true,\"valueName\":\"search_term_string\"}}],\"inLanguage\":\"ca\"},{\"@type\":\"Person\",\"@id\":\"https:\\\/\\\/santapola.es\\\/ca\\\/#\\\/schema\\\/person\\\/ad1d67403707b58350c7be5e8dbc442d\",\"name\":\"Jos\u00e9 Juan L\u00f3pez Lafuente\"}]}<\/script>\n<!-- \/ Yoast SEO plugin. -->","yoast_head_json":{"title":"Santa Pola posa en valor la gamba roja de la seua badia en Fitur - Ajuntament de Santa Pola","robots":{"index":"index","follow":"follow","max-snippet":"max-snippet:-1","max-image-preview":"max-image-preview:large","max-video-preview":"max-video-preview:-1"},"canonical":"https:\/\/santapola.es\/ca\/santa-pola-posa-en-valor-la-gamba-roja-de-la-seua-badia-en-fitur\/","og_locale":"ca_ES","og_type":"article","og_title":"Santa Pola posa en valor la gamba roja de la seua badia en Fitur - Ajuntament de Santa Pola","og_description":"El xef Tiel Baile ha cuinat en la zona showcooking de Costa Blanca una exquisida fideu\u00e0 amb caldo de Peix de Santa Pola i gamba roja de la nostra badia.\u00a0 Com a entrant ha elaborat tamb\u00e9 un sabor\u00f3s t\u00e0rtar de quisquilla amb el producte de l&#8217;empresa local Marufina.\u00a0 La gastronomia de la vila marinera mai [&hellip;]","og_url":"https:\/\/santapola.es\/ca\/santa-pola-posa-en-valor-la-gamba-roja-de-la-seua-badia-en-fitur\/","og_site_name":"Ajuntament de Santa Pola","article_publisher":"https:\/\/www.facebook.com\/AyuntamientoSantaPola\/","article_published_time":"2025-01-22T15:16:40+00:00","article_modified_time":"2025-01-22T15:18:52+00:00","og_image":[{"width":5120,"height":3840,"url":"https:\/\/santapola.es\/wp-content\/uploads\/2025\/01\/2025-01-22-showcookihg-6.jpeg","type":"image\/jpeg"}],"author":"Jos\u00e9 Juan L\u00f3pez Lafuente","twitter_card":"summary_large_image","twitter_creator":"@SantaPolaAyunt","twitter_site":"@SantaPolaAyunt","schema":{"@context":"https:\/\/schema.org","@graph":[{"@type":"Article","@id":"https:\/\/santapola.es\/ca\/santa-pola-posa-en-valor-la-gamba-roja-de-la-seua-badia-en-fitur\/#article","isPartOf":{"@id":"https:\/\/santapola.es\/ca\/santa-pola-posa-en-valor-la-gamba-roja-de-la-seua-badia-en-fitur\/"},"author":{"name":"Jos\u00e9 Juan L\u00f3pez Lafuente","@id":"https:\/\/santapola.es\/ca\/#\/schema\/person\/ad1d67403707b58350c7be5e8dbc442d"},"headline":"Santa Pola posa en valor la gamba roja de la seua badia en Fitur","datePublished":"2025-01-22T15:16:40+00:00","dateModified":"2025-01-22T15:18:52+00:00","mainEntityOfPage":{"@id":"https:\/\/santapola.es\/ca\/santa-pola-posa-en-valor-la-gamba-roja-de-la-seua-badia-en-fitur\/"},"wordCount":247,"image":{"@id":"https:\/\/santapola.es\/ca\/santa-pola-posa-en-valor-la-gamba-roja-de-la-seua-badia-en-fitur\/#primaryimage"},"thumbnailUrl":"https:\/\/santapola.es\/wp-content\/uploads\/2025\/01\/2025-01-22-showcookihg-6.jpeg","keywords":["Borja Merino","FITUR","gamba roja","Loreto Serrano","Peix de Santa Pola","showcooking"],"articleSection":["Turisme"],"inLanguage":"ca"},{"@type":"WebPage","@id":"https:\/\/santapola.es\/ca\/santa-pola-posa-en-valor-la-gamba-roja-de-la-seua-badia-en-fitur\/","url":"https:\/\/santapola.es\/ca\/santa-pola-posa-en-valor-la-gamba-roja-de-la-seua-badia-en-fitur\/","name":"Santa Pola posa en valor la gamba roja de la seua badia en Fitur - Ajuntament de Santa Pola","isPartOf":{"@id":"https:\/\/santapola.es\/ca\/#website"},"primaryImageOfPage":{"@id":"https:\/\/santapola.es\/ca\/santa-pola-posa-en-valor-la-gamba-roja-de-la-seua-badia-en-fitur\/#primaryimage"},"image":{"@id":"https:\/\/santapola.es\/ca\/santa-pola-posa-en-valor-la-gamba-roja-de-la-seua-badia-en-fitur\/#primaryimage"},"thumbnailUrl":"https:\/\/santapola.es\/wp-content\/uploads\/2025\/01\/2025-01-22-showcookihg-6.jpeg","datePublished":"2025-01-22T15:16:40+00:00","dateModified":"2025-01-22T15:18:52+00:00","author":{"@id":"https:\/\/santapola.es\/ca\/#\/schema\/person\/ad1d67403707b58350c7be5e8dbc442d"},"breadcrumb":{"@id":"https:\/\/santapola.es\/ca\/santa-pola-posa-en-valor-la-gamba-roja-de-la-seua-badia-en-fitur\/#breadcrumb"},"inLanguage":"ca","potentialAction":[{"@type":"ReadAction","target":["https:\/\/santapola.es\/ca\/santa-pola-posa-en-valor-la-gamba-roja-de-la-seua-badia-en-fitur\/"]}]},{"@type":"ImageObject","inLanguage":"ca","@id":"https:\/\/santapola.es\/ca\/santa-pola-posa-en-valor-la-gamba-roja-de-la-seua-badia-en-fitur\/#primaryimage","url":"https:\/\/santapola.es\/wp-content\/uploads\/2025\/01\/2025-01-22-showcookihg-6.jpeg","contentUrl":"https:\/\/santapola.es\/wp-content\/uploads\/2025\/01\/2025-01-22-showcookihg-6.jpeg","width":5120,"height":3840},{"@type":"BreadcrumbList","@id":"https:\/\/santapola.es\/ca\/santa-pola-posa-en-valor-la-gamba-roja-de-la-seua-badia-en-fitur\/#breadcrumb","itemListElement":[{"@type":"ListItem","position":1,"name":"Inici","item":"https:\/\/santapola.es\/ca\/"},{"@type":"ListItem","position":2,"name":"Santa Pola posa en valor la gamba roja de la seua badia en Fitur"}]},{"@type":"WebSite","@id":"https:\/\/santapola.es\/ca\/#website","url":"https:\/\/santapola.es\/ca\/","name":"Ayuntamiento de Santa Pola","description":"Web de l'Ajuntament de Santa Pola","potentialAction":[{"@type":"SearchAction","target":{"@type":"EntryPoint","urlTemplate":"https:\/\/santapola.es\/ca\/?s={search_term_string}"},"query-input":{"@type":"PropertyValueSpecification","valueRequired":true,"valueName":"search_term_string"}}],"inLanguage":"ca"},{"@type":"Person","@id":"https:\/\/santapola.es\/ca\/#\/schema\/person\/ad1d67403707b58350c7be5e8dbc442d","name":"Jos\u00e9 Juan L\u00f3pez Lafuente"}]}},"_links":{"self":[{"href":"https:\/\/santapola.es\/ca\/wp-json\/wp\/v2\/posts\/40802","targetHints":{"allow":["GET"]}}],"collection":[{"href":"https:\/\/santapola.es\/ca\/wp-json\/wp\/v2\/posts"}],"about":[{"href":"https:\/\/santapola.es\/ca\/wp-json\/wp\/v2\/types\/post"}],"author":[{"embeddable":true,"href":"https:\/\/santapola.es\/ca\/wp-json\/wp\/v2\/users\/96"}],"replies":[{"embeddable":true,"href":"https:\/\/santapola.es\/ca\/wp-json\/wp\/v2\/comments?post=40802"}],"version-history":[{"count":0,"href":"https:\/\/santapola.es\/ca\/wp-json\/wp\/v2\/posts\/40802\/revisions"}],"wp:featuredmedia":[{"embeddable":true,"href":"https:\/\/santapola.es\/ca\/wp-json\/wp\/v2\/media\/40800"}],"wp:attachment":[{"href":"https:\/\/santapola.es\/ca\/wp-json\/wp\/v2\/media?parent=40802"}],"wp:term":[{"taxonomy":"category","embeddable":true,"href":"https:\/\/santapola.es\/ca\/wp-json\/wp\/v2\/categories?post=40802"},{"taxonomy":"post_tag","embeddable":true,"href":"https:\/\/santapola.es\/ca\/wp-json\/wp\/v2\/tags?post=40802"}],"curies":[{"name":"wp","href":"https:\/\/api.w.org\/{rel}","templated":true}]}}