{"id":40768,"date":"2025-01-20T13:41:07","date_gmt":"2025-01-20T12:41:07","guid":{"rendered":"https:\/\/santapola.es\/?p=40768"},"modified":"2025-01-20T13:44:15","modified_gmt":"2025-01-20T12:44:15","slug":"santa-pola-innova-en-fitur-amb-novetats-tecnologiques-per-a-un-turisme-mes-accessible-i-sostenible","status":"publish","type":"post","link":"https:\/\/santapola.es\/ca\/santa-pola-innova-en-fitur-amb-novetats-tecnologiques-per-a-un-turisme-mes-accessible-i-sostenible\/","title":{"rendered":"Santa Pola innova en Fitur amb novetats tecnol\u00f2giques per a un turisme m\u00e9s accessible i sostenible"},"content":{"rendered":"<p><strong>La delegaci\u00f3 santapolera realitzar\u00e0 diverses presentacions durant el dimecres i el dijous, la majoria d&#8217;elles finan\u00e7ades pel Pla de Sostenibilitat Tur\u00edstica en Dest\u00ed. Tamb\u00e9 participar\u00e0 amb exhibicions en el Street M\u00e0rqueting de la Costa Blanca en l&#8217;emblem\u00e0tica pla\u00e7a de Callao a Madrid.<\/strong><\/p>\n<p>Borja Merino, regidor de Turisme, ha presentat hui l&#8217;estrat\u00e8gia de promoci\u00f3 que Santa Pola dur\u00e0 a terme en la 45a Fira Internacional de Turisme de Madrid, Fitur, del 22 al 26 de gener.<\/p>\n<p>\u201cSer\u00e0 una participaci\u00f3 \u00e0mplia, extensa i variada, tant en el pavell\u00f3 7 d&#8217;IFEMA dins de l&#8217;estand de Costa Blanca, com en l&#8217;espai de street m\u00e0rqueting de la Diputaci\u00f3 d&#8217;Alacant en l&#8217;emblem\u00e0tica pla\u00e7a de Callao de Madrid, i estar\u00e0 basada en la sostenibilitat, accessibilitat, innovaci\u00f3, gastronomia, cultura i hist\u00f2ria\u201d, explica l&#8217;edil.<\/p>\n<p>Segons ha exposat Merino, \u201cla participaci\u00f3 de Santa Pola comen\u00e7ar\u00e0 la vesprada del dimarts 21 amb la inauguraci\u00f3 de l&#8217;espai de Costa Blanca en la pla\u00e7a de Callao i el dimecres 22 tindrem una agenda molt estreta amb cinc esdeveniments\u201d.<\/p>\n<p>Es presentar\u00e0 la instal\u00b7laci\u00f3 en el nostre municipi de codis NaviLens que facilitaran l&#8217;accessibilitat a persones amb discapacitat visual; tamb\u00e9 la implantaci\u00f3 de la webapp Meteo Sport Santa Pola que permetr\u00e0 triar activitats esportives en funci\u00f3 de les condicions clim\u00e0tiques.<\/p>\n<p>Ja a la vesprada ser\u00e0 el torn del v\u00eddeo promocional de les Festes Patronals i de Moros i Cristians i, finalment, el llan\u00e7ament de la campanya de desestacionalitzaci\u00f3 tur\u00edstica per a 2025 sota l&#8217;esl\u00f3gan \u201cFeix match amb Santa Pola\u201d.<\/p>\n<p>Tamb\u00e9 est\u00e0 previst el dimecres un showcooking en el qual el xef Tiel Ball, del restaurant Paco Baile, cuinar\u00e0 una fideu\u00e0 amb gamba roja i peix de Santa Pola per a promocionar la nostra rica gastronomia.<\/p>\n<p><strong>Pla de Sostenibilitat Tur\u00edstica en Dest\u00ed<\/strong><\/p>\n<p>El dijous 23 comen\u00e7ar\u00e0 amb la promoci\u00f3 de les escates de sal natural marina de les salines Bras del Port com a reclam tur\u00edstic, continuant amb la presentaci\u00f3 de la recreaci\u00f3 hist\u00f2rica del Castell Fortalesa mitjan\u00e7ant ulleres de realitat virtual, que ens permetr\u00e0 viatjar en el temps cap als segles XVI, XVII i XIX.<\/p>\n<p>Totes les accions tecnol\u00f2giques s&#8217;emmarquen dins del Pla de Sostenibilitat Tur\u00edstica en Dest\u00ed, finan\u00e7at amb fons europeus Next Generation EU, que busca promoure un turisme sostenible, inclusiu i de qualitat.<\/p>\n<p><strong>Exhibici\u00f3 en la pla\u00e7a de Callao<\/strong><\/p>\n<p>A la vesprada, la delegaci\u00f3 santapolera es despla\u00e7ar\u00e0 a la pla\u00e7a de Callao on el nostre municipi ser\u00e0 protagonista en una nova activitat amb les escates de sal Polasal, que els assistents podran emportar-se a casa, i posteriorment la presentaci\u00f3 del Festival Internacional de Dansa Mou-Te que se celebra el mes vinent de febrer, amb una coreografia de dansa urbana a c\u00e0rrec de l&#8217;escola Fem Dansa.<\/p>\n<p>\u201cA la nit culminarem la nostra activitat en esta edici\u00f3 de Fitur assistint a la gala de la Nit Q, on obtindrem la renovaci\u00f3 de la Q de Qualitat, el reconeixement a l&#8217;excel\u00b7l\u00e8ncia i al treball ben fet de les nostres oficines de Turisme gr\u00e0cies a tot el nostre equip\u201d.<\/p>\n<p><strong>Jornades de treball intenses<\/strong><\/p>\n<p>Finalment, Borja Merino va explicar que \u201cportem una programaci\u00f3 intensa, il\u00b7lusionant i innovadora, treballarem amb la intenci\u00f3 de promocionar el nostre municipi i deixar a Santa Pola en el m\u00e9s alt. La nostra delegaci\u00f3 estar\u00e0 composta per l&#8217;alcaldessa, t\u00e8cnics de turisme, el departament de premsa i comunicaci\u00f3 i, finalment, este regidor de Turisme, i estarem en els dies en qu\u00e8 Santa Pola t\u00e9 activitat de treball i promoci\u00f3, des del dimarts a la vesprada fins al dijous a la nit perqu\u00e8 a aix\u00f2 anem, a treballar i a deixar Santa Pola en el top de les destinacions tur\u00edstiques d&#8217;excel\u00b7l\u00e8ncia\u201d.<\/p>\n","protected":false},"excerpt":{"rendered":"<p>La delegaci\u00f3 santapolera realitzar\u00e0 diverses presentacions durant el dimecres i el dijous, la majoria d&#8217;elles finan\u00e7ades pel Pla de Sostenibilitat Tur\u00edstica en Dest\u00ed. Tamb\u00e9 participar\u00e0 amb exhibicions en el Street M\u00e0rqueting de la Costa Blanca en l&#8217;emblem\u00e0tica pla\u00e7a de Callao a Madrid. Borja Merino, regidor de Turisme, ha presentat hui l&#8217;estrat\u00e8gia de promoci\u00f3 que Santa [&hellip;]<\/p>\n","protected":false},"author":96,"featured_media":40766,"comment_status":"closed","ping_status":"closed","sticky":false,"template":"","format":"standard","meta":{"_et_pb_use_builder":"","_et_pb_old_content":"","_et_gb_content_width":"","footnotes":""},"categories":[589],"tags":[582,809],"class_list":["post-40768","post","type-post","status-publish","format-standard","has-post-thumbnail","hentry","category-turisme","tag-borja-merino-ca","tag-fitur-ca"],"yoast_head":"<!-- This site is optimized with the Yoast SEO plugin v27.4 - https:\/\/yoast.com\/product\/yoast-seo-wordpress\/ -->\n<title>Santa Pola innova en Fitur amb novetats tecnol\u00f2giques per a un turisme m\u00e9s accessible i sostenible - Ajuntament de Santa Pola<\/title>\n<meta name=\"robots\" content=\"index, follow, max-snippet:-1, max-image-preview:large, max-video-preview:-1\" \/>\n<link rel=\"canonical\" href=\"https:\/\/santapola.es\/ca\/santa-pola-innova-en-fitur-amb-novetats-tecnologiques-per-a-un-turisme-mes-accessible-i-sostenible\/\" \/>\n<meta property=\"og:locale\" content=\"ca_ES\" \/>\n<meta property=\"og:type\" content=\"article\" \/>\n<meta property=\"og:title\" content=\"Santa Pola innova en Fitur amb novetats tecnol\u00f2giques per a un turisme m\u00e9s accessible i sostenible - Ajuntament de Santa Pola\" \/>\n<meta property=\"og:description\" content=\"La delegaci\u00f3 santapolera realitzar\u00e0 diverses presentacions durant el dimecres i el dijous, la majoria d&#8217;elles finan\u00e7ades pel Pla de Sostenibilitat Tur\u00edstica en Dest\u00ed. Tamb\u00e9 participar\u00e0 amb exhibicions en el Street M\u00e0rqueting de la Costa Blanca en l&#8217;emblem\u00e0tica pla\u00e7a de Callao a Madrid. Borja Merino, regidor de Turisme, ha presentat hui l&#8217;estrat\u00e8gia de promoci\u00f3 que Santa [&hellip;]\" \/>\n<meta property=\"og:url\" content=\"https:\/\/santapola.es\/ca\/santa-pola-innova-en-fitur-amb-novetats-tecnologiques-per-a-un-turisme-mes-accessible-i-sostenible\/\" \/>\n<meta property=\"og:site_name\" content=\"Ajuntament de Santa Pola\" \/>\n<meta property=\"article:publisher\" content=\"https:\/\/www.facebook.com\/AyuntamientoSantaPola\/\" \/>\n<meta property=\"article:published_time\" content=\"2025-01-20T12:41:07+00:00\" \/>\n<meta property=\"article:modified_time\" content=\"2025-01-20T12:44:15+00:00\" \/>\n<meta property=\"og:image\" content=\"https:\/\/santapola.es\/wp-content\/uploads\/2025\/01\/2025-01-20-Borja-Merino-1.jpeg\" \/>\n\t<meta property=\"og:image:width\" content=\"1920\" \/>\n\t<meta property=\"og:image:height\" content=\"1440\" \/>\n\t<meta property=\"og:image:type\" content=\"image\/jpeg\" \/>\n<meta name=\"author\" content=\"Jos\u00e9 Juan L\u00f3pez Lafuente\" \/>\n<meta name=\"twitter:card\" content=\"summary_large_image\" \/>\n<meta name=\"twitter:creator\" content=\"@SantaPolaAyunt\" \/>\n<meta name=\"twitter:site\" content=\"@SantaPolaAyunt\" \/>\n<script type=\"application\/ld+json\" class=\"yoast-schema-graph\">{\"@context\":\"https:\\\/\\\/schema.org\",\"@graph\":[{\"@type\":\"Article\",\"@id\":\"https:\\\/\\\/santapola.es\\\/ca\\\/santa-pola-innova-en-fitur-amb-novetats-tecnologiques-per-a-un-turisme-mes-accessible-i-sostenible\\\/#article\",\"isPartOf\":{\"@id\":\"https:\\\/\\\/santapola.es\\\/ca\\\/santa-pola-innova-en-fitur-amb-novetats-tecnologiques-per-a-un-turisme-mes-accessible-i-sostenible\\\/\"},\"author\":{\"name\":\"Jos\u00e9 Juan L\u00f3pez Lafuente\",\"@id\":\"https:\\\/\\\/santapola.es\\\/ca\\\/#\\\/schema\\\/person\\\/ad1d67403707b58350c7be5e8dbc442d\"},\"headline\":\"Santa Pola innova en Fitur amb novetats tecnol\u00f2giques per a un turisme m\u00e9s accessible i sostenible\",\"datePublished\":\"2025-01-20T12:41:07+00:00\",\"dateModified\":\"2025-01-20T12:44:15+00:00\",\"mainEntityOfPage\":{\"@id\":\"https:\\\/\\\/santapola.es\\\/ca\\\/santa-pola-innova-en-fitur-amb-novetats-tecnologiques-per-a-un-turisme-mes-accessible-i-sostenible\\\/\"},\"wordCount\":662,\"image\":{\"@id\":\"https:\\\/\\\/santapola.es\\\/ca\\\/santa-pola-innova-en-fitur-amb-novetats-tecnologiques-per-a-un-turisme-mes-accessible-i-sostenible\\\/#primaryimage\"},\"thumbnailUrl\":\"https:\\\/\\\/santapola.es\\\/wp-content\\\/uploads\\\/2025\\\/01\\\/2025-01-20-Borja-Merino-1.jpeg\",\"keywords\":[\"Borja Merino\",\"FITUR\"],\"articleSection\":[\"Turisme\"],\"inLanguage\":\"ca\"},{\"@type\":\"WebPage\",\"@id\":\"https:\\\/\\\/santapola.es\\\/ca\\\/santa-pola-innova-en-fitur-amb-novetats-tecnologiques-per-a-un-turisme-mes-accessible-i-sostenible\\\/\",\"url\":\"https:\\\/\\\/santapola.es\\\/ca\\\/santa-pola-innova-en-fitur-amb-novetats-tecnologiques-per-a-un-turisme-mes-accessible-i-sostenible\\\/\",\"name\":\"Santa Pola innova en Fitur amb novetats tecnol\u00f2giques per a un turisme m\u00e9s accessible i sostenible - Ajuntament de Santa Pola\",\"isPartOf\":{\"@id\":\"https:\\\/\\\/santapola.es\\\/ca\\\/#website\"},\"primaryImageOfPage\":{\"@id\":\"https:\\\/\\\/santapola.es\\\/ca\\\/santa-pola-innova-en-fitur-amb-novetats-tecnologiques-per-a-un-turisme-mes-accessible-i-sostenible\\\/#primaryimage\"},\"image\":{\"@id\":\"https:\\\/\\\/santapola.es\\\/ca\\\/santa-pola-innova-en-fitur-amb-novetats-tecnologiques-per-a-un-turisme-mes-accessible-i-sostenible\\\/#primaryimage\"},\"thumbnailUrl\":\"https:\\\/\\\/santapola.es\\\/wp-content\\\/uploads\\\/2025\\\/01\\\/2025-01-20-Borja-Merino-1.jpeg\",\"datePublished\":\"2025-01-20T12:41:07+00:00\",\"dateModified\":\"2025-01-20T12:44:15+00:00\",\"author\":{\"@id\":\"https:\\\/\\\/santapola.es\\\/ca\\\/#\\\/schema\\\/person\\\/ad1d67403707b58350c7be5e8dbc442d\"},\"breadcrumb\":{\"@id\":\"https:\\\/\\\/santapola.es\\\/ca\\\/santa-pola-innova-en-fitur-amb-novetats-tecnologiques-per-a-un-turisme-mes-accessible-i-sostenible\\\/#breadcrumb\"},\"inLanguage\":\"ca\",\"potentialAction\":[{\"@type\":\"ReadAction\",\"target\":[\"https:\\\/\\\/santapola.es\\\/ca\\\/santa-pola-innova-en-fitur-amb-novetats-tecnologiques-per-a-un-turisme-mes-accessible-i-sostenible\\\/\"]}]},{\"@type\":\"ImageObject\",\"inLanguage\":\"ca\",\"@id\":\"https:\\\/\\\/santapola.es\\\/ca\\\/santa-pola-innova-en-fitur-amb-novetats-tecnologiques-per-a-un-turisme-mes-accessible-i-sostenible\\\/#primaryimage\",\"url\":\"https:\\\/\\\/santapola.es\\\/wp-content\\\/uploads\\\/2025\\\/01\\\/2025-01-20-Borja-Merino-1.jpeg\",\"contentUrl\":\"https:\\\/\\\/santapola.es\\\/wp-content\\\/uploads\\\/2025\\\/01\\\/2025-01-20-Borja-Merino-1.jpeg\",\"width\":1920,\"height\":1440},{\"@type\":\"BreadcrumbList\",\"@id\":\"https:\\\/\\\/santapola.es\\\/ca\\\/santa-pola-innova-en-fitur-amb-novetats-tecnologiques-per-a-un-turisme-mes-accessible-i-sostenible\\\/#breadcrumb\",\"itemListElement\":[{\"@type\":\"ListItem\",\"position\":1,\"name\":\"Inici\",\"item\":\"https:\\\/\\\/santapola.es\\\/ca\\\/\"},{\"@type\":\"ListItem\",\"position\":2,\"name\":\"Santa Pola innova en Fitur amb novetats tecnol\u00f2giques per a un turisme m\u00e9s accessible i sostenible\"}]},{\"@type\":\"WebSite\",\"@id\":\"https:\\\/\\\/santapola.es\\\/ca\\\/#website\",\"url\":\"https:\\\/\\\/santapola.es\\\/ca\\\/\",\"name\":\"Ayuntamiento de Santa Pola\",\"description\":\"Web de l'Ajuntament de Santa Pola\",\"potentialAction\":[{\"@type\":\"SearchAction\",\"target\":{\"@type\":\"EntryPoint\",\"urlTemplate\":\"https:\\\/\\\/santapola.es\\\/ca\\\/?s={search_term_string}\"},\"query-input\":{\"@type\":\"PropertyValueSpecification\",\"valueRequired\":true,\"valueName\":\"search_term_string\"}}],\"inLanguage\":\"ca\"},{\"@type\":\"Person\",\"@id\":\"https:\\\/\\\/santapola.es\\\/ca\\\/#\\\/schema\\\/person\\\/ad1d67403707b58350c7be5e8dbc442d\",\"name\":\"Jos\u00e9 Juan L\u00f3pez Lafuente\"}]}<\/script>\n<!-- \/ Yoast SEO plugin. -->","yoast_head_json":{"title":"Santa Pola innova en Fitur amb novetats tecnol\u00f2giques per a un turisme m\u00e9s accessible i sostenible - Ajuntament de Santa Pola","robots":{"index":"index","follow":"follow","max-snippet":"max-snippet:-1","max-image-preview":"max-image-preview:large","max-video-preview":"max-video-preview:-1"},"canonical":"https:\/\/santapola.es\/ca\/santa-pola-innova-en-fitur-amb-novetats-tecnologiques-per-a-un-turisme-mes-accessible-i-sostenible\/","og_locale":"ca_ES","og_type":"article","og_title":"Santa Pola innova en Fitur amb novetats tecnol\u00f2giques per a un turisme m\u00e9s accessible i sostenible - Ajuntament de Santa Pola","og_description":"La delegaci\u00f3 santapolera realitzar\u00e0 diverses presentacions durant el dimecres i el dijous, la majoria d&#8217;elles finan\u00e7ades pel Pla de Sostenibilitat Tur\u00edstica en Dest\u00ed. Tamb\u00e9 participar\u00e0 amb exhibicions en el Street M\u00e0rqueting de la Costa Blanca en l&#8217;emblem\u00e0tica pla\u00e7a de Callao a Madrid. Borja Merino, regidor de Turisme, ha presentat hui l&#8217;estrat\u00e8gia de promoci\u00f3 que Santa [&hellip;]","og_url":"https:\/\/santapola.es\/ca\/santa-pola-innova-en-fitur-amb-novetats-tecnologiques-per-a-un-turisme-mes-accessible-i-sostenible\/","og_site_name":"Ajuntament de Santa Pola","article_publisher":"https:\/\/www.facebook.com\/AyuntamientoSantaPola\/","article_published_time":"2025-01-20T12:41:07+00:00","article_modified_time":"2025-01-20T12:44:15+00:00","og_image":[{"width":1920,"height":1440,"url":"https:\/\/santapola.es\/wp-content\/uploads\/2025\/01\/2025-01-20-Borja-Merino-1.jpeg","type":"image\/jpeg"}],"author":"Jos\u00e9 Juan L\u00f3pez Lafuente","twitter_card":"summary_large_image","twitter_creator":"@SantaPolaAyunt","twitter_site":"@SantaPolaAyunt","schema":{"@context":"https:\/\/schema.org","@graph":[{"@type":"Article","@id":"https:\/\/santapola.es\/ca\/santa-pola-innova-en-fitur-amb-novetats-tecnologiques-per-a-un-turisme-mes-accessible-i-sostenible\/#article","isPartOf":{"@id":"https:\/\/santapola.es\/ca\/santa-pola-innova-en-fitur-amb-novetats-tecnologiques-per-a-un-turisme-mes-accessible-i-sostenible\/"},"author":{"name":"Jos\u00e9 Juan L\u00f3pez Lafuente","@id":"https:\/\/santapola.es\/ca\/#\/schema\/person\/ad1d67403707b58350c7be5e8dbc442d"},"headline":"Santa Pola innova en Fitur amb novetats tecnol\u00f2giques per a un turisme m\u00e9s accessible i sostenible","datePublished":"2025-01-20T12:41:07+00:00","dateModified":"2025-01-20T12:44:15+00:00","mainEntityOfPage":{"@id":"https:\/\/santapola.es\/ca\/santa-pola-innova-en-fitur-amb-novetats-tecnologiques-per-a-un-turisme-mes-accessible-i-sostenible\/"},"wordCount":662,"image":{"@id":"https:\/\/santapola.es\/ca\/santa-pola-innova-en-fitur-amb-novetats-tecnologiques-per-a-un-turisme-mes-accessible-i-sostenible\/#primaryimage"},"thumbnailUrl":"https:\/\/santapola.es\/wp-content\/uploads\/2025\/01\/2025-01-20-Borja-Merino-1.jpeg","keywords":["Borja Merino","FITUR"],"articleSection":["Turisme"],"inLanguage":"ca"},{"@type":"WebPage","@id":"https:\/\/santapola.es\/ca\/santa-pola-innova-en-fitur-amb-novetats-tecnologiques-per-a-un-turisme-mes-accessible-i-sostenible\/","url":"https:\/\/santapola.es\/ca\/santa-pola-innova-en-fitur-amb-novetats-tecnologiques-per-a-un-turisme-mes-accessible-i-sostenible\/","name":"Santa Pola innova en Fitur amb novetats tecnol\u00f2giques per a un turisme m\u00e9s accessible i sostenible - Ajuntament de Santa Pola","isPartOf":{"@id":"https:\/\/santapola.es\/ca\/#website"},"primaryImageOfPage":{"@id":"https:\/\/santapola.es\/ca\/santa-pola-innova-en-fitur-amb-novetats-tecnologiques-per-a-un-turisme-mes-accessible-i-sostenible\/#primaryimage"},"image":{"@id":"https:\/\/santapola.es\/ca\/santa-pola-innova-en-fitur-amb-novetats-tecnologiques-per-a-un-turisme-mes-accessible-i-sostenible\/#primaryimage"},"thumbnailUrl":"https:\/\/santapola.es\/wp-content\/uploads\/2025\/01\/2025-01-20-Borja-Merino-1.jpeg","datePublished":"2025-01-20T12:41:07+00:00","dateModified":"2025-01-20T12:44:15+00:00","author":{"@id":"https:\/\/santapola.es\/ca\/#\/schema\/person\/ad1d67403707b58350c7be5e8dbc442d"},"breadcrumb":{"@id":"https:\/\/santapola.es\/ca\/santa-pola-innova-en-fitur-amb-novetats-tecnologiques-per-a-un-turisme-mes-accessible-i-sostenible\/#breadcrumb"},"inLanguage":"ca","potentialAction":[{"@type":"ReadAction","target":["https:\/\/santapola.es\/ca\/santa-pola-innova-en-fitur-amb-novetats-tecnologiques-per-a-un-turisme-mes-accessible-i-sostenible\/"]}]},{"@type":"ImageObject","inLanguage":"ca","@id":"https:\/\/santapola.es\/ca\/santa-pola-innova-en-fitur-amb-novetats-tecnologiques-per-a-un-turisme-mes-accessible-i-sostenible\/#primaryimage","url":"https:\/\/santapola.es\/wp-content\/uploads\/2025\/01\/2025-01-20-Borja-Merino-1.jpeg","contentUrl":"https:\/\/santapola.es\/wp-content\/uploads\/2025\/01\/2025-01-20-Borja-Merino-1.jpeg","width":1920,"height":1440},{"@type":"BreadcrumbList","@id":"https:\/\/santapola.es\/ca\/santa-pola-innova-en-fitur-amb-novetats-tecnologiques-per-a-un-turisme-mes-accessible-i-sostenible\/#breadcrumb","itemListElement":[{"@type":"ListItem","position":1,"name":"Inici","item":"https:\/\/santapola.es\/ca\/"},{"@type":"ListItem","position":2,"name":"Santa Pola innova en Fitur amb novetats tecnol\u00f2giques per a un turisme m\u00e9s accessible i sostenible"}]},{"@type":"WebSite","@id":"https:\/\/santapola.es\/ca\/#website","url":"https:\/\/santapola.es\/ca\/","name":"Ayuntamiento de Santa Pola","description":"Web de l'Ajuntament de Santa Pola","potentialAction":[{"@type":"SearchAction","target":{"@type":"EntryPoint","urlTemplate":"https:\/\/santapola.es\/ca\/?s={search_term_string}"},"query-input":{"@type":"PropertyValueSpecification","valueRequired":true,"valueName":"search_term_string"}}],"inLanguage":"ca"},{"@type":"Person","@id":"https:\/\/santapola.es\/ca\/#\/schema\/person\/ad1d67403707b58350c7be5e8dbc442d","name":"Jos\u00e9 Juan L\u00f3pez Lafuente"}]}},"_links":{"self":[{"href":"https:\/\/santapola.es\/ca\/wp-json\/wp\/v2\/posts\/40768","targetHints":{"allow":["GET"]}}],"collection":[{"href":"https:\/\/santapola.es\/ca\/wp-json\/wp\/v2\/posts"}],"about":[{"href":"https:\/\/santapola.es\/ca\/wp-json\/wp\/v2\/types\/post"}],"author":[{"embeddable":true,"href":"https:\/\/santapola.es\/ca\/wp-json\/wp\/v2\/users\/96"}],"replies":[{"embeddable":true,"href":"https:\/\/santapola.es\/ca\/wp-json\/wp\/v2\/comments?post=40768"}],"version-history":[{"count":0,"href":"https:\/\/santapola.es\/ca\/wp-json\/wp\/v2\/posts\/40768\/revisions"}],"wp:featuredmedia":[{"embeddable":true,"href":"https:\/\/santapola.es\/ca\/wp-json\/wp\/v2\/media\/40766"}],"wp:attachment":[{"href":"https:\/\/santapola.es\/ca\/wp-json\/wp\/v2\/media?parent=40768"}],"wp:term":[{"taxonomy":"category","embeddable":true,"href":"https:\/\/santapola.es\/ca\/wp-json\/wp\/v2\/categories?post=40768"},{"taxonomy":"post_tag","embeddable":true,"href":"https:\/\/santapola.es\/ca\/wp-json\/wp\/v2\/tags?post=40768"}],"curies":[{"name":"wp","href":"https:\/\/api.w.org\/{rel}","templated":true}]}}