{"id":40651,"date":"2025-01-07T12:34:26","date_gmt":"2025-01-07T11:34:26","guid":{"rendered":"https:\/\/santapola.es\/?p=40651"},"modified":"2025-01-07T12:36:00","modified_gmt":"2025-01-07T11:36:00","slug":"fernando-ruano-ciscar-pren-possessio-com-a-nou-notari-de-santa-pola","status":"publish","type":"post","link":"https:\/\/santapola.es\/ca\/fernando-ruano-ciscar-pren-possessio-com-a-nou-notari-de-santa-pola\/","title":{"rendered":"Fernando Ruano C\u00edscar pren possessi\u00f3 com a nou notari de Santa Pola"},"content":{"rendered":"<p><strong>Ruano C\u00edscar, que exercia en Jimena (Ja\u00e9n), ha accedit a la pla\u00e7a que va quedar vacant per la jubilaci\u00f3 de Juan Antonio Fern\u00e1ndez Ciudad.\u00a0<\/strong><\/p>\n<p>Segons el comunicat em\u00e9s pel Col\u00b7legi Notarial de Val\u00e8ncia, el notari Fernando Ruano C\u00edscar ha cessat en el seu notaria de Jimena (Ja\u00e9n) per a prendre possessi\u00f3 com a nou notari de Santa Pola.<\/p>\n<p>Esta presa de possessi\u00f3 es produ\u00efx despr\u00e9s de la publicaci\u00f3 en el Diari Oficial de la Generalitat Valenciana (DOGV) del Decret 165\/2024, de 12 de novembre, del Consell, de provisi\u00f3 de notaries vacants en la Comunitat Valenciana per a Val\u00e8ncia, Elx, Alacant, Benidorm, X\u00e0bia, Elda, Santa Pola, Orba i Albatera, en virtut del concurs convocat per la Resoluci\u00f3 de 19 de setembre de 2024 de la Direcci\u00f3 General de Seguretat Jur\u00eddica i Fe P\u00fablica, resolt per una resoluci\u00f3 de la mateixa direcci\u00f3 general, de 17 d&#8217;octubre de 2024.<\/p>\n<p>Per tant, amb esta presa de possessi\u00f3 es cobrix la notaria vacant per la jubilaci\u00f3 de Juan Antonio Fern\u00e1ndez Ciudad i, a partir d&#8217;ara, Santa Pola disposa novament de dos notaris, Fernando Ruano C\u00edscar i Juan Antonio Mart\u00edn Carvajal, tots dos establits al carrer Sant Isabel n\u00famero 1.<\/p>\n","protected":false},"excerpt":{"rendered":"<p>Ruano C\u00edscar, que exercia en Jimena (Ja\u00e9n), ha accedit a la pla\u00e7a que va quedar vacant per la jubilaci\u00f3 de Juan Antonio Fern\u00e1ndez Ciudad.\u00a0 Segons el comunicat em\u00e9s pel Col\u00b7legi Notarial de Val\u00e8ncia, el notari Fernando Ruano C\u00edscar ha cessat en el seu notaria de Jimena (Ja\u00e9n) per a prendre possessi\u00f3 com a nou notari [&hellip;]<\/p>\n","protected":false},"author":96,"featured_media":40649,"comment_status":"closed","ping_status":"closed","sticky":false,"template":"","format":"standard","meta":{"_et_pb_use_builder":"","_et_pb_old_content":"","_et_gb_content_width":"","footnotes":""},"categories":[516],"tags":[1235],"class_list":["post-40651","post","type-post","status-publish","format-standard","has-post-thumbnail","hentry","category-avisos-ca","tag-notari"],"yoast_head":"<!-- This site is optimized with the Yoast SEO plugin v27.4 - https:\/\/yoast.com\/product\/yoast-seo-wordpress\/ -->\n<title>Fernando Ruano C\u00edscar pren possessi\u00f3 com a nou notari de Santa Pola - Ajuntament de Santa Pola<\/title>\n<meta name=\"robots\" content=\"index, follow, max-snippet:-1, max-image-preview:large, max-video-preview:-1\" \/>\n<link rel=\"canonical\" href=\"https:\/\/santapola.es\/ca\/fernando-ruano-ciscar-pren-possessio-com-a-nou-notari-de-santa-pola\/\" \/>\n<meta property=\"og:locale\" content=\"ca_ES\" \/>\n<meta property=\"og:type\" content=\"article\" \/>\n<meta property=\"og:title\" content=\"Fernando Ruano C\u00edscar pren possessi\u00f3 com a nou notari de Santa Pola - Ajuntament de Santa Pola\" \/>\n<meta property=\"og:description\" content=\"Ruano C\u00edscar, que exercia en Jimena (Ja\u00e9n), ha accedit a la pla\u00e7a que va quedar vacant per la jubilaci\u00f3 de Juan Antonio Fern\u00e1ndez Ciudad.\u00a0 Segons el comunicat em\u00e9s pel Col\u00b7legi Notarial de Val\u00e8ncia, el notari Fernando Ruano C\u00edscar ha cessat en el seu notaria de Jimena (Ja\u00e9n) per a prendre possessi\u00f3 com a nou notari [&hellip;]\" \/>\n<meta property=\"og:url\" content=\"https:\/\/santapola.es\/ca\/fernando-ruano-ciscar-pren-possessio-com-a-nou-notari-de-santa-pola\/\" \/>\n<meta property=\"og:site_name\" content=\"Ajuntament de Santa Pola\" \/>\n<meta property=\"article:publisher\" content=\"https:\/\/www.facebook.com\/AyuntamientoSantaPola\/\" \/>\n<meta property=\"article:published_time\" content=\"2025-01-07T11:34:26+00:00\" \/>\n<meta property=\"article:modified_time\" content=\"2025-01-07T11:36:00+00:00\" \/>\n<meta property=\"og:image\" content=\"https:\/\/santapola.es\/wp-content\/uploads\/2025\/01\/Foto-Notario-Santa-Pola-D.-Fernando-Ruano-Ciscar.jpg\" \/>\n\t<meta property=\"og:image:width\" content=\"334\" \/>\n\t<meta property=\"og:image:height\" content=\"472\" \/>\n\t<meta property=\"og:image:type\" content=\"image\/jpeg\" \/>\n<meta name=\"author\" content=\"Jos\u00e9 Juan L\u00f3pez Lafuente\" \/>\n<meta name=\"twitter:card\" content=\"summary_large_image\" \/>\n<meta name=\"twitter:creator\" content=\"@SantaPolaAyunt\" \/>\n<meta name=\"twitter:site\" content=\"@SantaPolaAyunt\" \/>\n<script type=\"application\/ld+json\" class=\"yoast-schema-graph\">{\"@context\":\"https:\\\/\\\/schema.org\",\"@graph\":[{\"@type\":\"Article\",\"@id\":\"https:\\\/\\\/santapola.es\\\/ca\\\/fernando-ruano-ciscar-pren-possessio-com-a-nou-notari-de-santa-pola\\\/#article\",\"isPartOf\":{\"@id\":\"https:\\\/\\\/santapola.es\\\/ca\\\/fernando-ruano-ciscar-pren-possessio-com-a-nou-notari-de-santa-pola\\\/\"},\"author\":{\"name\":\"Jos\u00e9 Juan L\u00f3pez Lafuente\",\"@id\":\"https:\\\/\\\/santapola.es\\\/ca\\\/#\\\/schema\\\/person\\\/ad1d67403707b58350c7be5e8dbc442d\"},\"headline\":\"Fernando Ruano C\u00edscar pren possessi\u00f3 com a nou notari de Santa Pola\",\"datePublished\":\"2025-01-07T11:34:26+00:00\",\"dateModified\":\"2025-01-07T11:36:00+00:00\",\"mainEntityOfPage\":{\"@id\":\"https:\\\/\\\/santapola.es\\\/ca\\\/fernando-ruano-ciscar-pren-possessio-com-a-nou-notari-de-santa-pola\\\/\"},\"wordCount\":221,\"image\":{\"@id\":\"https:\\\/\\\/santapola.es\\\/ca\\\/fernando-ruano-ciscar-pren-possessio-com-a-nou-notari-de-santa-pola\\\/#primaryimage\"},\"thumbnailUrl\":\"https:\\\/\\\/santapola.es\\\/wp-content\\\/uploads\\\/2025\\\/01\\\/Foto-Notario-Santa-Pola-D.-Fernando-Ruano-Ciscar.jpg\",\"keywords\":[\"notari\"],\"articleSection\":[\"Avisos\"],\"inLanguage\":\"ca\"},{\"@type\":\"WebPage\",\"@id\":\"https:\\\/\\\/santapola.es\\\/ca\\\/fernando-ruano-ciscar-pren-possessio-com-a-nou-notari-de-santa-pola\\\/\",\"url\":\"https:\\\/\\\/santapola.es\\\/ca\\\/fernando-ruano-ciscar-pren-possessio-com-a-nou-notari-de-santa-pola\\\/\",\"name\":\"Fernando Ruano C\u00edscar pren possessi\u00f3 com a nou notari de Santa Pola - Ajuntament de Santa Pola\",\"isPartOf\":{\"@id\":\"https:\\\/\\\/santapola.es\\\/ca\\\/#website\"},\"primaryImageOfPage\":{\"@id\":\"https:\\\/\\\/santapola.es\\\/ca\\\/fernando-ruano-ciscar-pren-possessio-com-a-nou-notari-de-santa-pola\\\/#primaryimage\"},\"image\":{\"@id\":\"https:\\\/\\\/santapola.es\\\/ca\\\/fernando-ruano-ciscar-pren-possessio-com-a-nou-notari-de-santa-pola\\\/#primaryimage\"},\"thumbnailUrl\":\"https:\\\/\\\/santapola.es\\\/wp-content\\\/uploads\\\/2025\\\/01\\\/Foto-Notario-Santa-Pola-D.-Fernando-Ruano-Ciscar.jpg\",\"datePublished\":\"2025-01-07T11:34:26+00:00\",\"dateModified\":\"2025-01-07T11:36:00+00:00\",\"author\":{\"@id\":\"https:\\\/\\\/santapola.es\\\/ca\\\/#\\\/schema\\\/person\\\/ad1d67403707b58350c7be5e8dbc442d\"},\"breadcrumb\":{\"@id\":\"https:\\\/\\\/santapola.es\\\/ca\\\/fernando-ruano-ciscar-pren-possessio-com-a-nou-notari-de-santa-pola\\\/#breadcrumb\"},\"inLanguage\":\"ca\",\"potentialAction\":[{\"@type\":\"ReadAction\",\"target\":[\"https:\\\/\\\/santapola.es\\\/ca\\\/fernando-ruano-ciscar-pren-possessio-com-a-nou-notari-de-santa-pola\\\/\"]}]},{\"@type\":\"ImageObject\",\"inLanguage\":\"ca\",\"@id\":\"https:\\\/\\\/santapola.es\\\/ca\\\/fernando-ruano-ciscar-pren-possessio-com-a-nou-notari-de-santa-pola\\\/#primaryimage\",\"url\":\"https:\\\/\\\/santapola.es\\\/wp-content\\\/uploads\\\/2025\\\/01\\\/Foto-Notario-Santa-Pola-D.-Fernando-Ruano-Ciscar.jpg\",\"contentUrl\":\"https:\\\/\\\/santapola.es\\\/wp-content\\\/uploads\\\/2025\\\/01\\\/Foto-Notario-Santa-Pola-D.-Fernando-Ruano-Ciscar.jpg\",\"width\":334,\"height\":472},{\"@type\":\"BreadcrumbList\",\"@id\":\"https:\\\/\\\/santapola.es\\\/ca\\\/fernando-ruano-ciscar-pren-possessio-com-a-nou-notari-de-santa-pola\\\/#breadcrumb\",\"itemListElement\":[{\"@type\":\"ListItem\",\"position\":1,\"name\":\"Inici\",\"item\":\"https:\\\/\\\/santapola.es\\\/ca\\\/\"},{\"@type\":\"ListItem\",\"position\":2,\"name\":\"Fernando Ruano C\u00edscar pren possessi\u00f3 com a nou notari de Santa Pola\"}]},{\"@type\":\"WebSite\",\"@id\":\"https:\\\/\\\/santapola.es\\\/ca\\\/#website\",\"url\":\"https:\\\/\\\/santapola.es\\\/ca\\\/\",\"name\":\"Ayuntamiento de Santa Pola\",\"description\":\"Web de l'Ajuntament de Santa Pola\",\"potentialAction\":[{\"@type\":\"SearchAction\",\"target\":{\"@type\":\"EntryPoint\",\"urlTemplate\":\"https:\\\/\\\/santapola.es\\\/ca\\\/?s={search_term_string}\"},\"query-input\":{\"@type\":\"PropertyValueSpecification\",\"valueRequired\":true,\"valueName\":\"search_term_string\"}}],\"inLanguage\":\"ca\"},{\"@type\":\"Person\",\"@id\":\"https:\\\/\\\/santapola.es\\\/ca\\\/#\\\/schema\\\/person\\\/ad1d67403707b58350c7be5e8dbc442d\",\"name\":\"Jos\u00e9 Juan L\u00f3pez Lafuente\"}]}<\/script>\n<!-- \/ Yoast SEO plugin. -->","yoast_head_json":{"title":"Fernando Ruano C\u00edscar pren possessi\u00f3 com a nou notari de Santa Pola - Ajuntament de Santa Pola","robots":{"index":"index","follow":"follow","max-snippet":"max-snippet:-1","max-image-preview":"max-image-preview:large","max-video-preview":"max-video-preview:-1"},"canonical":"https:\/\/santapola.es\/ca\/fernando-ruano-ciscar-pren-possessio-com-a-nou-notari-de-santa-pola\/","og_locale":"ca_ES","og_type":"article","og_title":"Fernando Ruano C\u00edscar pren possessi\u00f3 com a nou notari de Santa Pola - Ajuntament de Santa Pola","og_description":"Ruano C\u00edscar, que exercia en Jimena (Ja\u00e9n), ha accedit a la pla\u00e7a que va quedar vacant per la jubilaci\u00f3 de Juan Antonio Fern\u00e1ndez Ciudad.\u00a0 Segons el comunicat em\u00e9s pel Col\u00b7legi Notarial de Val\u00e8ncia, el notari Fernando Ruano C\u00edscar ha cessat en el seu notaria de Jimena (Ja\u00e9n) per a prendre possessi\u00f3 com a nou notari [&hellip;]","og_url":"https:\/\/santapola.es\/ca\/fernando-ruano-ciscar-pren-possessio-com-a-nou-notari-de-santa-pola\/","og_site_name":"Ajuntament de Santa Pola","article_publisher":"https:\/\/www.facebook.com\/AyuntamientoSantaPola\/","article_published_time":"2025-01-07T11:34:26+00:00","article_modified_time":"2025-01-07T11:36:00+00:00","og_image":[{"width":334,"height":472,"url":"https:\/\/santapola.es\/wp-content\/uploads\/2025\/01\/Foto-Notario-Santa-Pola-D.-Fernando-Ruano-Ciscar.jpg","type":"image\/jpeg"}],"author":"Jos\u00e9 Juan L\u00f3pez Lafuente","twitter_card":"summary_large_image","twitter_creator":"@SantaPolaAyunt","twitter_site":"@SantaPolaAyunt","schema":{"@context":"https:\/\/schema.org","@graph":[{"@type":"Article","@id":"https:\/\/santapola.es\/ca\/fernando-ruano-ciscar-pren-possessio-com-a-nou-notari-de-santa-pola\/#article","isPartOf":{"@id":"https:\/\/santapola.es\/ca\/fernando-ruano-ciscar-pren-possessio-com-a-nou-notari-de-santa-pola\/"},"author":{"name":"Jos\u00e9 Juan L\u00f3pez Lafuente","@id":"https:\/\/santapola.es\/ca\/#\/schema\/person\/ad1d67403707b58350c7be5e8dbc442d"},"headline":"Fernando Ruano C\u00edscar pren possessi\u00f3 com a nou notari de Santa Pola","datePublished":"2025-01-07T11:34:26+00:00","dateModified":"2025-01-07T11:36:00+00:00","mainEntityOfPage":{"@id":"https:\/\/santapola.es\/ca\/fernando-ruano-ciscar-pren-possessio-com-a-nou-notari-de-santa-pola\/"},"wordCount":221,"image":{"@id":"https:\/\/santapola.es\/ca\/fernando-ruano-ciscar-pren-possessio-com-a-nou-notari-de-santa-pola\/#primaryimage"},"thumbnailUrl":"https:\/\/santapola.es\/wp-content\/uploads\/2025\/01\/Foto-Notario-Santa-Pola-D.-Fernando-Ruano-Ciscar.jpg","keywords":["notari"],"articleSection":["Avisos"],"inLanguage":"ca"},{"@type":"WebPage","@id":"https:\/\/santapola.es\/ca\/fernando-ruano-ciscar-pren-possessio-com-a-nou-notari-de-santa-pola\/","url":"https:\/\/santapola.es\/ca\/fernando-ruano-ciscar-pren-possessio-com-a-nou-notari-de-santa-pola\/","name":"Fernando Ruano C\u00edscar pren possessi\u00f3 com a nou notari de Santa Pola - Ajuntament de Santa Pola","isPartOf":{"@id":"https:\/\/santapola.es\/ca\/#website"},"primaryImageOfPage":{"@id":"https:\/\/santapola.es\/ca\/fernando-ruano-ciscar-pren-possessio-com-a-nou-notari-de-santa-pola\/#primaryimage"},"image":{"@id":"https:\/\/santapola.es\/ca\/fernando-ruano-ciscar-pren-possessio-com-a-nou-notari-de-santa-pola\/#primaryimage"},"thumbnailUrl":"https:\/\/santapola.es\/wp-content\/uploads\/2025\/01\/Foto-Notario-Santa-Pola-D.-Fernando-Ruano-Ciscar.jpg","datePublished":"2025-01-07T11:34:26+00:00","dateModified":"2025-01-07T11:36:00+00:00","author":{"@id":"https:\/\/santapola.es\/ca\/#\/schema\/person\/ad1d67403707b58350c7be5e8dbc442d"},"breadcrumb":{"@id":"https:\/\/santapola.es\/ca\/fernando-ruano-ciscar-pren-possessio-com-a-nou-notari-de-santa-pola\/#breadcrumb"},"inLanguage":"ca","potentialAction":[{"@type":"ReadAction","target":["https:\/\/santapola.es\/ca\/fernando-ruano-ciscar-pren-possessio-com-a-nou-notari-de-santa-pola\/"]}]},{"@type":"ImageObject","inLanguage":"ca","@id":"https:\/\/santapola.es\/ca\/fernando-ruano-ciscar-pren-possessio-com-a-nou-notari-de-santa-pola\/#primaryimage","url":"https:\/\/santapola.es\/wp-content\/uploads\/2025\/01\/Foto-Notario-Santa-Pola-D.-Fernando-Ruano-Ciscar.jpg","contentUrl":"https:\/\/santapola.es\/wp-content\/uploads\/2025\/01\/Foto-Notario-Santa-Pola-D.-Fernando-Ruano-Ciscar.jpg","width":334,"height":472},{"@type":"BreadcrumbList","@id":"https:\/\/santapola.es\/ca\/fernando-ruano-ciscar-pren-possessio-com-a-nou-notari-de-santa-pola\/#breadcrumb","itemListElement":[{"@type":"ListItem","position":1,"name":"Inici","item":"https:\/\/santapola.es\/ca\/"},{"@type":"ListItem","position":2,"name":"Fernando Ruano C\u00edscar pren possessi\u00f3 com a nou notari de Santa Pola"}]},{"@type":"WebSite","@id":"https:\/\/santapola.es\/ca\/#website","url":"https:\/\/santapola.es\/ca\/","name":"Ayuntamiento de Santa Pola","description":"Web de l'Ajuntament de Santa Pola","potentialAction":[{"@type":"SearchAction","target":{"@type":"EntryPoint","urlTemplate":"https:\/\/santapola.es\/ca\/?s={search_term_string}"},"query-input":{"@type":"PropertyValueSpecification","valueRequired":true,"valueName":"search_term_string"}}],"inLanguage":"ca"},{"@type":"Person","@id":"https:\/\/santapola.es\/ca\/#\/schema\/person\/ad1d67403707b58350c7be5e8dbc442d","name":"Jos\u00e9 Juan L\u00f3pez Lafuente"}]}},"_links":{"self":[{"href":"https:\/\/santapola.es\/ca\/wp-json\/wp\/v2\/posts\/40651","targetHints":{"allow":["GET"]}}],"collection":[{"href":"https:\/\/santapola.es\/ca\/wp-json\/wp\/v2\/posts"}],"about":[{"href":"https:\/\/santapola.es\/ca\/wp-json\/wp\/v2\/types\/post"}],"author":[{"embeddable":true,"href":"https:\/\/santapola.es\/ca\/wp-json\/wp\/v2\/users\/96"}],"replies":[{"embeddable":true,"href":"https:\/\/santapola.es\/ca\/wp-json\/wp\/v2\/comments?post=40651"}],"version-history":[{"count":0,"href":"https:\/\/santapola.es\/ca\/wp-json\/wp\/v2\/posts\/40651\/revisions"}],"wp:featuredmedia":[{"embeddable":true,"href":"https:\/\/santapola.es\/ca\/wp-json\/wp\/v2\/media\/40649"}],"wp:attachment":[{"href":"https:\/\/santapola.es\/ca\/wp-json\/wp\/v2\/media?parent=40651"}],"wp:term":[{"taxonomy":"category","embeddable":true,"href":"https:\/\/santapola.es\/ca\/wp-json\/wp\/v2\/categories?post=40651"},{"taxonomy":"post_tag","embeddable":true,"href":"https:\/\/santapola.es\/ca\/wp-json\/wp\/v2\/tags?post=40651"}],"curies":[{"name":"wp","href":"https:\/\/api.w.org\/{rel}","templated":true}]}}