{"id":40432,"date":"2024-12-05T18:02:48","date_gmt":"2024-12-05T17:02:48","guid":{"rendered":"https:\/\/santapola.es\/?p=40432"},"modified":"2024-12-05T18:04:48","modified_gmt":"2024-12-05T17:04:48","slug":"el-conseller-barrachina-es-reunix-a-santa-pola-amb-lalcaldessa-i-les-confraries-de-pescadors-afectades-per-la-retallada-a-la-pesca-darrossegament-de-la-ue","status":"publish","type":"post","link":"https:\/\/santapola.es\/ca\/el-conseller-barrachina-es-reunix-a-santa-pola-amb-lalcaldessa-i-les-confraries-de-pescadors-afectades-per-la-retallada-a-la-pesca-darrossegament-de-la-ue\/","title":{"rendered":"El conseller Barrachina es reunix a Santa Pola amb l&#8217;alcaldessa i les confraries de pescadors afectades per la retallada a la pesca d&#8217;arrossegament de la UE"},"content":{"rendered":"<p><strong>La flota pesquera del Mediterrani parar\u00e0 en senyal de protesta els dies 9 i 10 de desembre.<\/strong><\/p>\n<p><strong>L&#8217;alcaldessa afirma que la mesura que vol prendre la UE \u00e9s impossible i no cap en cap cap.<\/strong><\/p>\n<p><strong>El patr\u00f3 major de la Confraria de Santa Pola afirma que les dades corroboren que hi ha m\u00e9s pescat que mai al Mediterrani.<\/strong><\/p>\n<p>El conseller d&#8217;Agricultura, Aigua, Ramaderia i Pesca, Miguel Barrachina, ha mantingut una trobada amb representants de les confraries de pescadors i\u00a0 ajuntaments afectats de la prov\u00edncia d&#8217;Alacant, als quals ha traslladat la preocupaci\u00f3 del Consell per l&#8217;anunci de la Uni\u00f3 Europea de retallar la pesca d&#8217;arrossegament, que condemna al sector a la seua \u201cdesaparici\u00f3\u201d.<\/p>\n<p>En la reuni\u00f3, a la qual han assistit l&#8217;alcaldessa de Santa Pola, Loreto Serrano, i el seu regidor de Pesca, \u00c1ngel Piedecausa, representants de les confraries de pescadors d&#8217;Alacant, Altea, Benidorm, Calp, D\u00e9nia, El Campello, Guardamar del Segura, X\u00e0bia, Moraira, Santa Pola, Tabarca, Torrevieja i la Vila Joiosa, Barrachina ha insistit que eixa decisi\u00f3 de limitar els dies per a pescar suposa la fi de la pesca en la Comunitat Valenciana.<\/p>\n<p>Alacant ser\u00e0 la prov\u00edncia de la Comunitat Valenciana m\u00e9s afectada ja que la mesura suposaria l&#8217;amarrament definitiu de 114 vaixells.<\/p>\n<p><strong>Petici\u00f3 al nou Comissari Europeu<\/strong><\/p>\n<p>Durant la trobada, el conseller ha traslladat el contingut de la missiva que va remetre dimarts passat al nou Comissari Europeu de Pesca i Oceans, Costas Kadis, sol\u00b7licitant-li encaridament que reconsidere la proposta de l&#8217;anterior Comissi\u00f3 Europea sobre les possibilitats de pesca al Mediterrani i la mar Negra.<\/p>\n<p>Esta proposta, que rebaixaria els dies de pesca d&#8217;arrossegament de 133 a nom\u00e9s 27 dies a l&#8217;any, es debatr\u00e0 dilluns vinent a Brussel\u00b7les en el Consell d&#8217;Agricultura i Pesca, i Barrachina estima que la mesura suposaria l&#8217;amarrament definitiu dels 201 vaixells d&#8217;arrossegament que pesquen en la Comunitat Valenciana.<\/p>\n<p>\u201cEl sector pesquer de la Comunitat Valenciana, amb 483 vaixells, corre un greu perill de desaparici\u00f3, doncs al desballestament dels vaixells d&#8217;arrossegament li seguiria, irremeiablement, el tancament de la pr\u00e0ctica totalitat de les confraries i llotges, perqu\u00e8 els gastos fixos de funcionament quedarien exclusivament sobre l&#8217;esquena de la resta de vaixells, que no podrien mantindre un m\u00ednim de competitivitat\u201d, en paraules del conseller.<\/p>\n<p>Barrachina ja va alertar en la seua carta al comissari que la rebaixa anterior, que va reduir de 220 a 133 dies de mitjana la capacitat pesquera d&#8217;arrossegament, ha ocasionat l&#8217;amarrament definitiu de molta de la nostra flota, portant al sector a una debilitat alarmant. \u201cLa proposta actual seria el colp final per a l&#8217;activitat pesquera al Mediterrani, tant de la Comunitat Valenciana com de la resta d&#8217;Espanya\u201d.<\/p>\n<p>\u201cSeria -ha afegit- un colp letal per al sector\u201d, ja que \u00e9s inviable mantindre un vaixell 365 dies per a treballar solament 27 dies a l&#8217;any.<\/p>\n<p>\u00c9s important recordar que la pesca d&#8217;arrossegament garantix l&#8217;ocupaci\u00f3 directa i indirecta de milers de fam\u00edlies de la prov\u00edncia d&#8217;Alacant, que depenen d&#8217;esta activitat, per la qual cosa el conseller exigix tamb\u00e9 al ministre d&#8217;Agricultura, Pesca i Alimentaci\u00f3, Luis Planas, que defenga clarament els interessos dels nostres pescadors a Brussel\u00b7les.<\/p>\n<p><strong>No es pot prendre eixa decisi\u00f3<\/strong><\/p>\n<p>L&#8217;alcaldessa Loreto Serrano va valorar la visita del conseller: \u201c\u00c9s una manera de recolzar al sector el fet que hui siga ac\u00ed i lluitarem, no ens rendirem mai. No pot ser que es prenga eixa decisi\u00f3 perqu\u00e8 far\u00e0 desapar\u00e9ixer el sector pesquer del Mediterrani, aix\u00f2 \u00e9s impossible i no cap en cap cap. Realment les decisions que s&#8217;estan prenent des de Brussel\u00b7les no tenen un coneixement seri\u00f3s i real del que est\u00e0 passant ac\u00ed\u201d.<\/p>\n<p>\u201cEn la reuni\u00f3 que hem tingut, tots els mariners ens diuen que ara hi ha m\u00e9s pescat en el Mediterrani i, per tant, es pot pescar m\u00e9s. Les mesures que s&#8217;han pres amb els aturs biol\u00f2gics han servit per a regenerar les esp\u00e8cies\u201d, va explicar Serrano.<\/p>\n<p><strong>Atur de la flota els dies 9 i 10<\/strong><\/p>\n<p>Per part seua, el patr\u00f3 major de la Confraria de Pescadors de Santa Pola, Jos\u00e9 L\u00f3pez, va voler \u201cagrair al conseller i a l&#8217;alcaldessa el suport que estem rebent per part d&#8217;ells. Ens estem mobilitzant per a anar a Madrid i a Brussel\u00b7les els pr\u00f2xims dies perqu\u00e8 vegen que el que estan fent \u00e9s una injust\u00edcia. Dia a dia estem veient les dades que ens indiquen que en totes les esp\u00e8cies s&#8217;est\u00e0 pescant m\u00e9s que cap any, \u00e9s una contradicci\u00f3 quan diuen que estem exhaurint el Mediterrani\u201d.<\/p>\n<p>L\u00f3pez va confirmar que \u201cla flota completa del Mediterrani parar\u00e0 els dies 9 i 10, ens mobilitzarem a Madrid i a nivell de cada poble, esperant que ens done algun resultat, perqu\u00e8 si no estem perduts\u201d.<\/p>\n","protected":false},"excerpt":{"rendered":"<p>La flota pesquera del Mediterrani parar\u00e0 en senyal de protesta els dies 9 i 10 de desembre. L&#8217;alcaldessa afirma que la mesura que vol prendre la UE \u00e9s impossible i no cap en cap cap. El patr\u00f3 major de la Confraria de Santa Pola afirma que les dades corroboren que hi ha m\u00e9s pescat que [&hellip;]<\/p>\n","protected":false},"author":96,"featured_media":40430,"comment_status":"closed","ping_status":"closed","sticky":false,"template":"","format":"standard","meta":{"_et_pb_use_builder":"","_et_pb_old_content":"","_et_gb_content_width":"","footnotes":""},"categories":[882],"tags":[746,487,1210],"class_list":["post-40432","post","type-post","status-publish","format-standard","has-post-thumbnail","hentry","category-pesca-2","tag-cofradia-de-pescadores-ca","tag-loreto-serrano-ca","tag-miguel-barrachina-ca"],"yoast_head":"<!-- This site is optimized with the Yoast SEO plugin v27.4 - https:\/\/yoast.com\/product\/yoast-seo-wordpress\/ -->\n<title>El conseller Barrachina es reunix a Santa Pola amb l&#039;alcaldessa i les confraries de pescadors afectades per la retallada a la pesca d&#039;arrossegament de la UE - Ajuntament de Santa Pola<\/title>\n<meta name=\"robots\" content=\"index, follow, max-snippet:-1, max-image-preview:large, max-video-preview:-1\" \/>\n<link rel=\"canonical\" href=\"https:\/\/santapola.es\/ca\/el-conseller-barrachina-es-reunix-a-santa-pola-amb-lalcaldessa-i-les-confraries-de-pescadors-afectades-per-la-retallada-a-la-pesca-darrossegament-de-la-ue\/\" \/>\n<meta property=\"og:locale\" content=\"ca_ES\" \/>\n<meta property=\"og:type\" content=\"article\" \/>\n<meta property=\"og:title\" content=\"El conseller Barrachina es reunix a Santa Pola amb l&#039;alcaldessa i les confraries de pescadors afectades per la retallada a la pesca d&#039;arrossegament de la UE - Ajuntament de Santa Pola\" \/>\n<meta property=\"og:description\" content=\"La flota pesquera del Mediterrani parar\u00e0 en senyal de protesta els dies 9 i 10 de desembre. L&#8217;alcaldessa afirma que la mesura que vol prendre la UE \u00e9s impossible i no cap en cap cap. El patr\u00f3 major de la Confraria de Santa Pola afirma que les dades corroboren que hi ha m\u00e9s pescat que [&hellip;]\" \/>\n<meta property=\"og:url\" content=\"https:\/\/santapola.es\/ca\/el-conseller-barrachina-es-reunix-a-santa-pola-amb-lalcaldessa-i-les-confraries-de-pescadors-afectades-per-la-retallada-a-la-pesca-darrossegament-de-la-ue\/\" \/>\n<meta property=\"og:site_name\" content=\"Ajuntament de Santa Pola\" \/>\n<meta property=\"article:publisher\" content=\"https:\/\/www.facebook.com\/AyuntamientoSantaPola\/\" \/>\n<meta property=\"article:published_time\" content=\"2024-12-05T17:02:48+00:00\" \/>\n<meta property=\"article:modified_time\" content=\"2024-12-05T17:04:48+00:00\" \/>\n<meta property=\"og:image\" content=\"https:\/\/santapola.es\/wp-content\/uploads\/2024\/12\/IMG_8818.jpg\" \/>\n\t<meta property=\"og:image:width\" content=\"2000\" \/>\n\t<meta property=\"og:image:height\" content=\"1500\" \/>\n\t<meta property=\"og:image:type\" content=\"image\/jpeg\" \/>\n<meta name=\"author\" content=\"Jos\u00e9 Juan L\u00f3pez Lafuente\" \/>\n<meta name=\"twitter:card\" content=\"summary_large_image\" \/>\n<meta name=\"twitter:creator\" content=\"@SantaPolaAyunt\" \/>\n<meta name=\"twitter:site\" content=\"@SantaPolaAyunt\" \/>\n<script type=\"application\/ld+json\" class=\"yoast-schema-graph\">{\"@context\":\"https:\\\/\\\/schema.org\",\"@graph\":[{\"@type\":\"Article\",\"@id\":\"https:\\\/\\\/santapola.es\\\/ca\\\/el-conseller-barrachina-es-reunix-a-santa-pola-amb-lalcaldessa-i-les-confraries-de-pescadors-afectades-per-la-retallada-a-la-pesca-darrossegament-de-la-ue\\\/#article\",\"isPartOf\":{\"@id\":\"https:\\\/\\\/santapola.es\\\/ca\\\/el-conseller-barrachina-es-reunix-a-santa-pola-amb-lalcaldessa-i-les-confraries-de-pescadors-afectades-per-la-retallada-a-la-pesca-darrossegament-de-la-ue\\\/\"},\"author\":{\"name\":\"Jos\u00e9 Juan L\u00f3pez Lafuente\",\"@id\":\"https:\\\/\\\/santapola.es\\\/ca\\\/#\\\/schema\\\/person\\\/ad1d67403707b58350c7be5e8dbc442d\"},\"headline\":\"El conseller Barrachina es reunix a Santa Pola amb l&#8217;alcaldessa i les confraries de pescadors afectades per la retallada a la pesca d&#8217;arrossegament de la UE\",\"datePublished\":\"2024-12-05T17:02:48+00:00\",\"dateModified\":\"2024-12-05T17:04:48+00:00\",\"mainEntityOfPage\":{\"@id\":\"https:\\\/\\\/santapola.es\\\/ca\\\/el-conseller-barrachina-es-reunix-a-santa-pola-amb-lalcaldessa-i-les-confraries-de-pescadors-afectades-per-la-retallada-a-la-pesca-darrossegament-de-la-ue\\\/\"},\"wordCount\":842,\"image\":{\"@id\":\"https:\\\/\\\/santapola.es\\\/ca\\\/el-conseller-barrachina-es-reunix-a-santa-pola-amb-lalcaldessa-i-les-confraries-de-pescadors-afectades-per-la-retallada-a-la-pesca-darrossegament-de-la-ue\\\/#primaryimage\"},\"thumbnailUrl\":\"https:\\\/\\\/santapola.es\\\/wp-content\\\/uploads\\\/2024\\\/12\\\/IMG_8818.jpg\",\"keywords\":[\"Cofrad\u00eda de Pescadores\",\"Loreto Serrano\",\"Miguel Barrachina\"],\"articleSection\":[\"Pesca\"],\"inLanguage\":\"ca\"},{\"@type\":\"WebPage\",\"@id\":\"https:\\\/\\\/santapola.es\\\/ca\\\/el-conseller-barrachina-es-reunix-a-santa-pola-amb-lalcaldessa-i-les-confraries-de-pescadors-afectades-per-la-retallada-a-la-pesca-darrossegament-de-la-ue\\\/\",\"url\":\"https:\\\/\\\/santapola.es\\\/ca\\\/el-conseller-barrachina-es-reunix-a-santa-pola-amb-lalcaldessa-i-les-confraries-de-pescadors-afectades-per-la-retallada-a-la-pesca-darrossegament-de-la-ue\\\/\",\"name\":\"El conseller Barrachina es reunix a Santa Pola amb l'alcaldessa i les confraries de pescadors afectades per la retallada a la pesca d'arrossegament de la UE - Ajuntament de Santa Pola\",\"isPartOf\":{\"@id\":\"https:\\\/\\\/santapola.es\\\/ca\\\/#website\"},\"primaryImageOfPage\":{\"@id\":\"https:\\\/\\\/santapola.es\\\/ca\\\/el-conseller-barrachina-es-reunix-a-santa-pola-amb-lalcaldessa-i-les-confraries-de-pescadors-afectades-per-la-retallada-a-la-pesca-darrossegament-de-la-ue\\\/#primaryimage\"},\"image\":{\"@id\":\"https:\\\/\\\/santapola.es\\\/ca\\\/el-conseller-barrachina-es-reunix-a-santa-pola-amb-lalcaldessa-i-les-confraries-de-pescadors-afectades-per-la-retallada-a-la-pesca-darrossegament-de-la-ue\\\/#primaryimage\"},\"thumbnailUrl\":\"https:\\\/\\\/santapola.es\\\/wp-content\\\/uploads\\\/2024\\\/12\\\/IMG_8818.jpg\",\"datePublished\":\"2024-12-05T17:02:48+00:00\",\"dateModified\":\"2024-12-05T17:04:48+00:00\",\"author\":{\"@id\":\"https:\\\/\\\/santapola.es\\\/ca\\\/#\\\/schema\\\/person\\\/ad1d67403707b58350c7be5e8dbc442d\"},\"breadcrumb\":{\"@id\":\"https:\\\/\\\/santapola.es\\\/ca\\\/el-conseller-barrachina-es-reunix-a-santa-pola-amb-lalcaldessa-i-les-confraries-de-pescadors-afectades-per-la-retallada-a-la-pesca-darrossegament-de-la-ue\\\/#breadcrumb\"},\"inLanguage\":\"ca\",\"potentialAction\":[{\"@type\":\"ReadAction\",\"target\":[\"https:\\\/\\\/santapola.es\\\/ca\\\/el-conseller-barrachina-es-reunix-a-santa-pola-amb-lalcaldessa-i-les-confraries-de-pescadors-afectades-per-la-retallada-a-la-pesca-darrossegament-de-la-ue\\\/\"]}]},{\"@type\":\"ImageObject\",\"inLanguage\":\"ca\",\"@id\":\"https:\\\/\\\/santapola.es\\\/ca\\\/el-conseller-barrachina-es-reunix-a-santa-pola-amb-lalcaldessa-i-les-confraries-de-pescadors-afectades-per-la-retallada-a-la-pesca-darrossegament-de-la-ue\\\/#primaryimage\",\"url\":\"https:\\\/\\\/santapola.es\\\/wp-content\\\/uploads\\\/2024\\\/12\\\/IMG_8818.jpg\",\"contentUrl\":\"https:\\\/\\\/santapola.es\\\/wp-content\\\/uploads\\\/2024\\\/12\\\/IMG_8818.jpg\",\"width\":2000,\"height\":1500},{\"@type\":\"BreadcrumbList\",\"@id\":\"https:\\\/\\\/santapola.es\\\/ca\\\/el-conseller-barrachina-es-reunix-a-santa-pola-amb-lalcaldessa-i-les-confraries-de-pescadors-afectades-per-la-retallada-a-la-pesca-darrossegament-de-la-ue\\\/#breadcrumb\",\"itemListElement\":[{\"@type\":\"ListItem\",\"position\":1,\"name\":\"Inici\",\"item\":\"https:\\\/\\\/santapola.es\\\/ca\\\/\"},{\"@type\":\"ListItem\",\"position\":2,\"name\":\"El conseller Barrachina es reunix a Santa Pola amb l&#8217;alcaldessa i les confraries de pescadors afectades per la retallada a la pesca d&#8217;arrossegament de la UE\"}]},{\"@type\":\"WebSite\",\"@id\":\"https:\\\/\\\/santapola.es\\\/ca\\\/#website\",\"url\":\"https:\\\/\\\/santapola.es\\\/ca\\\/\",\"name\":\"Ayuntamiento de Santa Pola\",\"description\":\"Web de l'Ajuntament de Santa Pola\",\"potentialAction\":[{\"@type\":\"SearchAction\",\"target\":{\"@type\":\"EntryPoint\",\"urlTemplate\":\"https:\\\/\\\/santapola.es\\\/ca\\\/?s={search_term_string}\"},\"query-input\":{\"@type\":\"PropertyValueSpecification\",\"valueRequired\":true,\"valueName\":\"search_term_string\"}}],\"inLanguage\":\"ca\"},{\"@type\":\"Person\",\"@id\":\"https:\\\/\\\/santapola.es\\\/ca\\\/#\\\/schema\\\/person\\\/ad1d67403707b58350c7be5e8dbc442d\",\"name\":\"Jos\u00e9 Juan L\u00f3pez Lafuente\"}]}<\/script>\n<!-- \/ Yoast SEO plugin. -->","yoast_head_json":{"title":"El conseller Barrachina es reunix a Santa Pola amb l'alcaldessa i les confraries de pescadors afectades per la retallada a la pesca d'arrossegament de la UE - Ajuntament de Santa Pola","robots":{"index":"index","follow":"follow","max-snippet":"max-snippet:-1","max-image-preview":"max-image-preview:large","max-video-preview":"max-video-preview:-1"},"canonical":"https:\/\/santapola.es\/ca\/el-conseller-barrachina-es-reunix-a-santa-pola-amb-lalcaldessa-i-les-confraries-de-pescadors-afectades-per-la-retallada-a-la-pesca-darrossegament-de-la-ue\/","og_locale":"ca_ES","og_type":"article","og_title":"El conseller Barrachina es reunix a Santa Pola amb l'alcaldessa i les confraries de pescadors afectades per la retallada a la pesca d'arrossegament de la UE - Ajuntament de Santa Pola","og_description":"La flota pesquera del Mediterrani parar\u00e0 en senyal de protesta els dies 9 i 10 de desembre. L&#8217;alcaldessa afirma que la mesura que vol prendre la UE \u00e9s impossible i no cap en cap cap. El patr\u00f3 major de la Confraria de Santa Pola afirma que les dades corroboren que hi ha m\u00e9s pescat que [&hellip;]","og_url":"https:\/\/santapola.es\/ca\/el-conseller-barrachina-es-reunix-a-santa-pola-amb-lalcaldessa-i-les-confraries-de-pescadors-afectades-per-la-retallada-a-la-pesca-darrossegament-de-la-ue\/","og_site_name":"Ajuntament de Santa Pola","article_publisher":"https:\/\/www.facebook.com\/AyuntamientoSantaPola\/","article_published_time":"2024-12-05T17:02:48+00:00","article_modified_time":"2024-12-05T17:04:48+00:00","og_image":[{"width":2000,"height":1500,"url":"https:\/\/santapola.es\/wp-content\/uploads\/2024\/12\/IMG_8818.jpg","type":"image\/jpeg"}],"author":"Jos\u00e9 Juan L\u00f3pez Lafuente","twitter_card":"summary_large_image","twitter_creator":"@SantaPolaAyunt","twitter_site":"@SantaPolaAyunt","schema":{"@context":"https:\/\/schema.org","@graph":[{"@type":"Article","@id":"https:\/\/santapola.es\/ca\/el-conseller-barrachina-es-reunix-a-santa-pola-amb-lalcaldessa-i-les-confraries-de-pescadors-afectades-per-la-retallada-a-la-pesca-darrossegament-de-la-ue\/#article","isPartOf":{"@id":"https:\/\/santapola.es\/ca\/el-conseller-barrachina-es-reunix-a-santa-pola-amb-lalcaldessa-i-les-confraries-de-pescadors-afectades-per-la-retallada-a-la-pesca-darrossegament-de-la-ue\/"},"author":{"name":"Jos\u00e9 Juan L\u00f3pez Lafuente","@id":"https:\/\/santapola.es\/ca\/#\/schema\/person\/ad1d67403707b58350c7be5e8dbc442d"},"headline":"El conseller Barrachina es reunix a Santa Pola amb l&#8217;alcaldessa i les confraries de pescadors afectades per la retallada a la pesca d&#8217;arrossegament de la UE","datePublished":"2024-12-05T17:02:48+00:00","dateModified":"2024-12-05T17:04:48+00:00","mainEntityOfPage":{"@id":"https:\/\/santapola.es\/ca\/el-conseller-barrachina-es-reunix-a-santa-pola-amb-lalcaldessa-i-les-confraries-de-pescadors-afectades-per-la-retallada-a-la-pesca-darrossegament-de-la-ue\/"},"wordCount":842,"image":{"@id":"https:\/\/santapola.es\/ca\/el-conseller-barrachina-es-reunix-a-santa-pola-amb-lalcaldessa-i-les-confraries-de-pescadors-afectades-per-la-retallada-a-la-pesca-darrossegament-de-la-ue\/#primaryimage"},"thumbnailUrl":"https:\/\/santapola.es\/wp-content\/uploads\/2024\/12\/IMG_8818.jpg","keywords":["Cofrad\u00eda de Pescadores","Loreto Serrano","Miguel Barrachina"],"articleSection":["Pesca"],"inLanguage":"ca"},{"@type":"WebPage","@id":"https:\/\/santapola.es\/ca\/el-conseller-barrachina-es-reunix-a-santa-pola-amb-lalcaldessa-i-les-confraries-de-pescadors-afectades-per-la-retallada-a-la-pesca-darrossegament-de-la-ue\/","url":"https:\/\/santapola.es\/ca\/el-conseller-barrachina-es-reunix-a-santa-pola-amb-lalcaldessa-i-les-confraries-de-pescadors-afectades-per-la-retallada-a-la-pesca-darrossegament-de-la-ue\/","name":"El conseller Barrachina es reunix a Santa Pola amb l'alcaldessa i les confraries de pescadors afectades per la retallada a la pesca d'arrossegament de la UE - Ajuntament de Santa Pola","isPartOf":{"@id":"https:\/\/santapola.es\/ca\/#website"},"primaryImageOfPage":{"@id":"https:\/\/santapola.es\/ca\/el-conseller-barrachina-es-reunix-a-santa-pola-amb-lalcaldessa-i-les-confraries-de-pescadors-afectades-per-la-retallada-a-la-pesca-darrossegament-de-la-ue\/#primaryimage"},"image":{"@id":"https:\/\/santapola.es\/ca\/el-conseller-barrachina-es-reunix-a-santa-pola-amb-lalcaldessa-i-les-confraries-de-pescadors-afectades-per-la-retallada-a-la-pesca-darrossegament-de-la-ue\/#primaryimage"},"thumbnailUrl":"https:\/\/santapola.es\/wp-content\/uploads\/2024\/12\/IMG_8818.jpg","datePublished":"2024-12-05T17:02:48+00:00","dateModified":"2024-12-05T17:04:48+00:00","author":{"@id":"https:\/\/santapola.es\/ca\/#\/schema\/person\/ad1d67403707b58350c7be5e8dbc442d"},"breadcrumb":{"@id":"https:\/\/santapola.es\/ca\/el-conseller-barrachina-es-reunix-a-santa-pola-amb-lalcaldessa-i-les-confraries-de-pescadors-afectades-per-la-retallada-a-la-pesca-darrossegament-de-la-ue\/#breadcrumb"},"inLanguage":"ca","potentialAction":[{"@type":"ReadAction","target":["https:\/\/santapola.es\/ca\/el-conseller-barrachina-es-reunix-a-santa-pola-amb-lalcaldessa-i-les-confraries-de-pescadors-afectades-per-la-retallada-a-la-pesca-darrossegament-de-la-ue\/"]}]},{"@type":"ImageObject","inLanguage":"ca","@id":"https:\/\/santapola.es\/ca\/el-conseller-barrachina-es-reunix-a-santa-pola-amb-lalcaldessa-i-les-confraries-de-pescadors-afectades-per-la-retallada-a-la-pesca-darrossegament-de-la-ue\/#primaryimage","url":"https:\/\/santapola.es\/wp-content\/uploads\/2024\/12\/IMG_8818.jpg","contentUrl":"https:\/\/santapola.es\/wp-content\/uploads\/2024\/12\/IMG_8818.jpg","width":2000,"height":1500},{"@type":"BreadcrumbList","@id":"https:\/\/santapola.es\/ca\/el-conseller-barrachina-es-reunix-a-santa-pola-amb-lalcaldessa-i-les-confraries-de-pescadors-afectades-per-la-retallada-a-la-pesca-darrossegament-de-la-ue\/#breadcrumb","itemListElement":[{"@type":"ListItem","position":1,"name":"Inici","item":"https:\/\/santapola.es\/ca\/"},{"@type":"ListItem","position":2,"name":"El conseller Barrachina es reunix a Santa Pola amb l&#8217;alcaldessa i les confraries de pescadors afectades per la retallada a la pesca d&#8217;arrossegament de la UE"}]},{"@type":"WebSite","@id":"https:\/\/santapola.es\/ca\/#website","url":"https:\/\/santapola.es\/ca\/","name":"Ayuntamiento de Santa Pola","description":"Web de l'Ajuntament de Santa Pola","potentialAction":[{"@type":"SearchAction","target":{"@type":"EntryPoint","urlTemplate":"https:\/\/santapola.es\/ca\/?s={search_term_string}"},"query-input":{"@type":"PropertyValueSpecification","valueRequired":true,"valueName":"search_term_string"}}],"inLanguage":"ca"},{"@type":"Person","@id":"https:\/\/santapola.es\/ca\/#\/schema\/person\/ad1d67403707b58350c7be5e8dbc442d","name":"Jos\u00e9 Juan L\u00f3pez Lafuente"}]}},"_links":{"self":[{"href":"https:\/\/santapola.es\/ca\/wp-json\/wp\/v2\/posts\/40432","targetHints":{"allow":["GET"]}}],"collection":[{"href":"https:\/\/santapola.es\/ca\/wp-json\/wp\/v2\/posts"}],"about":[{"href":"https:\/\/santapola.es\/ca\/wp-json\/wp\/v2\/types\/post"}],"author":[{"embeddable":true,"href":"https:\/\/santapola.es\/ca\/wp-json\/wp\/v2\/users\/96"}],"replies":[{"embeddable":true,"href":"https:\/\/santapola.es\/ca\/wp-json\/wp\/v2\/comments?post=40432"}],"version-history":[{"count":0,"href":"https:\/\/santapola.es\/ca\/wp-json\/wp\/v2\/posts\/40432\/revisions"}],"wp:featuredmedia":[{"embeddable":true,"href":"https:\/\/santapola.es\/ca\/wp-json\/wp\/v2\/media\/40430"}],"wp:attachment":[{"href":"https:\/\/santapola.es\/ca\/wp-json\/wp\/v2\/media?parent=40432"}],"wp:term":[{"taxonomy":"category","embeddable":true,"href":"https:\/\/santapola.es\/ca\/wp-json\/wp\/v2\/categories?post=40432"},{"taxonomy":"post_tag","embeddable":true,"href":"https:\/\/santapola.es\/ca\/wp-json\/wp\/v2\/tags?post=40432"}],"curies":[{"name":"wp","href":"https:\/\/api.w.org\/{rel}","templated":true}]}}