{"id":40376,"date":"2024-12-04T13:29:42","date_gmt":"2024-12-04T12:29:42","guid":{"rendered":"https:\/\/santapola.es\/?p=40376"},"modified":"2024-12-04T13:32:24","modified_gmt":"2024-12-04T12:32:24","slug":"nadal-rocker-i-solidari-a-santa-pola-a-benefici-de-creu-roja","status":"publish","type":"post","link":"https:\/\/santapola.es\/ca\/nadal-rocker-i-solidari-a-santa-pola-a-benefici-de-creu-roja\/","title":{"rendered":"Nadal rocker i solidari a Santa Pola a benefici de Creu Roja"},"content":{"rendered":"<p><strong>El tradicional festival Navirock se celebrar\u00e0 el pr\u00f2xim 20 de desembre en la carpa al costat del Castell Fortalesa amb quatre bandes, posats d&#8217;artesania, sorteig d&#8217;un quadre pintat en directe i el tint solidari amb recollida ben\u00e8fica a trav\u00e9s de Creu Roja de productes per a fam\u00edlies desfavorides.<\/strong><\/p>\n<p>La regidora de Cultura i Festes, Nely Baile, ha presentat este mat\u00ed \u201cuna nova edici\u00f3 del tradicional festival Navirock organitzat per l&#8217;associaci\u00f3 Rock\u2019N\u2019Pola, que se celebrar\u00e0 el divendres 20 de desembre en la carpa al costat del castell\u201d. L&#8217;edil ha destacat que \u201ces tracta d&#8217;un concert solidari amb recollida d&#8217;aliments, material escolar i productes d&#8217;higiene i neteja a favor de Creu Roja Santa Pola\u201d.<\/p>\n<p>Pedro Ruiz, president de Rock\u2019N\u2019Pola, va destacar que \u201ccom cada nadal no pot faltar la m\u00fasica rock al nostre poble i tindrem la participaci\u00f3 des de les 7 de la vesprada de quatre bandes, dos d&#8217;elles de Santa Pola (IES Cap de L\u2019Aljub Rock Band i La Fonola), una de Crevillent (Puente 2) i una altra d&#8217;Elx (Gola de Llop) amb membres tamb\u00e9 de Santa Pola, que fan rock en valenci\u00e0\u201d.<\/p>\n<p>\u201cA m\u00e9s tindrem diverses activitats, un artista de Santa Pola pintar\u00e0 un quadre en directe i el sortejarem a trav\u00e9s d&#8217;una rifa, hi haur\u00e0 posats d&#8217;artesania per\u00f2 el m\u00e9s important ser\u00e0 la recollida solid\u00e0ria de productes\u201d -va afegir Ruiz-, \u201ceixe dia hem d&#8217;omplir la carpa de rock i, sobretot, de molta solidaritat\u201d.<\/p>\n<p>C\u00e9sar Navarro \u00e9s professor de l&#8217;IES Cap de l\u2019Aljub i coordina la banda de rock de l&#8217;institut: \u201cva comen\u00e7ar fa un parell d&#8217;anys com una activitat extraescolar amb els xavals i va creixent a poc a poc, enguany est\u00e0 integrat en un projecte d&#8217;innovaci\u00f3 educativa i ser\u00e0 molt interessant veure a estos xavals que s&#8217;inicien en el rock\u201d.<\/p>\n<p><strong>Recollida ben\u00e8fica per a Creu Roja\u00a0<\/strong><\/p>\n<p>Juan L\u00f3pez i Javier Rom\u00e1n, voluntaris de Creu Roja Santa Pola, van anunciar que \u201cdes de les 12 fins a les 23 hores tindrem un lloc en la carpa per a la recollida d&#8217;aliments, material escolar, productes d&#8217;higiene i de neteja que aniran destinats a les fam\u00edlies m\u00e9s necessitades de Santa Pola. Volem agrair a la regidoria i a Rock\u2019n\u2019Pola la iniciativa de col\u00b7laboraci\u00f3 amb la nostra entitat i este gra de solidaritat amb les fam\u00edlies en risc d&#8217;exclusi\u00f3\u201d.<\/p>\n<p>\u201cGr\u00e0cies a ajuntar cultura i solidaritat en un dia tan especial, Creu Roja t\u00e9 la possibilitat tamb\u00e9 de sensibilitzar a la poblaci\u00f3 i tindre un punt d&#8217;informaci\u00f3 al ciutad\u00e0 no sols per a la recollida de productes sin\u00f3 tamb\u00e9 per a fomentar el voluntariat\u201d, van destacar des de Creu Roja.<\/p>\n","protected":false},"excerpt":{"rendered":"<p>El tradicional festival Navirock se celebrar\u00e0 el pr\u00f2xim 20 de desembre en la carpa al costat del Castell Fortalesa amb quatre bandes, posats d&#8217;artesania, sorteig d&#8217;un quadre pintat en directe i el tint solidari amb recollida ben\u00e8fica a trav\u00e9s de Creu Roja de productes per a fam\u00edlies desfavorides. La regidora de Cultura i Festes, Nely [&hellip;]<\/p>\n","protected":false},"author":96,"featured_media":40373,"comment_status":"closed","ping_status":"closed","sticky":false,"template":"","format":"standard","meta":{"_et_pb_use_builder":"","_et_pb_old_content":"","_et_gb_content_width":"","footnotes":""},"categories":[433,434],"tags":[447,1177,1203,511,915],"class_list":["post-40376","post","type-post","status-publish","format-standard","has-post-thumbnail","hentry","category-cultura-ca","category-festes","tag-creu-roja","tag-nadal","tag-navirock-ca","tag-nely-baile-ca","tag-rocknpola-ca"],"yoast_head":"<!-- This site is optimized with the Yoast SEO plugin v27.4 - https:\/\/yoast.com\/product\/yoast-seo-wordpress\/ -->\n<title>Nadal rocker i solidari a Santa Pola a benefici de Creu Roja - Ajuntament de Santa Pola<\/title>\n<meta name=\"robots\" content=\"index, follow, max-snippet:-1, max-image-preview:large, max-video-preview:-1\" \/>\n<link rel=\"canonical\" href=\"https:\/\/santapola.es\/ca\/nadal-rocker-i-solidari-a-santa-pola-a-benefici-de-creu-roja\/\" \/>\n<meta property=\"og:locale\" content=\"ca_ES\" \/>\n<meta property=\"og:type\" content=\"article\" \/>\n<meta property=\"og:title\" content=\"Nadal rocker i solidari a Santa Pola a benefici de Creu Roja - Ajuntament de Santa Pola\" \/>\n<meta property=\"og:description\" content=\"El tradicional festival Navirock se celebrar\u00e0 el pr\u00f2xim 20 de desembre en la carpa al costat del Castell Fortalesa amb quatre bandes, posats d&#8217;artesania, sorteig d&#8217;un quadre pintat en directe i el tint solidari amb recollida ben\u00e8fica a trav\u00e9s de Creu Roja de productes per a fam\u00edlies desfavorides. La regidora de Cultura i Festes, Nely [&hellip;]\" \/>\n<meta property=\"og:url\" content=\"https:\/\/santapola.es\/ca\/nadal-rocker-i-solidari-a-santa-pola-a-benefici-de-creu-roja\/\" \/>\n<meta property=\"og:site_name\" content=\"Ajuntament de Santa Pola\" \/>\n<meta property=\"article:publisher\" content=\"https:\/\/www.facebook.com\/AyuntamientoSantaPola\/\" \/>\n<meta property=\"article:published_time\" content=\"2024-12-04T12:29:42+00:00\" \/>\n<meta property=\"article:modified_time\" content=\"2024-12-04T12:32:24+00:00\" \/>\n<meta property=\"og:image\" content=\"https:\/\/santapola.es\/wp-content\/uploads\/2024\/12\/2024-12-04-NAVIROCK.jpg\" \/>\n\t<meta property=\"og:image:width\" content=\"2000\" \/>\n\t<meta property=\"og:image:height\" content=\"1500\" \/>\n\t<meta property=\"og:image:type\" content=\"image\/jpeg\" \/>\n<meta name=\"author\" content=\"Jos\u00e9 Juan L\u00f3pez Lafuente\" \/>\n<meta name=\"twitter:card\" content=\"summary_large_image\" \/>\n<meta name=\"twitter:creator\" content=\"@SantaPolaAyunt\" \/>\n<meta name=\"twitter:site\" content=\"@SantaPolaAyunt\" \/>\n<script type=\"application\/ld+json\" class=\"yoast-schema-graph\">{\"@context\":\"https:\\\/\\\/schema.org\",\"@graph\":[{\"@type\":\"Article\",\"@id\":\"https:\\\/\\\/santapola.es\\\/ca\\\/nadal-rocker-i-solidari-a-santa-pola-a-benefici-de-creu-roja\\\/#article\",\"isPartOf\":{\"@id\":\"https:\\\/\\\/santapola.es\\\/ca\\\/nadal-rocker-i-solidari-a-santa-pola-a-benefici-de-creu-roja\\\/\"},\"author\":{\"name\":\"Jos\u00e9 Juan L\u00f3pez Lafuente\",\"@id\":\"https:\\\/\\\/santapola.es\\\/ca\\\/#\\\/schema\\\/person\\\/ad1d67403707b58350c7be5e8dbc442d\"},\"headline\":\"Nadal rocker i solidari a Santa Pola a benefici de Creu Roja\",\"datePublished\":\"2024-12-04T12:29:42+00:00\",\"dateModified\":\"2024-12-04T12:32:24+00:00\",\"mainEntityOfPage\":{\"@id\":\"https:\\\/\\\/santapola.es\\\/ca\\\/nadal-rocker-i-solidari-a-santa-pola-a-benefici-de-creu-roja\\\/\"},\"wordCount\":482,\"image\":{\"@id\":\"https:\\\/\\\/santapola.es\\\/ca\\\/nadal-rocker-i-solidari-a-santa-pola-a-benefici-de-creu-roja\\\/#primaryimage\"},\"thumbnailUrl\":\"https:\\\/\\\/santapola.es\\\/wp-content\\\/uploads\\\/2024\\\/12\\\/2024-12-04-NAVIROCK.jpg\",\"keywords\":[\"Creu Roja\",\"Nadal\",\"Navirock\",\"Nely Baile\",\"Rock\u00b4N\u00b4Pola\"],\"articleSection\":[\"Cultura\",\"Festes\"],\"inLanguage\":\"ca\"},{\"@type\":\"WebPage\",\"@id\":\"https:\\\/\\\/santapola.es\\\/ca\\\/nadal-rocker-i-solidari-a-santa-pola-a-benefici-de-creu-roja\\\/\",\"url\":\"https:\\\/\\\/santapola.es\\\/ca\\\/nadal-rocker-i-solidari-a-santa-pola-a-benefici-de-creu-roja\\\/\",\"name\":\"Nadal rocker i solidari a Santa Pola a benefici de Creu Roja - Ajuntament de Santa Pola\",\"isPartOf\":{\"@id\":\"https:\\\/\\\/santapola.es\\\/ca\\\/#website\"},\"primaryImageOfPage\":{\"@id\":\"https:\\\/\\\/santapola.es\\\/ca\\\/nadal-rocker-i-solidari-a-santa-pola-a-benefici-de-creu-roja\\\/#primaryimage\"},\"image\":{\"@id\":\"https:\\\/\\\/santapola.es\\\/ca\\\/nadal-rocker-i-solidari-a-santa-pola-a-benefici-de-creu-roja\\\/#primaryimage\"},\"thumbnailUrl\":\"https:\\\/\\\/santapola.es\\\/wp-content\\\/uploads\\\/2024\\\/12\\\/2024-12-04-NAVIROCK.jpg\",\"datePublished\":\"2024-12-04T12:29:42+00:00\",\"dateModified\":\"2024-12-04T12:32:24+00:00\",\"author\":{\"@id\":\"https:\\\/\\\/santapola.es\\\/ca\\\/#\\\/schema\\\/person\\\/ad1d67403707b58350c7be5e8dbc442d\"},\"breadcrumb\":{\"@id\":\"https:\\\/\\\/santapola.es\\\/ca\\\/nadal-rocker-i-solidari-a-santa-pola-a-benefici-de-creu-roja\\\/#breadcrumb\"},\"inLanguage\":\"ca\",\"potentialAction\":[{\"@type\":\"ReadAction\",\"target\":[\"https:\\\/\\\/santapola.es\\\/ca\\\/nadal-rocker-i-solidari-a-santa-pola-a-benefici-de-creu-roja\\\/\"]}]},{\"@type\":\"ImageObject\",\"inLanguage\":\"ca\",\"@id\":\"https:\\\/\\\/santapola.es\\\/ca\\\/nadal-rocker-i-solidari-a-santa-pola-a-benefici-de-creu-roja\\\/#primaryimage\",\"url\":\"https:\\\/\\\/santapola.es\\\/wp-content\\\/uploads\\\/2024\\\/12\\\/2024-12-04-NAVIROCK.jpg\",\"contentUrl\":\"https:\\\/\\\/santapola.es\\\/wp-content\\\/uploads\\\/2024\\\/12\\\/2024-12-04-NAVIROCK.jpg\",\"width\":2000,\"height\":1500},{\"@type\":\"BreadcrumbList\",\"@id\":\"https:\\\/\\\/santapola.es\\\/ca\\\/nadal-rocker-i-solidari-a-santa-pola-a-benefici-de-creu-roja\\\/#breadcrumb\",\"itemListElement\":[{\"@type\":\"ListItem\",\"position\":1,\"name\":\"Inici\",\"item\":\"https:\\\/\\\/santapola.es\\\/ca\\\/\"},{\"@type\":\"ListItem\",\"position\":2,\"name\":\"Nadal rocker i solidari a Santa Pola a benefici de Creu Roja\"}]},{\"@type\":\"WebSite\",\"@id\":\"https:\\\/\\\/santapola.es\\\/ca\\\/#website\",\"url\":\"https:\\\/\\\/santapola.es\\\/ca\\\/\",\"name\":\"Ayuntamiento de Santa Pola\",\"description\":\"Web de l'Ajuntament de Santa Pola\",\"potentialAction\":[{\"@type\":\"SearchAction\",\"target\":{\"@type\":\"EntryPoint\",\"urlTemplate\":\"https:\\\/\\\/santapola.es\\\/ca\\\/?s={search_term_string}\"},\"query-input\":{\"@type\":\"PropertyValueSpecification\",\"valueRequired\":true,\"valueName\":\"search_term_string\"}}],\"inLanguage\":\"ca\"},{\"@type\":\"Person\",\"@id\":\"https:\\\/\\\/santapola.es\\\/ca\\\/#\\\/schema\\\/person\\\/ad1d67403707b58350c7be5e8dbc442d\",\"name\":\"Jos\u00e9 Juan L\u00f3pez Lafuente\"}]}<\/script>\n<!-- \/ Yoast SEO plugin. -->","yoast_head_json":{"title":"Nadal rocker i solidari a Santa Pola a benefici de Creu Roja - Ajuntament de Santa Pola","robots":{"index":"index","follow":"follow","max-snippet":"max-snippet:-1","max-image-preview":"max-image-preview:large","max-video-preview":"max-video-preview:-1"},"canonical":"https:\/\/santapola.es\/ca\/nadal-rocker-i-solidari-a-santa-pola-a-benefici-de-creu-roja\/","og_locale":"ca_ES","og_type":"article","og_title":"Nadal rocker i solidari a Santa Pola a benefici de Creu Roja - Ajuntament de Santa Pola","og_description":"El tradicional festival Navirock se celebrar\u00e0 el pr\u00f2xim 20 de desembre en la carpa al costat del Castell Fortalesa amb quatre bandes, posats d&#8217;artesania, sorteig d&#8217;un quadre pintat en directe i el tint solidari amb recollida ben\u00e8fica a trav\u00e9s de Creu Roja de productes per a fam\u00edlies desfavorides. La regidora de Cultura i Festes, Nely [&hellip;]","og_url":"https:\/\/santapola.es\/ca\/nadal-rocker-i-solidari-a-santa-pola-a-benefici-de-creu-roja\/","og_site_name":"Ajuntament de Santa Pola","article_publisher":"https:\/\/www.facebook.com\/AyuntamientoSantaPola\/","article_published_time":"2024-12-04T12:29:42+00:00","article_modified_time":"2024-12-04T12:32:24+00:00","og_image":[{"width":2000,"height":1500,"url":"https:\/\/santapola.es\/wp-content\/uploads\/2024\/12\/2024-12-04-NAVIROCK.jpg","type":"image\/jpeg"}],"author":"Jos\u00e9 Juan L\u00f3pez Lafuente","twitter_card":"summary_large_image","twitter_creator":"@SantaPolaAyunt","twitter_site":"@SantaPolaAyunt","schema":{"@context":"https:\/\/schema.org","@graph":[{"@type":"Article","@id":"https:\/\/santapola.es\/ca\/nadal-rocker-i-solidari-a-santa-pola-a-benefici-de-creu-roja\/#article","isPartOf":{"@id":"https:\/\/santapola.es\/ca\/nadal-rocker-i-solidari-a-santa-pola-a-benefici-de-creu-roja\/"},"author":{"name":"Jos\u00e9 Juan L\u00f3pez Lafuente","@id":"https:\/\/santapola.es\/ca\/#\/schema\/person\/ad1d67403707b58350c7be5e8dbc442d"},"headline":"Nadal rocker i solidari a Santa Pola a benefici de Creu Roja","datePublished":"2024-12-04T12:29:42+00:00","dateModified":"2024-12-04T12:32:24+00:00","mainEntityOfPage":{"@id":"https:\/\/santapola.es\/ca\/nadal-rocker-i-solidari-a-santa-pola-a-benefici-de-creu-roja\/"},"wordCount":482,"image":{"@id":"https:\/\/santapola.es\/ca\/nadal-rocker-i-solidari-a-santa-pola-a-benefici-de-creu-roja\/#primaryimage"},"thumbnailUrl":"https:\/\/santapola.es\/wp-content\/uploads\/2024\/12\/2024-12-04-NAVIROCK.jpg","keywords":["Creu Roja","Nadal","Navirock","Nely Baile","Rock\u00b4N\u00b4Pola"],"articleSection":["Cultura","Festes"],"inLanguage":"ca"},{"@type":"WebPage","@id":"https:\/\/santapola.es\/ca\/nadal-rocker-i-solidari-a-santa-pola-a-benefici-de-creu-roja\/","url":"https:\/\/santapola.es\/ca\/nadal-rocker-i-solidari-a-santa-pola-a-benefici-de-creu-roja\/","name":"Nadal rocker i solidari a Santa Pola a benefici de Creu Roja - Ajuntament de Santa Pola","isPartOf":{"@id":"https:\/\/santapola.es\/ca\/#website"},"primaryImageOfPage":{"@id":"https:\/\/santapola.es\/ca\/nadal-rocker-i-solidari-a-santa-pola-a-benefici-de-creu-roja\/#primaryimage"},"image":{"@id":"https:\/\/santapola.es\/ca\/nadal-rocker-i-solidari-a-santa-pola-a-benefici-de-creu-roja\/#primaryimage"},"thumbnailUrl":"https:\/\/santapola.es\/wp-content\/uploads\/2024\/12\/2024-12-04-NAVIROCK.jpg","datePublished":"2024-12-04T12:29:42+00:00","dateModified":"2024-12-04T12:32:24+00:00","author":{"@id":"https:\/\/santapola.es\/ca\/#\/schema\/person\/ad1d67403707b58350c7be5e8dbc442d"},"breadcrumb":{"@id":"https:\/\/santapola.es\/ca\/nadal-rocker-i-solidari-a-santa-pola-a-benefici-de-creu-roja\/#breadcrumb"},"inLanguage":"ca","potentialAction":[{"@type":"ReadAction","target":["https:\/\/santapola.es\/ca\/nadal-rocker-i-solidari-a-santa-pola-a-benefici-de-creu-roja\/"]}]},{"@type":"ImageObject","inLanguage":"ca","@id":"https:\/\/santapola.es\/ca\/nadal-rocker-i-solidari-a-santa-pola-a-benefici-de-creu-roja\/#primaryimage","url":"https:\/\/santapola.es\/wp-content\/uploads\/2024\/12\/2024-12-04-NAVIROCK.jpg","contentUrl":"https:\/\/santapola.es\/wp-content\/uploads\/2024\/12\/2024-12-04-NAVIROCK.jpg","width":2000,"height":1500},{"@type":"BreadcrumbList","@id":"https:\/\/santapola.es\/ca\/nadal-rocker-i-solidari-a-santa-pola-a-benefici-de-creu-roja\/#breadcrumb","itemListElement":[{"@type":"ListItem","position":1,"name":"Inici","item":"https:\/\/santapola.es\/ca\/"},{"@type":"ListItem","position":2,"name":"Nadal rocker i solidari a Santa Pola a benefici de Creu Roja"}]},{"@type":"WebSite","@id":"https:\/\/santapola.es\/ca\/#website","url":"https:\/\/santapola.es\/ca\/","name":"Ayuntamiento de Santa Pola","description":"Web de l'Ajuntament de Santa Pola","potentialAction":[{"@type":"SearchAction","target":{"@type":"EntryPoint","urlTemplate":"https:\/\/santapola.es\/ca\/?s={search_term_string}"},"query-input":{"@type":"PropertyValueSpecification","valueRequired":true,"valueName":"search_term_string"}}],"inLanguage":"ca"},{"@type":"Person","@id":"https:\/\/santapola.es\/ca\/#\/schema\/person\/ad1d67403707b58350c7be5e8dbc442d","name":"Jos\u00e9 Juan L\u00f3pez Lafuente"}]}},"_links":{"self":[{"href":"https:\/\/santapola.es\/ca\/wp-json\/wp\/v2\/posts\/40376","targetHints":{"allow":["GET"]}}],"collection":[{"href":"https:\/\/santapola.es\/ca\/wp-json\/wp\/v2\/posts"}],"about":[{"href":"https:\/\/santapola.es\/ca\/wp-json\/wp\/v2\/types\/post"}],"author":[{"embeddable":true,"href":"https:\/\/santapola.es\/ca\/wp-json\/wp\/v2\/users\/96"}],"replies":[{"embeddable":true,"href":"https:\/\/santapola.es\/ca\/wp-json\/wp\/v2\/comments?post=40376"}],"version-history":[{"count":0,"href":"https:\/\/santapola.es\/ca\/wp-json\/wp\/v2\/posts\/40376\/revisions"}],"wp:featuredmedia":[{"embeddable":true,"href":"https:\/\/santapola.es\/ca\/wp-json\/wp\/v2\/media\/40373"}],"wp:attachment":[{"href":"https:\/\/santapola.es\/ca\/wp-json\/wp\/v2\/media?parent=40376"}],"wp:term":[{"taxonomy":"category","embeddable":true,"href":"https:\/\/santapola.es\/ca\/wp-json\/wp\/v2\/categories?post=40376"},{"taxonomy":"post_tag","embeddable":true,"href":"https:\/\/santapola.es\/ca\/wp-json\/wp\/v2\/tags?post=40376"}],"curies":[{"name":"wp","href":"https:\/\/api.w.org\/{rel}","templated":true}]}}