{"id":40271,"date":"2024-11-29T12:50:42","date_gmt":"2024-11-29T11:50:42","guid":{"rendered":"https:\/\/santapola.es\/?p=40271"},"modified":"2024-11-29T12:58:54","modified_gmt":"2024-11-29T11:58:54","slug":"lajuntament-de-santa-pola-creara-en-els-pressupostos-de-2025-una-partida-dajuda-a-afectats-per-la-dana-de-valencia","status":"publish","type":"post","link":"https:\/\/santapola.es\/ca\/lajuntament-de-santa-pola-creara-en-els-pressupostos-de-2025-una-partida-dajuda-a-afectats-per-la-dana-de-valencia\/","title":{"rendered":"L&#8217;Ajuntament de Santa Pola crear\u00e0 en els pressupostos de 2025 una partida d&#8217;ajuda a afectats per la DANA de Val\u00e8ncia"},"content":{"rendered":"<p><strong>L&#8217;Ajuntament de Santa Pola crear\u00e0 en els pressupostos de 2025 una partida d&#8217;ajuda a afectats per la DANA de Val\u00e8ncia<\/strong><\/p>\n<p><strong>El Museu de la Mar dedicar\u00e0 una sala al finat Alcaide del Castell Fortalesa, Miguel Cuervo Arango, i crear\u00e0 una convocat\u00f2ria biennal d&#8217;exposicions amb el seu nom.<\/strong><\/p>\n<p><strong>L&#8217;Ajuntament s&#8217;adherix a les al\u00b7legacions de la Confraria de Pescadors davant la proposta de la UE de retallar les captures de gamba roja del Mediterrani.<\/strong><\/p>\n<p>El ple ordinari de novembre va comen\u00e7ar amb l&#8217;habitual minut de silenci en mem\u00f2ria de les v\u00edctimes de viol\u00e8ncia contra la dona i dels tres treballadors morts a Ibi despr\u00e9s de l&#8217;explosi\u00f3 en una nau industrial.<\/p>\n<p>Entre els punts m\u00e9s destacats cal ressenyar l&#8217;aprovaci\u00f3 per unanimitat de la proposta perqu\u00e8 el Museu de la Mar dedique una sala permanent en l&#8217;\u00e0rea etnogr\u00e0fica al qual fora Alcaide del Castell Fortalesa, Miguel Cuervo Arango i Caso de los Cobos, mort fa ara un any. Tamb\u00e9 es crear\u00e0 amb el seu nom una convocat\u00f2ria biennal d&#8217;art que s&#8217;exposar\u00e0 en les instal\u00b7lacions del Museu.<\/p>\n<p>Tamb\u00e9 es van aprovar les normes d&#8217;\u00fas d&#8217;aeronaus tipus dron pilotades per control remot per al cos de la Policia Local, la concessi\u00f3 de l&#8217;Escut de Santa Pola als treballadors municipals jubilats en 2024 i el reglament del consell municipal de desenrotllament sostenible, aix\u00ed com l&#8217;avan\u00e7ament de la celebraci\u00f3 del ple ordinari de desembre al dia 19 per a evitar la coincid\u00e8ncia amb les festes de Nadal.<\/p>\n<p>El gruix del ple, que va durar m\u00e9s de tres hores i mitja, es va desenrotllar en el debat de mocions dels grups pol\u00edtics. La primera d&#8217;elles va ser la proposta de Vox per a la creaci\u00f3 d&#8217;un Palau de Cultura a Santa Pola, especialment necessari per a les associacions musicals. El grup socialista va proposar que, a m\u00e9s, es buscaren solars el m\u00e9s c\u00e8ntrics possibles.<\/p>\n<p>L&#8217;alcaldessa Loreto Serrano va explicar que \u201c\u00e9s un assumpte que portem ja temps estudiant, ens hem reunit amb les dos escoles de m\u00fasica per a abordar el problema perqu\u00e8, despr\u00e9s de l&#8217;\u00faltima llei que va promulgar l&#8217;anterior govern valenci\u00e0, en estos moments cap de les dos compliria la nova normativa i per aix\u00f2 estem buscant solucions\u201d. Es va acordar per unanimitat continuar sondejant possibilitats per a una futura construcci\u00f3 en s\u00f2l municipal o fins i tot la possibilitat d&#8217;adquirir s\u00f2l privat en el nucli urb\u00e0 si \u00e9s possible.<\/p>\n<p><strong>Ajuda a Val\u00e8ncia<\/strong><\/p>\n<p>M\u00e9s Santa Pola va presentar una moci\u00f3 perqu\u00e8 en els pressupostos de 2025 es recupere la partida d&#8217;ajuda a l&#8217;exterior i que partix d&#8217;ella es destine als damnificats de la DANA de Val\u00e8ncia.<\/p>\n<p>El regidor d&#8217;Hisenda, Jos\u00e9 Pedro Mart\u00ednez, va informar que \u201cen l&#8217;esborrany de pressupostos ja incloem una partida d&#8217;ajuda que possiblement ser\u00e0 de m\u00e9s del doble de l&#8217;import que vost\u00e9s estan sol\u00b7licitant, i que anir\u00e0 destinada \u00edntegrament a projectes de reconstrucci\u00f3 de les zones de Val\u00e8ncia afectades per la DANA\u201d, quedant postergada a m\u00e9s endavant l&#8217;ajuda a tercers pa\u00efsos, sent aprovada per unanimitat la moci\u00f3 amb esta matisaci\u00f3 per part de l&#8217;equip de govern.<\/p>\n<p>En una altra moci\u00f3, M\u00e9s Santa Pola demanava amb motiu del 25-N aprovar un text en defensa de les estrat\u00e8gies per a combatre la viol\u00e8ncia masclista i dotar de m\u00e9s recursos, donar suport a associacions feministes o recordar en cada ple els noms de les v\u00edctimes, entre altres mesures.<\/p>\n<p>Vox es va mostrar en contra perqu\u00e8 \u201cno podem recolzar este tipus de pamflets totalment ideol\u00f2gics, que es continuen aferrant a una llei de viol\u00e8ncia de g\u00e8nere que no est\u00e0 funcionant\u201d.<\/p>\n<p>La regidor de Servicis Socials, Gela Roche, va dir que \u201cvotar esta moci\u00f3 per a mi seria com dir que des de l&#8217;Ajuntament de Santa Pola no estem fent res, encara que en moltes coses estic d&#8217;acord\u201d. Despr\u00e9s d&#8217;un rec\u00e9s, es va consensuar entre PP, PSOE i M\u00e9s Santa Pola una moci\u00f3 modificada que reconeix el treball de la regidoria de Servicis Socials i altres departaments implicats, i que acorda demanar a altres administracions que s&#8217;incrementen els recursos\u201d, aprovada per majoria amb el vot en contra de Vox.<\/p>\n<p><strong>Suport al sector pesquer<\/strong><\/p>\n<p>Finalment es va presentar una moci\u00f3 conjunta en defensa del sector pesquer amb motiu de l&#8217;esborrany de resoluci\u00f3 de la Secretaria General de Pesca per la qual s&#8217;establixen topalls de captura per a la gamba roja del Mediterrani i que limitaria als vaixells d&#8217;arrossegament a capturar un m\u00e0xim de 50 quilos per setmana, la qual cosa suposaria una nova garrotada per al sector i m\u00e9s en dates nadalenques en les quals l&#8217;al\u00e7a del mercat podria compensar en part les moltes restriccions al sector.<\/p>\n<p>La Confraria de Pescadors de Santa Pola ha presentat al\u00b7legacions i l&#8217;Ajuntament de Santa Pola s&#8217;adherix per unanimitat, a trav\u00e9s d&#8217;esta moci\u00f3, a eixes al\u00b7legacions davant la Subdirecci\u00f3 General de Calador Nacional i Aig\u00fces de la Uni\u00f3 Europea.<\/p>\n<p>Tamb\u00e9 s&#8217;insta el Ministeri d&#8217;Agricultura, Pesca i Alimentaci\u00f3 a realitzar un Pla de Gesti\u00f3 per al sector pesquer avaluant els seus recursos i buscant la sostenibilitat del sector, aix\u00ed com a crear una xarxa de cient\u00edfics i membres del sector pesquer per a estudiar i investigar les situacions pesqueres del Mediterrani.<\/p>\n","protected":false},"excerpt":{"rendered":"<p>L&#8217;Ajuntament de Santa Pola crear\u00e0 en els pressupostos de 2025 una partida d&#8217;ajuda a afectats per la DANA de Val\u00e8ncia El Museu de la Mar dedicar\u00e0 una sala al finat Alcaide del Castell Fortalesa, Miguel Cuervo Arango, i crear\u00e0 una convocat\u00f2ria biennal d&#8217;exposicions amb el seu nom. L&#8217;Ajuntament s&#8217;adherix a les al\u00b7legacions de la Confraria [&hellip;]<\/p>\n","protected":false},"author":96,"featured_media":40269,"comment_status":"closed","ping_status":"closed","sticky":false,"template":"","format":"standard","meta":{"_et_pb_use_builder":"","_et_pb_old_content":"","_et_gb_content_width":"","footnotes":""},"categories":[473],"tags":[746,1157,696],"class_list":["post-40271","post","type-post","status-publish","format-standard","has-post-thumbnail","hentry","category-plens","tag-cofradia-de-pescadores-ca","tag-dana-ca","tag-miguel-cuervo-arango-ca"],"yoast_head":"<!-- This site is optimized with the Yoast SEO plugin v27.4 - https:\/\/yoast.com\/product\/yoast-seo-wordpress\/ -->\n<title>L&#039;Ajuntament de Santa Pola crear\u00e0 en els pressupostos de 2025 una partida d&#039;ajuda a afectats per la DANA de Val\u00e8ncia - Ajuntament de Santa Pola<\/title>\n<meta name=\"robots\" content=\"index, follow, max-snippet:-1, max-image-preview:large, max-video-preview:-1\" \/>\n<link rel=\"canonical\" href=\"https:\/\/santapola.es\/ca\/lajuntament-de-santa-pola-creara-en-els-pressupostos-de-2025-una-partida-dajuda-a-afectats-per-la-dana-de-valencia\/\" \/>\n<meta property=\"og:locale\" content=\"ca_ES\" \/>\n<meta property=\"og:type\" content=\"article\" \/>\n<meta property=\"og:title\" content=\"L&#039;Ajuntament de Santa Pola crear\u00e0 en els pressupostos de 2025 una partida d&#039;ajuda a afectats per la DANA de Val\u00e8ncia - Ajuntament de Santa Pola\" \/>\n<meta property=\"og:description\" content=\"L&#8217;Ajuntament de Santa Pola crear\u00e0 en els pressupostos de 2025 una partida d&#8217;ajuda a afectats per la DANA de Val\u00e8ncia El Museu de la Mar dedicar\u00e0 una sala al finat Alcaide del Castell Fortalesa, Miguel Cuervo Arango, i crear\u00e0 una convocat\u00f2ria biennal d&#8217;exposicions amb el seu nom. L&#8217;Ajuntament s&#8217;adherix a les al\u00b7legacions de la Confraria [&hellip;]\" \/>\n<meta property=\"og:url\" content=\"https:\/\/santapola.es\/ca\/lajuntament-de-santa-pola-creara-en-els-pressupostos-de-2025-una-partida-dajuda-a-afectats-per-la-dana-de-valencia\/\" \/>\n<meta property=\"og:site_name\" content=\"Ajuntament de Santa Pola\" \/>\n<meta property=\"article:publisher\" content=\"https:\/\/www.facebook.com\/AyuntamientoSantaPola\/\" \/>\n<meta property=\"article:published_time\" content=\"2024-11-29T11:50:42+00:00\" \/>\n<meta property=\"article:modified_time\" content=\"2024-11-29T11:58:54+00:00\" \/>\n<meta property=\"og:image\" content=\"https:\/\/santapola.es\/wp-content\/uploads\/2024\/11\/2024-11-29-pleno-minuto-silencio.jpg\" \/>\n\t<meta property=\"og:image:width\" content=\"1629\" \/>\n\t<meta property=\"og:image:height\" content=\"978\" \/>\n\t<meta property=\"og:image:type\" content=\"image\/jpeg\" \/>\n<meta name=\"author\" content=\"Jos\u00e9 Juan L\u00f3pez Lafuente\" \/>\n<meta name=\"twitter:card\" content=\"summary_large_image\" \/>\n<meta name=\"twitter:creator\" content=\"@SantaPolaAyunt\" \/>\n<meta name=\"twitter:site\" content=\"@SantaPolaAyunt\" \/>\n<script type=\"application\/ld+json\" class=\"yoast-schema-graph\">{\"@context\":\"https:\\\/\\\/schema.org\",\"@graph\":[{\"@type\":\"Article\",\"@id\":\"https:\\\/\\\/santapola.es\\\/ca\\\/lajuntament-de-santa-pola-creara-en-els-pressupostos-de-2025-una-partida-dajuda-a-afectats-per-la-dana-de-valencia\\\/#article\",\"isPartOf\":{\"@id\":\"https:\\\/\\\/santapola.es\\\/ca\\\/lajuntament-de-santa-pola-creara-en-els-pressupostos-de-2025-una-partida-dajuda-a-afectats-per-la-dana-de-valencia\\\/\"},\"author\":{\"name\":\"Jos\u00e9 Juan L\u00f3pez Lafuente\",\"@id\":\"https:\\\/\\\/santapola.es\\\/ca\\\/#\\\/schema\\\/person\\\/ad1d67403707b58350c7be5e8dbc442d\"},\"headline\":\"L&#8217;Ajuntament de Santa Pola crear\u00e0 en els pressupostos de 2025 una partida d&#8217;ajuda a afectats per la DANA de Val\u00e8ncia\",\"datePublished\":\"2024-11-29T11:50:42+00:00\",\"dateModified\":\"2024-11-29T11:58:54+00:00\",\"mainEntityOfPage\":{\"@id\":\"https:\\\/\\\/santapola.es\\\/ca\\\/lajuntament-de-santa-pola-creara-en-els-pressupostos-de-2025-una-partida-dajuda-a-afectats-per-la-dana-de-valencia\\\/\"},\"wordCount\":958,\"image\":{\"@id\":\"https:\\\/\\\/santapola.es\\\/ca\\\/lajuntament-de-santa-pola-creara-en-els-pressupostos-de-2025-una-partida-dajuda-a-afectats-per-la-dana-de-valencia\\\/#primaryimage\"},\"thumbnailUrl\":\"https:\\\/\\\/santapola.es\\\/wp-content\\\/uploads\\\/2024\\\/11\\\/2024-11-29-pleno-minuto-silencio.jpg\",\"keywords\":[\"Cofrad\u00eda de Pescadores\",\"DANA\",\"Miguel Cuervo-Arango\"],\"articleSection\":[\"Plens\"],\"inLanguage\":\"ca\"},{\"@type\":\"WebPage\",\"@id\":\"https:\\\/\\\/santapola.es\\\/ca\\\/lajuntament-de-santa-pola-creara-en-els-pressupostos-de-2025-una-partida-dajuda-a-afectats-per-la-dana-de-valencia\\\/\",\"url\":\"https:\\\/\\\/santapola.es\\\/ca\\\/lajuntament-de-santa-pola-creara-en-els-pressupostos-de-2025-una-partida-dajuda-a-afectats-per-la-dana-de-valencia\\\/\",\"name\":\"L'Ajuntament de Santa Pola crear\u00e0 en els pressupostos de 2025 una partida d'ajuda a afectats per la DANA de Val\u00e8ncia - Ajuntament de Santa Pola\",\"isPartOf\":{\"@id\":\"https:\\\/\\\/santapola.es\\\/ca\\\/#website\"},\"primaryImageOfPage\":{\"@id\":\"https:\\\/\\\/santapola.es\\\/ca\\\/lajuntament-de-santa-pola-creara-en-els-pressupostos-de-2025-una-partida-dajuda-a-afectats-per-la-dana-de-valencia\\\/#primaryimage\"},\"image\":{\"@id\":\"https:\\\/\\\/santapola.es\\\/ca\\\/lajuntament-de-santa-pola-creara-en-els-pressupostos-de-2025-una-partida-dajuda-a-afectats-per-la-dana-de-valencia\\\/#primaryimage\"},\"thumbnailUrl\":\"https:\\\/\\\/santapola.es\\\/wp-content\\\/uploads\\\/2024\\\/11\\\/2024-11-29-pleno-minuto-silencio.jpg\",\"datePublished\":\"2024-11-29T11:50:42+00:00\",\"dateModified\":\"2024-11-29T11:58:54+00:00\",\"author\":{\"@id\":\"https:\\\/\\\/santapola.es\\\/ca\\\/#\\\/schema\\\/person\\\/ad1d67403707b58350c7be5e8dbc442d\"},\"breadcrumb\":{\"@id\":\"https:\\\/\\\/santapola.es\\\/ca\\\/lajuntament-de-santa-pola-creara-en-els-pressupostos-de-2025-una-partida-dajuda-a-afectats-per-la-dana-de-valencia\\\/#breadcrumb\"},\"inLanguage\":\"ca\",\"potentialAction\":[{\"@type\":\"ReadAction\",\"target\":[\"https:\\\/\\\/santapola.es\\\/ca\\\/lajuntament-de-santa-pola-creara-en-els-pressupostos-de-2025-una-partida-dajuda-a-afectats-per-la-dana-de-valencia\\\/\"]}]},{\"@type\":\"ImageObject\",\"inLanguage\":\"ca\",\"@id\":\"https:\\\/\\\/santapola.es\\\/ca\\\/lajuntament-de-santa-pola-creara-en-els-pressupostos-de-2025-una-partida-dajuda-a-afectats-per-la-dana-de-valencia\\\/#primaryimage\",\"url\":\"https:\\\/\\\/santapola.es\\\/wp-content\\\/uploads\\\/2024\\\/11\\\/2024-11-29-pleno-minuto-silencio.jpg\",\"contentUrl\":\"https:\\\/\\\/santapola.es\\\/wp-content\\\/uploads\\\/2024\\\/11\\\/2024-11-29-pleno-minuto-silencio.jpg\",\"width\":1629,\"height\":978},{\"@type\":\"BreadcrumbList\",\"@id\":\"https:\\\/\\\/santapola.es\\\/ca\\\/lajuntament-de-santa-pola-creara-en-els-pressupostos-de-2025-una-partida-dajuda-a-afectats-per-la-dana-de-valencia\\\/#breadcrumb\",\"itemListElement\":[{\"@type\":\"ListItem\",\"position\":1,\"name\":\"Inici\",\"item\":\"https:\\\/\\\/santapola.es\\\/ca\\\/\"},{\"@type\":\"ListItem\",\"position\":2,\"name\":\"L&#8217;Ajuntament de Santa Pola crear\u00e0 en els pressupostos de 2025 una partida d&#8217;ajuda a afectats per la DANA de Val\u00e8ncia\"}]},{\"@type\":\"WebSite\",\"@id\":\"https:\\\/\\\/santapola.es\\\/ca\\\/#website\",\"url\":\"https:\\\/\\\/santapola.es\\\/ca\\\/\",\"name\":\"Ayuntamiento de Santa Pola\",\"description\":\"Web de l'Ajuntament de Santa Pola\",\"potentialAction\":[{\"@type\":\"SearchAction\",\"target\":{\"@type\":\"EntryPoint\",\"urlTemplate\":\"https:\\\/\\\/santapola.es\\\/ca\\\/?s={search_term_string}\"},\"query-input\":{\"@type\":\"PropertyValueSpecification\",\"valueRequired\":true,\"valueName\":\"search_term_string\"}}],\"inLanguage\":\"ca\"},{\"@type\":\"Person\",\"@id\":\"https:\\\/\\\/santapola.es\\\/ca\\\/#\\\/schema\\\/person\\\/ad1d67403707b58350c7be5e8dbc442d\",\"name\":\"Jos\u00e9 Juan L\u00f3pez Lafuente\"}]}<\/script>\n<!-- \/ Yoast SEO plugin. -->","yoast_head_json":{"title":"L'Ajuntament de Santa Pola crear\u00e0 en els pressupostos de 2025 una partida d'ajuda a afectats per la DANA de Val\u00e8ncia - Ajuntament de Santa Pola","robots":{"index":"index","follow":"follow","max-snippet":"max-snippet:-1","max-image-preview":"max-image-preview:large","max-video-preview":"max-video-preview:-1"},"canonical":"https:\/\/santapola.es\/ca\/lajuntament-de-santa-pola-creara-en-els-pressupostos-de-2025-una-partida-dajuda-a-afectats-per-la-dana-de-valencia\/","og_locale":"ca_ES","og_type":"article","og_title":"L'Ajuntament de Santa Pola crear\u00e0 en els pressupostos de 2025 una partida d'ajuda a afectats per la DANA de Val\u00e8ncia - Ajuntament de Santa Pola","og_description":"L&#8217;Ajuntament de Santa Pola crear\u00e0 en els pressupostos de 2025 una partida d&#8217;ajuda a afectats per la DANA de Val\u00e8ncia El Museu de la Mar dedicar\u00e0 una sala al finat Alcaide del Castell Fortalesa, Miguel Cuervo Arango, i crear\u00e0 una convocat\u00f2ria biennal d&#8217;exposicions amb el seu nom. L&#8217;Ajuntament s&#8217;adherix a les al\u00b7legacions de la Confraria [&hellip;]","og_url":"https:\/\/santapola.es\/ca\/lajuntament-de-santa-pola-creara-en-els-pressupostos-de-2025-una-partida-dajuda-a-afectats-per-la-dana-de-valencia\/","og_site_name":"Ajuntament de Santa Pola","article_publisher":"https:\/\/www.facebook.com\/AyuntamientoSantaPola\/","article_published_time":"2024-11-29T11:50:42+00:00","article_modified_time":"2024-11-29T11:58:54+00:00","og_image":[{"width":1629,"height":978,"url":"https:\/\/santapola.es\/wp-content\/uploads\/2024\/11\/2024-11-29-pleno-minuto-silencio.jpg","type":"image\/jpeg"}],"author":"Jos\u00e9 Juan L\u00f3pez Lafuente","twitter_card":"summary_large_image","twitter_creator":"@SantaPolaAyunt","twitter_site":"@SantaPolaAyunt","schema":{"@context":"https:\/\/schema.org","@graph":[{"@type":"Article","@id":"https:\/\/santapola.es\/ca\/lajuntament-de-santa-pola-creara-en-els-pressupostos-de-2025-una-partida-dajuda-a-afectats-per-la-dana-de-valencia\/#article","isPartOf":{"@id":"https:\/\/santapola.es\/ca\/lajuntament-de-santa-pola-creara-en-els-pressupostos-de-2025-una-partida-dajuda-a-afectats-per-la-dana-de-valencia\/"},"author":{"name":"Jos\u00e9 Juan L\u00f3pez Lafuente","@id":"https:\/\/santapola.es\/ca\/#\/schema\/person\/ad1d67403707b58350c7be5e8dbc442d"},"headline":"L&#8217;Ajuntament de Santa Pola crear\u00e0 en els pressupostos de 2025 una partida d&#8217;ajuda a afectats per la DANA de Val\u00e8ncia","datePublished":"2024-11-29T11:50:42+00:00","dateModified":"2024-11-29T11:58:54+00:00","mainEntityOfPage":{"@id":"https:\/\/santapola.es\/ca\/lajuntament-de-santa-pola-creara-en-els-pressupostos-de-2025-una-partida-dajuda-a-afectats-per-la-dana-de-valencia\/"},"wordCount":958,"image":{"@id":"https:\/\/santapola.es\/ca\/lajuntament-de-santa-pola-creara-en-els-pressupostos-de-2025-una-partida-dajuda-a-afectats-per-la-dana-de-valencia\/#primaryimage"},"thumbnailUrl":"https:\/\/santapola.es\/wp-content\/uploads\/2024\/11\/2024-11-29-pleno-minuto-silencio.jpg","keywords":["Cofrad\u00eda de Pescadores","DANA","Miguel Cuervo-Arango"],"articleSection":["Plens"],"inLanguage":"ca"},{"@type":"WebPage","@id":"https:\/\/santapola.es\/ca\/lajuntament-de-santa-pola-creara-en-els-pressupostos-de-2025-una-partida-dajuda-a-afectats-per-la-dana-de-valencia\/","url":"https:\/\/santapola.es\/ca\/lajuntament-de-santa-pola-creara-en-els-pressupostos-de-2025-una-partida-dajuda-a-afectats-per-la-dana-de-valencia\/","name":"L'Ajuntament de Santa Pola crear\u00e0 en els pressupostos de 2025 una partida d'ajuda a afectats per la DANA de Val\u00e8ncia - Ajuntament de Santa Pola","isPartOf":{"@id":"https:\/\/santapola.es\/ca\/#website"},"primaryImageOfPage":{"@id":"https:\/\/santapola.es\/ca\/lajuntament-de-santa-pola-creara-en-els-pressupostos-de-2025-una-partida-dajuda-a-afectats-per-la-dana-de-valencia\/#primaryimage"},"image":{"@id":"https:\/\/santapola.es\/ca\/lajuntament-de-santa-pola-creara-en-els-pressupostos-de-2025-una-partida-dajuda-a-afectats-per-la-dana-de-valencia\/#primaryimage"},"thumbnailUrl":"https:\/\/santapola.es\/wp-content\/uploads\/2024\/11\/2024-11-29-pleno-minuto-silencio.jpg","datePublished":"2024-11-29T11:50:42+00:00","dateModified":"2024-11-29T11:58:54+00:00","author":{"@id":"https:\/\/santapola.es\/ca\/#\/schema\/person\/ad1d67403707b58350c7be5e8dbc442d"},"breadcrumb":{"@id":"https:\/\/santapola.es\/ca\/lajuntament-de-santa-pola-creara-en-els-pressupostos-de-2025-una-partida-dajuda-a-afectats-per-la-dana-de-valencia\/#breadcrumb"},"inLanguage":"ca","potentialAction":[{"@type":"ReadAction","target":["https:\/\/santapola.es\/ca\/lajuntament-de-santa-pola-creara-en-els-pressupostos-de-2025-una-partida-dajuda-a-afectats-per-la-dana-de-valencia\/"]}]},{"@type":"ImageObject","inLanguage":"ca","@id":"https:\/\/santapola.es\/ca\/lajuntament-de-santa-pola-creara-en-els-pressupostos-de-2025-una-partida-dajuda-a-afectats-per-la-dana-de-valencia\/#primaryimage","url":"https:\/\/santapola.es\/wp-content\/uploads\/2024\/11\/2024-11-29-pleno-minuto-silencio.jpg","contentUrl":"https:\/\/santapola.es\/wp-content\/uploads\/2024\/11\/2024-11-29-pleno-minuto-silencio.jpg","width":1629,"height":978},{"@type":"BreadcrumbList","@id":"https:\/\/santapola.es\/ca\/lajuntament-de-santa-pola-creara-en-els-pressupostos-de-2025-una-partida-dajuda-a-afectats-per-la-dana-de-valencia\/#breadcrumb","itemListElement":[{"@type":"ListItem","position":1,"name":"Inici","item":"https:\/\/santapola.es\/ca\/"},{"@type":"ListItem","position":2,"name":"L&#8217;Ajuntament de Santa Pola crear\u00e0 en els pressupostos de 2025 una partida d&#8217;ajuda a afectats per la DANA de Val\u00e8ncia"}]},{"@type":"WebSite","@id":"https:\/\/santapola.es\/ca\/#website","url":"https:\/\/santapola.es\/ca\/","name":"Ayuntamiento de Santa Pola","description":"Web de l'Ajuntament de Santa Pola","potentialAction":[{"@type":"SearchAction","target":{"@type":"EntryPoint","urlTemplate":"https:\/\/santapola.es\/ca\/?s={search_term_string}"},"query-input":{"@type":"PropertyValueSpecification","valueRequired":true,"valueName":"search_term_string"}}],"inLanguage":"ca"},{"@type":"Person","@id":"https:\/\/santapola.es\/ca\/#\/schema\/person\/ad1d67403707b58350c7be5e8dbc442d","name":"Jos\u00e9 Juan L\u00f3pez Lafuente"}]}},"_links":{"self":[{"href":"https:\/\/santapola.es\/ca\/wp-json\/wp\/v2\/posts\/40271","targetHints":{"allow":["GET"]}}],"collection":[{"href":"https:\/\/santapola.es\/ca\/wp-json\/wp\/v2\/posts"}],"about":[{"href":"https:\/\/santapola.es\/ca\/wp-json\/wp\/v2\/types\/post"}],"author":[{"embeddable":true,"href":"https:\/\/santapola.es\/ca\/wp-json\/wp\/v2\/users\/96"}],"replies":[{"embeddable":true,"href":"https:\/\/santapola.es\/ca\/wp-json\/wp\/v2\/comments?post=40271"}],"version-history":[{"count":0,"href":"https:\/\/santapola.es\/ca\/wp-json\/wp\/v2\/posts\/40271\/revisions"}],"wp:featuredmedia":[{"embeddable":true,"href":"https:\/\/santapola.es\/ca\/wp-json\/wp\/v2\/media\/40269"}],"wp:attachment":[{"href":"https:\/\/santapola.es\/ca\/wp-json\/wp\/v2\/media?parent=40271"}],"wp:term":[{"taxonomy":"category","embeddable":true,"href":"https:\/\/santapola.es\/ca\/wp-json\/wp\/v2\/categories?post=40271"},{"taxonomy":"post_tag","embeddable":true,"href":"https:\/\/santapola.es\/ca\/wp-json\/wp\/v2\/tags?post=40271"}],"curies":[{"name":"wp","href":"https:\/\/api.w.org\/{rel}","templated":true}]}}