{"id":40228,"date":"2024-11-25T13:02:27","date_gmt":"2024-11-25T12:02:27","guid":{"rendered":"https:\/\/santapola.es\/?p=40228"},"modified":"2024-11-25T13:59:41","modified_gmt":"2024-11-25T12:59:41","slug":"santa-pola-commemora-el-25-n-posant-el-focus-en-la-violencia-vicaria","status":"publish","type":"post","link":"https:\/\/santapola.es\/ca\/santa-pola-commemora-el-25-n-posant-el-focus-en-la-violencia-vicaria\/","title":{"rendered":"Santa Pola commemora el 25-N posant el focus en la viol\u00e8ncia vic\u00e0ria"},"content":{"rendered":"<p><strong>La comunitat escolar protagonitza una jornada de conviv\u00e8ncia amb l&#8217;elaboraci\u00f3 d&#8217;una pancarta al Castell Fortalesa, on s&#8217;ha llegit un manifest per l&#8217;eliminaci\u00f3 de la viol\u00e8ncia contra les dones i s&#8217;ha guardat un minut de silenci per les v\u00edctimes.<\/strong><\/p>\n<p>Santa Pola ha commemorat este mat\u00ed el Dia Internacional de l&#8217;Eliminaci\u00f3 de la Viol\u00e8ncia Contra les Dones llan\u00e7ant des de la Regidoria de Servicis Socials la campanya institucional que centra el focus en la viol\u00e8ncia vic\u00e0ria. Este tipus de viol\u00e8ncia, juntament amb la viol\u00e8ncia psicol\u00f2gica, t\u00e9 un efecte m\u00e9s extrem si cap que la f\u00edsica, perqu\u00e8 va dirigida a fer mal a les dones per mitj\u00e0 de la instrumentalitzaci\u00f3 de les seues filles i fills. D&#8217;esta manera, fent mal als menors, la dona \u00e9s v\u00edctima d&#8217;un mal i un dolor del qual no es recuperar\u00e0 mai. Sense arribar a matar-la, estar\u00e0 morta en vida.<\/p>\n<p>L&#8217;Ajuntament de Santa Pola condemna qualsevol tipus de viol\u00e8ncia i agressi\u00f3 cap a les dones, i especialment la que s&#8217;exercix sobre els seus fills i filles de manera instrumental. Brinda el seu suport a les\u00a0 v\u00edctimes i els recorda que des de l&#8217;Ajuntament se&#8217;ls prestar\u00e0 tota l&#8217;atenci\u00f3 i ajuda necess\u00e0ria.<\/p>\n<p><iframe loading=\"lazy\" title=\"25N D\u00eda Internacional de la Eliminaci\u00f3n de la Violencia Contra las Mujeres\" width=\"1080\" height=\"608\" src=\"https:\/\/www.youtube.com\/embed\/dJsvMMWOzr4?feature=oembed\"  allow=\"accelerometer; autoplay; clipboard-write; encrypted-media; gyroscope; picture-in-picture; web-share\" referrerpolicy=\"strict-origin-when-cross-origin\" allowfullscreen><\/iframe><\/p>\n<p><strong>Acte institucional al Castell Fortalesa<\/strong><\/p>\n<p>Durant el mat\u00ed s&#8217;ha organitzat al pati d&#8217;armes del Castell Fortalesa una jornada de conviv\u00e8ncia escolar en la qual centenars d&#8217;estudiants han pogut participar en tallers i han elaborat una gran pancarta reivindicativa d&#8217;este dia, en la qual han anat pegant els grans lla\u00e7os violeta elaborats per la comunitat escolar.<\/p>\n<p>A les dotze en punt la regidora de Servicis Socials, Gela Roche, ha llegit la declaraci\u00f3 institucional contra la viol\u00e8ncia de g\u00e8nere aprovada per unanimitat en el XII Ple de la Federaci\u00f3 Espanyola de Municipis i Prov\u00edncies, despr\u00e9s de la qual cosa s&#8217;ha guardat un minut de silenci en record de les v\u00edctimes seguit de la solta de globus de color morat.<\/p>\n<p>L&#8217;alcaldessa Loreto Serrano ha clausurat l&#8217;acte dirigint-se als alumnes i alumnes dels centres educatius de Santa Pola que han participat en les activitats, recordant-los la import\u00e0ncia d&#8217;aprendre com actuar en el cas de veure&#8217;s afectades personalment o ser testimonis d&#8217;un escenari de viol\u00e8ncia masclista.<\/p>\n<p><iframe loading=\"lazy\" title=\"Santa Pola conmemora el 25-N poniendo el foco en la violencia vicaria\" width=\"1080\" height=\"608\" src=\"https:\/\/www.youtube.com\/embed\/csTJXNc3SRQ?feature=oembed\"  allow=\"accelerometer; autoplay; clipboard-write; encrypted-media; gyroscope; picture-in-picture; web-share\" referrerpolicy=\"strict-origin-when-cross-origin\" allowfullscreen><\/iframe><\/p>\n<p><strong>Declaraci\u00f3 institucional<\/strong><\/p>\n<p>La defensa dels principis d&#8217;igualtat, seguretat, llibertat, integritat i dignitat inherents a tots els \u00e9ssers humans \u00e9s una prioritat per a la Federaci\u00f3 Espanyola de Municipis i Prov\u00edncies, en el seu paper de m\u00e0xim representant dels interessos i preocupacions de les Entitats Locals. I, en esta l\u00ednia, es compromet amb la lluita contra la viol\u00e8ncia que s&#8217;exercix contra les dones, pel mer fet de ser-ho, i contra les seues filles i fills.<\/p>\n<p>Una prioritat que naix de la resposta local, compartida amb una ciutadania que, despr\u00e9s de 40 anys de democr\u00e0cia, reclama deixar de ser valenta, per a comen\u00e7ar a ser lliure.<\/p>\n<p>Una societat legalment igualit\u00e0ria, amb un marc jur\u00eddic que ens situa a l&#8217;avantguarda dels pa\u00efsos de l&#8217;entorn, a nivell estatal i auton\u00f2mic, per\u00f2 on les xifres de morts i agressions contra les dones i les seues filles i fills continuen sent aclaparadores, impulsant la necessitat de continuar incrementant els esfor\u00e7os per a donar una resposta integral a les v\u00edctimes i erradicar aquelles actituds i comportaments que reprodu\u00efxen la desigualtat i que estan en l&#8217;origen de la viol\u00e8ncia de g\u00e8nere, contribuint a perpetuar-la.<\/p>\n<p>El Pacte d&#8217;Estat en Mat\u00e8ria de Viol\u00e8ncia de G\u00e8nere, aprovat el 28 de setembre de 2017 pel Congr\u00e9s dels Diputats, \u00e9s la reacci\u00f3 a una situaci\u00f3 vigent en moltes llars i que marca un full de ruta consensuat amb tots els agents socials i pol\u00edtics implicats, entre les mesures dels quals m\u00e9s importants destaca la recuperaci\u00f3 de compet\u00e8ncies per part dels Ajuntaments en mat\u00e8ria d&#8217;igualtat i contra la viol\u00e8ncia de g\u00e8nere.<\/p>\n<p>No hem d&#8217;oblidar que la millor i m\u00e9s efica\u00e7 manera d&#8217;erradicar la viol\u00e8ncia de g\u00e8nere \u00e9s implementar pol\u00edtiques p\u00fabliques en mat\u00e8ria d&#8217;igualtat. La prevenci\u00f3 \u00e9s la principal ferramenta per a fer dels nostres pobles i ciutats llocs en els quals la igualtat real siga un fet. D&#8217;aqu\u00ed ve que el comprom\u00eds diari dels Governs Locals ha de continuar traduint-se en l&#8217;elaboraci\u00f3 de mesures, normes, programes i plans que es convertisquen, en la pr\u00e0ctica, en instrument de sensibilitzaci\u00f3 social.<\/p>\n<p>En este sentit, ha sigut fonamental que les Entitats Locals hagen recuperat les seues compet\u00e8ncies en mat\u00e8ria d&#8217;igualtat i contra la viol\u00e8ncia de g\u00e8nere. El nostre comprom\u00eds amb l&#8217;erradicaci\u00f3 de la viol\u00e8ncia masclista \u00e9s decidit i real. Per aix\u00f2, els Ajuntaments han de disposar de tots els servicis i recursos que les dones v\u00edctimes precisen per a poder eixir de la situaci\u00f3 de viol\u00e8ncia, i reparar, en la mesura que siga possible, el mal causat per esta.<\/p>\n<p>S\u00f3n, els Ajuntaments, Diputacions, Cap\u00edtols i Consells Insulars les administracions clau per a l&#8217;impuls d&#8217;estrat\u00e8gies de sensibilitzaci\u00f3, detecci\u00f3, acompanyament, recuperaci\u00f3 i protecci\u00f3 de v\u00edctimes, aix\u00ed com per a la implementaci\u00f3 de mesures integrals i eficaces que simbolitzen, al seu torn, l&#8217;aposta ferma per les pol\u00edtiques preventives i d&#8217;intervenci\u00f3 des de les edats m\u00e9s primerenques.<\/p>\n<p>Per tot aix\u00f2, el XII Ple de la Federaci\u00f3 Espanyola de Municipis i Prov\u00edncies, planteja renovar el comprom\u00eds dels Governs Locals amb el reconeixement i defensa dels drets de les dones. Perqu\u00e8 nom\u00e9s aconseguirem erradicar la Viol\u00e8ncia de G\u00e8nere quan reconeguem la plena ciutadania de la mitat de la poblaci\u00f3, les dones.<\/p>\n","protected":false},"excerpt":{"rendered":"<p>La comunitat escolar protagonitza una jornada de conviv\u00e8ncia amb l&#8217;elaboraci\u00f3 d&#8217;una pancarta al Castell Fortalesa, on s&#8217;ha llegit un manifest per l&#8217;eliminaci\u00f3 de la viol\u00e8ncia contra les dones i s&#8217;ha guardat un minut de silenci per les v\u00edctimes. Santa Pola ha commemorat este mat\u00ed el Dia Internacional de l&#8217;Eliminaci\u00f3 de la Viol\u00e8ncia Contra les Dones [&hellip;]<\/p>\n","protected":false},"author":96,"featured_media":40226,"comment_status":"closed","ping_status":"closed","sticky":false,"template":"","format":"standard","meta":{"_et_pb_use_builder":"","_et_pb_old_content":"","_et_gb_content_width":"","footnotes":""},"categories":[653,452],"tags":[1175,525,487,1190,940],"class_list":["post-40228","post","type-post","status-publish","format-standard","has-post-thumbnail","hentry","category-igualtat","category-serveis-socials","tag-25-n-ca","tag-gela-roche-ca","tag-loreto-serrano-ca","tag-viol","tag-violencia-vicaria-ca"],"yoast_head":"<!-- This site is optimized with the Yoast SEO plugin v27.4 - https:\/\/yoast.com\/product\/yoast-seo-wordpress\/ -->\n<title>Santa Pola commemora el 25-N posant el focus en la viol\u00e8ncia vic\u00e0ria - Ajuntament de Santa Pola<\/title>\n<meta name=\"robots\" content=\"index, follow, max-snippet:-1, max-image-preview:large, max-video-preview:-1\" \/>\n<link rel=\"canonical\" href=\"https:\/\/santapola.es\/ca\/santa-pola-commemora-el-25-n-posant-el-focus-en-la-violencia-vicaria\/\" \/>\n<meta property=\"og:locale\" content=\"ca_ES\" \/>\n<meta property=\"og:type\" content=\"article\" \/>\n<meta property=\"og:title\" content=\"Santa Pola commemora el 25-N posant el focus en la viol\u00e8ncia vic\u00e0ria - Ajuntament de Santa Pola\" \/>\n<meta property=\"og:description\" content=\"La comunitat escolar protagonitza una jornada de conviv\u00e8ncia amb l&#8217;elaboraci\u00f3 d&#8217;una pancarta al Castell Fortalesa, on s&#8217;ha llegit un manifest per l&#8217;eliminaci\u00f3 de la viol\u00e8ncia contra les dones i s&#8217;ha guardat un minut de silenci per les v\u00edctimes. Santa Pola ha commemorat este mat\u00ed el Dia Internacional de l&#8217;Eliminaci\u00f3 de la Viol\u00e8ncia Contra les Dones [&hellip;]\" \/>\n<meta property=\"og:url\" content=\"https:\/\/santapola.es\/ca\/santa-pola-commemora-el-25-n-posant-el-focus-en-la-violencia-vicaria\/\" \/>\n<meta property=\"og:site_name\" content=\"Ajuntament de Santa Pola\" \/>\n<meta property=\"article:publisher\" content=\"https:\/\/www.facebook.com\/AyuntamientoSantaPola\/\" \/>\n<meta property=\"article:published_time\" content=\"2024-11-25T12:02:27+00:00\" \/>\n<meta property=\"article:modified_time\" content=\"2024-11-25T12:59:41+00:00\" \/>\n<meta property=\"og:image\" content=\"https:\/\/santapola.es\/wp-content\/uploads\/2024\/11\/IMG_7843-copia.jpg\" \/>\n\t<meta property=\"og:image:width\" content=\"1920\" \/>\n\t<meta property=\"og:image:height\" content=\"1440\" \/>\n\t<meta property=\"og:image:type\" content=\"image\/jpeg\" \/>\n<meta name=\"author\" content=\"Jos\u00e9 Juan L\u00f3pez Lafuente\" \/>\n<meta name=\"twitter:card\" content=\"summary_large_image\" \/>\n<meta name=\"twitter:creator\" content=\"@SantaPolaAyunt\" \/>\n<meta name=\"twitter:site\" content=\"@SantaPolaAyunt\" \/>\n<script type=\"application\/ld+json\" class=\"yoast-schema-graph\">{\"@context\":\"https:\\\/\\\/schema.org\",\"@graph\":[{\"@type\":\"Article\",\"@id\":\"https:\\\/\\\/santapola.es\\\/ca\\\/santa-pola-commemora-el-25-n-posant-el-focus-en-la-violencia-vicaria\\\/#article\",\"isPartOf\":{\"@id\":\"https:\\\/\\\/santapola.es\\\/ca\\\/santa-pola-commemora-el-25-n-posant-el-focus-en-la-violencia-vicaria\\\/\"},\"author\":{\"name\":\"Jos\u00e9 Juan L\u00f3pez Lafuente\",\"@id\":\"https:\\\/\\\/santapola.es\\\/ca\\\/#\\\/schema\\\/person\\\/ad1d67403707b58350c7be5e8dbc442d\"},\"headline\":\"Santa Pola commemora el 25-N posant el focus en la viol\u00e8ncia vic\u00e0ria\",\"datePublished\":\"2024-11-25T12:02:27+00:00\",\"dateModified\":\"2024-11-25T12:59:41+00:00\",\"mainEntityOfPage\":{\"@id\":\"https:\\\/\\\/santapola.es\\\/ca\\\/santa-pola-commemora-el-25-n-posant-el-focus-en-la-violencia-vicaria\\\/\"},\"wordCount\":1010,\"image\":{\"@id\":\"https:\\\/\\\/santapola.es\\\/ca\\\/santa-pola-commemora-el-25-n-posant-el-focus-en-la-violencia-vicaria\\\/#primaryimage\"},\"thumbnailUrl\":\"https:\\\/\\\/santapola.es\\\/wp-content\\\/uploads\\\/2024\\\/11\\\/IMG_7843-copia.jpg\",\"keywords\":[\"25-N\",\"Gela Roche\",\"Loreto Serrano\",\"viol\",\"violencia vicaria\"],\"articleSection\":[\"Igualtat\",\"Serveis Socials\"],\"inLanguage\":\"ca\"},{\"@type\":\"WebPage\",\"@id\":\"https:\\\/\\\/santapola.es\\\/ca\\\/santa-pola-commemora-el-25-n-posant-el-focus-en-la-violencia-vicaria\\\/\",\"url\":\"https:\\\/\\\/santapola.es\\\/ca\\\/santa-pola-commemora-el-25-n-posant-el-focus-en-la-violencia-vicaria\\\/\",\"name\":\"Santa Pola commemora el 25-N posant el focus en la viol\u00e8ncia vic\u00e0ria - Ajuntament de Santa Pola\",\"isPartOf\":{\"@id\":\"https:\\\/\\\/santapola.es\\\/ca\\\/#website\"},\"primaryImageOfPage\":{\"@id\":\"https:\\\/\\\/santapola.es\\\/ca\\\/santa-pola-commemora-el-25-n-posant-el-focus-en-la-violencia-vicaria\\\/#primaryimage\"},\"image\":{\"@id\":\"https:\\\/\\\/santapola.es\\\/ca\\\/santa-pola-commemora-el-25-n-posant-el-focus-en-la-violencia-vicaria\\\/#primaryimage\"},\"thumbnailUrl\":\"https:\\\/\\\/santapola.es\\\/wp-content\\\/uploads\\\/2024\\\/11\\\/IMG_7843-copia.jpg\",\"datePublished\":\"2024-11-25T12:02:27+00:00\",\"dateModified\":\"2024-11-25T12:59:41+00:00\",\"author\":{\"@id\":\"https:\\\/\\\/santapola.es\\\/ca\\\/#\\\/schema\\\/person\\\/ad1d67403707b58350c7be5e8dbc442d\"},\"breadcrumb\":{\"@id\":\"https:\\\/\\\/santapola.es\\\/ca\\\/santa-pola-commemora-el-25-n-posant-el-focus-en-la-violencia-vicaria\\\/#breadcrumb\"},\"inLanguage\":\"ca\",\"potentialAction\":[{\"@type\":\"ReadAction\",\"target\":[\"https:\\\/\\\/santapola.es\\\/ca\\\/santa-pola-commemora-el-25-n-posant-el-focus-en-la-violencia-vicaria\\\/\"]}]},{\"@type\":\"ImageObject\",\"inLanguage\":\"ca\",\"@id\":\"https:\\\/\\\/santapola.es\\\/ca\\\/santa-pola-commemora-el-25-n-posant-el-focus-en-la-violencia-vicaria\\\/#primaryimage\",\"url\":\"https:\\\/\\\/santapola.es\\\/wp-content\\\/uploads\\\/2024\\\/11\\\/IMG_7843-copia.jpg\",\"contentUrl\":\"https:\\\/\\\/santapola.es\\\/wp-content\\\/uploads\\\/2024\\\/11\\\/IMG_7843-copia.jpg\",\"width\":1920,\"height\":1440},{\"@type\":\"BreadcrumbList\",\"@id\":\"https:\\\/\\\/santapola.es\\\/ca\\\/santa-pola-commemora-el-25-n-posant-el-focus-en-la-violencia-vicaria\\\/#breadcrumb\",\"itemListElement\":[{\"@type\":\"ListItem\",\"position\":1,\"name\":\"Inici\",\"item\":\"https:\\\/\\\/santapola.es\\\/ca\\\/\"},{\"@type\":\"ListItem\",\"position\":2,\"name\":\"Santa Pola commemora el 25-N posant el focus en la viol\u00e8ncia vic\u00e0ria\"}]},{\"@type\":\"WebSite\",\"@id\":\"https:\\\/\\\/santapola.es\\\/ca\\\/#website\",\"url\":\"https:\\\/\\\/santapola.es\\\/ca\\\/\",\"name\":\"Ayuntamiento de Santa Pola\",\"description\":\"Web de l'Ajuntament de Santa Pola\",\"potentialAction\":[{\"@type\":\"SearchAction\",\"target\":{\"@type\":\"EntryPoint\",\"urlTemplate\":\"https:\\\/\\\/santapola.es\\\/ca\\\/?s={search_term_string}\"},\"query-input\":{\"@type\":\"PropertyValueSpecification\",\"valueRequired\":true,\"valueName\":\"search_term_string\"}}],\"inLanguage\":\"ca\"},{\"@type\":\"Person\",\"@id\":\"https:\\\/\\\/santapola.es\\\/ca\\\/#\\\/schema\\\/person\\\/ad1d67403707b58350c7be5e8dbc442d\",\"name\":\"Jos\u00e9 Juan L\u00f3pez Lafuente\"}]}<\/script>\n<!-- \/ Yoast SEO plugin. -->","yoast_head_json":{"title":"Santa Pola commemora el 25-N posant el focus en la viol\u00e8ncia vic\u00e0ria - Ajuntament de Santa Pola","robots":{"index":"index","follow":"follow","max-snippet":"max-snippet:-1","max-image-preview":"max-image-preview:large","max-video-preview":"max-video-preview:-1"},"canonical":"https:\/\/santapola.es\/ca\/santa-pola-commemora-el-25-n-posant-el-focus-en-la-violencia-vicaria\/","og_locale":"ca_ES","og_type":"article","og_title":"Santa Pola commemora el 25-N posant el focus en la viol\u00e8ncia vic\u00e0ria - Ajuntament de Santa Pola","og_description":"La comunitat escolar protagonitza una jornada de conviv\u00e8ncia amb l&#8217;elaboraci\u00f3 d&#8217;una pancarta al Castell Fortalesa, on s&#8217;ha llegit un manifest per l&#8217;eliminaci\u00f3 de la viol\u00e8ncia contra les dones i s&#8217;ha guardat un minut de silenci per les v\u00edctimes. Santa Pola ha commemorat este mat\u00ed el Dia Internacional de l&#8217;Eliminaci\u00f3 de la Viol\u00e8ncia Contra les Dones [&hellip;]","og_url":"https:\/\/santapola.es\/ca\/santa-pola-commemora-el-25-n-posant-el-focus-en-la-violencia-vicaria\/","og_site_name":"Ajuntament de Santa Pola","article_publisher":"https:\/\/www.facebook.com\/AyuntamientoSantaPola\/","article_published_time":"2024-11-25T12:02:27+00:00","article_modified_time":"2024-11-25T12:59:41+00:00","og_image":[{"width":1920,"height":1440,"url":"https:\/\/santapola.es\/wp-content\/uploads\/2024\/11\/IMG_7843-copia.jpg","type":"image\/jpeg"}],"author":"Jos\u00e9 Juan L\u00f3pez Lafuente","twitter_card":"summary_large_image","twitter_creator":"@SantaPolaAyunt","twitter_site":"@SantaPolaAyunt","schema":{"@context":"https:\/\/schema.org","@graph":[{"@type":"Article","@id":"https:\/\/santapola.es\/ca\/santa-pola-commemora-el-25-n-posant-el-focus-en-la-violencia-vicaria\/#article","isPartOf":{"@id":"https:\/\/santapola.es\/ca\/santa-pola-commemora-el-25-n-posant-el-focus-en-la-violencia-vicaria\/"},"author":{"name":"Jos\u00e9 Juan L\u00f3pez Lafuente","@id":"https:\/\/santapola.es\/ca\/#\/schema\/person\/ad1d67403707b58350c7be5e8dbc442d"},"headline":"Santa Pola commemora el 25-N posant el focus en la viol\u00e8ncia vic\u00e0ria","datePublished":"2024-11-25T12:02:27+00:00","dateModified":"2024-11-25T12:59:41+00:00","mainEntityOfPage":{"@id":"https:\/\/santapola.es\/ca\/santa-pola-commemora-el-25-n-posant-el-focus-en-la-violencia-vicaria\/"},"wordCount":1010,"image":{"@id":"https:\/\/santapola.es\/ca\/santa-pola-commemora-el-25-n-posant-el-focus-en-la-violencia-vicaria\/#primaryimage"},"thumbnailUrl":"https:\/\/santapola.es\/wp-content\/uploads\/2024\/11\/IMG_7843-copia.jpg","keywords":["25-N","Gela Roche","Loreto Serrano","viol","violencia vicaria"],"articleSection":["Igualtat","Serveis Socials"],"inLanguage":"ca"},{"@type":"WebPage","@id":"https:\/\/santapola.es\/ca\/santa-pola-commemora-el-25-n-posant-el-focus-en-la-violencia-vicaria\/","url":"https:\/\/santapola.es\/ca\/santa-pola-commemora-el-25-n-posant-el-focus-en-la-violencia-vicaria\/","name":"Santa Pola commemora el 25-N posant el focus en la viol\u00e8ncia vic\u00e0ria - Ajuntament de Santa Pola","isPartOf":{"@id":"https:\/\/santapola.es\/ca\/#website"},"primaryImageOfPage":{"@id":"https:\/\/santapola.es\/ca\/santa-pola-commemora-el-25-n-posant-el-focus-en-la-violencia-vicaria\/#primaryimage"},"image":{"@id":"https:\/\/santapola.es\/ca\/santa-pola-commemora-el-25-n-posant-el-focus-en-la-violencia-vicaria\/#primaryimage"},"thumbnailUrl":"https:\/\/santapola.es\/wp-content\/uploads\/2024\/11\/IMG_7843-copia.jpg","datePublished":"2024-11-25T12:02:27+00:00","dateModified":"2024-11-25T12:59:41+00:00","author":{"@id":"https:\/\/santapola.es\/ca\/#\/schema\/person\/ad1d67403707b58350c7be5e8dbc442d"},"breadcrumb":{"@id":"https:\/\/santapola.es\/ca\/santa-pola-commemora-el-25-n-posant-el-focus-en-la-violencia-vicaria\/#breadcrumb"},"inLanguage":"ca","potentialAction":[{"@type":"ReadAction","target":["https:\/\/santapola.es\/ca\/santa-pola-commemora-el-25-n-posant-el-focus-en-la-violencia-vicaria\/"]}]},{"@type":"ImageObject","inLanguage":"ca","@id":"https:\/\/santapola.es\/ca\/santa-pola-commemora-el-25-n-posant-el-focus-en-la-violencia-vicaria\/#primaryimage","url":"https:\/\/santapola.es\/wp-content\/uploads\/2024\/11\/IMG_7843-copia.jpg","contentUrl":"https:\/\/santapola.es\/wp-content\/uploads\/2024\/11\/IMG_7843-copia.jpg","width":1920,"height":1440},{"@type":"BreadcrumbList","@id":"https:\/\/santapola.es\/ca\/santa-pola-commemora-el-25-n-posant-el-focus-en-la-violencia-vicaria\/#breadcrumb","itemListElement":[{"@type":"ListItem","position":1,"name":"Inici","item":"https:\/\/santapola.es\/ca\/"},{"@type":"ListItem","position":2,"name":"Santa Pola commemora el 25-N posant el focus en la viol\u00e8ncia vic\u00e0ria"}]},{"@type":"WebSite","@id":"https:\/\/santapola.es\/ca\/#website","url":"https:\/\/santapola.es\/ca\/","name":"Ayuntamiento de Santa Pola","description":"Web de l'Ajuntament de Santa Pola","potentialAction":[{"@type":"SearchAction","target":{"@type":"EntryPoint","urlTemplate":"https:\/\/santapola.es\/ca\/?s={search_term_string}"},"query-input":{"@type":"PropertyValueSpecification","valueRequired":true,"valueName":"search_term_string"}}],"inLanguage":"ca"},{"@type":"Person","@id":"https:\/\/santapola.es\/ca\/#\/schema\/person\/ad1d67403707b58350c7be5e8dbc442d","name":"Jos\u00e9 Juan L\u00f3pez Lafuente"}]}},"_links":{"self":[{"href":"https:\/\/santapola.es\/ca\/wp-json\/wp\/v2\/posts\/40228","targetHints":{"allow":["GET"]}}],"collection":[{"href":"https:\/\/santapola.es\/ca\/wp-json\/wp\/v2\/posts"}],"about":[{"href":"https:\/\/santapola.es\/ca\/wp-json\/wp\/v2\/types\/post"}],"author":[{"embeddable":true,"href":"https:\/\/santapola.es\/ca\/wp-json\/wp\/v2\/users\/96"}],"replies":[{"embeddable":true,"href":"https:\/\/santapola.es\/ca\/wp-json\/wp\/v2\/comments?post=40228"}],"version-history":[{"count":0,"href":"https:\/\/santapola.es\/ca\/wp-json\/wp\/v2\/posts\/40228\/revisions"}],"wp:featuredmedia":[{"embeddable":true,"href":"https:\/\/santapola.es\/ca\/wp-json\/wp\/v2\/media\/40226"}],"wp:attachment":[{"href":"https:\/\/santapola.es\/ca\/wp-json\/wp\/v2\/media?parent=40228"}],"wp:term":[{"taxonomy":"category","embeddable":true,"href":"https:\/\/santapola.es\/ca\/wp-json\/wp\/v2\/categories?post=40228"},{"taxonomy":"post_tag","embeddable":true,"href":"https:\/\/santapola.es\/ca\/wp-json\/wp\/v2\/tags?post=40228"}],"curies":[{"name":"wp","href":"https:\/\/api.w.org\/{rel}","templated":true}]}}