{"id":40036,"date":"2024-11-14T10:15:56","date_gmt":"2024-11-14T09:15:56","guid":{"rendered":"https:\/\/santapola.es\/?p=40036"},"modified":"2024-11-14T10:17:08","modified_gmt":"2024-11-14T09:17:08","slug":"les-oficines-municipals-de-gran-alacant-estaran-tancades-dema-divendres-per-a-organitzar-el-seu-trasllat-temporal-al-life-resort","status":"publish","type":"post","link":"https:\/\/santapola.es\/ca\/les-oficines-municipals-de-gran-alacant-estaran-tancades-dema-divendres-per-a-organitzar-el-seu-trasllat-temporal-al-life-resort\/","title":{"rendered":"Les oficines municipals de Gran Alacant estaran tancades dem\u00e0 divendres per a organitzar el seu trasllat temporal al Life Resort"},"content":{"rendered":"<p><strong>L&#8217;atenci\u00f3 als ve\u00efns de Gran Alacant es prestar\u00e0 a partir del pr\u00f2xim dilluns 18 de novembre en les oficines municipals del Life Resort, mentres s&#8217;executen les obres de millora de l&#8217;actual seu. El divendres 15 no hi haur\u00e0 atenci\u00f3 al ciutad\u00e0 i es tancaran per a preparar el trasllat.<\/strong><\/p>\n<p>Dem\u00e0 divendres, 15 de novembre, les oficines municipals de l&#8217;Ajuntament de Santa Pola en Gran Alacant romandran tancades al p\u00fablic. El motiu \u00e9s que a partir del dilluns 18, l&#8217;atenci\u00f3 als ve\u00efns del barri es reubicar\u00e0 de manera provisional a les oficines que l&#8217;ajuntament t\u00e9 en el Life Resort, al carrer Muntanya de Santa Pola, i s&#8217;aprofitar\u00e0 la jornada del divendres per a realitzar el trasllat d&#8217;infraestructures i mobiliari.<\/p>\n<p>S&#8217;executaran obres de remodelaci\u00f3 de les oficines en l&#8217;edifici municipal de l&#8217;avinguda d&#8217;Escandin\u00e0via, on s&#8217;adaptar\u00e0 l&#8217;espai disponible d&#8217;una forma m\u00e9s di\u00e0fana, amb renovaci\u00f3 del paviment i la il\u00b7luminaci\u00f3 amb criteris d&#8217;efici\u00e8ncia energ\u00e8tica.<\/p>\n<p>Una iniciativa demandada pels ve\u00efns de Gran Alacant que, gr\u00e0cies a esta reforma, disposaran en breu d&#8217;un millor servici d&#8217;atenci\u00f3 al ciutad\u00e0 per part de l&#8217;Ajuntament de Santa Pola, que continua sense pausa executant projectes que\u00a0 milloren la qualitat de vida en el barri.<\/p>\n","protected":false},"excerpt":{"rendered":"<p>L&#8217;atenci\u00f3 als ve\u00efns de Gran Alacant es prestar\u00e0 a partir del pr\u00f2xim dilluns 18 de novembre en les oficines municipals del Life Resort, mentres s&#8217;executen les obres de millora de l&#8217;actual seu. El divendres 15 no hi haur\u00e0 atenci\u00f3 al ciutad\u00e0 i es tancaran per a preparar el trasllat. Dem\u00e0 divendres, 15 de novembre, les [&hellip;]<\/p>\n","protected":false},"author":96,"featured_media":40034,"comment_status":"closed","ping_status":"closed","sticky":false,"template":"","format":"standard","meta":{"_et_pb_use_builder":"","_et_pb_old_content":"","_et_gb_content_width":"","footnotes":""},"categories":[588],"tags":[1172],"class_list":["post-40036","post","type-post","status-publish","format-standard","has-post-thumbnail","hentry","category-gran-alacant-2","tag-oficines-municipals-gran-alacant"],"yoast_head":"<!-- This site is optimized with the Yoast SEO plugin v27.4 - https:\/\/yoast.com\/product\/yoast-seo-wordpress\/ -->\n<title>Les oficines municipals de Gran Alacant estaran tancades dem\u00e0 divendres per a organitzar el seu trasllat temporal al Life Resort - Ajuntament de Santa Pola<\/title>\n<meta name=\"robots\" content=\"index, follow, max-snippet:-1, max-image-preview:large, max-video-preview:-1\" \/>\n<link rel=\"canonical\" href=\"https:\/\/santapola.es\/ca\/les-oficines-municipals-de-gran-alacant-estaran-tancades-dema-divendres-per-a-organitzar-el-seu-trasllat-temporal-al-life-resort\/\" \/>\n<meta property=\"og:locale\" content=\"ca_ES\" \/>\n<meta property=\"og:type\" content=\"article\" \/>\n<meta property=\"og:title\" content=\"Les oficines municipals de Gran Alacant estaran tancades dem\u00e0 divendres per a organitzar el seu trasllat temporal al Life Resort - Ajuntament de Santa Pola\" \/>\n<meta property=\"og:description\" content=\"L&#8217;atenci\u00f3 als ve\u00efns de Gran Alacant es prestar\u00e0 a partir del pr\u00f2xim dilluns 18 de novembre en les oficines municipals del Life Resort, mentres s&#8217;executen les obres de millora de l&#8217;actual seu. El divendres 15 no hi haur\u00e0 atenci\u00f3 al ciutad\u00e0 i es tancaran per a preparar el trasllat. Dem\u00e0 divendres, 15 de novembre, les [&hellip;]\" \/>\n<meta property=\"og:url\" content=\"https:\/\/santapola.es\/ca\/les-oficines-municipals-de-gran-alacant-estaran-tancades-dema-divendres-per-a-organitzar-el-seu-trasllat-temporal-al-life-resort\/\" \/>\n<meta property=\"og:site_name\" content=\"Ajuntament de Santa Pola\" \/>\n<meta property=\"article:publisher\" content=\"https:\/\/www.facebook.com\/AyuntamientoSantaPola\/\" \/>\n<meta property=\"article:published_time\" content=\"2024-11-14T09:15:56+00:00\" \/>\n<meta property=\"article:modified_time\" content=\"2024-11-14T09:17:08+00:00\" \/>\n<meta property=\"og:image\" content=\"https:\/\/santapola.es\/wp-content\/uploads\/2024\/11\/gran-alacant-oficinas.jpg\" \/>\n\t<meta property=\"og:image:width\" content=\"800\" \/>\n\t<meta property=\"og:image:height\" content=\"511\" \/>\n\t<meta property=\"og:image:type\" content=\"image\/jpeg\" \/>\n<meta name=\"author\" content=\"Jos\u00e9 Juan L\u00f3pez Lafuente\" \/>\n<meta name=\"twitter:card\" content=\"summary_large_image\" \/>\n<meta name=\"twitter:creator\" content=\"@SantaPolaAyunt\" \/>\n<meta name=\"twitter:site\" content=\"@SantaPolaAyunt\" \/>\n<script type=\"application\/ld+json\" class=\"yoast-schema-graph\">{\"@context\":\"https:\\\/\\\/schema.org\",\"@graph\":[{\"@type\":\"Article\",\"@id\":\"https:\\\/\\\/santapola.es\\\/ca\\\/les-oficines-municipals-de-gran-alacant-estaran-tancades-dema-divendres-per-a-organitzar-el-seu-trasllat-temporal-al-life-resort\\\/#article\",\"isPartOf\":{\"@id\":\"https:\\\/\\\/santapola.es\\\/ca\\\/les-oficines-municipals-de-gran-alacant-estaran-tancades-dema-divendres-per-a-organitzar-el-seu-trasllat-temporal-al-life-resort\\\/\"},\"author\":{\"name\":\"Jos\u00e9 Juan L\u00f3pez Lafuente\",\"@id\":\"https:\\\/\\\/santapola.es\\\/ca\\\/#\\\/schema\\\/person\\\/ad1d67403707b58350c7be5e8dbc442d\"},\"headline\":\"Les oficines municipals de Gran Alacant estaran tancades dem\u00e0 divendres per a organitzar el seu trasllat temporal al Life Resort\",\"datePublished\":\"2024-11-14T09:15:56+00:00\",\"dateModified\":\"2024-11-14T09:17:08+00:00\",\"mainEntityOfPage\":{\"@id\":\"https:\\\/\\\/santapola.es\\\/ca\\\/les-oficines-municipals-de-gran-alacant-estaran-tancades-dema-divendres-per-a-organitzar-el-seu-trasllat-temporal-al-life-resort\\\/\"},\"wordCount\":241,\"image\":{\"@id\":\"https:\\\/\\\/santapola.es\\\/ca\\\/les-oficines-municipals-de-gran-alacant-estaran-tancades-dema-divendres-per-a-organitzar-el-seu-trasllat-temporal-al-life-resort\\\/#primaryimage\"},\"thumbnailUrl\":\"https:\\\/\\\/santapola.es\\\/wp-content\\\/uploads\\\/2024\\\/11\\\/gran-alacant-oficinas.jpg\",\"keywords\":[\"oficines municipals Gran Alacant\"],\"articleSection\":[\"Gran Alacant\"],\"inLanguage\":\"ca\"},{\"@type\":\"WebPage\",\"@id\":\"https:\\\/\\\/santapola.es\\\/ca\\\/les-oficines-municipals-de-gran-alacant-estaran-tancades-dema-divendres-per-a-organitzar-el-seu-trasllat-temporal-al-life-resort\\\/\",\"url\":\"https:\\\/\\\/santapola.es\\\/ca\\\/les-oficines-municipals-de-gran-alacant-estaran-tancades-dema-divendres-per-a-organitzar-el-seu-trasllat-temporal-al-life-resort\\\/\",\"name\":\"Les oficines municipals de Gran Alacant estaran tancades dem\u00e0 divendres per a organitzar el seu trasllat temporal al Life Resort - Ajuntament de Santa Pola\",\"isPartOf\":{\"@id\":\"https:\\\/\\\/santapola.es\\\/ca\\\/#website\"},\"primaryImageOfPage\":{\"@id\":\"https:\\\/\\\/santapola.es\\\/ca\\\/les-oficines-municipals-de-gran-alacant-estaran-tancades-dema-divendres-per-a-organitzar-el-seu-trasllat-temporal-al-life-resort\\\/#primaryimage\"},\"image\":{\"@id\":\"https:\\\/\\\/santapola.es\\\/ca\\\/les-oficines-municipals-de-gran-alacant-estaran-tancades-dema-divendres-per-a-organitzar-el-seu-trasllat-temporal-al-life-resort\\\/#primaryimage\"},\"thumbnailUrl\":\"https:\\\/\\\/santapola.es\\\/wp-content\\\/uploads\\\/2024\\\/11\\\/gran-alacant-oficinas.jpg\",\"datePublished\":\"2024-11-14T09:15:56+00:00\",\"dateModified\":\"2024-11-14T09:17:08+00:00\",\"author\":{\"@id\":\"https:\\\/\\\/santapola.es\\\/ca\\\/#\\\/schema\\\/person\\\/ad1d67403707b58350c7be5e8dbc442d\"},\"breadcrumb\":{\"@id\":\"https:\\\/\\\/santapola.es\\\/ca\\\/les-oficines-municipals-de-gran-alacant-estaran-tancades-dema-divendres-per-a-organitzar-el-seu-trasllat-temporal-al-life-resort\\\/#breadcrumb\"},\"inLanguage\":\"ca\",\"potentialAction\":[{\"@type\":\"ReadAction\",\"target\":[\"https:\\\/\\\/santapola.es\\\/ca\\\/les-oficines-municipals-de-gran-alacant-estaran-tancades-dema-divendres-per-a-organitzar-el-seu-trasllat-temporal-al-life-resort\\\/\"]}]},{\"@type\":\"ImageObject\",\"inLanguage\":\"ca\",\"@id\":\"https:\\\/\\\/santapola.es\\\/ca\\\/les-oficines-municipals-de-gran-alacant-estaran-tancades-dema-divendres-per-a-organitzar-el-seu-trasllat-temporal-al-life-resort\\\/#primaryimage\",\"url\":\"https:\\\/\\\/santapola.es\\\/wp-content\\\/uploads\\\/2024\\\/11\\\/gran-alacant-oficinas.jpg\",\"contentUrl\":\"https:\\\/\\\/santapola.es\\\/wp-content\\\/uploads\\\/2024\\\/11\\\/gran-alacant-oficinas.jpg\",\"width\":800,\"height\":511},{\"@type\":\"BreadcrumbList\",\"@id\":\"https:\\\/\\\/santapola.es\\\/ca\\\/les-oficines-municipals-de-gran-alacant-estaran-tancades-dema-divendres-per-a-organitzar-el-seu-trasllat-temporal-al-life-resort\\\/#breadcrumb\",\"itemListElement\":[{\"@type\":\"ListItem\",\"position\":1,\"name\":\"Inici\",\"item\":\"https:\\\/\\\/santapola.es\\\/ca\\\/\"},{\"@type\":\"ListItem\",\"position\":2,\"name\":\"Les oficines municipals de Gran Alacant estaran tancades dem\u00e0 divendres per a organitzar el seu trasllat temporal al Life Resort\"}]},{\"@type\":\"WebSite\",\"@id\":\"https:\\\/\\\/santapola.es\\\/ca\\\/#website\",\"url\":\"https:\\\/\\\/santapola.es\\\/ca\\\/\",\"name\":\"Ayuntamiento de Santa Pola\",\"description\":\"Web de l'Ajuntament de Santa Pola\",\"potentialAction\":[{\"@type\":\"SearchAction\",\"target\":{\"@type\":\"EntryPoint\",\"urlTemplate\":\"https:\\\/\\\/santapola.es\\\/ca\\\/?s={search_term_string}\"},\"query-input\":{\"@type\":\"PropertyValueSpecification\",\"valueRequired\":true,\"valueName\":\"search_term_string\"}}],\"inLanguage\":\"ca\"},{\"@type\":\"Person\",\"@id\":\"https:\\\/\\\/santapola.es\\\/ca\\\/#\\\/schema\\\/person\\\/ad1d67403707b58350c7be5e8dbc442d\",\"name\":\"Jos\u00e9 Juan L\u00f3pez Lafuente\"}]}<\/script>\n<!-- \/ Yoast SEO plugin. -->","yoast_head_json":{"title":"Les oficines municipals de Gran Alacant estaran tancades dem\u00e0 divendres per a organitzar el seu trasllat temporal al Life Resort - Ajuntament de Santa Pola","robots":{"index":"index","follow":"follow","max-snippet":"max-snippet:-1","max-image-preview":"max-image-preview:large","max-video-preview":"max-video-preview:-1"},"canonical":"https:\/\/santapola.es\/ca\/les-oficines-municipals-de-gran-alacant-estaran-tancades-dema-divendres-per-a-organitzar-el-seu-trasllat-temporal-al-life-resort\/","og_locale":"ca_ES","og_type":"article","og_title":"Les oficines municipals de Gran Alacant estaran tancades dem\u00e0 divendres per a organitzar el seu trasllat temporal al Life Resort - Ajuntament de Santa Pola","og_description":"L&#8217;atenci\u00f3 als ve\u00efns de Gran Alacant es prestar\u00e0 a partir del pr\u00f2xim dilluns 18 de novembre en les oficines municipals del Life Resort, mentres s&#8217;executen les obres de millora de l&#8217;actual seu. El divendres 15 no hi haur\u00e0 atenci\u00f3 al ciutad\u00e0 i es tancaran per a preparar el trasllat. Dem\u00e0 divendres, 15 de novembre, les [&hellip;]","og_url":"https:\/\/santapola.es\/ca\/les-oficines-municipals-de-gran-alacant-estaran-tancades-dema-divendres-per-a-organitzar-el-seu-trasllat-temporal-al-life-resort\/","og_site_name":"Ajuntament de Santa Pola","article_publisher":"https:\/\/www.facebook.com\/AyuntamientoSantaPola\/","article_published_time":"2024-11-14T09:15:56+00:00","article_modified_time":"2024-11-14T09:17:08+00:00","og_image":[{"width":800,"height":511,"url":"https:\/\/santapola.es\/wp-content\/uploads\/2024\/11\/gran-alacant-oficinas.jpg","type":"image\/jpeg"}],"author":"Jos\u00e9 Juan L\u00f3pez Lafuente","twitter_card":"summary_large_image","twitter_creator":"@SantaPolaAyunt","twitter_site":"@SantaPolaAyunt","schema":{"@context":"https:\/\/schema.org","@graph":[{"@type":"Article","@id":"https:\/\/santapola.es\/ca\/les-oficines-municipals-de-gran-alacant-estaran-tancades-dema-divendres-per-a-organitzar-el-seu-trasllat-temporal-al-life-resort\/#article","isPartOf":{"@id":"https:\/\/santapola.es\/ca\/les-oficines-municipals-de-gran-alacant-estaran-tancades-dema-divendres-per-a-organitzar-el-seu-trasllat-temporal-al-life-resort\/"},"author":{"name":"Jos\u00e9 Juan L\u00f3pez Lafuente","@id":"https:\/\/santapola.es\/ca\/#\/schema\/person\/ad1d67403707b58350c7be5e8dbc442d"},"headline":"Les oficines municipals de Gran Alacant estaran tancades dem\u00e0 divendres per a organitzar el seu trasllat temporal al Life Resort","datePublished":"2024-11-14T09:15:56+00:00","dateModified":"2024-11-14T09:17:08+00:00","mainEntityOfPage":{"@id":"https:\/\/santapola.es\/ca\/les-oficines-municipals-de-gran-alacant-estaran-tancades-dema-divendres-per-a-organitzar-el-seu-trasllat-temporal-al-life-resort\/"},"wordCount":241,"image":{"@id":"https:\/\/santapola.es\/ca\/les-oficines-municipals-de-gran-alacant-estaran-tancades-dema-divendres-per-a-organitzar-el-seu-trasllat-temporal-al-life-resort\/#primaryimage"},"thumbnailUrl":"https:\/\/santapola.es\/wp-content\/uploads\/2024\/11\/gran-alacant-oficinas.jpg","keywords":["oficines municipals Gran Alacant"],"articleSection":["Gran Alacant"],"inLanguage":"ca"},{"@type":"WebPage","@id":"https:\/\/santapola.es\/ca\/les-oficines-municipals-de-gran-alacant-estaran-tancades-dema-divendres-per-a-organitzar-el-seu-trasllat-temporal-al-life-resort\/","url":"https:\/\/santapola.es\/ca\/les-oficines-municipals-de-gran-alacant-estaran-tancades-dema-divendres-per-a-organitzar-el-seu-trasllat-temporal-al-life-resort\/","name":"Les oficines municipals de Gran Alacant estaran tancades dem\u00e0 divendres per a organitzar el seu trasllat temporal al Life Resort - Ajuntament de Santa Pola","isPartOf":{"@id":"https:\/\/santapola.es\/ca\/#website"},"primaryImageOfPage":{"@id":"https:\/\/santapola.es\/ca\/les-oficines-municipals-de-gran-alacant-estaran-tancades-dema-divendres-per-a-organitzar-el-seu-trasllat-temporal-al-life-resort\/#primaryimage"},"image":{"@id":"https:\/\/santapola.es\/ca\/les-oficines-municipals-de-gran-alacant-estaran-tancades-dema-divendres-per-a-organitzar-el-seu-trasllat-temporal-al-life-resort\/#primaryimage"},"thumbnailUrl":"https:\/\/santapola.es\/wp-content\/uploads\/2024\/11\/gran-alacant-oficinas.jpg","datePublished":"2024-11-14T09:15:56+00:00","dateModified":"2024-11-14T09:17:08+00:00","author":{"@id":"https:\/\/santapola.es\/ca\/#\/schema\/person\/ad1d67403707b58350c7be5e8dbc442d"},"breadcrumb":{"@id":"https:\/\/santapola.es\/ca\/les-oficines-municipals-de-gran-alacant-estaran-tancades-dema-divendres-per-a-organitzar-el-seu-trasllat-temporal-al-life-resort\/#breadcrumb"},"inLanguage":"ca","potentialAction":[{"@type":"ReadAction","target":["https:\/\/santapola.es\/ca\/les-oficines-municipals-de-gran-alacant-estaran-tancades-dema-divendres-per-a-organitzar-el-seu-trasllat-temporal-al-life-resort\/"]}]},{"@type":"ImageObject","inLanguage":"ca","@id":"https:\/\/santapola.es\/ca\/les-oficines-municipals-de-gran-alacant-estaran-tancades-dema-divendres-per-a-organitzar-el-seu-trasllat-temporal-al-life-resort\/#primaryimage","url":"https:\/\/santapola.es\/wp-content\/uploads\/2024\/11\/gran-alacant-oficinas.jpg","contentUrl":"https:\/\/santapola.es\/wp-content\/uploads\/2024\/11\/gran-alacant-oficinas.jpg","width":800,"height":511},{"@type":"BreadcrumbList","@id":"https:\/\/santapola.es\/ca\/les-oficines-municipals-de-gran-alacant-estaran-tancades-dema-divendres-per-a-organitzar-el-seu-trasllat-temporal-al-life-resort\/#breadcrumb","itemListElement":[{"@type":"ListItem","position":1,"name":"Inici","item":"https:\/\/santapola.es\/ca\/"},{"@type":"ListItem","position":2,"name":"Les oficines municipals de Gran Alacant estaran tancades dem\u00e0 divendres per a organitzar el seu trasllat temporal al Life Resort"}]},{"@type":"WebSite","@id":"https:\/\/santapola.es\/ca\/#website","url":"https:\/\/santapola.es\/ca\/","name":"Ayuntamiento de Santa Pola","description":"Web de l'Ajuntament de Santa Pola","potentialAction":[{"@type":"SearchAction","target":{"@type":"EntryPoint","urlTemplate":"https:\/\/santapola.es\/ca\/?s={search_term_string}"},"query-input":{"@type":"PropertyValueSpecification","valueRequired":true,"valueName":"search_term_string"}}],"inLanguage":"ca"},{"@type":"Person","@id":"https:\/\/santapola.es\/ca\/#\/schema\/person\/ad1d67403707b58350c7be5e8dbc442d","name":"Jos\u00e9 Juan L\u00f3pez Lafuente"}]}},"_links":{"self":[{"href":"https:\/\/santapola.es\/ca\/wp-json\/wp\/v2\/posts\/40036","targetHints":{"allow":["GET"]}}],"collection":[{"href":"https:\/\/santapola.es\/ca\/wp-json\/wp\/v2\/posts"}],"about":[{"href":"https:\/\/santapola.es\/ca\/wp-json\/wp\/v2\/types\/post"}],"author":[{"embeddable":true,"href":"https:\/\/santapola.es\/ca\/wp-json\/wp\/v2\/users\/96"}],"replies":[{"embeddable":true,"href":"https:\/\/santapola.es\/ca\/wp-json\/wp\/v2\/comments?post=40036"}],"version-history":[{"count":0,"href":"https:\/\/santapola.es\/ca\/wp-json\/wp\/v2\/posts\/40036\/revisions"}],"wp:featuredmedia":[{"embeddable":true,"href":"https:\/\/santapola.es\/ca\/wp-json\/wp\/v2\/media\/40034"}],"wp:attachment":[{"href":"https:\/\/santapola.es\/ca\/wp-json\/wp\/v2\/media?parent=40036"}],"wp:term":[{"taxonomy":"category","embeddable":true,"href":"https:\/\/santapola.es\/ca\/wp-json\/wp\/v2\/categories?post=40036"},{"taxonomy":"post_tag","embeddable":true,"href":"https:\/\/santapola.es\/ca\/wp-json\/wp\/v2\/tags?post=40036"}],"curies":[{"name":"wp","href":"https:\/\/api.w.org\/{rel}","templated":true}]}}