{"id":39898,"date":"2024-11-05T13:15:26","date_gmt":"2024-11-05T12:15:26","guid":{"rendered":"https:\/\/santapola.es\/?p=39898"},"modified":"2024-11-05T13:16:44","modified_gmt":"2024-11-05T12:16:44","slug":"lajuntament-de-santa-pola-obri-la-inscripcio-al-voluntariat-per-a-ajudar-als-damnificats-de-la-riuada-de-valencia","status":"publish","type":"post","link":"https:\/\/santapola.es\/ca\/lajuntament-de-santa-pola-obri-la-inscripcio-al-voluntariat-per-a-ajudar-als-damnificats-de-la-riuada-de-valencia\/","title":{"rendered":"L&#8217;Ajuntament de Santa Pola obri la inscripci\u00f3 al voluntariat per a ajudar als damnificats de la riuada de Val\u00e8ncia"},"content":{"rendered":"<p><strong>Es crear\u00e0 un llistat de voluntariat que s&#8217;activar\u00e0 en el moment en qu\u00e8 les autoritats competents requerisquen l&#8217;assist\u00e8ncia organitzada des de Santa Pola.<\/strong><\/p>\n<p><strong>Les persones interessades, majors d&#8217;edat, es podran inscriure emplenant el formulari a trav\u00e9s d&#8217;este enlla\u00e7: <a href=\"https:\/\/bit.ly\/voluntarios-santapola\">https:\/\/bit.ly\/voluntarios-santapola<\/a><\/strong><\/p>\n<p>Tenint en compte els nombrosos oferiments que durant estos \u00faltims dies s&#8217;han fet per part de ciutadans de Santa Pola per a acudir a ajudar als damnificats de les zones afectades per la DANA a la prov\u00edncia de Val\u00e8ncia, l&#8217;Ajuntament crear\u00e0, en coordinaci\u00f3 amb les autoritats responsables de l&#8217;operatiu d&#8217;emerg\u00e8ncia, un registre de voluntaris que es podr\u00e0 activar quan des de Val\u00e8ncia sol\u00b7liciten la seua ajuda de forma organitzada.<\/p>\n<p>Aix\u00f2 permetr\u00e0 avisar i seleccionar a totes les persones que s&#8217;inscriguen en el moment en qu\u00e8 des de Val\u00e8ncia es requerisca el despla\u00e7ament de voluntaris, de manera segura i organitzada.<\/p>\n<p>Els interessats, que hauran de ser majors d&#8217;edat, poden inscriure&#8217;s a trav\u00e9s d&#8217;un formulari al qual es pot accedir a trav\u00e9s de l&#8217;enlla\u00e7 <a href=\"https:\/\/bit.ly\/voluntarios-santapola\">https:\/\/bit.ly\/voluntarios-santapola<\/a><\/p>\n","protected":false},"excerpt":{"rendered":"<p>Es crear\u00e0 un llistat de voluntariat que s&#8217;activar\u00e0 en el moment en qu\u00e8 les autoritats competents requerisquen l&#8217;assist\u00e8ncia organitzada des de Santa Pola. Les persones interessades, majors d&#8217;edat, es podran inscriure emplenant el formulari a trav\u00e9s d&#8217;este enlla\u00e7: https:\/\/bit.ly\/voluntarios-santapola Tenint en compte els nombrosos oferiments que durant estos \u00faltims dies s&#8217;han fet per part de [&hellip;]<\/p>\n","protected":false},"author":96,"featured_media":39896,"comment_status":"closed","ping_status":"closed","sticky":false,"template":"","format":"standard","meta":{"_et_pb_use_builder":"","_et_pb_old_content":"","_et_gb_content_width":"","footnotes":""},"categories":[516,1162],"tags":[1157,1156],"class_list":["post-39898","post","type-post","status-publish","format-standard","has-post-thumbnail","hentry","category-avisos-ca","category-voluntariat","tag-dana-ca","tag-inundacions-en-valencia"],"yoast_head":"<!-- This site is optimized with the Yoast SEO plugin v27.4 - https:\/\/yoast.com\/product\/yoast-seo-wordpress\/ -->\n<title>L&#039;Ajuntament de Santa Pola obri la inscripci\u00f3 al voluntariat per a ajudar als damnificats de la riuada de Val\u00e8ncia - Ajuntament de Santa Pola<\/title>\n<meta name=\"robots\" content=\"index, follow, max-snippet:-1, max-image-preview:large, max-video-preview:-1\" \/>\n<link rel=\"canonical\" href=\"https:\/\/santapola.es\/ca\/lajuntament-de-santa-pola-obri-la-inscripcio-al-voluntariat-per-a-ajudar-als-damnificats-de-la-riuada-de-valencia\/\" \/>\n<meta property=\"og:locale\" content=\"ca_ES\" \/>\n<meta property=\"og:type\" content=\"article\" \/>\n<meta property=\"og:title\" content=\"L&#039;Ajuntament de Santa Pola obri la inscripci\u00f3 al voluntariat per a ajudar als damnificats de la riuada de Val\u00e8ncia - Ajuntament de Santa Pola\" \/>\n<meta property=\"og:description\" content=\"Es crear\u00e0 un llistat de voluntariat que s&#8217;activar\u00e0 en el moment en qu\u00e8 les autoritats competents requerisquen l&#8217;assist\u00e8ncia organitzada des de Santa Pola. Les persones interessades, majors d&#8217;edat, es podran inscriure emplenant el formulari a trav\u00e9s d&#8217;este enlla\u00e7: https:\/\/bit.ly\/voluntarios-santapola Tenint en compte els nombrosos oferiments que durant estos \u00faltims dies s&#8217;han fet per part de [&hellip;]\" \/>\n<meta property=\"og:url\" content=\"https:\/\/santapola.es\/ca\/lajuntament-de-santa-pola-obri-la-inscripcio-al-voluntariat-per-a-ajudar-als-damnificats-de-la-riuada-de-valencia\/\" \/>\n<meta property=\"og:site_name\" content=\"Ajuntament de Santa Pola\" \/>\n<meta property=\"article:publisher\" content=\"https:\/\/www.facebook.com\/AyuntamientoSantaPola\/\" \/>\n<meta property=\"article:published_time\" content=\"2024-11-05T12:15:26+00:00\" \/>\n<meta property=\"article:modified_time\" content=\"2024-11-05T12:16:44+00:00\" \/>\n<meta property=\"og:image\" content=\"https:\/\/santapola.es\/wp-content\/uploads\/2024\/11\/IMG_6645.jpg\" \/>\n\t<meta property=\"og:image:width\" content=\"1920\" \/>\n\t<meta property=\"og:image:height\" content=\"1440\" \/>\n\t<meta property=\"og:image:type\" content=\"image\/jpeg\" \/>\n<meta name=\"author\" content=\"Jos\u00e9 Juan L\u00f3pez Lafuente\" \/>\n<meta name=\"twitter:card\" content=\"summary_large_image\" \/>\n<meta name=\"twitter:creator\" content=\"@SantaPolaAyunt\" \/>\n<meta name=\"twitter:site\" content=\"@SantaPolaAyunt\" \/>\n<script type=\"application\/ld+json\" class=\"yoast-schema-graph\">{\"@context\":\"https:\\\/\\\/schema.org\",\"@graph\":[{\"@type\":\"Article\",\"@id\":\"https:\\\/\\\/santapola.es\\\/ca\\\/lajuntament-de-santa-pola-obri-la-inscripcio-al-voluntariat-per-a-ajudar-als-damnificats-de-la-riuada-de-valencia\\\/#article\",\"isPartOf\":{\"@id\":\"https:\\\/\\\/santapola.es\\\/ca\\\/lajuntament-de-santa-pola-obri-la-inscripcio-al-voluntariat-per-a-ajudar-als-damnificats-de-la-riuada-de-valencia\\\/\"},\"author\":{\"name\":\"Jos\u00e9 Juan L\u00f3pez Lafuente\",\"@id\":\"https:\\\/\\\/santapola.es\\\/ca\\\/#\\\/schema\\\/person\\\/ad1d67403707b58350c7be5e8dbc442d\"},\"headline\":\"L&#8217;Ajuntament de Santa Pola obri la inscripci\u00f3 al voluntariat per a ajudar als damnificats de la riuada de Val\u00e8ncia\",\"datePublished\":\"2024-11-05T12:15:26+00:00\",\"dateModified\":\"2024-11-05T12:16:44+00:00\",\"mainEntityOfPage\":{\"@id\":\"https:\\\/\\\/santapola.es\\\/ca\\\/lajuntament-de-santa-pola-obri-la-inscripcio-al-voluntariat-per-a-ajudar-als-damnificats-de-la-riuada-de-valencia\\\/\"},\"wordCount\":213,\"image\":{\"@id\":\"https:\\\/\\\/santapola.es\\\/ca\\\/lajuntament-de-santa-pola-obri-la-inscripcio-al-voluntariat-per-a-ajudar-als-damnificats-de-la-riuada-de-valencia\\\/#primaryimage\"},\"thumbnailUrl\":\"https:\\\/\\\/santapola.es\\\/wp-content\\\/uploads\\\/2024\\\/11\\\/IMG_6645.jpg\",\"keywords\":[\"DANA\",\"inundacions en Valencia\"],\"articleSection\":[\"Avisos\",\"Voluntariat\"],\"inLanguage\":\"ca\"},{\"@type\":\"WebPage\",\"@id\":\"https:\\\/\\\/santapola.es\\\/ca\\\/lajuntament-de-santa-pola-obri-la-inscripcio-al-voluntariat-per-a-ajudar-als-damnificats-de-la-riuada-de-valencia\\\/\",\"url\":\"https:\\\/\\\/santapola.es\\\/ca\\\/lajuntament-de-santa-pola-obri-la-inscripcio-al-voluntariat-per-a-ajudar-als-damnificats-de-la-riuada-de-valencia\\\/\",\"name\":\"L'Ajuntament de Santa Pola obri la inscripci\u00f3 al voluntariat per a ajudar als damnificats de la riuada de Val\u00e8ncia - Ajuntament de Santa Pola\",\"isPartOf\":{\"@id\":\"https:\\\/\\\/santapola.es\\\/ca\\\/#website\"},\"primaryImageOfPage\":{\"@id\":\"https:\\\/\\\/santapola.es\\\/ca\\\/lajuntament-de-santa-pola-obri-la-inscripcio-al-voluntariat-per-a-ajudar-als-damnificats-de-la-riuada-de-valencia\\\/#primaryimage\"},\"image\":{\"@id\":\"https:\\\/\\\/santapola.es\\\/ca\\\/lajuntament-de-santa-pola-obri-la-inscripcio-al-voluntariat-per-a-ajudar-als-damnificats-de-la-riuada-de-valencia\\\/#primaryimage\"},\"thumbnailUrl\":\"https:\\\/\\\/santapola.es\\\/wp-content\\\/uploads\\\/2024\\\/11\\\/IMG_6645.jpg\",\"datePublished\":\"2024-11-05T12:15:26+00:00\",\"dateModified\":\"2024-11-05T12:16:44+00:00\",\"author\":{\"@id\":\"https:\\\/\\\/santapola.es\\\/ca\\\/#\\\/schema\\\/person\\\/ad1d67403707b58350c7be5e8dbc442d\"},\"breadcrumb\":{\"@id\":\"https:\\\/\\\/santapola.es\\\/ca\\\/lajuntament-de-santa-pola-obri-la-inscripcio-al-voluntariat-per-a-ajudar-als-damnificats-de-la-riuada-de-valencia\\\/#breadcrumb\"},\"inLanguage\":\"ca\",\"potentialAction\":[{\"@type\":\"ReadAction\",\"target\":[\"https:\\\/\\\/santapola.es\\\/ca\\\/lajuntament-de-santa-pola-obri-la-inscripcio-al-voluntariat-per-a-ajudar-als-damnificats-de-la-riuada-de-valencia\\\/\"]}]},{\"@type\":\"ImageObject\",\"inLanguage\":\"ca\",\"@id\":\"https:\\\/\\\/santapola.es\\\/ca\\\/lajuntament-de-santa-pola-obri-la-inscripcio-al-voluntariat-per-a-ajudar-als-damnificats-de-la-riuada-de-valencia\\\/#primaryimage\",\"url\":\"https:\\\/\\\/santapola.es\\\/wp-content\\\/uploads\\\/2024\\\/11\\\/IMG_6645.jpg\",\"contentUrl\":\"https:\\\/\\\/santapola.es\\\/wp-content\\\/uploads\\\/2024\\\/11\\\/IMG_6645.jpg\",\"width\":1920,\"height\":1440},{\"@type\":\"BreadcrumbList\",\"@id\":\"https:\\\/\\\/santapola.es\\\/ca\\\/lajuntament-de-santa-pola-obri-la-inscripcio-al-voluntariat-per-a-ajudar-als-damnificats-de-la-riuada-de-valencia\\\/#breadcrumb\",\"itemListElement\":[{\"@type\":\"ListItem\",\"position\":1,\"name\":\"Inici\",\"item\":\"https:\\\/\\\/santapola.es\\\/ca\\\/\"},{\"@type\":\"ListItem\",\"position\":2,\"name\":\"L&#8217;Ajuntament de Santa Pola obri la inscripci\u00f3 al voluntariat per a ajudar als damnificats de la riuada de Val\u00e8ncia\"}]},{\"@type\":\"WebSite\",\"@id\":\"https:\\\/\\\/santapola.es\\\/ca\\\/#website\",\"url\":\"https:\\\/\\\/santapola.es\\\/ca\\\/\",\"name\":\"Ayuntamiento de Santa Pola\",\"description\":\"Web de l'Ajuntament de Santa Pola\",\"potentialAction\":[{\"@type\":\"SearchAction\",\"target\":{\"@type\":\"EntryPoint\",\"urlTemplate\":\"https:\\\/\\\/santapola.es\\\/ca\\\/?s={search_term_string}\"},\"query-input\":{\"@type\":\"PropertyValueSpecification\",\"valueRequired\":true,\"valueName\":\"search_term_string\"}}],\"inLanguage\":\"ca\"},{\"@type\":\"Person\",\"@id\":\"https:\\\/\\\/santapola.es\\\/ca\\\/#\\\/schema\\\/person\\\/ad1d67403707b58350c7be5e8dbc442d\",\"name\":\"Jos\u00e9 Juan L\u00f3pez Lafuente\"}]}<\/script>\n<!-- \/ Yoast SEO plugin. -->","yoast_head_json":{"title":"L'Ajuntament de Santa Pola obri la inscripci\u00f3 al voluntariat per a ajudar als damnificats de la riuada de Val\u00e8ncia - Ajuntament de Santa Pola","robots":{"index":"index","follow":"follow","max-snippet":"max-snippet:-1","max-image-preview":"max-image-preview:large","max-video-preview":"max-video-preview:-1"},"canonical":"https:\/\/santapola.es\/ca\/lajuntament-de-santa-pola-obri-la-inscripcio-al-voluntariat-per-a-ajudar-als-damnificats-de-la-riuada-de-valencia\/","og_locale":"ca_ES","og_type":"article","og_title":"L'Ajuntament de Santa Pola obri la inscripci\u00f3 al voluntariat per a ajudar als damnificats de la riuada de Val\u00e8ncia - Ajuntament de Santa Pola","og_description":"Es crear\u00e0 un llistat de voluntariat que s&#8217;activar\u00e0 en el moment en qu\u00e8 les autoritats competents requerisquen l&#8217;assist\u00e8ncia organitzada des de Santa Pola. Les persones interessades, majors d&#8217;edat, es podran inscriure emplenant el formulari a trav\u00e9s d&#8217;este enlla\u00e7: https:\/\/bit.ly\/voluntarios-santapola Tenint en compte els nombrosos oferiments que durant estos \u00faltims dies s&#8217;han fet per part de [&hellip;]","og_url":"https:\/\/santapola.es\/ca\/lajuntament-de-santa-pola-obri-la-inscripcio-al-voluntariat-per-a-ajudar-als-damnificats-de-la-riuada-de-valencia\/","og_site_name":"Ajuntament de Santa Pola","article_publisher":"https:\/\/www.facebook.com\/AyuntamientoSantaPola\/","article_published_time":"2024-11-05T12:15:26+00:00","article_modified_time":"2024-11-05T12:16:44+00:00","og_image":[{"width":1920,"height":1440,"url":"https:\/\/santapola.es\/wp-content\/uploads\/2024\/11\/IMG_6645.jpg","type":"image\/jpeg"}],"author":"Jos\u00e9 Juan L\u00f3pez Lafuente","twitter_card":"summary_large_image","twitter_creator":"@SantaPolaAyunt","twitter_site":"@SantaPolaAyunt","schema":{"@context":"https:\/\/schema.org","@graph":[{"@type":"Article","@id":"https:\/\/santapola.es\/ca\/lajuntament-de-santa-pola-obri-la-inscripcio-al-voluntariat-per-a-ajudar-als-damnificats-de-la-riuada-de-valencia\/#article","isPartOf":{"@id":"https:\/\/santapola.es\/ca\/lajuntament-de-santa-pola-obri-la-inscripcio-al-voluntariat-per-a-ajudar-als-damnificats-de-la-riuada-de-valencia\/"},"author":{"name":"Jos\u00e9 Juan L\u00f3pez Lafuente","@id":"https:\/\/santapola.es\/ca\/#\/schema\/person\/ad1d67403707b58350c7be5e8dbc442d"},"headline":"L&#8217;Ajuntament de Santa Pola obri la inscripci\u00f3 al voluntariat per a ajudar als damnificats de la riuada de Val\u00e8ncia","datePublished":"2024-11-05T12:15:26+00:00","dateModified":"2024-11-05T12:16:44+00:00","mainEntityOfPage":{"@id":"https:\/\/santapola.es\/ca\/lajuntament-de-santa-pola-obri-la-inscripcio-al-voluntariat-per-a-ajudar-als-damnificats-de-la-riuada-de-valencia\/"},"wordCount":213,"image":{"@id":"https:\/\/santapola.es\/ca\/lajuntament-de-santa-pola-obri-la-inscripcio-al-voluntariat-per-a-ajudar-als-damnificats-de-la-riuada-de-valencia\/#primaryimage"},"thumbnailUrl":"https:\/\/santapola.es\/wp-content\/uploads\/2024\/11\/IMG_6645.jpg","keywords":["DANA","inundacions en Valencia"],"articleSection":["Avisos","Voluntariat"],"inLanguage":"ca"},{"@type":"WebPage","@id":"https:\/\/santapola.es\/ca\/lajuntament-de-santa-pola-obri-la-inscripcio-al-voluntariat-per-a-ajudar-als-damnificats-de-la-riuada-de-valencia\/","url":"https:\/\/santapola.es\/ca\/lajuntament-de-santa-pola-obri-la-inscripcio-al-voluntariat-per-a-ajudar-als-damnificats-de-la-riuada-de-valencia\/","name":"L'Ajuntament de Santa Pola obri la inscripci\u00f3 al voluntariat per a ajudar als damnificats de la riuada de Val\u00e8ncia - Ajuntament de Santa Pola","isPartOf":{"@id":"https:\/\/santapola.es\/ca\/#website"},"primaryImageOfPage":{"@id":"https:\/\/santapola.es\/ca\/lajuntament-de-santa-pola-obri-la-inscripcio-al-voluntariat-per-a-ajudar-als-damnificats-de-la-riuada-de-valencia\/#primaryimage"},"image":{"@id":"https:\/\/santapola.es\/ca\/lajuntament-de-santa-pola-obri-la-inscripcio-al-voluntariat-per-a-ajudar-als-damnificats-de-la-riuada-de-valencia\/#primaryimage"},"thumbnailUrl":"https:\/\/santapola.es\/wp-content\/uploads\/2024\/11\/IMG_6645.jpg","datePublished":"2024-11-05T12:15:26+00:00","dateModified":"2024-11-05T12:16:44+00:00","author":{"@id":"https:\/\/santapola.es\/ca\/#\/schema\/person\/ad1d67403707b58350c7be5e8dbc442d"},"breadcrumb":{"@id":"https:\/\/santapola.es\/ca\/lajuntament-de-santa-pola-obri-la-inscripcio-al-voluntariat-per-a-ajudar-als-damnificats-de-la-riuada-de-valencia\/#breadcrumb"},"inLanguage":"ca","potentialAction":[{"@type":"ReadAction","target":["https:\/\/santapola.es\/ca\/lajuntament-de-santa-pola-obri-la-inscripcio-al-voluntariat-per-a-ajudar-als-damnificats-de-la-riuada-de-valencia\/"]}]},{"@type":"ImageObject","inLanguage":"ca","@id":"https:\/\/santapola.es\/ca\/lajuntament-de-santa-pola-obri-la-inscripcio-al-voluntariat-per-a-ajudar-als-damnificats-de-la-riuada-de-valencia\/#primaryimage","url":"https:\/\/santapola.es\/wp-content\/uploads\/2024\/11\/IMG_6645.jpg","contentUrl":"https:\/\/santapola.es\/wp-content\/uploads\/2024\/11\/IMG_6645.jpg","width":1920,"height":1440},{"@type":"BreadcrumbList","@id":"https:\/\/santapola.es\/ca\/lajuntament-de-santa-pola-obri-la-inscripcio-al-voluntariat-per-a-ajudar-als-damnificats-de-la-riuada-de-valencia\/#breadcrumb","itemListElement":[{"@type":"ListItem","position":1,"name":"Inici","item":"https:\/\/santapola.es\/ca\/"},{"@type":"ListItem","position":2,"name":"L&#8217;Ajuntament de Santa Pola obri la inscripci\u00f3 al voluntariat per a ajudar als damnificats de la riuada de Val\u00e8ncia"}]},{"@type":"WebSite","@id":"https:\/\/santapola.es\/ca\/#website","url":"https:\/\/santapola.es\/ca\/","name":"Ayuntamiento de Santa Pola","description":"Web de l'Ajuntament de Santa Pola","potentialAction":[{"@type":"SearchAction","target":{"@type":"EntryPoint","urlTemplate":"https:\/\/santapola.es\/ca\/?s={search_term_string}"},"query-input":{"@type":"PropertyValueSpecification","valueRequired":true,"valueName":"search_term_string"}}],"inLanguage":"ca"},{"@type":"Person","@id":"https:\/\/santapola.es\/ca\/#\/schema\/person\/ad1d67403707b58350c7be5e8dbc442d","name":"Jos\u00e9 Juan L\u00f3pez Lafuente"}]}},"_links":{"self":[{"href":"https:\/\/santapola.es\/ca\/wp-json\/wp\/v2\/posts\/39898","targetHints":{"allow":["GET"]}}],"collection":[{"href":"https:\/\/santapola.es\/ca\/wp-json\/wp\/v2\/posts"}],"about":[{"href":"https:\/\/santapola.es\/ca\/wp-json\/wp\/v2\/types\/post"}],"author":[{"embeddable":true,"href":"https:\/\/santapola.es\/ca\/wp-json\/wp\/v2\/users\/96"}],"replies":[{"embeddable":true,"href":"https:\/\/santapola.es\/ca\/wp-json\/wp\/v2\/comments?post=39898"}],"version-history":[{"count":0,"href":"https:\/\/santapola.es\/ca\/wp-json\/wp\/v2\/posts\/39898\/revisions"}],"wp:featuredmedia":[{"embeddable":true,"href":"https:\/\/santapola.es\/ca\/wp-json\/wp\/v2\/media\/39896"}],"wp:attachment":[{"href":"https:\/\/santapola.es\/ca\/wp-json\/wp\/v2\/media?parent=39898"}],"wp:term":[{"taxonomy":"category","embeddable":true,"href":"https:\/\/santapola.es\/ca\/wp-json\/wp\/v2\/categories?post=39898"},{"taxonomy":"post_tag","embeddable":true,"href":"https:\/\/santapola.es\/ca\/wp-json\/wp\/v2\/tags?post=39898"}],"curies":[{"name":"wp","href":"https:\/\/api.w.org\/{rel}","templated":true}]}}