{"id":39852,"date":"2024-10-31T12:38:14","date_gmt":"2024-10-31T11:38:14","guid":{"rendered":"https:\/\/santapola.es\/?p=39852"},"modified":"2024-10-31T12:40:05","modified_gmt":"2024-10-31T11:40:05","slug":"lalcaldessa-demana-paciencia-per-a-canalitzar-lajuda-ciutadana-a-valencia-seguint-les-recomanacions-de-les-autoritats-competents","status":"publish","type":"post","link":"https:\/\/santapola.es\/ca\/lalcaldessa-demana-paciencia-per-a-canalitzar-lajuda-ciutadana-a-valencia-seguint-les-recomanacions-de-les-autoritats-competents\/","title":{"rendered":"L&#8217;alcaldessa demana paci\u00e8ncia per a canalitzar l&#8217;ajuda ciutadana a Val\u00e8ncia seguint les recomanacions de les autoritats competents"},"content":{"rendered":"<p><strong>Loreto Serrano explica que quatre agents de la Policia Local estan a Paiporta des d&#8217;anit i que l&#8217;Ajuntament est\u00e0 en contacte amb la Generalitat Valenciana per a coordinar l&#8217;ajuda, per\u00f2 no s&#8217;ha d&#8217;enviar res de moment per la impossibilitat d&#8217;accedir a les zones afectades. Tan prompte com es puga canalitzar l&#8217;ajuda es far\u00e0 p\u00fablic per a coordinar la solidaritat dels santapolers.\u00a0<\/strong><\/p>\n<p>L&#8217;alcaldessa Loreto Serrano ha explicat que \u201cdes de l&#8217;Ajuntament de Santa Pola estem en contacte permanent amb les autoritats de la Generalitat Valenciana per a posar-nos a la seua disposici\u00f3 i coordinar tota l&#8217;ajuda que des del nostre poble puguem aportar\u201d.<\/p>\n<p>\u201cEl primer que hem fet per a col\u00b7laborar \u00e9s manar anit a quatre agents de la Policia Local per a ajudar concretament a Paiporta. Hem planificat diferents torns perqu\u00e8 vagen girant els voluntaris que des de la nostra Policia volen acudir i donar descans als seus companys, que estan vivint all\u00ed una experi\u00e8ncia molt dura\u201d, va afegir l&#8217;alcaldessa, \u201ci ens transmeten que les necessitats ara s\u00f3n aigua, llanternes per a la nit, botes d&#8217;aigua, guants de treball i pales\u201d.<\/p>\n<p>Loreto Serrano ha especificat que \u201cde moment no \u00e9s clar com podem manar l&#8217;ajuda, hi ha empreses locals que ja s&#8217;han posat en contacte amb nosaltres per a aportar la seua col\u00b7laboraci\u00f3 per\u00f2 he de dir que no ser\u00e0 possible perqu\u00e8 el que enviem no podr\u00e0 passar fins al dilluns, per l&#8217;estat de les carreteres i pel col\u00b7lapse que hi ha en la zona, que impediria distribuir el que portem. La prioritat all\u00ed \u00e9s resoldre primer el caos que hi ha i despr\u00e9s propiciar que puga arribar l&#8217;ajuda de manera eficient\u201d.<\/p>\n<p>Va anunciar aix\u00ed mateix que \u201cho coordinarem tot des de l&#8217;Ajuntament i donarem instruccions de quines necessitats ens demanden i com hem de portar l&#8217;ajuda. Ens han deixat clar que si manem ajuda ara sense poder fer-la arribar al seu dest\u00ed seria contraproduent. Segurament ens demanaran voluntaris per a ajudar en les tasques de neteja de la via p\u00fablica, per\u00f2 quan sapiem exactament qu\u00e8 necessiten i com es far\u00e0, ho comunicarem, estem per a ajudar als nostres ve\u00efns de Val\u00e8ncia perqu\u00e8 aix\u00f2 tamb\u00e9 ens podria haver passat a nosaltres\u201d.<\/p>\n<p>Serrano va voler finalitzar dient que \u201ctindrem paci\u00e8ncia i fer les coses b\u00e9, moltes gr\u00e0cies a tots per ser tan solidaris\u201d.<\/p>\n","protected":false},"excerpt":{"rendered":"<p>Loreto Serrano explica que quatre agents de la Policia Local estan a Paiporta des d&#8217;anit i que l&#8217;Ajuntament est\u00e0 en contacte amb la Generalitat Valenciana per a coordinar l&#8217;ajuda, per\u00f2 no s&#8217;ha d&#8217;enviar res de moment per la impossibilitat d&#8217;accedir a les zones afectades. Tan prompte com es puga canalitzar l&#8217;ajuda es far\u00e0 p\u00fablic per [&hellip;]<\/p>\n","protected":false},"author":96,"featured_media":39850,"comment_status":"closed","ping_status":"closed","sticky":false,"template":"","format":"standard","meta":{"_et_pb_use_builder":"","_et_pb_old_content":"","_et_gb_content_width":"","footnotes":""},"categories":[516],"tags":[1157,1156,487],"class_list":["post-39852","post","type-post","status-publish","format-standard","has-post-thumbnail","hentry","category-avisos-ca","tag-dana-ca","tag-inundacions-en-valencia","tag-loreto-serrano-ca"],"yoast_head":"<!-- This site is optimized with the Yoast SEO plugin v27.4 - https:\/\/yoast.com\/product\/yoast-seo-wordpress\/ -->\n<title>L&#039;alcaldessa demana paci\u00e8ncia per a canalitzar l&#039;ajuda ciutadana a Val\u00e8ncia seguint les recomanacions de les autoritats competents - Ajuntament de Santa Pola<\/title>\n<meta name=\"robots\" content=\"index, follow, max-snippet:-1, max-image-preview:large, max-video-preview:-1\" \/>\n<link rel=\"canonical\" href=\"https:\/\/santapola.es\/ca\/lalcaldessa-demana-paciencia-per-a-canalitzar-lajuda-ciutadana-a-valencia-seguint-les-recomanacions-de-les-autoritats-competents\/\" \/>\n<meta property=\"og:locale\" content=\"ca_ES\" \/>\n<meta property=\"og:type\" content=\"article\" \/>\n<meta property=\"og:title\" content=\"L&#039;alcaldessa demana paci\u00e8ncia per a canalitzar l&#039;ajuda ciutadana a Val\u00e8ncia seguint les recomanacions de les autoritats competents - Ajuntament de Santa Pola\" \/>\n<meta property=\"og:description\" content=\"Loreto Serrano explica que quatre agents de la Policia Local estan a Paiporta des d&#8217;anit i que l&#8217;Ajuntament est\u00e0 en contacte amb la Generalitat Valenciana per a coordinar l&#8217;ajuda, per\u00f2 no s&#8217;ha d&#8217;enviar res de moment per la impossibilitat d&#8217;accedir a les zones afectades. Tan prompte com es puga canalitzar l&#8217;ajuda es far\u00e0 p\u00fablic per [&hellip;]\" \/>\n<meta property=\"og:url\" content=\"https:\/\/santapola.es\/ca\/lalcaldessa-demana-paciencia-per-a-canalitzar-lajuda-ciutadana-a-valencia-seguint-les-recomanacions-de-les-autoritats-competents\/\" \/>\n<meta property=\"og:site_name\" content=\"Ajuntament de Santa Pola\" \/>\n<meta property=\"article:publisher\" content=\"https:\/\/www.facebook.com\/AyuntamientoSantaPola\/\" \/>\n<meta property=\"article:published_time\" content=\"2024-10-31T11:38:14+00:00\" \/>\n<meta property=\"article:modified_time\" content=\"2024-10-31T11:40:05+00:00\" \/>\n<meta property=\"og:image\" content=\"https:\/\/santapola.es\/wp-content\/uploads\/2024\/10\/2024-10-31-ayuda-a-Valencia.jpeg\" \/>\n\t<meta property=\"og:image:width\" content=\"4032\" \/>\n\t<meta property=\"og:image:height\" content=\"3024\" \/>\n\t<meta property=\"og:image:type\" content=\"image\/jpeg\" \/>\n<meta name=\"author\" content=\"Jos\u00e9 Juan L\u00f3pez Lafuente\" \/>\n<meta name=\"twitter:card\" content=\"summary_large_image\" \/>\n<meta name=\"twitter:creator\" content=\"@SantaPolaAyunt\" \/>\n<meta name=\"twitter:site\" content=\"@SantaPolaAyunt\" \/>\n<script type=\"application\/ld+json\" class=\"yoast-schema-graph\">{\"@context\":\"https:\\\/\\\/schema.org\",\"@graph\":[{\"@type\":\"Article\",\"@id\":\"https:\\\/\\\/santapola.es\\\/ca\\\/lalcaldessa-demana-paciencia-per-a-canalitzar-lajuda-ciutadana-a-valencia-seguint-les-recomanacions-de-les-autoritats-competents\\\/#article\",\"isPartOf\":{\"@id\":\"https:\\\/\\\/santapola.es\\\/ca\\\/lalcaldessa-demana-paciencia-per-a-canalitzar-lajuda-ciutadana-a-valencia-seguint-les-recomanacions-de-les-autoritats-competents\\\/\"},\"author\":{\"name\":\"Jos\u00e9 Juan L\u00f3pez Lafuente\",\"@id\":\"https:\\\/\\\/santapola.es\\\/ca\\\/#\\\/schema\\\/person\\\/ad1d67403707b58350c7be5e8dbc442d\"},\"headline\":\"L&#8217;alcaldessa demana paci\u00e8ncia per a canalitzar l&#8217;ajuda ciutadana a Val\u00e8ncia seguint les recomanacions de les autoritats competents\",\"datePublished\":\"2024-10-31T11:38:14+00:00\",\"dateModified\":\"2024-10-31T11:40:05+00:00\",\"mainEntityOfPage\":{\"@id\":\"https:\\\/\\\/santapola.es\\\/ca\\\/lalcaldessa-demana-paciencia-per-a-canalitzar-lajuda-ciutadana-a-valencia-seguint-les-recomanacions-de-les-autoritats-competents\\\/\"},\"wordCount\":433,\"image\":{\"@id\":\"https:\\\/\\\/santapola.es\\\/ca\\\/lalcaldessa-demana-paciencia-per-a-canalitzar-lajuda-ciutadana-a-valencia-seguint-les-recomanacions-de-les-autoritats-competents\\\/#primaryimage\"},\"thumbnailUrl\":\"https:\\\/\\\/santapola.es\\\/wp-content\\\/uploads\\\/2024\\\/10\\\/2024-10-31-ayuda-a-Valencia.jpeg\",\"keywords\":[\"DANA\",\"inundacions en Valencia\",\"Loreto Serrano\"],\"articleSection\":[\"Avisos\"],\"inLanguage\":\"ca\"},{\"@type\":\"WebPage\",\"@id\":\"https:\\\/\\\/santapola.es\\\/ca\\\/lalcaldessa-demana-paciencia-per-a-canalitzar-lajuda-ciutadana-a-valencia-seguint-les-recomanacions-de-les-autoritats-competents\\\/\",\"url\":\"https:\\\/\\\/santapola.es\\\/ca\\\/lalcaldessa-demana-paciencia-per-a-canalitzar-lajuda-ciutadana-a-valencia-seguint-les-recomanacions-de-les-autoritats-competents\\\/\",\"name\":\"L'alcaldessa demana paci\u00e8ncia per a canalitzar l'ajuda ciutadana a Val\u00e8ncia seguint les recomanacions de les autoritats competents - Ajuntament de Santa Pola\",\"isPartOf\":{\"@id\":\"https:\\\/\\\/santapola.es\\\/ca\\\/#website\"},\"primaryImageOfPage\":{\"@id\":\"https:\\\/\\\/santapola.es\\\/ca\\\/lalcaldessa-demana-paciencia-per-a-canalitzar-lajuda-ciutadana-a-valencia-seguint-les-recomanacions-de-les-autoritats-competents\\\/#primaryimage\"},\"image\":{\"@id\":\"https:\\\/\\\/santapola.es\\\/ca\\\/lalcaldessa-demana-paciencia-per-a-canalitzar-lajuda-ciutadana-a-valencia-seguint-les-recomanacions-de-les-autoritats-competents\\\/#primaryimage\"},\"thumbnailUrl\":\"https:\\\/\\\/santapola.es\\\/wp-content\\\/uploads\\\/2024\\\/10\\\/2024-10-31-ayuda-a-Valencia.jpeg\",\"datePublished\":\"2024-10-31T11:38:14+00:00\",\"dateModified\":\"2024-10-31T11:40:05+00:00\",\"author\":{\"@id\":\"https:\\\/\\\/santapola.es\\\/ca\\\/#\\\/schema\\\/person\\\/ad1d67403707b58350c7be5e8dbc442d\"},\"breadcrumb\":{\"@id\":\"https:\\\/\\\/santapola.es\\\/ca\\\/lalcaldessa-demana-paciencia-per-a-canalitzar-lajuda-ciutadana-a-valencia-seguint-les-recomanacions-de-les-autoritats-competents\\\/#breadcrumb\"},\"inLanguage\":\"ca\",\"potentialAction\":[{\"@type\":\"ReadAction\",\"target\":[\"https:\\\/\\\/santapola.es\\\/ca\\\/lalcaldessa-demana-paciencia-per-a-canalitzar-lajuda-ciutadana-a-valencia-seguint-les-recomanacions-de-les-autoritats-competents\\\/\"]}]},{\"@type\":\"ImageObject\",\"inLanguage\":\"ca\",\"@id\":\"https:\\\/\\\/santapola.es\\\/ca\\\/lalcaldessa-demana-paciencia-per-a-canalitzar-lajuda-ciutadana-a-valencia-seguint-les-recomanacions-de-les-autoritats-competents\\\/#primaryimage\",\"url\":\"https:\\\/\\\/santapola.es\\\/wp-content\\\/uploads\\\/2024\\\/10\\\/2024-10-31-ayuda-a-Valencia.jpeg\",\"contentUrl\":\"https:\\\/\\\/santapola.es\\\/wp-content\\\/uploads\\\/2024\\\/10\\\/2024-10-31-ayuda-a-Valencia.jpeg\",\"width\":4032,\"height\":3024},{\"@type\":\"BreadcrumbList\",\"@id\":\"https:\\\/\\\/santapola.es\\\/ca\\\/lalcaldessa-demana-paciencia-per-a-canalitzar-lajuda-ciutadana-a-valencia-seguint-les-recomanacions-de-les-autoritats-competents\\\/#breadcrumb\",\"itemListElement\":[{\"@type\":\"ListItem\",\"position\":1,\"name\":\"Inici\",\"item\":\"https:\\\/\\\/santapola.es\\\/ca\\\/\"},{\"@type\":\"ListItem\",\"position\":2,\"name\":\"L&#8217;alcaldessa demana paci\u00e8ncia per a canalitzar l&#8217;ajuda ciutadana a Val\u00e8ncia seguint les recomanacions de les autoritats competents\"}]},{\"@type\":\"WebSite\",\"@id\":\"https:\\\/\\\/santapola.es\\\/ca\\\/#website\",\"url\":\"https:\\\/\\\/santapola.es\\\/ca\\\/\",\"name\":\"Ayuntamiento de Santa Pola\",\"description\":\"Web de l'Ajuntament de Santa Pola\",\"potentialAction\":[{\"@type\":\"SearchAction\",\"target\":{\"@type\":\"EntryPoint\",\"urlTemplate\":\"https:\\\/\\\/santapola.es\\\/ca\\\/?s={search_term_string}\"},\"query-input\":{\"@type\":\"PropertyValueSpecification\",\"valueRequired\":true,\"valueName\":\"search_term_string\"}}],\"inLanguage\":\"ca\"},{\"@type\":\"Person\",\"@id\":\"https:\\\/\\\/santapola.es\\\/ca\\\/#\\\/schema\\\/person\\\/ad1d67403707b58350c7be5e8dbc442d\",\"name\":\"Jos\u00e9 Juan L\u00f3pez Lafuente\"}]}<\/script>\n<!-- \/ Yoast SEO plugin. -->","yoast_head_json":{"title":"L'alcaldessa demana paci\u00e8ncia per a canalitzar l'ajuda ciutadana a Val\u00e8ncia seguint les recomanacions de les autoritats competents - Ajuntament de Santa Pola","robots":{"index":"index","follow":"follow","max-snippet":"max-snippet:-1","max-image-preview":"max-image-preview:large","max-video-preview":"max-video-preview:-1"},"canonical":"https:\/\/santapola.es\/ca\/lalcaldessa-demana-paciencia-per-a-canalitzar-lajuda-ciutadana-a-valencia-seguint-les-recomanacions-de-les-autoritats-competents\/","og_locale":"ca_ES","og_type":"article","og_title":"L'alcaldessa demana paci\u00e8ncia per a canalitzar l'ajuda ciutadana a Val\u00e8ncia seguint les recomanacions de les autoritats competents - Ajuntament de Santa Pola","og_description":"Loreto Serrano explica que quatre agents de la Policia Local estan a Paiporta des d&#8217;anit i que l&#8217;Ajuntament est\u00e0 en contacte amb la Generalitat Valenciana per a coordinar l&#8217;ajuda, per\u00f2 no s&#8217;ha d&#8217;enviar res de moment per la impossibilitat d&#8217;accedir a les zones afectades. Tan prompte com es puga canalitzar l&#8217;ajuda es far\u00e0 p\u00fablic per [&hellip;]","og_url":"https:\/\/santapola.es\/ca\/lalcaldessa-demana-paciencia-per-a-canalitzar-lajuda-ciutadana-a-valencia-seguint-les-recomanacions-de-les-autoritats-competents\/","og_site_name":"Ajuntament de Santa Pola","article_publisher":"https:\/\/www.facebook.com\/AyuntamientoSantaPola\/","article_published_time":"2024-10-31T11:38:14+00:00","article_modified_time":"2024-10-31T11:40:05+00:00","og_image":[{"width":4032,"height":3024,"url":"https:\/\/santapola.es\/wp-content\/uploads\/2024\/10\/2024-10-31-ayuda-a-Valencia.jpeg","type":"image\/jpeg"}],"author":"Jos\u00e9 Juan L\u00f3pez Lafuente","twitter_card":"summary_large_image","twitter_creator":"@SantaPolaAyunt","twitter_site":"@SantaPolaAyunt","schema":{"@context":"https:\/\/schema.org","@graph":[{"@type":"Article","@id":"https:\/\/santapola.es\/ca\/lalcaldessa-demana-paciencia-per-a-canalitzar-lajuda-ciutadana-a-valencia-seguint-les-recomanacions-de-les-autoritats-competents\/#article","isPartOf":{"@id":"https:\/\/santapola.es\/ca\/lalcaldessa-demana-paciencia-per-a-canalitzar-lajuda-ciutadana-a-valencia-seguint-les-recomanacions-de-les-autoritats-competents\/"},"author":{"name":"Jos\u00e9 Juan L\u00f3pez Lafuente","@id":"https:\/\/santapola.es\/ca\/#\/schema\/person\/ad1d67403707b58350c7be5e8dbc442d"},"headline":"L&#8217;alcaldessa demana paci\u00e8ncia per a canalitzar l&#8217;ajuda ciutadana a Val\u00e8ncia seguint les recomanacions de les autoritats competents","datePublished":"2024-10-31T11:38:14+00:00","dateModified":"2024-10-31T11:40:05+00:00","mainEntityOfPage":{"@id":"https:\/\/santapola.es\/ca\/lalcaldessa-demana-paciencia-per-a-canalitzar-lajuda-ciutadana-a-valencia-seguint-les-recomanacions-de-les-autoritats-competents\/"},"wordCount":433,"image":{"@id":"https:\/\/santapola.es\/ca\/lalcaldessa-demana-paciencia-per-a-canalitzar-lajuda-ciutadana-a-valencia-seguint-les-recomanacions-de-les-autoritats-competents\/#primaryimage"},"thumbnailUrl":"https:\/\/santapola.es\/wp-content\/uploads\/2024\/10\/2024-10-31-ayuda-a-Valencia.jpeg","keywords":["DANA","inundacions en Valencia","Loreto Serrano"],"articleSection":["Avisos"],"inLanguage":"ca"},{"@type":"WebPage","@id":"https:\/\/santapola.es\/ca\/lalcaldessa-demana-paciencia-per-a-canalitzar-lajuda-ciutadana-a-valencia-seguint-les-recomanacions-de-les-autoritats-competents\/","url":"https:\/\/santapola.es\/ca\/lalcaldessa-demana-paciencia-per-a-canalitzar-lajuda-ciutadana-a-valencia-seguint-les-recomanacions-de-les-autoritats-competents\/","name":"L'alcaldessa demana paci\u00e8ncia per a canalitzar l'ajuda ciutadana a Val\u00e8ncia seguint les recomanacions de les autoritats competents - Ajuntament de Santa Pola","isPartOf":{"@id":"https:\/\/santapola.es\/ca\/#website"},"primaryImageOfPage":{"@id":"https:\/\/santapola.es\/ca\/lalcaldessa-demana-paciencia-per-a-canalitzar-lajuda-ciutadana-a-valencia-seguint-les-recomanacions-de-les-autoritats-competents\/#primaryimage"},"image":{"@id":"https:\/\/santapola.es\/ca\/lalcaldessa-demana-paciencia-per-a-canalitzar-lajuda-ciutadana-a-valencia-seguint-les-recomanacions-de-les-autoritats-competents\/#primaryimage"},"thumbnailUrl":"https:\/\/santapola.es\/wp-content\/uploads\/2024\/10\/2024-10-31-ayuda-a-Valencia.jpeg","datePublished":"2024-10-31T11:38:14+00:00","dateModified":"2024-10-31T11:40:05+00:00","author":{"@id":"https:\/\/santapola.es\/ca\/#\/schema\/person\/ad1d67403707b58350c7be5e8dbc442d"},"breadcrumb":{"@id":"https:\/\/santapola.es\/ca\/lalcaldessa-demana-paciencia-per-a-canalitzar-lajuda-ciutadana-a-valencia-seguint-les-recomanacions-de-les-autoritats-competents\/#breadcrumb"},"inLanguage":"ca","potentialAction":[{"@type":"ReadAction","target":["https:\/\/santapola.es\/ca\/lalcaldessa-demana-paciencia-per-a-canalitzar-lajuda-ciutadana-a-valencia-seguint-les-recomanacions-de-les-autoritats-competents\/"]}]},{"@type":"ImageObject","inLanguage":"ca","@id":"https:\/\/santapola.es\/ca\/lalcaldessa-demana-paciencia-per-a-canalitzar-lajuda-ciutadana-a-valencia-seguint-les-recomanacions-de-les-autoritats-competents\/#primaryimage","url":"https:\/\/santapola.es\/wp-content\/uploads\/2024\/10\/2024-10-31-ayuda-a-Valencia.jpeg","contentUrl":"https:\/\/santapola.es\/wp-content\/uploads\/2024\/10\/2024-10-31-ayuda-a-Valencia.jpeg","width":4032,"height":3024},{"@type":"BreadcrumbList","@id":"https:\/\/santapola.es\/ca\/lalcaldessa-demana-paciencia-per-a-canalitzar-lajuda-ciutadana-a-valencia-seguint-les-recomanacions-de-les-autoritats-competents\/#breadcrumb","itemListElement":[{"@type":"ListItem","position":1,"name":"Inici","item":"https:\/\/santapola.es\/ca\/"},{"@type":"ListItem","position":2,"name":"L&#8217;alcaldessa demana paci\u00e8ncia per a canalitzar l&#8217;ajuda ciutadana a Val\u00e8ncia seguint les recomanacions de les autoritats competents"}]},{"@type":"WebSite","@id":"https:\/\/santapola.es\/ca\/#website","url":"https:\/\/santapola.es\/ca\/","name":"Ayuntamiento de Santa Pola","description":"Web de l'Ajuntament de Santa Pola","potentialAction":[{"@type":"SearchAction","target":{"@type":"EntryPoint","urlTemplate":"https:\/\/santapola.es\/ca\/?s={search_term_string}"},"query-input":{"@type":"PropertyValueSpecification","valueRequired":true,"valueName":"search_term_string"}}],"inLanguage":"ca"},{"@type":"Person","@id":"https:\/\/santapola.es\/ca\/#\/schema\/person\/ad1d67403707b58350c7be5e8dbc442d","name":"Jos\u00e9 Juan L\u00f3pez Lafuente"}]}},"_links":{"self":[{"href":"https:\/\/santapola.es\/ca\/wp-json\/wp\/v2\/posts\/39852","targetHints":{"allow":["GET"]}}],"collection":[{"href":"https:\/\/santapola.es\/ca\/wp-json\/wp\/v2\/posts"}],"about":[{"href":"https:\/\/santapola.es\/ca\/wp-json\/wp\/v2\/types\/post"}],"author":[{"embeddable":true,"href":"https:\/\/santapola.es\/ca\/wp-json\/wp\/v2\/users\/96"}],"replies":[{"embeddable":true,"href":"https:\/\/santapola.es\/ca\/wp-json\/wp\/v2\/comments?post=39852"}],"version-history":[{"count":0,"href":"https:\/\/santapola.es\/ca\/wp-json\/wp\/v2\/posts\/39852\/revisions"}],"wp:featuredmedia":[{"embeddable":true,"href":"https:\/\/santapola.es\/ca\/wp-json\/wp\/v2\/media\/39850"}],"wp:attachment":[{"href":"https:\/\/santapola.es\/ca\/wp-json\/wp\/v2\/media?parent=39852"}],"wp:term":[{"taxonomy":"category","embeddable":true,"href":"https:\/\/santapola.es\/ca\/wp-json\/wp\/v2\/categories?post=39852"},{"taxonomy":"post_tag","embeddable":true,"href":"https:\/\/santapola.es\/ca\/wp-json\/wp\/v2\/tags?post=39852"}],"curies":[{"name":"wp","href":"https:\/\/api.w.org\/{rel}","templated":true}]}}