{"id":39828,"date":"2024-10-30T20:17:25","date_gmt":"2024-10-30T19:17:25","guid":{"rendered":"https:\/\/santapola.es\/?p=39828"},"modified":"2024-10-30T20:18:33","modified_gmt":"2024-10-30T19:18:33","slug":"santa-pola-se-solidaritza-amb-les-victimes-de-les-inundacions-a-valencia","status":"publish","type":"post","link":"https:\/\/santapola.es\/ca\/santa-pola-se-solidaritza-amb-les-victimes-de-les-inundacions-a-valencia\/","title":{"rendered":"Santa Pola se solidaritza amb les v\u00edctimes de les inundacions a Val\u00e8ncia"},"content":{"rendered":"<div dir=\"auto\"><strong>Des de l&#8217;Ajuntament de Santa Pola volem mostrar tota la solidaritat als nostres germans valencians afectats per la terrible DANA que ha assolat bona part de la prov\u00edncia de Val\u00e8ncia.<\/strong><\/div>\n<div dir=\"auto\">Els danys materials, fins i tot sent molt importants, sempre \u00e9s possible recuperar-los. Per\u00f2 tantes vides humanes arrancades per la for\u00e7a incontrolable de l&#8217;aigua no tenen remei. Ens sentim consternats per tanta p\u00e8rdua.<\/div>\n<div dir=\"auto\">Nosaltres sabem el dif\u00edcil que \u00e9s reposar-se davant una cat\u00e0strofe de tal magnitud perqu\u00e8 tamb\u00e9 ho hem viscut en episodis anteriors, especialment l&#8217;\u00faltim en 2019, encara que per fortuna sense haver de lamentar v\u00edctimes.<\/div>\n<div dir=\"auto\">Per aix\u00f2 ens agradaria en estos durs moments expressar nostres m\u00e9s sinceres condolences a les fam\u00edlies afectades per este trist succ\u00e9s que ens ha commogut a tots i, al mateix temps, agrair a totes les persones i institucions que estan treballant sense descans per a rescatar a les v\u00edctimes i retornar la normalitat.<\/div>\n<div dir=\"auto\">For\u00e7a, Val\u00e8ncia!<\/div>\n","protected":false},"excerpt":{"rendered":"<p>Des de l&#8217;Ajuntament de Santa Pola volem mostrar tota la solidaritat als nostres germans valencians afectats per la terrible DANA que ha assolat bona part de la prov\u00edncia de Val\u00e8ncia. Els danys materials, fins i tot sent molt importants, sempre \u00e9s possible recuperar-los. Per\u00f2 tantes vides humanes arrancades per la for\u00e7a incontrolable de l&#8217;aigua no [&hellip;]<\/p>\n","protected":false},"author":96,"featured_media":39826,"comment_status":"closed","ping_status":"closed","sticky":false,"template":"","format":"standard","meta":{"_et_pb_use_builder":"","_et_pb_old_content":"","_et_gb_content_width":"","footnotes":""},"categories":[516],"tags":[1157,1156],"class_list":["post-39828","post","type-post","status-publish","format-standard","has-post-thumbnail","hentry","category-avisos-ca","tag-dana-ca","tag-inundacions-en-valencia"],"yoast_head":"<!-- This site is optimized with the Yoast SEO plugin v27.4 - https:\/\/yoast.com\/product\/yoast-seo-wordpress\/ -->\n<title>Santa Pola se solidaritza amb les v\u00edctimes de les inundacions a Val\u00e8ncia - Ajuntament de Santa Pola<\/title>\n<meta name=\"robots\" content=\"index, follow, max-snippet:-1, max-image-preview:large, max-video-preview:-1\" \/>\n<link rel=\"canonical\" href=\"https:\/\/santapola.es\/ca\/santa-pola-se-solidaritza-amb-les-victimes-de-les-inundacions-a-valencia\/\" \/>\n<meta property=\"og:locale\" content=\"ca_ES\" \/>\n<meta property=\"og:type\" content=\"article\" \/>\n<meta property=\"og:title\" content=\"Santa Pola se solidaritza amb les v\u00edctimes de les inundacions a Val\u00e8ncia - Ajuntament de Santa Pola\" \/>\n<meta property=\"og:description\" content=\"Des de l&#8217;Ajuntament de Santa Pola volem mostrar tota la solidaritat als nostres germans valencians afectats per la terrible DANA que ha assolat bona part de la prov\u00edncia de Val\u00e8ncia. Els danys materials, fins i tot sent molt importants, sempre \u00e9s possible recuperar-los. Per\u00f2 tantes vides humanes arrancades per la for\u00e7a incontrolable de l&#8217;aigua no [&hellip;]\" \/>\n<meta property=\"og:url\" content=\"https:\/\/santapola.es\/ca\/santa-pola-se-solidaritza-amb-les-victimes-de-les-inundacions-a-valencia\/\" \/>\n<meta property=\"og:site_name\" content=\"Ajuntament de Santa Pola\" \/>\n<meta property=\"article:publisher\" content=\"https:\/\/www.facebook.com\/AyuntamientoSantaPola\/\" \/>\n<meta property=\"article:published_time\" content=\"2024-10-30T19:17:25+00:00\" \/>\n<meta property=\"article:modified_time\" content=\"2024-10-30T19:18:33+00:00\" \/>\n<meta property=\"og:image\" content=\"https:\/\/santapola.es\/wp-content\/uploads\/2024\/10\/fuerza-valencia.jpg\" \/>\n\t<meta property=\"og:image:width\" content=\"1440\" \/>\n\t<meta property=\"og:image:height\" content=\"810\" \/>\n\t<meta property=\"og:image:type\" content=\"image\/jpeg\" \/>\n<meta name=\"author\" content=\"Jos\u00e9 Juan L\u00f3pez Lafuente\" \/>\n<meta name=\"twitter:card\" content=\"summary_large_image\" \/>\n<meta name=\"twitter:creator\" content=\"@SantaPolaAyunt\" \/>\n<meta name=\"twitter:site\" content=\"@SantaPolaAyunt\" \/>\n<script type=\"application\/ld+json\" class=\"yoast-schema-graph\">{\"@context\":\"https:\\\/\\\/schema.org\",\"@graph\":[{\"@type\":\"Article\",\"@id\":\"https:\\\/\\\/santapola.es\\\/ca\\\/santa-pola-se-solidaritza-amb-les-victimes-de-les-inundacions-a-valencia\\\/#article\",\"isPartOf\":{\"@id\":\"https:\\\/\\\/santapola.es\\\/ca\\\/santa-pola-se-solidaritza-amb-les-victimes-de-les-inundacions-a-valencia\\\/\"},\"author\":{\"name\":\"Jos\u00e9 Juan L\u00f3pez Lafuente\",\"@id\":\"https:\\\/\\\/santapola.es\\\/ca\\\/#\\\/schema\\\/person\\\/ad1d67403707b58350c7be5e8dbc442d\"},\"headline\":\"Santa Pola se solidaritza amb les v\u00edctimes de les inundacions a Val\u00e8ncia\",\"datePublished\":\"2024-10-30T19:17:25+00:00\",\"dateModified\":\"2024-10-30T19:18:33+00:00\",\"mainEntityOfPage\":{\"@id\":\"https:\\\/\\\/santapola.es\\\/ca\\\/santa-pola-se-solidaritza-amb-les-victimes-de-les-inundacions-a-valencia\\\/\"},\"wordCount\":181,\"image\":{\"@id\":\"https:\\\/\\\/santapola.es\\\/ca\\\/santa-pola-se-solidaritza-amb-les-victimes-de-les-inundacions-a-valencia\\\/#primaryimage\"},\"thumbnailUrl\":\"https:\\\/\\\/santapola.es\\\/wp-content\\\/uploads\\\/2024\\\/10\\\/fuerza-valencia.jpg\",\"keywords\":[\"DANA\",\"inundacions en Valencia\"],\"articleSection\":[\"Avisos\"],\"inLanguage\":\"ca\"},{\"@type\":\"WebPage\",\"@id\":\"https:\\\/\\\/santapola.es\\\/ca\\\/santa-pola-se-solidaritza-amb-les-victimes-de-les-inundacions-a-valencia\\\/\",\"url\":\"https:\\\/\\\/santapola.es\\\/ca\\\/santa-pola-se-solidaritza-amb-les-victimes-de-les-inundacions-a-valencia\\\/\",\"name\":\"Santa Pola se solidaritza amb les v\u00edctimes de les inundacions a Val\u00e8ncia - Ajuntament de Santa Pola\",\"isPartOf\":{\"@id\":\"https:\\\/\\\/santapola.es\\\/ca\\\/#website\"},\"primaryImageOfPage\":{\"@id\":\"https:\\\/\\\/santapola.es\\\/ca\\\/santa-pola-se-solidaritza-amb-les-victimes-de-les-inundacions-a-valencia\\\/#primaryimage\"},\"image\":{\"@id\":\"https:\\\/\\\/santapola.es\\\/ca\\\/santa-pola-se-solidaritza-amb-les-victimes-de-les-inundacions-a-valencia\\\/#primaryimage\"},\"thumbnailUrl\":\"https:\\\/\\\/santapola.es\\\/wp-content\\\/uploads\\\/2024\\\/10\\\/fuerza-valencia.jpg\",\"datePublished\":\"2024-10-30T19:17:25+00:00\",\"dateModified\":\"2024-10-30T19:18:33+00:00\",\"author\":{\"@id\":\"https:\\\/\\\/santapola.es\\\/ca\\\/#\\\/schema\\\/person\\\/ad1d67403707b58350c7be5e8dbc442d\"},\"breadcrumb\":{\"@id\":\"https:\\\/\\\/santapola.es\\\/ca\\\/santa-pola-se-solidaritza-amb-les-victimes-de-les-inundacions-a-valencia\\\/#breadcrumb\"},\"inLanguage\":\"ca\",\"potentialAction\":[{\"@type\":\"ReadAction\",\"target\":[\"https:\\\/\\\/santapola.es\\\/ca\\\/santa-pola-se-solidaritza-amb-les-victimes-de-les-inundacions-a-valencia\\\/\"]}]},{\"@type\":\"ImageObject\",\"inLanguage\":\"ca\",\"@id\":\"https:\\\/\\\/santapola.es\\\/ca\\\/santa-pola-se-solidaritza-amb-les-victimes-de-les-inundacions-a-valencia\\\/#primaryimage\",\"url\":\"https:\\\/\\\/santapola.es\\\/wp-content\\\/uploads\\\/2024\\\/10\\\/fuerza-valencia.jpg\",\"contentUrl\":\"https:\\\/\\\/santapola.es\\\/wp-content\\\/uploads\\\/2024\\\/10\\\/fuerza-valencia.jpg\",\"width\":1440,\"height\":810},{\"@type\":\"BreadcrumbList\",\"@id\":\"https:\\\/\\\/santapola.es\\\/ca\\\/santa-pola-se-solidaritza-amb-les-victimes-de-les-inundacions-a-valencia\\\/#breadcrumb\",\"itemListElement\":[{\"@type\":\"ListItem\",\"position\":1,\"name\":\"Inici\",\"item\":\"https:\\\/\\\/santapola.es\\\/ca\\\/\"},{\"@type\":\"ListItem\",\"position\":2,\"name\":\"Santa Pola se solidaritza amb les v\u00edctimes de les inundacions a Val\u00e8ncia\"}]},{\"@type\":\"WebSite\",\"@id\":\"https:\\\/\\\/santapola.es\\\/ca\\\/#website\",\"url\":\"https:\\\/\\\/santapola.es\\\/ca\\\/\",\"name\":\"Ayuntamiento de Santa Pola\",\"description\":\"Web de l'Ajuntament de Santa Pola\",\"potentialAction\":[{\"@type\":\"SearchAction\",\"target\":{\"@type\":\"EntryPoint\",\"urlTemplate\":\"https:\\\/\\\/santapola.es\\\/ca\\\/?s={search_term_string}\"},\"query-input\":{\"@type\":\"PropertyValueSpecification\",\"valueRequired\":true,\"valueName\":\"search_term_string\"}}],\"inLanguage\":\"ca\"},{\"@type\":\"Person\",\"@id\":\"https:\\\/\\\/santapola.es\\\/ca\\\/#\\\/schema\\\/person\\\/ad1d67403707b58350c7be5e8dbc442d\",\"name\":\"Jos\u00e9 Juan L\u00f3pez Lafuente\"}]}<\/script>\n<!-- \/ Yoast SEO plugin. -->","yoast_head_json":{"title":"Santa Pola se solidaritza amb les v\u00edctimes de les inundacions a Val\u00e8ncia - Ajuntament de Santa Pola","robots":{"index":"index","follow":"follow","max-snippet":"max-snippet:-1","max-image-preview":"max-image-preview:large","max-video-preview":"max-video-preview:-1"},"canonical":"https:\/\/santapola.es\/ca\/santa-pola-se-solidaritza-amb-les-victimes-de-les-inundacions-a-valencia\/","og_locale":"ca_ES","og_type":"article","og_title":"Santa Pola se solidaritza amb les v\u00edctimes de les inundacions a Val\u00e8ncia - Ajuntament de Santa Pola","og_description":"Des de l&#8217;Ajuntament de Santa Pola volem mostrar tota la solidaritat als nostres germans valencians afectats per la terrible DANA que ha assolat bona part de la prov\u00edncia de Val\u00e8ncia. Els danys materials, fins i tot sent molt importants, sempre \u00e9s possible recuperar-los. Per\u00f2 tantes vides humanes arrancades per la for\u00e7a incontrolable de l&#8217;aigua no [&hellip;]","og_url":"https:\/\/santapola.es\/ca\/santa-pola-se-solidaritza-amb-les-victimes-de-les-inundacions-a-valencia\/","og_site_name":"Ajuntament de Santa Pola","article_publisher":"https:\/\/www.facebook.com\/AyuntamientoSantaPola\/","article_published_time":"2024-10-30T19:17:25+00:00","article_modified_time":"2024-10-30T19:18:33+00:00","og_image":[{"width":1440,"height":810,"url":"https:\/\/santapola.es\/wp-content\/uploads\/2024\/10\/fuerza-valencia.jpg","type":"image\/jpeg"}],"author":"Jos\u00e9 Juan L\u00f3pez Lafuente","twitter_card":"summary_large_image","twitter_creator":"@SantaPolaAyunt","twitter_site":"@SantaPolaAyunt","schema":{"@context":"https:\/\/schema.org","@graph":[{"@type":"Article","@id":"https:\/\/santapola.es\/ca\/santa-pola-se-solidaritza-amb-les-victimes-de-les-inundacions-a-valencia\/#article","isPartOf":{"@id":"https:\/\/santapola.es\/ca\/santa-pola-se-solidaritza-amb-les-victimes-de-les-inundacions-a-valencia\/"},"author":{"name":"Jos\u00e9 Juan L\u00f3pez Lafuente","@id":"https:\/\/santapola.es\/ca\/#\/schema\/person\/ad1d67403707b58350c7be5e8dbc442d"},"headline":"Santa Pola se solidaritza amb les v\u00edctimes de les inundacions a Val\u00e8ncia","datePublished":"2024-10-30T19:17:25+00:00","dateModified":"2024-10-30T19:18:33+00:00","mainEntityOfPage":{"@id":"https:\/\/santapola.es\/ca\/santa-pola-se-solidaritza-amb-les-victimes-de-les-inundacions-a-valencia\/"},"wordCount":181,"image":{"@id":"https:\/\/santapola.es\/ca\/santa-pola-se-solidaritza-amb-les-victimes-de-les-inundacions-a-valencia\/#primaryimage"},"thumbnailUrl":"https:\/\/santapola.es\/wp-content\/uploads\/2024\/10\/fuerza-valencia.jpg","keywords":["DANA","inundacions en Valencia"],"articleSection":["Avisos"],"inLanguage":"ca"},{"@type":"WebPage","@id":"https:\/\/santapola.es\/ca\/santa-pola-se-solidaritza-amb-les-victimes-de-les-inundacions-a-valencia\/","url":"https:\/\/santapola.es\/ca\/santa-pola-se-solidaritza-amb-les-victimes-de-les-inundacions-a-valencia\/","name":"Santa Pola se solidaritza amb les v\u00edctimes de les inundacions a Val\u00e8ncia - Ajuntament de Santa Pola","isPartOf":{"@id":"https:\/\/santapola.es\/ca\/#website"},"primaryImageOfPage":{"@id":"https:\/\/santapola.es\/ca\/santa-pola-se-solidaritza-amb-les-victimes-de-les-inundacions-a-valencia\/#primaryimage"},"image":{"@id":"https:\/\/santapola.es\/ca\/santa-pola-se-solidaritza-amb-les-victimes-de-les-inundacions-a-valencia\/#primaryimage"},"thumbnailUrl":"https:\/\/santapola.es\/wp-content\/uploads\/2024\/10\/fuerza-valencia.jpg","datePublished":"2024-10-30T19:17:25+00:00","dateModified":"2024-10-30T19:18:33+00:00","author":{"@id":"https:\/\/santapola.es\/ca\/#\/schema\/person\/ad1d67403707b58350c7be5e8dbc442d"},"breadcrumb":{"@id":"https:\/\/santapola.es\/ca\/santa-pola-se-solidaritza-amb-les-victimes-de-les-inundacions-a-valencia\/#breadcrumb"},"inLanguage":"ca","potentialAction":[{"@type":"ReadAction","target":["https:\/\/santapola.es\/ca\/santa-pola-se-solidaritza-amb-les-victimes-de-les-inundacions-a-valencia\/"]}]},{"@type":"ImageObject","inLanguage":"ca","@id":"https:\/\/santapola.es\/ca\/santa-pola-se-solidaritza-amb-les-victimes-de-les-inundacions-a-valencia\/#primaryimage","url":"https:\/\/santapola.es\/wp-content\/uploads\/2024\/10\/fuerza-valencia.jpg","contentUrl":"https:\/\/santapola.es\/wp-content\/uploads\/2024\/10\/fuerza-valencia.jpg","width":1440,"height":810},{"@type":"BreadcrumbList","@id":"https:\/\/santapola.es\/ca\/santa-pola-se-solidaritza-amb-les-victimes-de-les-inundacions-a-valencia\/#breadcrumb","itemListElement":[{"@type":"ListItem","position":1,"name":"Inici","item":"https:\/\/santapola.es\/ca\/"},{"@type":"ListItem","position":2,"name":"Santa Pola se solidaritza amb les v\u00edctimes de les inundacions a Val\u00e8ncia"}]},{"@type":"WebSite","@id":"https:\/\/santapola.es\/ca\/#website","url":"https:\/\/santapola.es\/ca\/","name":"Ayuntamiento de Santa Pola","description":"Web de l'Ajuntament de Santa Pola","potentialAction":[{"@type":"SearchAction","target":{"@type":"EntryPoint","urlTemplate":"https:\/\/santapola.es\/ca\/?s={search_term_string}"},"query-input":{"@type":"PropertyValueSpecification","valueRequired":true,"valueName":"search_term_string"}}],"inLanguage":"ca"},{"@type":"Person","@id":"https:\/\/santapola.es\/ca\/#\/schema\/person\/ad1d67403707b58350c7be5e8dbc442d","name":"Jos\u00e9 Juan L\u00f3pez Lafuente"}]}},"_links":{"self":[{"href":"https:\/\/santapola.es\/ca\/wp-json\/wp\/v2\/posts\/39828","targetHints":{"allow":["GET"]}}],"collection":[{"href":"https:\/\/santapola.es\/ca\/wp-json\/wp\/v2\/posts"}],"about":[{"href":"https:\/\/santapola.es\/ca\/wp-json\/wp\/v2\/types\/post"}],"author":[{"embeddable":true,"href":"https:\/\/santapola.es\/ca\/wp-json\/wp\/v2\/users\/96"}],"replies":[{"embeddable":true,"href":"https:\/\/santapola.es\/ca\/wp-json\/wp\/v2\/comments?post=39828"}],"version-history":[{"count":0,"href":"https:\/\/santapola.es\/ca\/wp-json\/wp\/v2\/posts\/39828\/revisions"}],"wp:featuredmedia":[{"embeddable":true,"href":"https:\/\/santapola.es\/ca\/wp-json\/wp\/v2\/media\/39826"}],"wp:attachment":[{"href":"https:\/\/santapola.es\/ca\/wp-json\/wp\/v2\/media?parent=39828"}],"wp:term":[{"taxonomy":"category","embeddable":true,"href":"https:\/\/santapola.es\/ca\/wp-json\/wp\/v2\/categories?post=39828"},{"taxonomy":"post_tag","embeddable":true,"href":"https:\/\/santapola.es\/ca\/wp-json\/wp\/v2\/tags?post=39828"}],"curies":[{"name":"wp","href":"https:\/\/api.w.org\/{rel}","templated":true}]}}