{"id":39745,"date":"2024-10-25T22:54:56","date_gmt":"2024-10-25T20:54:56","guid":{"rendered":"https:\/\/santapola.es\/?p=39745"},"modified":"2024-10-25T22:59:46","modified_gmt":"2024-10-25T20:59:46","slug":"dos-joves-talents-santapolers-premiats-en-la-gala-dels-premis-topcreation2024-de-la-diputacio-dalacant","status":"publish","type":"post","link":"https:\/\/santapola.es\/ca\/dos-joves-talents-santapolers-premiats-en-la-gala-dels-premis-topcreation2024-de-la-diputacio-dalacant\/","title":{"rendered":"Dos joves talents santapolers premiats en la Gala dels Premis #TopCreation2024 de la Diputaci\u00f3 d&#8217;Alacant"},"content":{"rendered":"<ul>\n<li><strong>Gabriel Rodr\u00edguez Ca\u00f1estro guanya en Treball Musical Solista amb el seu tema &#8220;Drum and space&#8221; i Juan Jos\u00e9 Vizca\u00edno obt\u00e9 el tercer premi en Relat Breu amb &#8220;La llegenda del Comte Verd&#8221;.<\/strong><br \/>\n<strong>La diputada Loreto Serrano presidix en el ADDA l&#8217;acte de lliurament d&#8217;estos guardons que han repartit 18.000 euros entre els guanyadors.<\/strong><\/li>\n<\/ul>\n<p>Talent, enginy i creativitat s&#8217;han donat cita esta nit en l&#8217;ADDA, en una nova edici\u00f3 de la Gala de Lliurament dels Premis Provincials de la Joventut #*opCreation que impulsa anualment la Diputaci\u00f3 d&#8217;Alacant.<\/p>\n<p>La diputada de Benestar Social, Loreto Serrano, ha presidit a la Sala de Cambra de l&#8217;ADDA este esdeveniment i ha destacat la qualitat de les propostes presentades pels joves, als qui ha animat a continuar treballant amb il\u00b7lusi\u00f3 per a aconseguir els seus somnis i objectius.\u00a0 La vetlada, presentada per l&#8217;humorista Carlos Librado \u2018Nen\u00e9\u2019, ha estrenat format Batega Night, amb una banda en directe. \u201cEstos guardons s&#8217;han consolidat com un excel\u00b7lent est\u00edmul per als nostres joves i com una gran plataforma per a difondre el seu potencial i talent\u201d, ha assenyalat la diputada durant una gala en la qual s&#8217;han repartit 18.000 euros en premis.<\/p>\n<p>La Petjada d&#8217;Amstrong, amb Pedro Ponce d&#8217;Alacant al capdavant, s&#8217;ha al\u00e7at amb el Premi Iniciativa Empresarial, dotat amb 2.600 euros. En esta mateixa categoria, ha quedat segona l&#8217;empresa alcoiana Inmure-Pintura Creativa de Clara Solbes, que ha obtingut 1.700 euros.<\/p>\n<p>En la secci\u00f3 de Mitj\u00e0 social, el primer premi, de 1.000 euros, ha sigut per al canal de tiktok Habite Black Thais, de l&#8217;alacantina Thais Pe\u00f1alver; el segon, de 700, per a Marselo amb \ud83d\ude42 inclosa de Marcelo Esp\u00ed, de Xixona, i el tercer, de 300, per a Aitana Beteta, de Mutxamel, pel seu perfil d&#8217;Instagram Turisme misteri\u00f3s.<\/p>\n<p>En l&#8217;apartat de Treball Musical, el primer premi en la modalitat de Solista, dotat amb 1.000 euros, ha recaigut en Gabriel Rodr\u00edguez, de Santa Pola, pel tema Drum and Space, mentres que el segon lloc \u00e9s per a l&#8217;alacant\u00ed Luis Garc\u00eda Burguete per On estaves, qui rep 800 euros, i el tercer, de 400, per al tamb\u00e9 alacant\u00ed Daniel Miralles pel tema Lucentum.<\/p>\n<p>Per part seua, en la secci\u00f3 Grup, la banda Grup Extensors Autom\u00e0tics, integrada per Antonio S\u00e1nchez, Alicia G\u00e1lvez, Daniel Soler, Eladio Moreno i Nicol\u00e1s i Aaron Mart\u00ednez Fabra, de Crevillent i Elx, ha aconseguit els 2.200 euros del primer premi amb la can\u00e7\u00f3 La pena. El segon premi en esta categoria, dotat amb 1.800 euros, \u00e9s per al tema Aquell comp\u00e0s del grup Tara, d&#8217;Ibi, format per Ricardo Gonz\u00e1lez, Ra\u00fal Blaya i Julio Azor\u00edn, mentres que el tercer ha recaigut en Les meues amigues t&#8217;odien del grup musical d&#8217;Elx La 126 que integren Luc\u00eda de Bunder, Laura Giner i Elia Sempere, que s&#8217;emportaran els 1.400 euros del premi.<\/p>\n<p>A m\u00e9s, en Relat Breu, ha guanyat el primer premi, amb 1.000 euros, Qui vol viure per sempre d&#8217;Alba Ru\u00edz, d&#8217;Alacant, el segon, de 700 euros, ha sigut per a l&#8217;or irland\u00e9s de Roger Garrido, de Cocentaina, i el tercer, de 300, per a la llegenda del comte verd de Juan Jos\u00e9 Vizca\u00edno de Santa Pola.<\/p>\n<p>Finalment, les tres obres guanyadores de la categoria Fotografia han sigut L&#8217;\u00faltim pas cap al cim de Cynthia F\u00e9rez de Sant Vicent del Raspeig; Serenitat enfront del caos de Tirso Mar\u00edn, d&#8217;Alacant; i Sense rumb d&#8217;In\u00e9s V\u00edlchez, d&#8217;Orihuela, que han obtingut, respectivament, 1.000, 700 i 300 euros.<\/p>\n<p>Enguany s&#8217;han presentat un total de 118 projectes, dels quals 35 han sigut seleccionats com a finalistes, procedents d&#8217;Alacant, Alcoi, Xixona, Formentera del Segura, Sant Vicent del Raspeig, Elx, Mutxamel, Crevillent, Ibi, D\u00e9nia, Santa Pola, Cocentaina, Orihuela, Algue\u00f1a i Novelda.<\/p>\n","protected":false},"excerpt":{"rendered":"<p>Gabriel Rodr\u00edguez Ca\u00f1estro guanya en Treball Musical Solista amb el seu tema &#8220;Drum and space&#8221; i Juan Jos\u00e9 Vizca\u00edno obt\u00e9 el tercer premi en Relat Breu amb &#8220;La llegenda del Comte Verd&#8221;. La diputada Loreto Serrano presidix en el ADDA l&#8217;acte de lliurament d&#8217;estos guardons que han repartit 18.000 euros entre els guanyadors. Talent, enginy [&hellip;]<\/p>\n","protected":false},"author":96,"featured_media":39743,"comment_status":"closed","ping_status":"closed","sticky":false,"template":"","format":"standard","meta":{"_et_pb_use_builder":"","_et_pb_old_content":"","_et_gb_content_width":"","footnotes":""},"categories":[494],"tags":[962,487,1142],"class_list":["post-39745","post","type-post","status-publish","format-standard","has-post-thumbnail","hentry","category-joventut","tag-diputacio-dalacant","tag-loreto-serrano-ca","tag-premis-topcreation"],"yoast_head":"<!-- This site is optimized with the Yoast SEO plugin v27.4 - https:\/\/yoast.com\/product\/yoast-seo-wordpress\/ -->\n<title>Dos joves talents santapolers premiats en la Gala dels Premis #TopCreation2024 de la Diputaci\u00f3 d&#039;Alacant - Ajuntament de Santa Pola<\/title>\n<meta name=\"robots\" content=\"index, follow, max-snippet:-1, max-image-preview:large, max-video-preview:-1\" \/>\n<link rel=\"canonical\" href=\"https:\/\/santapola.es\/ca\/dos-joves-talents-santapolers-premiats-en-la-gala-dels-premis-topcreation2024-de-la-diputacio-dalacant\/\" \/>\n<meta property=\"og:locale\" content=\"ca_ES\" \/>\n<meta property=\"og:type\" content=\"article\" \/>\n<meta property=\"og:title\" content=\"Dos joves talents santapolers premiats en la Gala dels Premis #TopCreation2024 de la Diputaci\u00f3 d&#039;Alacant - Ajuntament de Santa Pola\" \/>\n<meta property=\"og:description\" content=\"Gabriel Rodr\u00edguez Ca\u00f1estro guanya en Treball Musical Solista amb el seu tema &#8220;Drum and space&#8221; i Juan Jos\u00e9 Vizca\u00edno obt\u00e9 el tercer premi en Relat Breu amb &#8220;La llegenda del Comte Verd&#8221;. La diputada Loreto Serrano presidix en el ADDA l&#8217;acte de lliurament d&#8217;estos guardons que han repartit 18.000 euros entre els guanyadors. Talent, enginy [&hellip;]\" \/>\n<meta property=\"og:url\" content=\"https:\/\/santapola.es\/ca\/dos-joves-talents-santapolers-premiats-en-la-gala-dels-premis-topcreation2024-de-la-diputacio-dalacant\/\" \/>\n<meta property=\"og:site_name\" content=\"Ajuntament de Santa Pola\" \/>\n<meta property=\"article:publisher\" content=\"https:\/\/www.facebook.com\/AyuntamientoSantaPola\/\" \/>\n<meta property=\"article:published_time\" content=\"2024-10-25T20:54:56+00:00\" \/>\n<meta property=\"article:modified_time\" content=\"2024-10-25T20:59:46+00:00\" \/>\n<meta property=\"og:image\" content=\"https:\/\/santapola.es\/wp-content\/uploads\/2024\/10\/2024-10-25-Premios-TopCreation.jpg\" \/>\n\t<meta property=\"og:image:width\" content=\"1920\" \/>\n\t<meta property=\"og:image:height\" content=\"1079\" \/>\n\t<meta property=\"og:image:type\" content=\"image\/jpeg\" \/>\n<meta name=\"author\" content=\"Jos\u00e9 Juan L\u00f3pez Lafuente\" \/>\n<meta name=\"twitter:card\" content=\"summary_large_image\" \/>\n<meta name=\"twitter:creator\" content=\"@SantaPolaAyunt\" \/>\n<meta name=\"twitter:site\" content=\"@SantaPolaAyunt\" \/>\n<script type=\"application\/ld+json\" class=\"yoast-schema-graph\">{\"@context\":\"https:\\\/\\\/schema.org\",\"@graph\":[{\"@type\":\"Article\",\"@id\":\"https:\\\/\\\/santapola.es\\\/ca\\\/dos-joves-talents-santapolers-premiats-en-la-gala-dels-premis-topcreation2024-de-la-diputacio-dalacant\\\/#article\",\"isPartOf\":{\"@id\":\"https:\\\/\\\/santapola.es\\\/ca\\\/dos-joves-talents-santapolers-premiats-en-la-gala-dels-premis-topcreation2024-de-la-diputacio-dalacant\\\/\"},\"author\":{\"name\":\"Jos\u00e9 Juan L\u00f3pez Lafuente\",\"@id\":\"https:\\\/\\\/santapola.es\\\/ca\\\/#\\\/schema\\\/person\\\/ad1d67403707b58350c7be5e8dbc442d\"},\"headline\":\"Dos joves talents santapolers premiats en la Gala dels Premis #TopCreation2024 de la Diputaci\u00f3 d&#8217;Alacant\",\"datePublished\":\"2024-10-25T20:54:56+00:00\",\"dateModified\":\"2024-10-25T20:59:46+00:00\",\"mainEntityOfPage\":{\"@id\":\"https:\\\/\\\/santapola.es\\\/ca\\\/dos-joves-talents-santapolers-premiats-en-la-gala-dels-premis-topcreation2024-de-la-diputacio-dalacant\\\/\"},\"wordCount\":656,\"image\":{\"@id\":\"https:\\\/\\\/santapola.es\\\/ca\\\/dos-joves-talents-santapolers-premiats-en-la-gala-dels-premis-topcreation2024-de-la-diputacio-dalacant\\\/#primaryimage\"},\"thumbnailUrl\":\"https:\\\/\\\/santapola.es\\\/wp-content\\\/uploads\\\/2024\\\/10\\\/2024-10-25-Premios-TopCreation.jpg\",\"keywords\":[\"Diputaci\u00f3 d'Alacant\",\"Loreto Serrano\",\"Premis #TopCreation\"],\"articleSection\":[\"Joventut\"],\"inLanguage\":\"ca\"},{\"@type\":\"WebPage\",\"@id\":\"https:\\\/\\\/santapola.es\\\/ca\\\/dos-joves-talents-santapolers-premiats-en-la-gala-dels-premis-topcreation2024-de-la-diputacio-dalacant\\\/\",\"url\":\"https:\\\/\\\/santapola.es\\\/ca\\\/dos-joves-talents-santapolers-premiats-en-la-gala-dels-premis-topcreation2024-de-la-diputacio-dalacant\\\/\",\"name\":\"Dos joves talents santapolers premiats en la Gala dels Premis #TopCreation2024 de la Diputaci\u00f3 d'Alacant - Ajuntament de Santa Pola\",\"isPartOf\":{\"@id\":\"https:\\\/\\\/santapola.es\\\/ca\\\/#website\"},\"primaryImageOfPage\":{\"@id\":\"https:\\\/\\\/santapola.es\\\/ca\\\/dos-joves-talents-santapolers-premiats-en-la-gala-dels-premis-topcreation2024-de-la-diputacio-dalacant\\\/#primaryimage\"},\"image\":{\"@id\":\"https:\\\/\\\/santapola.es\\\/ca\\\/dos-joves-talents-santapolers-premiats-en-la-gala-dels-premis-topcreation2024-de-la-diputacio-dalacant\\\/#primaryimage\"},\"thumbnailUrl\":\"https:\\\/\\\/santapola.es\\\/wp-content\\\/uploads\\\/2024\\\/10\\\/2024-10-25-Premios-TopCreation.jpg\",\"datePublished\":\"2024-10-25T20:54:56+00:00\",\"dateModified\":\"2024-10-25T20:59:46+00:00\",\"author\":{\"@id\":\"https:\\\/\\\/santapola.es\\\/ca\\\/#\\\/schema\\\/person\\\/ad1d67403707b58350c7be5e8dbc442d\"},\"breadcrumb\":{\"@id\":\"https:\\\/\\\/santapola.es\\\/ca\\\/dos-joves-talents-santapolers-premiats-en-la-gala-dels-premis-topcreation2024-de-la-diputacio-dalacant\\\/#breadcrumb\"},\"inLanguage\":\"ca\",\"potentialAction\":[{\"@type\":\"ReadAction\",\"target\":[\"https:\\\/\\\/santapola.es\\\/ca\\\/dos-joves-talents-santapolers-premiats-en-la-gala-dels-premis-topcreation2024-de-la-diputacio-dalacant\\\/\"]}]},{\"@type\":\"ImageObject\",\"inLanguage\":\"ca\",\"@id\":\"https:\\\/\\\/santapola.es\\\/ca\\\/dos-joves-talents-santapolers-premiats-en-la-gala-dels-premis-topcreation2024-de-la-diputacio-dalacant\\\/#primaryimage\",\"url\":\"https:\\\/\\\/santapola.es\\\/wp-content\\\/uploads\\\/2024\\\/10\\\/2024-10-25-Premios-TopCreation.jpg\",\"contentUrl\":\"https:\\\/\\\/santapola.es\\\/wp-content\\\/uploads\\\/2024\\\/10\\\/2024-10-25-Premios-TopCreation.jpg\",\"width\":1920,\"height\":1079},{\"@type\":\"BreadcrumbList\",\"@id\":\"https:\\\/\\\/santapola.es\\\/ca\\\/dos-joves-talents-santapolers-premiats-en-la-gala-dels-premis-topcreation2024-de-la-diputacio-dalacant\\\/#breadcrumb\",\"itemListElement\":[{\"@type\":\"ListItem\",\"position\":1,\"name\":\"Inici\",\"item\":\"https:\\\/\\\/santapola.es\\\/ca\\\/\"},{\"@type\":\"ListItem\",\"position\":2,\"name\":\"Dos joves talents santapolers premiats en la Gala dels Premis #TopCreation2024 de la Diputaci\u00f3 d&#8217;Alacant\"}]},{\"@type\":\"WebSite\",\"@id\":\"https:\\\/\\\/santapola.es\\\/ca\\\/#website\",\"url\":\"https:\\\/\\\/santapola.es\\\/ca\\\/\",\"name\":\"Ayuntamiento de Santa Pola\",\"description\":\"Web de l'Ajuntament de Santa Pola\",\"potentialAction\":[{\"@type\":\"SearchAction\",\"target\":{\"@type\":\"EntryPoint\",\"urlTemplate\":\"https:\\\/\\\/santapola.es\\\/ca\\\/?s={search_term_string}\"},\"query-input\":{\"@type\":\"PropertyValueSpecification\",\"valueRequired\":true,\"valueName\":\"search_term_string\"}}],\"inLanguage\":\"ca\"},{\"@type\":\"Person\",\"@id\":\"https:\\\/\\\/santapola.es\\\/ca\\\/#\\\/schema\\\/person\\\/ad1d67403707b58350c7be5e8dbc442d\",\"name\":\"Jos\u00e9 Juan L\u00f3pez Lafuente\"}]}<\/script>\n<!-- \/ Yoast SEO plugin. -->","yoast_head_json":{"title":"Dos joves talents santapolers premiats en la Gala dels Premis #TopCreation2024 de la Diputaci\u00f3 d'Alacant - Ajuntament de Santa Pola","robots":{"index":"index","follow":"follow","max-snippet":"max-snippet:-1","max-image-preview":"max-image-preview:large","max-video-preview":"max-video-preview:-1"},"canonical":"https:\/\/santapola.es\/ca\/dos-joves-talents-santapolers-premiats-en-la-gala-dels-premis-topcreation2024-de-la-diputacio-dalacant\/","og_locale":"ca_ES","og_type":"article","og_title":"Dos joves talents santapolers premiats en la Gala dels Premis #TopCreation2024 de la Diputaci\u00f3 d'Alacant - Ajuntament de Santa Pola","og_description":"Gabriel Rodr\u00edguez Ca\u00f1estro guanya en Treball Musical Solista amb el seu tema &#8220;Drum and space&#8221; i Juan Jos\u00e9 Vizca\u00edno obt\u00e9 el tercer premi en Relat Breu amb &#8220;La llegenda del Comte Verd&#8221;. La diputada Loreto Serrano presidix en el ADDA l&#8217;acte de lliurament d&#8217;estos guardons que han repartit 18.000 euros entre els guanyadors. Talent, enginy [&hellip;]","og_url":"https:\/\/santapola.es\/ca\/dos-joves-talents-santapolers-premiats-en-la-gala-dels-premis-topcreation2024-de-la-diputacio-dalacant\/","og_site_name":"Ajuntament de Santa Pola","article_publisher":"https:\/\/www.facebook.com\/AyuntamientoSantaPola\/","article_published_time":"2024-10-25T20:54:56+00:00","article_modified_time":"2024-10-25T20:59:46+00:00","og_image":[{"width":1920,"height":1079,"url":"https:\/\/santapola.es\/wp-content\/uploads\/2024\/10\/2024-10-25-Premios-TopCreation.jpg","type":"image\/jpeg"}],"author":"Jos\u00e9 Juan L\u00f3pez Lafuente","twitter_card":"summary_large_image","twitter_creator":"@SantaPolaAyunt","twitter_site":"@SantaPolaAyunt","schema":{"@context":"https:\/\/schema.org","@graph":[{"@type":"Article","@id":"https:\/\/santapola.es\/ca\/dos-joves-talents-santapolers-premiats-en-la-gala-dels-premis-topcreation2024-de-la-diputacio-dalacant\/#article","isPartOf":{"@id":"https:\/\/santapola.es\/ca\/dos-joves-talents-santapolers-premiats-en-la-gala-dels-premis-topcreation2024-de-la-diputacio-dalacant\/"},"author":{"name":"Jos\u00e9 Juan L\u00f3pez Lafuente","@id":"https:\/\/santapola.es\/ca\/#\/schema\/person\/ad1d67403707b58350c7be5e8dbc442d"},"headline":"Dos joves talents santapolers premiats en la Gala dels Premis #TopCreation2024 de la Diputaci\u00f3 d&#8217;Alacant","datePublished":"2024-10-25T20:54:56+00:00","dateModified":"2024-10-25T20:59:46+00:00","mainEntityOfPage":{"@id":"https:\/\/santapola.es\/ca\/dos-joves-talents-santapolers-premiats-en-la-gala-dels-premis-topcreation2024-de-la-diputacio-dalacant\/"},"wordCount":656,"image":{"@id":"https:\/\/santapola.es\/ca\/dos-joves-talents-santapolers-premiats-en-la-gala-dels-premis-topcreation2024-de-la-diputacio-dalacant\/#primaryimage"},"thumbnailUrl":"https:\/\/santapola.es\/wp-content\/uploads\/2024\/10\/2024-10-25-Premios-TopCreation.jpg","keywords":["Diputaci\u00f3 d'Alacant","Loreto Serrano","Premis #TopCreation"],"articleSection":["Joventut"],"inLanguage":"ca"},{"@type":"WebPage","@id":"https:\/\/santapola.es\/ca\/dos-joves-talents-santapolers-premiats-en-la-gala-dels-premis-topcreation2024-de-la-diputacio-dalacant\/","url":"https:\/\/santapola.es\/ca\/dos-joves-talents-santapolers-premiats-en-la-gala-dels-premis-topcreation2024-de-la-diputacio-dalacant\/","name":"Dos joves talents santapolers premiats en la Gala dels Premis #TopCreation2024 de la Diputaci\u00f3 d'Alacant - Ajuntament de Santa Pola","isPartOf":{"@id":"https:\/\/santapola.es\/ca\/#website"},"primaryImageOfPage":{"@id":"https:\/\/santapola.es\/ca\/dos-joves-talents-santapolers-premiats-en-la-gala-dels-premis-topcreation2024-de-la-diputacio-dalacant\/#primaryimage"},"image":{"@id":"https:\/\/santapola.es\/ca\/dos-joves-talents-santapolers-premiats-en-la-gala-dels-premis-topcreation2024-de-la-diputacio-dalacant\/#primaryimage"},"thumbnailUrl":"https:\/\/santapola.es\/wp-content\/uploads\/2024\/10\/2024-10-25-Premios-TopCreation.jpg","datePublished":"2024-10-25T20:54:56+00:00","dateModified":"2024-10-25T20:59:46+00:00","author":{"@id":"https:\/\/santapola.es\/ca\/#\/schema\/person\/ad1d67403707b58350c7be5e8dbc442d"},"breadcrumb":{"@id":"https:\/\/santapola.es\/ca\/dos-joves-talents-santapolers-premiats-en-la-gala-dels-premis-topcreation2024-de-la-diputacio-dalacant\/#breadcrumb"},"inLanguage":"ca","potentialAction":[{"@type":"ReadAction","target":["https:\/\/santapola.es\/ca\/dos-joves-talents-santapolers-premiats-en-la-gala-dels-premis-topcreation2024-de-la-diputacio-dalacant\/"]}]},{"@type":"ImageObject","inLanguage":"ca","@id":"https:\/\/santapola.es\/ca\/dos-joves-talents-santapolers-premiats-en-la-gala-dels-premis-topcreation2024-de-la-diputacio-dalacant\/#primaryimage","url":"https:\/\/santapola.es\/wp-content\/uploads\/2024\/10\/2024-10-25-Premios-TopCreation.jpg","contentUrl":"https:\/\/santapola.es\/wp-content\/uploads\/2024\/10\/2024-10-25-Premios-TopCreation.jpg","width":1920,"height":1079},{"@type":"BreadcrumbList","@id":"https:\/\/santapola.es\/ca\/dos-joves-talents-santapolers-premiats-en-la-gala-dels-premis-topcreation2024-de-la-diputacio-dalacant\/#breadcrumb","itemListElement":[{"@type":"ListItem","position":1,"name":"Inici","item":"https:\/\/santapola.es\/ca\/"},{"@type":"ListItem","position":2,"name":"Dos joves talents santapolers premiats en la Gala dels Premis #TopCreation2024 de la Diputaci\u00f3 d&#8217;Alacant"}]},{"@type":"WebSite","@id":"https:\/\/santapola.es\/ca\/#website","url":"https:\/\/santapola.es\/ca\/","name":"Ayuntamiento de Santa Pola","description":"Web de l'Ajuntament de Santa Pola","potentialAction":[{"@type":"SearchAction","target":{"@type":"EntryPoint","urlTemplate":"https:\/\/santapola.es\/ca\/?s={search_term_string}"},"query-input":{"@type":"PropertyValueSpecification","valueRequired":true,"valueName":"search_term_string"}}],"inLanguage":"ca"},{"@type":"Person","@id":"https:\/\/santapola.es\/ca\/#\/schema\/person\/ad1d67403707b58350c7be5e8dbc442d","name":"Jos\u00e9 Juan L\u00f3pez Lafuente"}]}},"_links":{"self":[{"href":"https:\/\/santapola.es\/ca\/wp-json\/wp\/v2\/posts\/39745","targetHints":{"allow":["GET"]}}],"collection":[{"href":"https:\/\/santapola.es\/ca\/wp-json\/wp\/v2\/posts"}],"about":[{"href":"https:\/\/santapola.es\/ca\/wp-json\/wp\/v2\/types\/post"}],"author":[{"embeddable":true,"href":"https:\/\/santapola.es\/ca\/wp-json\/wp\/v2\/users\/96"}],"replies":[{"embeddable":true,"href":"https:\/\/santapola.es\/ca\/wp-json\/wp\/v2\/comments?post=39745"}],"version-history":[{"count":0,"href":"https:\/\/santapola.es\/ca\/wp-json\/wp\/v2\/posts\/39745\/revisions"}],"wp:featuredmedia":[{"embeddable":true,"href":"https:\/\/santapola.es\/ca\/wp-json\/wp\/v2\/media\/39743"}],"wp:attachment":[{"href":"https:\/\/santapola.es\/ca\/wp-json\/wp\/v2\/media?parent=39745"}],"wp:term":[{"taxonomy":"category","embeddable":true,"href":"https:\/\/santapola.es\/ca\/wp-json\/wp\/v2\/categories?post=39745"},{"taxonomy":"post_tag","embeddable":true,"href":"https:\/\/santapola.es\/ca\/wp-json\/wp\/v2\/tags?post=39745"}],"curies":[{"name":"wp","href":"https:\/\/api.w.org\/{rel}","templated":true}]}}