{"id":39691,"date":"2024-10-23T13:20:52","date_gmt":"2024-10-23T11:20:52","guid":{"rendered":"https:\/\/santapola.es\/?p=39691"},"modified":"2024-10-23T13:23:04","modified_gmt":"2024-10-23T11:23:04","slug":"cinc-artistes-urbans-pintaran-murals-al-parc-sorolla-este-cap-de-setmana-en-el-ii-rau-fest-santa-pola","status":"publish","type":"post","link":"https:\/\/santapola.es\/ca\/cinc-artistes-urbans-pintaran-murals-al-parc-sorolla-este-cap-de-setmana-en-el-ii-rau-fest-santa-pola\/","title":{"rendered":"Cinc artistes urbans pintaran murals al parc Sorolla este cap de setmana en el II RAU Fest Santa Pola"},"content":{"rendered":"<p><strong>Del divendres 25 al diumenge 27 d&#8217;octubre tindr\u00e0 lloc al parc Sorolla la segona edici\u00f3 del festival d&#8217;art urb\u00e0 RAU Fest Santa Pola, en el qual cinc artistes pintaran murals acompanyats per un mercat ambulant artesanal, m\u00fasica i ball en viu.<\/strong><\/p>\n<p>Cinc artistes de diferents punts de la geografia nacional han sigut triats per a decorar els murs del parc Sorolla en la segona edici\u00f3 del RAU Fest Santa Pola que organitzen la regidoria de Joventut, a trav\u00e9s del Rac\u00f3 Jove, i l&#8217;artista local Santiago Buades.<\/p>\n<p>Joel*Gel, Alicia Jord\u00e1, Luc\u00eda Michelle, LaLoli i el pintor santapoler Seus desenrotllaran els seus projectes pict\u00f2rics des del divendres 25 a la vesprada fins al diumenge 27 al mat\u00ed.<\/p>\n<p>Perqu\u00e8 el p\u00fablic puga gaudir de diferents ambients mentres seguix l&#8217;evoluci\u00f3 de les pintures, l&#8217;esdeveniment comptar\u00e0 amb activitats paral\u00b7leles com l&#8217;exposici\u00f3 d&#8217;obres de diversos artistes en format de \u201cmercat ambulant artesanal\u201d.<\/p>\n<p>El divendres a la vesprada hi haur\u00e0 ambientaci\u00f3 musical a c\u00e0rrec de DJ\u2019s i el dissabte, des de les 18.00 fins a les 21.30 hores, tindran lloc les actuacions dels grups de ball de l&#8217;escola Fem Dansa \u201cExperience\u201d i \u201cGaggle i Crackets\u201d, les cantants i compositores Carmen Orts, Sof\u00eca Vidal i Alicia Blasco, i tancaran la jornada la banda local de pop electr\u00f2nic \u201cB Siders\u201d.<\/p>\n<p>El diumenge al mat\u00ed hi haur\u00e0 un taller participatiu amb places limitades i inscripci\u00f3 pr\u00e8via per a xiquets i xiquetes de 8 a 14 anys, coordinat per Santi Buades.<\/p>\n<p>Una interessant proposta art\u00edstica que, a trav\u00e9s de la pintura i la m\u00fasica, pret\u00e9n acostar la cultura als carrers de Santa Pola i convidar a gaudir del cap de setmana a tots els p\u00fablics.<\/p>\n","protected":false},"excerpt":{"rendered":"<p>Del divendres 25 al diumenge 27 d&#8217;octubre tindr\u00e0 lloc al parc Sorolla la segona edici\u00f3 del festival d&#8217;art urb\u00e0 RAU Fest Santa Pola, en el qual cinc artistes pintaran murals acompanyats per un mercat ambulant artesanal, m\u00fasica i ball en viu. Cinc artistes de diferents punts de la geografia nacional han sigut triats per a [&hellip;]<\/p>\n","protected":false},"author":96,"featured_media":39689,"comment_status":"closed","ping_status":"closed","sticky":false,"template":"","format":"standard","meta":{"_et_pb_use_builder":"","_et_pb_old_content":"","_et_gb_content_width":"","footnotes":""},"categories":[494],"tags":[544,1134],"class_list":["post-39691","post","type-post","status-publish","format-standard","has-post-thumbnail","hentry","category-joventut","tag-raco-jove-ca","tag-rau-fest-santa-pola-ca"],"yoast_head":"<!-- This site is optimized with the Yoast SEO plugin v27.4 - https:\/\/yoast.com\/product\/yoast-seo-wordpress\/ -->\n<title>Cinc artistes urbans pintaran murals al parc Sorolla este cap de setmana en el II RAU Fest Santa Pola - Ajuntament de Santa Pola<\/title>\n<meta name=\"robots\" content=\"index, follow, max-snippet:-1, max-image-preview:large, max-video-preview:-1\" \/>\n<link rel=\"canonical\" href=\"https:\/\/santapola.es\/ca\/cinc-artistes-urbans-pintaran-murals-al-parc-sorolla-este-cap-de-setmana-en-el-ii-rau-fest-santa-pola\/\" \/>\n<meta property=\"og:locale\" content=\"ca_ES\" \/>\n<meta property=\"og:type\" content=\"article\" \/>\n<meta property=\"og:title\" content=\"Cinc artistes urbans pintaran murals al parc Sorolla este cap de setmana en el II RAU Fest Santa Pola - Ajuntament de Santa Pola\" \/>\n<meta property=\"og:description\" content=\"Del divendres 25 al diumenge 27 d&#8217;octubre tindr\u00e0 lloc al parc Sorolla la segona edici\u00f3 del festival d&#8217;art urb\u00e0 RAU Fest Santa Pola, en el qual cinc artistes pintaran murals acompanyats per un mercat ambulant artesanal, m\u00fasica i ball en viu. Cinc artistes de diferents punts de la geografia nacional han sigut triats per a [&hellip;]\" \/>\n<meta property=\"og:url\" content=\"https:\/\/santapola.es\/ca\/cinc-artistes-urbans-pintaran-murals-al-parc-sorolla-este-cap-de-setmana-en-el-ii-rau-fest-santa-pola\/\" \/>\n<meta property=\"og:site_name\" content=\"Ajuntament de Santa Pola\" \/>\n<meta property=\"article:publisher\" content=\"https:\/\/www.facebook.com\/AyuntamientoSantaPola\/\" \/>\n<meta property=\"article:published_time\" content=\"2024-10-23T11:20:52+00:00\" \/>\n<meta property=\"article:modified_time\" content=\"2024-10-23T11:23:04+00:00\" \/>\n<meta property=\"og:image\" content=\"https:\/\/santapola.es\/wp-content\/uploads\/2024\/10\/RAU7.jpg\" \/>\n\t<meta property=\"og:image:width\" content=\"2048\" \/>\n\t<meta property=\"og:image:height\" content=\"1152\" \/>\n\t<meta property=\"og:image:type\" content=\"image\/jpeg\" \/>\n<meta name=\"author\" content=\"Jos\u00e9 Juan L\u00f3pez Lafuente\" \/>\n<meta name=\"twitter:card\" content=\"summary_large_image\" \/>\n<meta name=\"twitter:creator\" content=\"@SantaPolaAyunt\" \/>\n<meta name=\"twitter:site\" content=\"@SantaPolaAyunt\" \/>\n<script type=\"application\/ld+json\" class=\"yoast-schema-graph\">{\"@context\":\"https:\\\/\\\/schema.org\",\"@graph\":[{\"@type\":\"Article\",\"@id\":\"https:\\\/\\\/santapola.es\\\/ca\\\/cinc-artistes-urbans-pintaran-murals-al-parc-sorolla-este-cap-de-setmana-en-el-ii-rau-fest-santa-pola\\\/#article\",\"isPartOf\":{\"@id\":\"https:\\\/\\\/santapola.es\\\/ca\\\/cinc-artistes-urbans-pintaran-murals-al-parc-sorolla-este-cap-de-setmana-en-el-ii-rau-fest-santa-pola\\\/\"},\"author\":{\"name\":\"Jos\u00e9 Juan L\u00f3pez Lafuente\",\"@id\":\"https:\\\/\\\/santapola.es\\\/ca\\\/#\\\/schema\\\/person\\\/ad1d67403707b58350c7be5e8dbc442d\"},\"headline\":\"Cinc artistes urbans pintaran murals al parc Sorolla este cap de setmana en el II RAU Fest Santa Pola\",\"datePublished\":\"2024-10-23T11:20:52+00:00\",\"dateModified\":\"2024-10-23T11:23:04+00:00\",\"mainEntityOfPage\":{\"@id\":\"https:\\\/\\\/santapola.es\\\/ca\\\/cinc-artistes-urbans-pintaran-murals-al-parc-sorolla-este-cap-de-setmana-en-el-ii-rau-fest-santa-pola\\\/\"},\"wordCount\":310,\"image\":{\"@id\":\"https:\\\/\\\/santapola.es\\\/ca\\\/cinc-artistes-urbans-pintaran-murals-al-parc-sorolla-este-cap-de-setmana-en-el-ii-rau-fest-santa-pola\\\/#primaryimage\"},\"thumbnailUrl\":\"https:\\\/\\\/santapola.es\\\/wp-content\\\/uploads\\\/2024\\\/10\\\/RAU7.jpg\",\"keywords\":[\"Rac\u00f3 Jove\",\"RAU Fest Santa Pola\"],\"articleSection\":[\"Joventut\"],\"inLanguage\":\"ca\"},{\"@type\":\"WebPage\",\"@id\":\"https:\\\/\\\/santapola.es\\\/ca\\\/cinc-artistes-urbans-pintaran-murals-al-parc-sorolla-este-cap-de-setmana-en-el-ii-rau-fest-santa-pola\\\/\",\"url\":\"https:\\\/\\\/santapola.es\\\/ca\\\/cinc-artistes-urbans-pintaran-murals-al-parc-sorolla-este-cap-de-setmana-en-el-ii-rau-fest-santa-pola\\\/\",\"name\":\"Cinc artistes urbans pintaran murals al parc Sorolla este cap de setmana en el II RAU Fest Santa Pola - Ajuntament de Santa Pola\",\"isPartOf\":{\"@id\":\"https:\\\/\\\/santapola.es\\\/ca\\\/#website\"},\"primaryImageOfPage\":{\"@id\":\"https:\\\/\\\/santapola.es\\\/ca\\\/cinc-artistes-urbans-pintaran-murals-al-parc-sorolla-este-cap-de-setmana-en-el-ii-rau-fest-santa-pola\\\/#primaryimage\"},\"image\":{\"@id\":\"https:\\\/\\\/santapola.es\\\/ca\\\/cinc-artistes-urbans-pintaran-murals-al-parc-sorolla-este-cap-de-setmana-en-el-ii-rau-fest-santa-pola\\\/#primaryimage\"},\"thumbnailUrl\":\"https:\\\/\\\/santapola.es\\\/wp-content\\\/uploads\\\/2024\\\/10\\\/RAU7.jpg\",\"datePublished\":\"2024-10-23T11:20:52+00:00\",\"dateModified\":\"2024-10-23T11:23:04+00:00\",\"author\":{\"@id\":\"https:\\\/\\\/santapola.es\\\/ca\\\/#\\\/schema\\\/person\\\/ad1d67403707b58350c7be5e8dbc442d\"},\"breadcrumb\":{\"@id\":\"https:\\\/\\\/santapola.es\\\/ca\\\/cinc-artistes-urbans-pintaran-murals-al-parc-sorolla-este-cap-de-setmana-en-el-ii-rau-fest-santa-pola\\\/#breadcrumb\"},\"inLanguage\":\"ca\",\"potentialAction\":[{\"@type\":\"ReadAction\",\"target\":[\"https:\\\/\\\/santapola.es\\\/ca\\\/cinc-artistes-urbans-pintaran-murals-al-parc-sorolla-este-cap-de-setmana-en-el-ii-rau-fest-santa-pola\\\/\"]}]},{\"@type\":\"ImageObject\",\"inLanguage\":\"ca\",\"@id\":\"https:\\\/\\\/santapola.es\\\/ca\\\/cinc-artistes-urbans-pintaran-murals-al-parc-sorolla-este-cap-de-setmana-en-el-ii-rau-fest-santa-pola\\\/#primaryimage\",\"url\":\"https:\\\/\\\/santapola.es\\\/wp-content\\\/uploads\\\/2024\\\/10\\\/RAU7.jpg\",\"contentUrl\":\"https:\\\/\\\/santapola.es\\\/wp-content\\\/uploads\\\/2024\\\/10\\\/RAU7.jpg\",\"width\":2048,\"height\":1152},{\"@type\":\"BreadcrumbList\",\"@id\":\"https:\\\/\\\/santapola.es\\\/ca\\\/cinc-artistes-urbans-pintaran-murals-al-parc-sorolla-este-cap-de-setmana-en-el-ii-rau-fest-santa-pola\\\/#breadcrumb\",\"itemListElement\":[{\"@type\":\"ListItem\",\"position\":1,\"name\":\"Inici\",\"item\":\"https:\\\/\\\/santapola.es\\\/ca\\\/\"},{\"@type\":\"ListItem\",\"position\":2,\"name\":\"Cinc artistes urbans pintaran murals al parc Sorolla este cap de setmana en el II RAU Fest Santa Pola\"}]},{\"@type\":\"WebSite\",\"@id\":\"https:\\\/\\\/santapola.es\\\/ca\\\/#website\",\"url\":\"https:\\\/\\\/santapola.es\\\/ca\\\/\",\"name\":\"Ayuntamiento de Santa Pola\",\"description\":\"Web de l'Ajuntament de Santa Pola\",\"potentialAction\":[{\"@type\":\"SearchAction\",\"target\":{\"@type\":\"EntryPoint\",\"urlTemplate\":\"https:\\\/\\\/santapola.es\\\/ca\\\/?s={search_term_string}\"},\"query-input\":{\"@type\":\"PropertyValueSpecification\",\"valueRequired\":true,\"valueName\":\"search_term_string\"}}],\"inLanguage\":\"ca\"},{\"@type\":\"Person\",\"@id\":\"https:\\\/\\\/santapola.es\\\/ca\\\/#\\\/schema\\\/person\\\/ad1d67403707b58350c7be5e8dbc442d\",\"name\":\"Jos\u00e9 Juan L\u00f3pez Lafuente\"}]}<\/script>\n<!-- \/ Yoast SEO plugin. -->","yoast_head_json":{"title":"Cinc artistes urbans pintaran murals al parc Sorolla este cap de setmana en el II RAU Fest Santa Pola - Ajuntament de Santa Pola","robots":{"index":"index","follow":"follow","max-snippet":"max-snippet:-1","max-image-preview":"max-image-preview:large","max-video-preview":"max-video-preview:-1"},"canonical":"https:\/\/santapola.es\/ca\/cinc-artistes-urbans-pintaran-murals-al-parc-sorolla-este-cap-de-setmana-en-el-ii-rau-fest-santa-pola\/","og_locale":"ca_ES","og_type":"article","og_title":"Cinc artistes urbans pintaran murals al parc Sorolla este cap de setmana en el II RAU Fest Santa Pola - Ajuntament de Santa Pola","og_description":"Del divendres 25 al diumenge 27 d&#8217;octubre tindr\u00e0 lloc al parc Sorolla la segona edici\u00f3 del festival d&#8217;art urb\u00e0 RAU Fest Santa Pola, en el qual cinc artistes pintaran murals acompanyats per un mercat ambulant artesanal, m\u00fasica i ball en viu. Cinc artistes de diferents punts de la geografia nacional han sigut triats per a [&hellip;]","og_url":"https:\/\/santapola.es\/ca\/cinc-artistes-urbans-pintaran-murals-al-parc-sorolla-este-cap-de-setmana-en-el-ii-rau-fest-santa-pola\/","og_site_name":"Ajuntament de Santa Pola","article_publisher":"https:\/\/www.facebook.com\/AyuntamientoSantaPola\/","article_published_time":"2024-10-23T11:20:52+00:00","article_modified_time":"2024-10-23T11:23:04+00:00","og_image":[{"width":2048,"height":1152,"url":"https:\/\/santapola.es\/wp-content\/uploads\/2024\/10\/RAU7.jpg","type":"image\/jpeg"}],"author":"Jos\u00e9 Juan L\u00f3pez Lafuente","twitter_card":"summary_large_image","twitter_creator":"@SantaPolaAyunt","twitter_site":"@SantaPolaAyunt","schema":{"@context":"https:\/\/schema.org","@graph":[{"@type":"Article","@id":"https:\/\/santapola.es\/ca\/cinc-artistes-urbans-pintaran-murals-al-parc-sorolla-este-cap-de-setmana-en-el-ii-rau-fest-santa-pola\/#article","isPartOf":{"@id":"https:\/\/santapola.es\/ca\/cinc-artistes-urbans-pintaran-murals-al-parc-sorolla-este-cap-de-setmana-en-el-ii-rau-fest-santa-pola\/"},"author":{"name":"Jos\u00e9 Juan L\u00f3pez Lafuente","@id":"https:\/\/santapola.es\/ca\/#\/schema\/person\/ad1d67403707b58350c7be5e8dbc442d"},"headline":"Cinc artistes urbans pintaran murals al parc Sorolla este cap de setmana en el II RAU Fest Santa Pola","datePublished":"2024-10-23T11:20:52+00:00","dateModified":"2024-10-23T11:23:04+00:00","mainEntityOfPage":{"@id":"https:\/\/santapola.es\/ca\/cinc-artistes-urbans-pintaran-murals-al-parc-sorolla-este-cap-de-setmana-en-el-ii-rau-fest-santa-pola\/"},"wordCount":310,"image":{"@id":"https:\/\/santapola.es\/ca\/cinc-artistes-urbans-pintaran-murals-al-parc-sorolla-este-cap-de-setmana-en-el-ii-rau-fest-santa-pola\/#primaryimage"},"thumbnailUrl":"https:\/\/santapola.es\/wp-content\/uploads\/2024\/10\/RAU7.jpg","keywords":["Rac\u00f3 Jove","RAU Fest Santa Pola"],"articleSection":["Joventut"],"inLanguage":"ca"},{"@type":"WebPage","@id":"https:\/\/santapola.es\/ca\/cinc-artistes-urbans-pintaran-murals-al-parc-sorolla-este-cap-de-setmana-en-el-ii-rau-fest-santa-pola\/","url":"https:\/\/santapola.es\/ca\/cinc-artistes-urbans-pintaran-murals-al-parc-sorolla-este-cap-de-setmana-en-el-ii-rau-fest-santa-pola\/","name":"Cinc artistes urbans pintaran murals al parc Sorolla este cap de setmana en el II RAU Fest Santa Pola - Ajuntament de Santa Pola","isPartOf":{"@id":"https:\/\/santapola.es\/ca\/#website"},"primaryImageOfPage":{"@id":"https:\/\/santapola.es\/ca\/cinc-artistes-urbans-pintaran-murals-al-parc-sorolla-este-cap-de-setmana-en-el-ii-rau-fest-santa-pola\/#primaryimage"},"image":{"@id":"https:\/\/santapola.es\/ca\/cinc-artistes-urbans-pintaran-murals-al-parc-sorolla-este-cap-de-setmana-en-el-ii-rau-fest-santa-pola\/#primaryimage"},"thumbnailUrl":"https:\/\/santapola.es\/wp-content\/uploads\/2024\/10\/RAU7.jpg","datePublished":"2024-10-23T11:20:52+00:00","dateModified":"2024-10-23T11:23:04+00:00","author":{"@id":"https:\/\/santapola.es\/ca\/#\/schema\/person\/ad1d67403707b58350c7be5e8dbc442d"},"breadcrumb":{"@id":"https:\/\/santapola.es\/ca\/cinc-artistes-urbans-pintaran-murals-al-parc-sorolla-este-cap-de-setmana-en-el-ii-rau-fest-santa-pola\/#breadcrumb"},"inLanguage":"ca","potentialAction":[{"@type":"ReadAction","target":["https:\/\/santapola.es\/ca\/cinc-artistes-urbans-pintaran-murals-al-parc-sorolla-este-cap-de-setmana-en-el-ii-rau-fest-santa-pola\/"]}]},{"@type":"ImageObject","inLanguage":"ca","@id":"https:\/\/santapola.es\/ca\/cinc-artistes-urbans-pintaran-murals-al-parc-sorolla-este-cap-de-setmana-en-el-ii-rau-fest-santa-pola\/#primaryimage","url":"https:\/\/santapola.es\/wp-content\/uploads\/2024\/10\/RAU7.jpg","contentUrl":"https:\/\/santapola.es\/wp-content\/uploads\/2024\/10\/RAU7.jpg","width":2048,"height":1152},{"@type":"BreadcrumbList","@id":"https:\/\/santapola.es\/ca\/cinc-artistes-urbans-pintaran-murals-al-parc-sorolla-este-cap-de-setmana-en-el-ii-rau-fest-santa-pola\/#breadcrumb","itemListElement":[{"@type":"ListItem","position":1,"name":"Inici","item":"https:\/\/santapola.es\/ca\/"},{"@type":"ListItem","position":2,"name":"Cinc artistes urbans pintaran murals al parc Sorolla este cap de setmana en el II RAU Fest Santa Pola"}]},{"@type":"WebSite","@id":"https:\/\/santapola.es\/ca\/#website","url":"https:\/\/santapola.es\/ca\/","name":"Ayuntamiento de Santa Pola","description":"Web de l'Ajuntament de Santa Pola","potentialAction":[{"@type":"SearchAction","target":{"@type":"EntryPoint","urlTemplate":"https:\/\/santapola.es\/ca\/?s={search_term_string}"},"query-input":{"@type":"PropertyValueSpecification","valueRequired":true,"valueName":"search_term_string"}}],"inLanguage":"ca"},{"@type":"Person","@id":"https:\/\/santapola.es\/ca\/#\/schema\/person\/ad1d67403707b58350c7be5e8dbc442d","name":"Jos\u00e9 Juan L\u00f3pez Lafuente"}]}},"_links":{"self":[{"href":"https:\/\/santapola.es\/ca\/wp-json\/wp\/v2\/posts\/39691","targetHints":{"allow":["GET"]}}],"collection":[{"href":"https:\/\/santapola.es\/ca\/wp-json\/wp\/v2\/posts"}],"about":[{"href":"https:\/\/santapola.es\/ca\/wp-json\/wp\/v2\/types\/post"}],"author":[{"embeddable":true,"href":"https:\/\/santapola.es\/ca\/wp-json\/wp\/v2\/users\/96"}],"replies":[{"embeddable":true,"href":"https:\/\/santapola.es\/ca\/wp-json\/wp\/v2\/comments?post=39691"}],"version-history":[{"count":0,"href":"https:\/\/santapola.es\/ca\/wp-json\/wp\/v2\/posts\/39691\/revisions"}],"wp:featuredmedia":[{"embeddable":true,"href":"https:\/\/santapola.es\/ca\/wp-json\/wp\/v2\/media\/39689"}],"wp:attachment":[{"href":"https:\/\/santapola.es\/ca\/wp-json\/wp\/v2\/media?parent=39691"}],"wp:term":[{"taxonomy":"category","embeddable":true,"href":"https:\/\/santapola.es\/ca\/wp-json\/wp\/v2\/categories?post=39691"},{"taxonomy":"post_tag","embeddable":true,"href":"https:\/\/santapola.es\/ca\/wp-json\/wp\/v2\/tags?post=39691"}],"curies":[{"name":"wp","href":"https:\/\/api.w.org\/{rel}","templated":true}]}}