{"id":39439,"date":"2024-10-09T13:18:19","date_gmt":"2024-10-09T11:18:19","guid":{"rendered":"https:\/\/santapola.es\/?p=39439"},"modified":"2024-10-09T13:18:19","modified_gmt":"2024-10-09T11:18:19","slug":"santa-pola-celebra-el-dia-de-la-comunitat-valenciana-amb-reivindicacions-i-homenatges-populars","status":"publish","type":"post","link":"https:\/\/santapola.es\/ca\/santa-pola-celebra-el-dia-de-la-comunitat-valenciana-amb-reivindicacions-i-homenatges-populars\/","title":{"rendered":"Santa Pola celebra el Dia de la Comunitat Valenciana amb reivindicacions i homenatges populars"},"content":{"rendered":"<ul>\n<li><strong>En el discurs institucional es va defendre la necessitat de dotar de majors recursos als ajuntaments i es va fer l&#8217;ullet a la defensa del sector pesquer.<\/strong><\/li>\n<li><strong>Van rebre homenatges la Comparsa Pirates pel seu 40 aniversari, els forns centenaris Jos\u00e9 Vidal, Mamella i El Toldet, aix\u00ed com els autors de l&#8217;Himne de Santa Pola que complix 50 anys.<\/strong><\/li>\n<\/ul>\n<p>Santa Pola ha celebrat la festivitat del Dia de la Comunitat Valenciana amb un mat\u00ed intens que va comen\u00e7ar amb un ple a l&#8217;Ajuntament que va presidir el primer tinent d&#8217;alcalde Jos\u00e9 Pedro Mart\u00ednez, davant l&#8217;abs\u00e8ncia de l&#8217;alcaldessa Loreto Serrano per assumptes familiars de for\u00e7a major, i en el qual la corporaci\u00f3 municipal s&#8217;ha reunit per a la lectura del manifest institucional en valenci\u00e0 per part de la regidora Trini Ortiz.<\/p>\n<p>\u201cLes oportunitats mai arriben sense esfor\u00e7, sense sacrifici. Per aix\u00f2 \u00e9s crucial apostar per un clima institucional i pol\u00edtic que aporte seguretat i confian\u00e7a als nostres ciutadans. El 9 d&#8217;Octubre, tan pr\u00f2xim al dia 12, demostra que la nostra diversitat \u00e9s la rica i variada realitat del que som, valencians i espanyols\u201d.<\/p>\n<p>El discurs tamb\u00e9 va tindre moments reivindicatius de l&#8217;autonomia municipal i del sector pesquer: \u201cEntenem que no vivim temps f\u00e0cils, i que ens enfrontem a situacions que ens demanden a tots nous sacrificis. Des de l&#8217;Ajuntament ens esforcem per a solucionar, amb els nostres recursos, els problemes que planteja el dia a dia. Per\u00f2 tamb\u00e9 tenim la voluntat de defendre els nostres interessos reclamant a les administracions corresponents les infraestructures i dotacions que s\u00f3n imprescindibles per al nostre poble, o fent costat als col\u00b7lectius locals en la defensa de les seues reivindicacions, com ho fem amb el sector pesquer, tan tradicional i arrelat al nostre poble, en uns moments tan complicats\u201d.<\/p>\n<p><strong>Reconeixements p\u00fablics<\/strong><\/p>\n<p>La pla\u00e7a de la Glorieta va ser, a continuaci\u00f3, escenari de l&#8217;acte d&#8217;homenatge a entitats locals de consolidada traject\u00f2ria, despr\u00e9s que la regidor de Cultura, Nely Baile, tornara a llegir davant el p\u00fablic assistent el manifest institucional.<\/p>\n<p>La primera d&#8217;elles va ser la Comparsa Pirates, que celebra el seu 40 aniversari, sent la seua primera presidenta Carmen Celdr\u00e1n Vera. Esta comparsa desfilava en els seus or\u00edgens el dia 6 de setembre, fins que es va iniciar la desfilada de Moros i Cristians del 3 de setembre. Sempre amb l&#8217;afany de participar de manera activa en les nostres festes, en l&#8217;actualitat la comparsa Pirates t\u00e9 una traject\u00f2ria molt consolidada i compta amb una bona base de gent molt jove per a augurar-li un bon futur.<\/p>\n<p>L&#8217;homenatge va continuar amb el protagonisme de tres empreses locals centen\u00e0ries, els forns Jos\u00e9 Vidal, Mamella i El Toldet. Els forns a Santa Pola s\u00f3n un veritable pilar en la nostra vida quotidiana i hui s&#8217;ha volgut recon\u00e9ixer la seua longevitat, per\u00f2 tamb\u00e9 la passi\u00f3 i l&#8217;esfor\u00e7 dels seus propietaris, que a trav\u00e9s de la seua dedicaci\u00f3 i amor pel que fan s&#8217;han guanyat un lloc especial. Uns forns centenaris que, en l&#8217;actualitat, a m\u00e9s d&#8217;aconseguir les nostres llars traspassen les nostres fronteres amb el comer\u00e7 electr\u00f2nic.<\/p>\n<p>Finalment van rebre el seu reconeixement els autors de l&#8217;Himne de Santa Pola, que complix 50 anys. L&#8217;any 1975 el regidor de Festes de l&#8217;Ajuntament, Vicente Devesa Ortiz, sent alcalde Tom\u00e1s Buades Ruso, va encarregar la lletra d&#8217;un himne per a Santa Pola a Maria Sempere Montiel i la m\u00fasica a Mois\u00e9s Davia Soriano, llavors director de la Banda Municipal d&#8217;Alacant.<\/p>\n<p>L&#8217;Himne de Santa Pola es va estrenar la nit de l&#8217;1 de setembre de 1974 i hui van ser la Banda Mare de D\u00e9u de Loreto i la Coral Llevantina Antonio Espinosa les encarregades de tancar l&#8217;acte amb la seua interpretaci\u00f3 de l&#8217;Himne de Santa Pola, a m\u00e9s del de la Comunitat Valenciana i el d&#8217;Espanya.<\/p>\n<p>Va ser la Banda Mare de D\u00e9u de Loreto l&#8217;encarregada de tancar l&#8217;acte amb la interpretaci\u00f3 de l&#8217;Himne de Santa Pola i del de la Comunitat Valenciana.<\/p>\n<p>El mat\u00ed festiu va culminar amb el tret d&#8217;una potent masclet\u00e0 enfront de la fa\u00e7ana del Castell Fortalesa, posant aix\u00ed un punt i final molt mediterrani al dia de la nostra comunitat.<\/p>\n","protected":false},"excerpt":{"rendered":"<p>En el discurs institucional es va defendre la necessitat de dotar de majors recursos als ajuntaments i es va fer l&#8217;ullet a la defensa del sector pesquer. Van rebre homenatges la Comparsa Pirates pel seu 40 aniversari, els forns centenaris Jos\u00e9 Vidal, Mamella i El Toldet, aix\u00ed com els autors de l&#8217;Himne de Santa Pola [&hellip;]<\/p>\n","protected":false},"author":96,"featured_media":39463,"comment_status":"closed","ping_status":"closed","sticky":false,"template":"","format":"standard","meta":{"_et_pb_use_builder":"","_et_pb_old_content":"","_et_gb_content_width":"","footnotes":""},"categories":[1],"tags":[1107],"class_list":["post-39439","post","type-post","status-publish","format-standard","has-post-thumbnail","hentry","category-sin-categorizar","tag-dia-de-la-comunitat-valenciana"],"yoast_head":"<!-- This site is optimized with the Yoast SEO plugin v27.4 - https:\/\/yoast.com\/product\/yoast-seo-wordpress\/ -->\n<title>Santa Pola celebra el Dia de la Comunitat Valenciana amb reivindicacions i homenatges populars - Ajuntament de Santa Pola<\/title>\n<meta name=\"robots\" content=\"index, follow, max-snippet:-1, max-image-preview:large, max-video-preview:-1\" \/>\n<link rel=\"canonical\" href=\"https:\/\/santapola.es\/ca\/santa-pola-celebra-el-dia-de-la-comunitat-valenciana-amb-reivindicacions-i-homenatges-populars\/\" \/>\n<meta property=\"og:locale\" content=\"ca_ES\" \/>\n<meta property=\"og:type\" content=\"article\" \/>\n<meta property=\"og:title\" content=\"Santa Pola celebra el Dia de la Comunitat Valenciana amb reivindicacions i homenatges populars - Ajuntament de Santa Pola\" \/>\n<meta property=\"og:description\" content=\"En el discurs institucional es va defendre la necessitat de dotar de majors recursos als ajuntaments i es va fer l&#8217;ullet a la defensa del sector pesquer. Van rebre homenatges la Comparsa Pirates pel seu 40 aniversari, els forns centenaris Jos\u00e9 Vidal, Mamella i El Toldet, aix\u00ed com els autors de l&#8217;Himne de Santa Pola [&hellip;]\" \/>\n<meta property=\"og:url\" content=\"https:\/\/santapola.es\/ca\/santa-pola-celebra-el-dia-de-la-comunitat-valenciana-amb-reivindicacions-i-homenatges-populars\/\" \/>\n<meta property=\"og:site_name\" content=\"Ajuntament de Santa Pola\" \/>\n<meta property=\"article:publisher\" content=\"https:\/\/www.facebook.com\/AyuntamientoSantaPola\/\" \/>\n<meta property=\"article:published_time\" content=\"2024-10-09T11:18:19+00:00\" \/>\n<meta property=\"og:image\" content=\"https:\/\/santapola.es\/wp-content\/uploads\/2024\/10\/2024-10-09-himno-de-Santa-Pola.jpg\" \/>\n\t<meta property=\"og:image:width\" content=\"1600\" \/>\n\t<meta property=\"og:image:height\" content=\"1200\" \/>\n\t<meta property=\"og:image:type\" content=\"image\/jpeg\" \/>\n<meta name=\"author\" content=\"Jos\u00e9 Juan L\u00f3pez Lafuente\" \/>\n<meta name=\"twitter:card\" content=\"summary_large_image\" \/>\n<meta name=\"twitter:creator\" content=\"@SantaPolaAyunt\" \/>\n<meta name=\"twitter:site\" content=\"@SantaPolaAyunt\" \/>\n<script type=\"application\/ld+json\" class=\"yoast-schema-graph\">{\"@context\":\"https:\\\/\\\/schema.org\",\"@graph\":[{\"@type\":\"Article\",\"@id\":\"https:\\\/\\\/santapola.es\\\/ca\\\/santa-pola-celebra-el-dia-de-la-comunitat-valenciana-amb-reivindicacions-i-homenatges-populars\\\/#article\",\"isPartOf\":{\"@id\":\"https:\\\/\\\/santapola.es\\\/ca\\\/santa-pola-celebra-el-dia-de-la-comunitat-valenciana-amb-reivindicacions-i-homenatges-populars\\\/\"},\"author\":{\"name\":\"Jos\u00e9 Juan L\u00f3pez Lafuente\",\"@id\":\"https:\\\/\\\/santapola.es\\\/ca\\\/#\\\/schema\\\/person\\\/ad1d67403707b58350c7be5e8dbc442d\"},\"headline\":\"Santa Pola celebra el Dia de la Comunitat Valenciana amb reivindicacions i homenatges populars\",\"datePublished\":\"2024-10-09T11:18:19+00:00\",\"mainEntityOfPage\":{\"@id\":\"https:\\\/\\\/santapola.es\\\/ca\\\/santa-pola-celebra-el-dia-de-la-comunitat-valenciana-amb-reivindicacions-i-homenatges-populars\\\/\"},\"wordCount\":751,\"image\":{\"@id\":\"https:\\\/\\\/santapola.es\\\/ca\\\/santa-pola-celebra-el-dia-de-la-comunitat-valenciana-amb-reivindicacions-i-homenatges-populars\\\/#primaryimage\"},\"thumbnailUrl\":\"https:\\\/\\\/santapola.es\\\/wp-content\\\/uploads\\\/2024\\\/10\\\/2024-10-09-himno-de-Santa-Pola.jpg\",\"keywords\":[\"Dia de la Comunitat Valenciana\"],\"articleSection\":[\"Sin categorizar\"],\"inLanguage\":\"ca\"},{\"@type\":\"WebPage\",\"@id\":\"https:\\\/\\\/santapola.es\\\/ca\\\/santa-pola-celebra-el-dia-de-la-comunitat-valenciana-amb-reivindicacions-i-homenatges-populars\\\/\",\"url\":\"https:\\\/\\\/santapola.es\\\/ca\\\/santa-pola-celebra-el-dia-de-la-comunitat-valenciana-amb-reivindicacions-i-homenatges-populars\\\/\",\"name\":\"Santa Pola celebra el Dia de la Comunitat Valenciana amb reivindicacions i homenatges populars - Ajuntament de Santa Pola\",\"isPartOf\":{\"@id\":\"https:\\\/\\\/santapola.es\\\/ca\\\/#website\"},\"primaryImageOfPage\":{\"@id\":\"https:\\\/\\\/santapola.es\\\/ca\\\/santa-pola-celebra-el-dia-de-la-comunitat-valenciana-amb-reivindicacions-i-homenatges-populars\\\/#primaryimage\"},\"image\":{\"@id\":\"https:\\\/\\\/santapola.es\\\/ca\\\/santa-pola-celebra-el-dia-de-la-comunitat-valenciana-amb-reivindicacions-i-homenatges-populars\\\/#primaryimage\"},\"thumbnailUrl\":\"https:\\\/\\\/santapola.es\\\/wp-content\\\/uploads\\\/2024\\\/10\\\/2024-10-09-himno-de-Santa-Pola.jpg\",\"datePublished\":\"2024-10-09T11:18:19+00:00\",\"author\":{\"@id\":\"https:\\\/\\\/santapola.es\\\/ca\\\/#\\\/schema\\\/person\\\/ad1d67403707b58350c7be5e8dbc442d\"},\"breadcrumb\":{\"@id\":\"https:\\\/\\\/santapola.es\\\/ca\\\/santa-pola-celebra-el-dia-de-la-comunitat-valenciana-amb-reivindicacions-i-homenatges-populars\\\/#breadcrumb\"},\"inLanguage\":\"ca\",\"potentialAction\":[{\"@type\":\"ReadAction\",\"target\":[\"https:\\\/\\\/santapola.es\\\/ca\\\/santa-pola-celebra-el-dia-de-la-comunitat-valenciana-amb-reivindicacions-i-homenatges-populars\\\/\"]}]},{\"@type\":\"ImageObject\",\"inLanguage\":\"ca\",\"@id\":\"https:\\\/\\\/santapola.es\\\/ca\\\/santa-pola-celebra-el-dia-de-la-comunitat-valenciana-amb-reivindicacions-i-homenatges-populars\\\/#primaryimage\",\"url\":\"https:\\\/\\\/santapola.es\\\/wp-content\\\/uploads\\\/2024\\\/10\\\/2024-10-09-himno-de-Santa-Pola.jpg\",\"contentUrl\":\"https:\\\/\\\/santapola.es\\\/wp-content\\\/uploads\\\/2024\\\/10\\\/2024-10-09-himno-de-Santa-Pola.jpg\",\"width\":1600,\"height\":1200},{\"@type\":\"BreadcrumbList\",\"@id\":\"https:\\\/\\\/santapola.es\\\/ca\\\/santa-pola-celebra-el-dia-de-la-comunitat-valenciana-amb-reivindicacions-i-homenatges-populars\\\/#breadcrumb\",\"itemListElement\":[{\"@type\":\"ListItem\",\"position\":1,\"name\":\"Inici\",\"item\":\"https:\\\/\\\/santapola.es\\\/ca\\\/\"},{\"@type\":\"ListItem\",\"position\":2,\"name\":\"Santa Pola celebra el Dia de la Comunitat Valenciana amb reivindicacions i homenatges populars\"}]},{\"@type\":\"WebSite\",\"@id\":\"https:\\\/\\\/santapola.es\\\/ca\\\/#website\",\"url\":\"https:\\\/\\\/santapola.es\\\/ca\\\/\",\"name\":\"Ayuntamiento de Santa Pola\",\"description\":\"Web de l'Ajuntament de Santa Pola\",\"potentialAction\":[{\"@type\":\"SearchAction\",\"target\":{\"@type\":\"EntryPoint\",\"urlTemplate\":\"https:\\\/\\\/santapola.es\\\/ca\\\/?s={search_term_string}\"},\"query-input\":{\"@type\":\"PropertyValueSpecification\",\"valueRequired\":true,\"valueName\":\"search_term_string\"}}],\"inLanguage\":\"ca\"},{\"@type\":\"Person\",\"@id\":\"https:\\\/\\\/santapola.es\\\/ca\\\/#\\\/schema\\\/person\\\/ad1d67403707b58350c7be5e8dbc442d\",\"name\":\"Jos\u00e9 Juan L\u00f3pez Lafuente\"}]}<\/script>\n<!-- \/ Yoast SEO plugin. -->","yoast_head_json":{"title":"Santa Pola celebra el Dia de la Comunitat Valenciana amb reivindicacions i homenatges populars - Ajuntament de Santa Pola","robots":{"index":"index","follow":"follow","max-snippet":"max-snippet:-1","max-image-preview":"max-image-preview:large","max-video-preview":"max-video-preview:-1"},"canonical":"https:\/\/santapola.es\/ca\/santa-pola-celebra-el-dia-de-la-comunitat-valenciana-amb-reivindicacions-i-homenatges-populars\/","og_locale":"ca_ES","og_type":"article","og_title":"Santa Pola celebra el Dia de la Comunitat Valenciana amb reivindicacions i homenatges populars - Ajuntament de Santa Pola","og_description":"En el discurs institucional es va defendre la necessitat de dotar de majors recursos als ajuntaments i es va fer l&#8217;ullet a la defensa del sector pesquer. Van rebre homenatges la Comparsa Pirates pel seu 40 aniversari, els forns centenaris Jos\u00e9 Vidal, Mamella i El Toldet, aix\u00ed com els autors de l&#8217;Himne de Santa Pola [&hellip;]","og_url":"https:\/\/santapola.es\/ca\/santa-pola-celebra-el-dia-de-la-comunitat-valenciana-amb-reivindicacions-i-homenatges-populars\/","og_site_name":"Ajuntament de Santa Pola","article_publisher":"https:\/\/www.facebook.com\/AyuntamientoSantaPola\/","article_published_time":"2024-10-09T11:18:19+00:00","og_image":[{"width":1600,"height":1200,"url":"https:\/\/santapola.es\/wp-content\/uploads\/2024\/10\/2024-10-09-himno-de-Santa-Pola.jpg","type":"image\/jpeg"}],"author":"Jos\u00e9 Juan L\u00f3pez Lafuente","twitter_card":"summary_large_image","twitter_creator":"@SantaPolaAyunt","twitter_site":"@SantaPolaAyunt","schema":{"@context":"https:\/\/schema.org","@graph":[{"@type":"Article","@id":"https:\/\/santapola.es\/ca\/santa-pola-celebra-el-dia-de-la-comunitat-valenciana-amb-reivindicacions-i-homenatges-populars\/#article","isPartOf":{"@id":"https:\/\/santapola.es\/ca\/santa-pola-celebra-el-dia-de-la-comunitat-valenciana-amb-reivindicacions-i-homenatges-populars\/"},"author":{"name":"Jos\u00e9 Juan L\u00f3pez Lafuente","@id":"https:\/\/santapola.es\/ca\/#\/schema\/person\/ad1d67403707b58350c7be5e8dbc442d"},"headline":"Santa Pola celebra el Dia de la Comunitat Valenciana amb reivindicacions i homenatges populars","datePublished":"2024-10-09T11:18:19+00:00","mainEntityOfPage":{"@id":"https:\/\/santapola.es\/ca\/santa-pola-celebra-el-dia-de-la-comunitat-valenciana-amb-reivindicacions-i-homenatges-populars\/"},"wordCount":751,"image":{"@id":"https:\/\/santapola.es\/ca\/santa-pola-celebra-el-dia-de-la-comunitat-valenciana-amb-reivindicacions-i-homenatges-populars\/#primaryimage"},"thumbnailUrl":"https:\/\/santapola.es\/wp-content\/uploads\/2024\/10\/2024-10-09-himno-de-Santa-Pola.jpg","keywords":["Dia de la Comunitat Valenciana"],"articleSection":["Sin categorizar"],"inLanguage":"ca"},{"@type":"WebPage","@id":"https:\/\/santapola.es\/ca\/santa-pola-celebra-el-dia-de-la-comunitat-valenciana-amb-reivindicacions-i-homenatges-populars\/","url":"https:\/\/santapola.es\/ca\/santa-pola-celebra-el-dia-de-la-comunitat-valenciana-amb-reivindicacions-i-homenatges-populars\/","name":"Santa Pola celebra el Dia de la Comunitat Valenciana amb reivindicacions i homenatges populars - Ajuntament de Santa Pola","isPartOf":{"@id":"https:\/\/santapola.es\/ca\/#website"},"primaryImageOfPage":{"@id":"https:\/\/santapola.es\/ca\/santa-pola-celebra-el-dia-de-la-comunitat-valenciana-amb-reivindicacions-i-homenatges-populars\/#primaryimage"},"image":{"@id":"https:\/\/santapola.es\/ca\/santa-pola-celebra-el-dia-de-la-comunitat-valenciana-amb-reivindicacions-i-homenatges-populars\/#primaryimage"},"thumbnailUrl":"https:\/\/santapola.es\/wp-content\/uploads\/2024\/10\/2024-10-09-himno-de-Santa-Pola.jpg","datePublished":"2024-10-09T11:18:19+00:00","author":{"@id":"https:\/\/santapola.es\/ca\/#\/schema\/person\/ad1d67403707b58350c7be5e8dbc442d"},"breadcrumb":{"@id":"https:\/\/santapola.es\/ca\/santa-pola-celebra-el-dia-de-la-comunitat-valenciana-amb-reivindicacions-i-homenatges-populars\/#breadcrumb"},"inLanguage":"ca","potentialAction":[{"@type":"ReadAction","target":["https:\/\/santapola.es\/ca\/santa-pola-celebra-el-dia-de-la-comunitat-valenciana-amb-reivindicacions-i-homenatges-populars\/"]}]},{"@type":"ImageObject","inLanguage":"ca","@id":"https:\/\/santapola.es\/ca\/santa-pola-celebra-el-dia-de-la-comunitat-valenciana-amb-reivindicacions-i-homenatges-populars\/#primaryimage","url":"https:\/\/santapola.es\/wp-content\/uploads\/2024\/10\/2024-10-09-himno-de-Santa-Pola.jpg","contentUrl":"https:\/\/santapola.es\/wp-content\/uploads\/2024\/10\/2024-10-09-himno-de-Santa-Pola.jpg","width":1600,"height":1200},{"@type":"BreadcrumbList","@id":"https:\/\/santapola.es\/ca\/santa-pola-celebra-el-dia-de-la-comunitat-valenciana-amb-reivindicacions-i-homenatges-populars\/#breadcrumb","itemListElement":[{"@type":"ListItem","position":1,"name":"Inici","item":"https:\/\/santapola.es\/ca\/"},{"@type":"ListItem","position":2,"name":"Santa Pola celebra el Dia de la Comunitat Valenciana amb reivindicacions i homenatges populars"}]},{"@type":"WebSite","@id":"https:\/\/santapola.es\/ca\/#website","url":"https:\/\/santapola.es\/ca\/","name":"Ayuntamiento de Santa Pola","description":"Web de l'Ajuntament de Santa Pola","potentialAction":[{"@type":"SearchAction","target":{"@type":"EntryPoint","urlTemplate":"https:\/\/santapola.es\/ca\/?s={search_term_string}"},"query-input":{"@type":"PropertyValueSpecification","valueRequired":true,"valueName":"search_term_string"}}],"inLanguage":"ca"},{"@type":"Person","@id":"https:\/\/santapola.es\/ca\/#\/schema\/person\/ad1d67403707b58350c7be5e8dbc442d","name":"Jos\u00e9 Juan L\u00f3pez Lafuente"}]}},"_links":{"self":[{"href":"https:\/\/santapola.es\/ca\/wp-json\/wp\/v2\/posts\/39439","targetHints":{"allow":["GET"]}}],"collection":[{"href":"https:\/\/santapola.es\/ca\/wp-json\/wp\/v2\/posts"}],"about":[{"href":"https:\/\/santapola.es\/ca\/wp-json\/wp\/v2\/types\/post"}],"author":[{"embeddable":true,"href":"https:\/\/santapola.es\/ca\/wp-json\/wp\/v2\/users\/96"}],"replies":[{"embeddable":true,"href":"https:\/\/santapola.es\/ca\/wp-json\/wp\/v2\/comments?post=39439"}],"version-history":[{"count":0,"href":"https:\/\/santapola.es\/ca\/wp-json\/wp\/v2\/posts\/39439\/revisions"}],"wp:featuredmedia":[{"embeddable":true,"href":"https:\/\/santapola.es\/ca\/wp-json\/wp\/v2\/media\/39463"}],"wp:attachment":[{"href":"https:\/\/santapola.es\/ca\/wp-json\/wp\/v2\/media?parent=39439"}],"wp:term":[{"taxonomy":"category","embeddable":true,"href":"https:\/\/santapola.es\/ca\/wp-json\/wp\/v2\/categories?post=39439"},{"taxonomy":"post_tag","embeddable":true,"href":"https:\/\/santapola.es\/ca\/wp-json\/wp\/v2\/tags?post=39439"}],"curies":[{"name":"wp","href":"https:\/\/api.w.org\/{rel}","templated":true}]}}