{"id":39243,"date":"2024-10-01T13:27:23","date_gmt":"2024-10-01T11:27:23","guid":{"rendered":"https:\/\/santapola.es\/?p=39243"},"modified":"2024-10-01T13:27:23","modified_gmt":"2024-10-01T11:27:23","slug":"santa-pola-dedica-su-octubre-cultural-a-la-cultura-y-el-arte-a-traves-de-la-lengua-valenciana","status":"publish","type":"post","link":"https:\/\/santapola.es\/ca\/santa-pola-dedica-su-octubre-cultural-a-la-cultura-y-el-arte-a-traves-de-la-lengua-valenciana\/","title":{"rendered":"Santa Pola dedica su Octubre Cultural a la cultura y el arte a trav\u00e9s de la lengua valenciana"},"content":{"rendered":"<p><b>Con motivo de la celebraci\u00f3n del 9 d\u2019Octubre, d\u00eda de la Comunidad Valenciana, la concejal\u00eda de Cultura desarrollar\u00e1 durante todo el mes una variada programaci\u00f3n de actividades con el hilo conductor de la lengua valenciana.\u00a0<\/b><\/p>\n<p><span style=\"font-weight: 400;\">JUEVES 3<\/span><\/p>\n<p><span style=\"font-weight: 400;\">Elaboraci\u00f3n del mural sobre el 9 d\u2019Octubre en el que participan todos los colegios de Santa Pola.<\/span><\/p>\n<p><span style=\"font-weight: 400;\">Hora: 9:30<\/span><\/p>\n<p><span style=\"font-weight: 400;\">Lugar: Plaza del Castillo<\/span><\/p>\n<p><span style=\"font-weight: 400;\">Organiza: Bibliotecas Municipales<\/span><\/p>\n<p><span style=\"font-weight: 400;\">VIERNES 4<\/span><\/p>\n<p><span style=\"font-weight: 400;\">Inauguraci\u00f3n de la exposici\u00f3n \u201cEl armario de la memoria\u201d<\/span><\/p>\n<p><span style=\"font-weight: 400;\">Hora: 18:00<\/span><\/p>\n<p><span style=\"font-weight: 400;\">Lugar: Baluarte del Duque<\/span><\/p>\n<p><span style=\"font-weight: 400;\">Organiza: Concejal\u00eda de Participaci\u00f3n Ciudadana<\/span><\/p>\n<p><span style=\"font-weight: 400;\">MI\u00c9RCOLES 9<\/span><\/p>\n<p><span style=\"font-weight: 400;\">Acto institucional del 9 d\u2019Octubre<\/span><\/p>\n<p><span style=\"font-weight: 400;\">10:30 Pleno Extraordinario en el Ayuntamiento<\/span><\/p>\n<p><span style=\"font-weight: 400;\">11:30 Acto institucional Homenaje a la Ciudadan\u00eda de Santa Pola, en la Glorieta<\/span><\/p>\n<p><span style=\"font-weight: 400;\">13:00 Masclet\u00e0<\/span><\/p>\n<p><span style=\"font-weight: 400;\">JUEVES 10<\/span><\/p>\n<p><span style=\"font-weight: 400;\">Conferencia \u201cLes barques de bou. Su evoluci\u00f3n desde la vela latina\u201d, a cargo de\u00a0 Amadeu Ros (Marinero del P\u00f3sito de J\u00e1vea, Cofrad\u00eda de Pescadores de J\u00e1vea).<\/span><\/p>\n<p><span style=\"font-weight: 400;\">Hora: 19:00<\/span><\/p>\n<p><span style=\"font-weight: 400;\">Lugar: Baluarte del Duque<\/span><\/p>\n<p><span style=\"font-weight: 400;\">Organiza: Associaci\u00f3 Cultural l\u2019Antina<\/span><\/p>\n<p><span style=\"font-weight: 400;\">II Jornadas de Teatro Escolar<\/span><\/p>\n<p><span style=\"font-weight: 400;\">Organiza: Oficina de Normalitzaci\u00f3 Ling\u00fc\u00edstica AVIVA Santa Pola<\/span><\/p>\n<p><span style=\"font-weight: 400;\">MARTES 15<\/span><\/p>\n<p><span style=\"font-weight: 400;\">Shoes. A cargo de la compa\u00f1\u00eda Esclafit Teatre<\/span><\/p>\n<p><span style=\"font-weight: 400;\">Hora: 11:00<\/span><\/p>\n<p><span style=\"font-weight: 400;\">Lugar: Sal\u00f3n de actos de la Casa de Cultura<\/span><\/p>\n<p><span style=\"font-weight: 400;\">MI\u00c9RCOLES 16<\/span><\/p>\n<p><span style=\"font-weight: 400;\">El ver\u00ed de teatre, a cargo de la compa\u00f1\u00eda Esclafit Teatre<\/span><\/p>\n<p><span style=\"font-weight: 400;\">Hora: 11:00<\/span><\/p>\n<p><span style=\"font-weight: 400;\">Lugar: Sal\u00f3n de actos de la Casa de Cultura<\/span><\/p>\n<p><span style=\"font-weight: 400;\">MI\u00c9RCOLES 16<\/span><\/p>\n<p><span style=\"font-weight: 400;\">Proyecci\u00f3n de la pel\u00edcula \u201cLos pulpos de los Massira\u201d<\/span><\/p>\n<p><span style=\"font-weight: 400;\">Documental sobre la pesca del calamar, recopilado y realizado por Paco Giner<\/span><\/p>\n<p><span style=\"font-weight: 400;\">Hora: 19:00<\/span><\/p>\n<p><span style=\"font-weight: 400;\">Lugar: Sal\u00f3n de Actos de la Casa de Cultura<\/span><\/p>\n<p><span style=\"font-weight: 400;\">Organiza: Associaci\u00f3 Cultural l\u2019Antina<\/span><\/p>\n<p><span style=\"font-weight: 400;\">MARTES 22 Y MI\u00c9RCOLES 23<\/span><\/p>\n<p><span style=\"font-weight: 400;\">Taller para alumnado de ESO\/BAT: La cultura de la pesca<\/span><\/p>\n<p><span style=\"font-weight: 400;\">Hora: 11:00\u00a0<\/span><\/p>\n<p><span style=\"font-weight: 400;\">Lloc: Baluarte del Duque-Patio de armas del Castillo<\/span><\/p>\n<p><span style=\"font-weight: 400;\">Organiza: Oficina de Normalitzaci\u00f3 Ling\u00fc\u00edstica AVIVA Santa Pola<\/span><\/p>\n<p><span style=\"font-weight: 400;\">MARTES 29<\/span><\/p>\n<p><span style=\"font-weight: 400;\">Conferencia: Indumentaria tradicional de los siglos XVIII y XIX.\u00a0<\/span><\/p>\n<p><span style=\"font-weight: 400;\">A cargo de Anna Baeza, miembro del grupo de danzas Salpassa de El Campello<\/span><\/p>\n<p><span style=\"font-weight: 400;\">Hora: 19:00\u00a0<\/span><\/p>\n<p><span style=\"font-weight: 400;\">Lugar: Baluarte del Duque<\/span><\/p>\n<p><span style=\"font-weight: 400;\">Organiza: Associaci\u00f3 Cultural l\u2019Antina<\/span><\/p>\n<p><span style=\"font-weight: 400;\">MI\u00c9RCOLES 30<\/span><\/p>\n<p><span style=\"font-weight: 400;\">Centenario del nacimiento de Vicent Andres Estell\u00e9s (1924-2024)<\/span><\/p>\n<p><span style=\"font-weight: 400;\">POESIA Y DANZA<\/span><\/p>\n<p><span style=\"font-weight: 400;\">Recital de poemas y espect\u00e1culo de danza \u201cRosa de papel\u201d, con la compa\u00f1\u00eda Marroch<\/span><\/p>\n<p><span style=\"font-weight: 400;\">Hora: 19:00<\/span><\/p>\n<p><span style=\"font-weight: 400;\">Lugar: Casa de Cultura (entrada libre hasta completar aforo)<\/span><\/p>\n<p><span style=\"font-weight: 400;\">VII FESTIVAL DE MARIONETAS<\/span><\/p>\n<p><span style=\"font-weight: 400;\">Organiza: Bibliotecas Municipales<\/span><\/p>\n<p><span style=\"font-weight: 400;\">S\u00c1BADO 26<\/span><\/p>\n<p><span style=\"font-weight: 400;\">\u201cDon Pepino\u201d, a cargo de la compa\u00f1\u00eda El Circ de La Safor<\/span><\/p>\n<p><span style=\"font-weight: 400;\">Hora:18:00<\/span><\/p>\n<p><span style=\"font-weight: 400;\">Lugar: Sal\u00f3n de Actos de la Casa de Cultura<\/span><\/p>\n<p><span style=\"font-weight: 400;\">DOMINGO 27<\/span><\/p>\n<p><span style=\"font-weight: 400;\">\u201cGori Gori\u201d, de la compa\u00f1\u00eda El ball de San Vito<\/span><\/p>\n<p><span style=\"font-weight: 400;\">Hora: 12:00<\/span><\/p>\n<p><span style=\"font-weight: 400;\">Lugar: Sal\u00f3n de Actos de la Casa de Cultura<\/span><\/p>\n<p><span style=\"font-weight: 400;\">LUNES 28<\/span><\/p>\n<p><span style=\"font-weight: 400;\">\u201cDelf\u00edn y la mar\u201d, de la compa\u00f1\u00eda La Carreta Teatre<\/span><\/p>\n<p><span style=\"font-weight: 400;\">Hora 11:00<\/span><\/p>\n<p><span style=\"font-weight: 400;\">P\u00fablico escolar<\/span><\/p>\n<p><span style=\"font-weight: 400;\">Lugar: Sal\u00f3n de Actos de la Casa de Cultura<\/span><\/p>\n","protected":false},"excerpt":{"rendered":"<p>Con motivo de la celebraci\u00f3n del 9 d\u2019Octubre, d\u00eda de la Comunidad Valenciana, la concejal\u00eda de Cultura desarrollar\u00e1 durante todo el mes una variada programaci\u00f3n de actividades con el hilo conductor de la lengua valenciana.\u00a0 JUEVES 3 Elaboraci\u00f3n del mural sobre el 9 d\u2019Octubre en el que participan todos los colegios de Santa Pola. Hora: [&hellip;]<\/p>\n","protected":false},"author":96,"featured_media":39245,"comment_status":"closed","ping_status":"closed","sticky":false,"template":"","format":"standard","meta":{"_et_pb_use_builder":"","_et_pb_old_content":"","_et_gb_content_width":"","footnotes":""},"categories":[96],"tags":[1100],"class_list":["post-39243","post","type-post","status-publish","format-standard","has-post-thumbnail","hentry","category-cultura","tag-octubre-cultural-ca"],"yoast_head":"<!-- This site is optimized with the Yoast SEO plugin v27.4 - https:\/\/yoast.com\/product\/yoast-seo-wordpress\/ -->\n<title>Santa Pola dedica su Octubre Cultural a la cultura y el arte a trav\u00e9s de la lengua valenciana - Ajuntament de Santa Pola<\/title>\n<meta name=\"robots\" content=\"index, follow, max-snippet:-1, max-image-preview:large, max-video-preview:-1\" \/>\n<link rel=\"canonical\" href=\"https:\/\/santapola.es\/ca\/santa-pola-dedica-su-octubre-cultural-a-la-cultura-y-el-arte-a-traves-de-la-lengua-valenciana\/\" \/>\n<meta property=\"og:locale\" content=\"ca_ES\" \/>\n<meta property=\"og:type\" content=\"article\" \/>\n<meta property=\"og:title\" content=\"Santa Pola dedica su Octubre Cultural a la cultura y el arte a trav\u00e9s de la lengua valenciana - Ajuntament de Santa Pola\" \/>\n<meta property=\"og:description\" content=\"Con motivo de la celebraci\u00f3n del 9 d\u2019Octubre, d\u00eda de la Comunidad Valenciana, la concejal\u00eda de Cultura desarrollar\u00e1 durante todo el mes una variada programaci\u00f3n de actividades con el hilo conductor de la lengua valenciana.\u00a0 JUEVES 3 Elaboraci\u00f3n del mural sobre el 9 d\u2019Octubre en el que participan todos los colegios de Santa Pola. Hora: [&hellip;]\" \/>\n<meta property=\"og:url\" content=\"https:\/\/santapola.es\/ca\/santa-pola-dedica-su-octubre-cultural-a-la-cultura-y-el-arte-a-traves-de-la-lengua-valenciana\/\" \/>\n<meta property=\"og:site_name\" content=\"Ajuntament de Santa Pola\" \/>\n<meta property=\"article:publisher\" content=\"https:\/\/www.facebook.com\/AyuntamientoSantaPola\/\" \/>\n<meta property=\"article:published_time\" content=\"2024-10-01T11:27:23+00:00\" \/>\n<meta property=\"og:image\" content=\"https:\/\/santapola.es\/wp-content\/uploads\/2024\/10\/2024-10-01-octubre-cultural.jpg\" \/>\n\t<meta property=\"og:image:width\" content=\"1920\" \/>\n\t<meta property=\"og:image:height\" content=\"1079\" \/>\n\t<meta property=\"og:image:type\" content=\"image\/jpeg\" \/>\n<meta name=\"author\" content=\"Jos\u00e9 Juan L\u00f3pez Lafuente\" \/>\n<meta name=\"twitter:card\" content=\"summary_large_image\" \/>\n<meta name=\"twitter:creator\" content=\"@SantaPolaAyunt\" \/>\n<meta name=\"twitter:site\" content=\"@SantaPolaAyunt\" \/>\n<script type=\"application\/ld+json\" class=\"yoast-schema-graph\">{\"@context\":\"https:\\\/\\\/schema.org\",\"@graph\":[{\"@type\":\"Article\",\"@id\":\"https:\\\/\\\/santapola.es\\\/ca\\\/santa-pola-dedica-su-octubre-cultural-a-la-cultura-y-el-arte-a-traves-de-la-lengua-valenciana\\\/#article\",\"isPartOf\":{\"@id\":\"https:\\\/\\\/santapola.es\\\/ca\\\/santa-pola-dedica-su-octubre-cultural-a-la-cultura-y-el-arte-a-traves-de-la-lengua-valenciana\\\/\"},\"author\":{\"name\":\"Jos\u00e9 Juan L\u00f3pez Lafuente\",\"@id\":\"https:\\\/\\\/santapola.es\\\/ca\\\/#\\\/schema\\\/person\\\/ad1d67403707b58350c7be5e8dbc442d\"},\"headline\":\"Santa Pola dedica su Octubre Cultural a la cultura y el arte a trav\u00e9s de la lengua valenciana\",\"datePublished\":\"2024-10-01T11:27:23+00:00\",\"mainEntityOfPage\":{\"@id\":\"https:\\\/\\\/santapola.es\\\/ca\\\/santa-pola-dedica-su-octubre-cultural-a-la-cultura-y-el-arte-a-traves-de-la-lengua-valenciana\\\/\"},\"wordCount\":468,\"image\":{\"@id\":\"https:\\\/\\\/santapola.es\\\/ca\\\/santa-pola-dedica-su-octubre-cultural-a-la-cultura-y-el-arte-a-traves-de-la-lengua-valenciana\\\/#primaryimage\"},\"thumbnailUrl\":\"https:\\\/\\\/santapola.es\\\/wp-content\\\/uploads\\\/2024\\\/10\\\/2024-10-01-octubre-cultural.jpg\",\"keywords\":[\"Octubre cultural\"],\"articleSection\":[\"Cultura\"],\"inLanguage\":\"ca\"},{\"@type\":\"WebPage\",\"@id\":\"https:\\\/\\\/santapola.es\\\/ca\\\/santa-pola-dedica-su-octubre-cultural-a-la-cultura-y-el-arte-a-traves-de-la-lengua-valenciana\\\/\",\"url\":\"https:\\\/\\\/santapola.es\\\/ca\\\/santa-pola-dedica-su-octubre-cultural-a-la-cultura-y-el-arte-a-traves-de-la-lengua-valenciana\\\/\",\"name\":\"Santa Pola dedica su Octubre Cultural a la cultura y el arte a trav\u00e9s de la lengua valenciana - Ajuntament de Santa Pola\",\"isPartOf\":{\"@id\":\"https:\\\/\\\/santapola.es\\\/ca\\\/#website\"},\"primaryImageOfPage\":{\"@id\":\"https:\\\/\\\/santapola.es\\\/ca\\\/santa-pola-dedica-su-octubre-cultural-a-la-cultura-y-el-arte-a-traves-de-la-lengua-valenciana\\\/#primaryimage\"},\"image\":{\"@id\":\"https:\\\/\\\/santapola.es\\\/ca\\\/santa-pola-dedica-su-octubre-cultural-a-la-cultura-y-el-arte-a-traves-de-la-lengua-valenciana\\\/#primaryimage\"},\"thumbnailUrl\":\"https:\\\/\\\/santapola.es\\\/wp-content\\\/uploads\\\/2024\\\/10\\\/2024-10-01-octubre-cultural.jpg\",\"datePublished\":\"2024-10-01T11:27:23+00:00\",\"author\":{\"@id\":\"https:\\\/\\\/santapola.es\\\/ca\\\/#\\\/schema\\\/person\\\/ad1d67403707b58350c7be5e8dbc442d\"},\"breadcrumb\":{\"@id\":\"https:\\\/\\\/santapola.es\\\/ca\\\/santa-pola-dedica-su-octubre-cultural-a-la-cultura-y-el-arte-a-traves-de-la-lengua-valenciana\\\/#breadcrumb\"},\"inLanguage\":\"ca\",\"potentialAction\":[{\"@type\":\"ReadAction\",\"target\":[\"https:\\\/\\\/santapola.es\\\/ca\\\/santa-pola-dedica-su-octubre-cultural-a-la-cultura-y-el-arte-a-traves-de-la-lengua-valenciana\\\/\"]}]},{\"@type\":\"ImageObject\",\"inLanguage\":\"ca\",\"@id\":\"https:\\\/\\\/santapola.es\\\/ca\\\/santa-pola-dedica-su-octubre-cultural-a-la-cultura-y-el-arte-a-traves-de-la-lengua-valenciana\\\/#primaryimage\",\"url\":\"https:\\\/\\\/santapola.es\\\/wp-content\\\/uploads\\\/2024\\\/10\\\/2024-10-01-octubre-cultural.jpg\",\"contentUrl\":\"https:\\\/\\\/santapola.es\\\/wp-content\\\/uploads\\\/2024\\\/10\\\/2024-10-01-octubre-cultural.jpg\",\"width\":1920,\"height\":1079},{\"@type\":\"BreadcrumbList\",\"@id\":\"https:\\\/\\\/santapola.es\\\/ca\\\/santa-pola-dedica-su-octubre-cultural-a-la-cultura-y-el-arte-a-traves-de-la-lengua-valenciana\\\/#breadcrumb\",\"itemListElement\":[{\"@type\":\"ListItem\",\"position\":1,\"name\":\"Inici\",\"item\":\"https:\\\/\\\/santapola.es\\\/ca\\\/\"},{\"@type\":\"ListItem\",\"position\":2,\"name\":\"Santa Pola dedica su Octubre Cultural a la cultura y el arte a trav\u00e9s de la lengua valenciana\"}]},{\"@type\":\"WebSite\",\"@id\":\"https:\\\/\\\/santapola.es\\\/ca\\\/#website\",\"url\":\"https:\\\/\\\/santapola.es\\\/ca\\\/\",\"name\":\"Ayuntamiento de Santa Pola\",\"description\":\"Web de l'Ajuntament de Santa Pola\",\"potentialAction\":[{\"@type\":\"SearchAction\",\"target\":{\"@type\":\"EntryPoint\",\"urlTemplate\":\"https:\\\/\\\/santapola.es\\\/ca\\\/?s={search_term_string}\"},\"query-input\":{\"@type\":\"PropertyValueSpecification\",\"valueRequired\":true,\"valueName\":\"search_term_string\"}}],\"inLanguage\":\"ca\"},{\"@type\":\"Person\",\"@id\":\"https:\\\/\\\/santapola.es\\\/ca\\\/#\\\/schema\\\/person\\\/ad1d67403707b58350c7be5e8dbc442d\",\"name\":\"Jos\u00e9 Juan L\u00f3pez Lafuente\"}]}<\/script>\n<!-- \/ Yoast SEO plugin. -->","yoast_head_json":{"title":"Santa Pola dedica su Octubre Cultural a la cultura y el arte a trav\u00e9s de la lengua valenciana - Ajuntament de Santa Pola","robots":{"index":"index","follow":"follow","max-snippet":"max-snippet:-1","max-image-preview":"max-image-preview:large","max-video-preview":"max-video-preview:-1"},"canonical":"https:\/\/santapola.es\/ca\/santa-pola-dedica-su-octubre-cultural-a-la-cultura-y-el-arte-a-traves-de-la-lengua-valenciana\/","og_locale":"ca_ES","og_type":"article","og_title":"Santa Pola dedica su Octubre Cultural a la cultura y el arte a trav\u00e9s de la lengua valenciana - Ajuntament de Santa Pola","og_description":"Con motivo de la celebraci\u00f3n del 9 d\u2019Octubre, d\u00eda de la Comunidad Valenciana, la concejal\u00eda de Cultura desarrollar\u00e1 durante todo el mes una variada programaci\u00f3n de actividades con el hilo conductor de la lengua valenciana.\u00a0 JUEVES 3 Elaboraci\u00f3n del mural sobre el 9 d\u2019Octubre en el que participan todos los colegios de Santa Pola. Hora: [&hellip;]","og_url":"https:\/\/santapola.es\/ca\/santa-pola-dedica-su-octubre-cultural-a-la-cultura-y-el-arte-a-traves-de-la-lengua-valenciana\/","og_site_name":"Ajuntament de Santa Pola","article_publisher":"https:\/\/www.facebook.com\/AyuntamientoSantaPola\/","article_published_time":"2024-10-01T11:27:23+00:00","og_image":[{"width":1920,"height":1079,"url":"https:\/\/santapola.es\/wp-content\/uploads\/2024\/10\/2024-10-01-octubre-cultural.jpg","type":"image\/jpeg"}],"author":"Jos\u00e9 Juan L\u00f3pez Lafuente","twitter_card":"summary_large_image","twitter_creator":"@SantaPolaAyunt","twitter_site":"@SantaPolaAyunt","schema":{"@context":"https:\/\/schema.org","@graph":[{"@type":"Article","@id":"https:\/\/santapola.es\/ca\/santa-pola-dedica-su-octubre-cultural-a-la-cultura-y-el-arte-a-traves-de-la-lengua-valenciana\/#article","isPartOf":{"@id":"https:\/\/santapola.es\/ca\/santa-pola-dedica-su-octubre-cultural-a-la-cultura-y-el-arte-a-traves-de-la-lengua-valenciana\/"},"author":{"name":"Jos\u00e9 Juan L\u00f3pez Lafuente","@id":"https:\/\/santapola.es\/ca\/#\/schema\/person\/ad1d67403707b58350c7be5e8dbc442d"},"headline":"Santa Pola dedica su Octubre Cultural a la cultura y el arte a trav\u00e9s de la lengua valenciana","datePublished":"2024-10-01T11:27:23+00:00","mainEntityOfPage":{"@id":"https:\/\/santapola.es\/ca\/santa-pola-dedica-su-octubre-cultural-a-la-cultura-y-el-arte-a-traves-de-la-lengua-valenciana\/"},"wordCount":468,"image":{"@id":"https:\/\/santapola.es\/ca\/santa-pola-dedica-su-octubre-cultural-a-la-cultura-y-el-arte-a-traves-de-la-lengua-valenciana\/#primaryimage"},"thumbnailUrl":"https:\/\/santapola.es\/wp-content\/uploads\/2024\/10\/2024-10-01-octubre-cultural.jpg","keywords":["Octubre cultural"],"articleSection":["Cultura"],"inLanguage":"ca"},{"@type":"WebPage","@id":"https:\/\/santapola.es\/ca\/santa-pola-dedica-su-octubre-cultural-a-la-cultura-y-el-arte-a-traves-de-la-lengua-valenciana\/","url":"https:\/\/santapola.es\/ca\/santa-pola-dedica-su-octubre-cultural-a-la-cultura-y-el-arte-a-traves-de-la-lengua-valenciana\/","name":"Santa Pola dedica su Octubre Cultural a la cultura y el arte a trav\u00e9s de la lengua valenciana - Ajuntament de Santa Pola","isPartOf":{"@id":"https:\/\/santapola.es\/ca\/#website"},"primaryImageOfPage":{"@id":"https:\/\/santapola.es\/ca\/santa-pola-dedica-su-octubre-cultural-a-la-cultura-y-el-arte-a-traves-de-la-lengua-valenciana\/#primaryimage"},"image":{"@id":"https:\/\/santapola.es\/ca\/santa-pola-dedica-su-octubre-cultural-a-la-cultura-y-el-arte-a-traves-de-la-lengua-valenciana\/#primaryimage"},"thumbnailUrl":"https:\/\/santapola.es\/wp-content\/uploads\/2024\/10\/2024-10-01-octubre-cultural.jpg","datePublished":"2024-10-01T11:27:23+00:00","author":{"@id":"https:\/\/santapola.es\/ca\/#\/schema\/person\/ad1d67403707b58350c7be5e8dbc442d"},"breadcrumb":{"@id":"https:\/\/santapola.es\/ca\/santa-pola-dedica-su-octubre-cultural-a-la-cultura-y-el-arte-a-traves-de-la-lengua-valenciana\/#breadcrumb"},"inLanguage":"ca","potentialAction":[{"@type":"ReadAction","target":["https:\/\/santapola.es\/ca\/santa-pola-dedica-su-octubre-cultural-a-la-cultura-y-el-arte-a-traves-de-la-lengua-valenciana\/"]}]},{"@type":"ImageObject","inLanguage":"ca","@id":"https:\/\/santapola.es\/ca\/santa-pola-dedica-su-octubre-cultural-a-la-cultura-y-el-arte-a-traves-de-la-lengua-valenciana\/#primaryimage","url":"https:\/\/santapola.es\/wp-content\/uploads\/2024\/10\/2024-10-01-octubre-cultural.jpg","contentUrl":"https:\/\/santapola.es\/wp-content\/uploads\/2024\/10\/2024-10-01-octubre-cultural.jpg","width":1920,"height":1079},{"@type":"BreadcrumbList","@id":"https:\/\/santapola.es\/ca\/santa-pola-dedica-su-octubre-cultural-a-la-cultura-y-el-arte-a-traves-de-la-lengua-valenciana\/#breadcrumb","itemListElement":[{"@type":"ListItem","position":1,"name":"Inici","item":"https:\/\/santapola.es\/ca\/"},{"@type":"ListItem","position":2,"name":"Santa Pola dedica su Octubre Cultural a la cultura y el arte a trav\u00e9s de la lengua valenciana"}]},{"@type":"WebSite","@id":"https:\/\/santapola.es\/ca\/#website","url":"https:\/\/santapola.es\/ca\/","name":"Ayuntamiento de Santa Pola","description":"Web de l'Ajuntament de Santa Pola","potentialAction":[{"@type":"SearchAction","target":{"@type":"EntryPoint","urlTemplate":"https:\/\/santapola.es\/ca\/?s={search_term_string}"},"query-input":{"@type":"PropertyValueSpecification","valueRequired":true,"valueName":"search_term_string"}}],"inLanguage":"ca"},{"@type":"Person","@id":"https:\/\/santapola.es\/ca\/#\/schema\/person\/ad1d67403707b58350c7be5e8dbc442d","name":"Jos\u00e9 Juan L\u00f3pez Lafuente"}]}},"_links":{"self":[{"href":"https:\/\/santapola.es\/ca\/wp-json\/wp\/v2\/posts\/39243","targetHints":{"allow":["GET"]}}],"collection":[{"href":"https:\/\/santapola.es\/ca\/wp-json\/wp\/v2\/posts"}],"about":[{"href":"https:\/\/santapola.es\/ca\/wp-json\/wp\/v2\/types\/post"}],"author":[{"embeddable":true,"href":"https:\/\/santapola.es\/ca\/wp-json\/wp\/v2\/users\/96"}],"replies":[{"embeddable":true,"href":"https:\/\/santapola.es\/ca\/wp-json\/wp\/v2\/comments?post=39243"}],"version-history":[{"count":0,"href":"https:\/\/santapola.es\/ca\/wp-json\/wp\/v2\/posts\/39243\/revisions"}],"wp:featuredmedia":[{"embeddable":true,"href":"https:\/\/santapola.es\/ca\/wp-json\/wp\/v2\/media\/39245"}],"wp:attachment":[{"href":"https:\/\/santapola.es\/ca\/wp-json\/wp\/v2\/media?parent=39243"}],"wp:term":[{"taxonomy":"category","embeddable":true,"href":"https:\/\/santapola.es\/ca\/wp-json\/wp\/v2\/categories?post=39243"},{"taxonomy":"post_tag","embeddable":true,"href":"https:\/\/santapola.es\/ca\/wp-json\/wp\/v2\/tags?post=39243"}],"curies":[{"name":"wp","href":"https:\/\/api.w.org\/{rel}","templated":true}]}}