{"id":39241,"date":"2024-10-01T12:16:08","date_gmt":"2024-10-01T10:16:08","guid":{"rendered":"https:\/\/santapola.es\/?p=39241"},"modified":"2024-10-01T12:17:50","modified_gmt":"2024-10-01T10:17:50","slug":"soc-major-i-que-les-persones-majors-prenen-hui-el-comandament-a-santa-pola","status":"publish","type":"post","link":"https:\/\/santapola.es\/ca\/soc-major-i-que-les-persones-majors-prenen-hui-el-comandament-a-santa-pola\/","title":{"rendered":"Soc major. I qu\u00e8? Les persones majors prenen hui el comandament a Santa Pola"},"content":{"rendered":"<p><strong>L&#8217;Ajuntament de Santa Pola celebra hui el Dia Internacional de les Persones Majors amb un v\u00eddeo que reivindica el gaudi ple i igualitari d&#8217;este col\u00b7lectiu. La Glorieta alberga este mat\u00ed una \u00e0mplia varietat d&#8217;activitats socioculturals.<\/strong><\/p>\n<p>\u201cSoc major. I qu\u00e8?\u201d \u00e9s el t\u00edtol del v\u00eddeo que a primera hora del mat\u00ed ha publicat l&#8217;Ajuntament de Santa Pola per a reivindicar el seu comprom\u00eds de promoure el gaudi ple i igualitari de tots els drets i les llibertats fonamentals de les persones majors, perqu\u00e8 entenem que estos drets ens afecten a totes les persones, no sols als qui hui tenen m\u00e9s de 65 anys, perqu\u00e8 alhora es tracta de garantir el ple gaudi dels qui envelliran dem\u00e0.<\/p>\n<p><iframe loading=\"lazy\" title=\"\ud835\udddb\ud835\uddfc\ud835\ude06 \ud835\udfed \ud835\uddf1\ud835\uddf2 \ud835\uddfc\ud835\uddf0\ud835\ude01\ud835\ude02\ud835\uddef\ud835\uddff\ud835\uddf2 \ud835\uddf0\ud835\uddfc\ud835\uddfb\ud835\uddfa\ud835\uddf2\ud835\uddfa\ud835\uddfc\ud835\uddff\ud835\uddee\ud835\uddfa\ud835\uddfc\ud835\ude00 \ud835\uddf2\ud835\uddf9 \ud835\uddd7\u00ed\ud835\uddee \ud835\udddc\ud835\uddfb\ud835\ude01\ud835\uddf2\ud835\uddff\ud835\uddfb\ud835\uddee\ud835\uddf0\ud835\uddf6\ud835\uddfc\ud835\uddfb\ud835\uddee\ud835\uddf9 \ud835\uddf1\ud835\uddf2 \ud835\uddf9\ud835\uddee\ud835\ude00 \ud835\udde3\ud835\uddf2\ud835\uddff\ud835\ude00\ud835\uddfc\ud835\uddfb\ud835\uddee\ud835\ude00 \ud835\udde0\ud835\uddee\ud835\ude06\ud835\uddfc\ud835\uddff\ud835\uddf2\ud835\ude00\" width=\"1080\" height=\"608\" src=\"https:\/\/www.youtube.com\/embed\/9DHY0MelQEE?feature=oembed\"  allow=\"accelerometer; autoplay; clipboard-write; encrypted-media; gyroscope; picture-in-picture; web-share\" referrerpolicy=\"strict-origin-when-cross-origin\" allowfullscreen><\/iframe><\/p>\n<p>La regidoria de Persones Majors ha programat des de la setmana passada nombroses activitats per a este col\u00b7lectiu, tant de car\u00e0cter sociocultural com de prevenci\u00f3 de la salut.<\/p>\n<p>Este mat\u00ed el taller de gimn\u00e0stica que habitualment s&#8217;impartix a la platja de Llevant s&#8217;ha traslladat fins a la Glorieta, on a les 10 ha comen\u00e7at una fira en la qual es desenrotllen diverses activitats de dinamitzaci\u00f3 a c\u00e0rrec del Taller d&#8217;Ocupaci\u00f3, garbellats de salut i prevenci\u00f3 de caigudes per alumnes del CEU Cardenal Herrera d&#8217;Elx, taller de RCP pel Centre de Salut, pres\u00e8ncia de la Gu\u00e0rdia Civil per a informar sobre les mesures del Pla Major, taules informatives amb activitats per a persones majors i altres recursos com Creu Roja.<\/p>\n<p>Per a esta #vesprada a les 19.00 hores est\u00e0 previst a la Casa de Cultura un concert de sarsuela, \u201cUnbeldi de Fet\u00e9n\u201d, cantada a tres veus per sopranos.<\/p>\n<p>Des de la regidoria de Persones Majors es pret\u00e9n visibilitzar i convidar a tota la societat a sumar-se a defendre estos i altres drets de les persones majors.<\/p>\n","protected":false},"excerpt":{"rendered":"<p>L&#8217;Ajuntament de Santa Pola celebra hui el Dia Internacional de les Persones Majors amb un v\u00eddeo que reivindica el gaudi ple i igualitari d&#8217;este col\u00b7lectiu. La Glorieta alberga este mat\u00ed una \u00e0mplia varietat d&#8217;activitats socioculturals. \u201cSoc major. I qu\u00e8?\u201d \u00e9s el t\u00edtol del v\u00eddeo que a primera hora del mat\u00ed ha publicat l&#8217;Ajuntament de Santa [&hellip;]<\/p>\n","protected":false},"author":96,"featured_media":39239,"comment_status":"closed","ping_status":"closed","sticky":false,"template":"","format":"standard","meta":{"_et_pb_use_builder":"","_et_pb_old_content":"","_et_gb_content_width":"","footnotes":""},"categories":[428],"tags":[1099],"class_list":["post-39241","post","type-post","status-publish","format-standard","has-post-thumbnail","hentry","category-personas-mayores-ca","tag-dia-internacional-de-les-persones-majors"],"yoast_head":"<!-- This site is optimized with the Yoast SEO plugin v27.4 - https:\/\/yoast.com\/product\/yoast-seo-wordpress\/ -->\n<title>Soc major. I qu\u00e8? Les persones majors prenen hui el comandament a Santa Pola - Ajuntament de Santa Pola<\/title>\n<meta name=\"robots\" content=\"index, follow, max-snippet:-1, max-image-preview:large, max-video-preview:-1\" \/>\n<link rel=\"canonical\" href=\"https:\/\/santapola.es\/ca\/soc-major-i-que-les-persones-majors-prenen-hui-el-comandament-a-santa-pola\/\" \/>\n<meta property=\"og:locale\" content=\"ca_ES\" \/>\n<meta property=\"og:type\" content=\"article\" \/>\n<meta property=\"og:title\" content=\"Soc major. I qu\u00e8? Les persones majors prenen hui el comandament a Santa Pola - Ajuntament de Santa Pola\" \/>\n<meta property=\"og:description\" content=\"L&#8217;Ajuntament de Santa Pola celebra hui el Dia Internacional de les Persones Majors amb un v\u00eddeo que reivindica el gaudi ple i igualitari d&#8217;este col\u00b7lectiu. La Glorieta alberga este mat\u00ed una \u00e0mplia varietat d&#8217;activitats socioculturals. \u201cSoc major. I qu\u00e8?\u201d \u00e9s el t\u00edtol del v\u00eddeo que a primera hora del mat\u00ed ha publicat l&#8217;Ajuntament de Santa [&hellip;]\" \/>\n<meta property=\"og:url\" content=\"https:\/\/santapola.es\/ca\/soc-major-i-que-les-persones-majors-prenen-hui-el-comandament-a-santa-pola\/\" \/>\n<meta property=\"og:site_name\" content=\"Ajuntament de Santa Pola\" \/>\n<meta property=\"article:publisher\" content=\"https:\/\/www.facebook.com\/AyuntamientoSantaPola\/\" \/>\n<meta property=\"article:published_time\" content=\"2024-10-01T10:16:08+00:00\" \/>\n<meta property=\"article:modified_time\" content=\"2024-10-01T10:17:50+00:00\" \/>\n<meta property=\"og:image\" content=\"https:\/\/santapola.es\/wp-content\/uploads\/2024\/10\/2024-10-01-at-12.08.18-1024x768.jpeg\" \/>\n\t<meta property=\"og:image:width\" content=\"1024\" \/>\n\t<meta property=\"og:image:height\" content=\"768\" \/>\n\t<meta property=\"og:image:type\" content=\"image\/jpeg\" \/>\n<meta name=\"author\" content=\"Jos\u00e9 Juan L\u00f3pez Lafuente\" \/>\n<meta name=\"twitter:card\" content=\"summary_large_image\" \/>\n<meta name=\"twitter:creator\" content=\"@SantaPolaAyunt\" \/>\n<meta name=\"twitter:site\" content=\"@SantaPolaAyunt\" \/>\n<script type=\"application\/ld+json\" class=\"yoast-schema-graph\">{\"@context\":\"https:\\\/\\\/schema.org\",\"@graph\":[{\"@type\":\"Article\",\"@id\":\"https:\\\/\\\/santapola.es\\\/ca\\\/soc-major-i-que-les-persones-majors-prenen-hui-el-comandament-a-santa-pola\\\/#article\",\"isPartOf\":{\"@id\":\"https:\\\/\\\/santapola.es\\\/ca\\\/soc-major-i-que-les-persones-majors-prenen-hui-el-comandament-a-santa-pola\\\/\"},\"author\":{\"name\":\"Jos\u00e9 Juan L\u00f3pez Lafuente\",\"@id\":\"https:\\\/\\\/santapola.es\\\/ca\\\/#\\\/schema\\\/person\\\/ad1d67403707b58350c7be5e8dbc442d\"},\"headline\":\"Soc major. I qu\u00e8? Les persones majors prenen hui el comandament a Santa Pola\",\"datePublished\":\"2024-10-01T10:16:08+00:00\",\"dateModified\":\"2024-10-01T10:17:50+00:00\",\"mainEntityOfPage\":{\"@id\":\"https:\\\/\\\/santapola.es\\\/ca\\\/soc-major-i-que-les-persones-majors-prenen-hui-el-comandament-a-santa-pola\\\/\"},\"wordCount\":329,\"image\":{\"@id\":\"https:\\\/\\\/santapola.es\\\/ca\\\/soc-major-i-que-les-persones-majors-prenen-hui-el-comandament-a-santa-pola\\\/#primaryimage\"},\"thumbnailUrl\":\"https:\\\/\\\/santapola.es\\\/wp-content\\\/uploads\\\/2024\\\/10\\\/2024-10-01-at-12.08.18-e1727777756281.jpeg\",\"keywords\":[\"D\u00eda Internacional de les Persones Majors\"],\"articleSection\":[\"Personas mayores\"],\"inLanguage\":\"ca\"},{\"@type\":\"WebPage\",\"@id\":\"https:\\\/\\\/santapola.es\\\/ca\\\/soc-major-i-que-les-persones-majors-prenen-hui-el-comandament-a-santa-pola\\\/\",\"url\":\"https:\\\/\\\/santapola.es\\\/ca\\\/soc-major-i-que-les-persones-majors-prenen-hui-el-comandament-a-santa-pola\\\/\",\"name\":\"Soc major. I qu\u00e8? Les persones majors prenen hui el comandament a Santa Pola - Ajuntament de Santa Pola\",\"isPartOf\":{\"@id\":\"https:\\\/\\\/santapola.es\\\/ca\\\/#website\"},\"primaryImageOfPage\":{\"@id\":\"https:\\\/\\\/santapola.es\\\/ca\\\/soc-major-i-que-les-persones-majors-prenen-hui-el-comandament-a-santa-pola\\\/#primaryimage\"},\"image\":{\"@id\":\"https:\\\/\\\/santapola.es\\\/ca\\\/soc-major-i-que-les-persones-majors-prenen-hui-el-comandament-a-santa-pola\\\/#primaryimage\"},\"thumbnailUrl\":\"https:\\\/\\\/santapola.es\\\/wp-content\\\/uploads\\\/2024\\\/10\\\/2024-10-01-at-12.08.18-e1727777756281.jpeg\",\"datePublished\":\"2024-10-01T10:16:08+00:00\",\"dateModified\":\"2024-10-01T10:17:50+00:00\",\"author\":{\"@id\":\"https:\\\/\\\/santapola.es\\\/ca\\\/#\\\/schema\\\/person\\\/ad1d67403707b58350c7be5e8dbc442d\"},\"breadcrumb\":{\"@id\":\"https:\\\/\\\/santapola.es\\\/ca\\\/soc-major-i-que-les-persones-majors-prenen-hui-el-comandament-a-santa-pola\\\/#breadcrumb\"},\"inLanguage\":\"ca\",\"potentialAction\":[{\"@type\":\"ReadAction\",\"target\":[\"https:\\\/\\\/santapola.es\\\/ca\\\/soc-major-i-que-les-persones-majors-prenen-hui-el-comandament-a-santa-pola\\\/\"]}]},{\"@type\":\"ImageObject\",\"inLanguage\":\"ca\",\"@id\":\"https:\\\/\\\/santapola.es\\\/ca\\\/soc-major-i-que-les-persones-majors-prenen-hui-el-comandament-a-santa-pola\\\/#primaryimage\",\"url\":\"https:\\\/\\\/santapola.es\\\/wp-content\\\/uploads\\\/2024\\\/10\\\/2024-10-01-at-12.08.18-e1727777756281.jpeg\",\"contentUrl\":\"https:\\\/\\\/santapola.es\\\/wp-content\\\/uploads\\\/2024\\\/10\\\/2024-10-01-at-12.08.18-e1727777756281.jpeg\",\"width\":5120,\"height\":3840},{\"@type\":\"BreadcrumbList\",\"@id\":\"https:\\\/\\\/santapola.es\\\/ca\\\/soc-major-i-que-les-persones-majors-prenen-hui-el-comandament-a-santa-pola\\\/#breadcrumb\",\"itemListElement\":[{\"@type\":\"ListItem\",\"position\":1,\"name\":\"Inici\",\"item\":\"https:\\\/\\\/santapola.es\\\/ca\\\/\"},{\"@type\":\"ListItem\",\"position\":2,\"name\":\"Soc major. I qu\u00e8? Les persones majors prenen hui el comandament a Santa Pola\"}]},{\"@type\":\"WebSite\",\"@id\":\"https:\\\/\\\/santapola.es\\\/ca\\\/#website\",\"url\":\"https:\\\/\\\/santapola.es\\\/ca\\\/\",\"name\":\"Ayuntamiento de Santa Pola\",\"description\":\"Web de l'Ajuntament de Santa Pola\",\"potentialAction\":[{\"@type\":\"SearchAction\",\"target\":{\"@type\":\"EntryPoint\",\"urlTemplate\":\"https:\\\/\\\/santapola.es\\\/ca\\\/?s={search_term_string}\"},\"query-input\":{\"@type\":\"PropertyValueSpecification\",\"valueRequired\":true,\"valueName\":\"search_term_string\"}}],\"inLanguage\":\"ca\"},{\"@type\":\"Person\",\"@id\":\"https:\\\/\\\/santapola.es\\\/ca\\\/#\\\/schema\\\/person\\\/ad1d67403707b58350c7be5e8dbc442d\",\"name\":\"Jos\u00e9 Juan L\u00f3pez Lafuente\"}]}<\/script>\n<!-- \/ Yoast SEO plugin. -->","yoast_head_json":{"title":"Soc major. I qu\u00e8? Les persones majors prenen hui el comandament a Santa Pola - Ajuntament de Santa Pola","robots":{"index":"index","follow":"follow","max-snippet":"max-snippet:-1","max-image-preview":"max-image-preview:large","max-video-preview":"max-video-preview:-1"},"canonical":"https:\/\/santapola.es\/ca\/soc-major-i-que-les-persones-majors-prenen-hui-el-comandament-a-santa-pola\/","og_locale":"ca_ES","og_type":"article","og_title":"Soc major. I qu\u00e8? Les persones majors prenen hui el comandament a Santa Pola - Ajuntament de Santa Pola","og_description":"L&#8217;Ajuntament de Santa Pola celebra hui el Dia Internacional de les Persones Majors amb un v\u00eddeo que reivindica el gaudi ple i igualitari d&#8217;este col\u00b7lectiu. La Glorieta alberga este mat\u00ed una \u00e0mplia varietat d&#8217;activitats socioculturals. \u201cSoc major. I qu\u00e8?\u201d \u00e9s el t\u00edtol del v\u00eddeo que a primera hora del mat\u00ed ha publicat l&#8217;Ajuntament de Santa [&hellip;]","og_url":"https:\/\/santapola.es\/ca\/soc-major-i-que-les-persones-majors-prenen-hui-el-comandament-a-santa-pola\/","og_site_name":"Ajuntament de Santa Pola","article_publisher":"https:\/\/www.facebook.com\/AyuntamientoSantaPola\/","article_published_time":"2024-10-01T10:16:08+00:00","article_modified_time":"2024-10-01T10:17:50+00:00","og_image":[{"width":1024,"height":768,"url":"https:\/\/santapola.es\/wp-content\/uploads\/2024\/10\/2024-10-01-at-12.08.18-1024x768.jpeg","type":"image\/jpeg"}],"author":"Jos\u00e9 Juan L\u00f3pez Lafuente","twitter_card":"summary_large_image","twitter_creator":"@SantaPolaAyunt","twitter_site":"@SantaPolaAyunt","schema":{"@context":"https:\/\/schema.org","@graph":[{"@type":"Article","@id":"https:\/\/santapola.es\/ca\/soc-major-i-que-les-persones-majors-prenen-hui-el-comandament-a-santa-pola\/#article","isPartOf":{"@id":"https:\/\/santapola.es\/ca\/soc-major-i-que-les-persones-majors-prenen-hui-el-comandament-a-santa-pola\/"},"author":{"name":"Jos\u00e9 Juan L\u00f3pez Lafuente","@id":"https:\/\/santapola.es\/ca\/#\/schema\/person\/ad1d67403707b58350c7be5e8dbc442d"},"headline":"Soc major. I qu\u00e8? Les persones majors prenen hui el comandament a Santa Pola","datePublished":"2024-10-01T10:16:08+00:00","dateModified":"2024-10-01T10:17:50+00:00","mainEntityOfPage":{"@id":"https:\/\/santapola.es\/ca\/soc-major-i-que-les-persones-majors-prenen-hui-el-comandament-a-santa-pola\/"},"wordCount":329,"image":{"@id":"https:\/\/santapola.es\/ca\/soc-major-i-que-les-persones-majors-prenen-hui-el-comandament-a-santa-pola\/#primaryimage"},"thumbnailUrl":"https:\/\/santapola.es\/wp-content\/uploads\/2024\/10\/2024-10-01-at-12.08.18-e1727777756281.jpeg","keywords":["D\u00eda Internacional de les Persones Majors"],"articleSection":["Personas mayores"],"inLanguage":"ca"},{"@type":"WebPage","@id":"https:\/\/santapola.es\/ca\/soc-major-i-que-les-persones-majors-prenen-hui-el-comandament-a-santa-pola\/","url":"https:\/\/santapola.es\/ca\/soc-major-i-que-les-persones-majors-prenen-hui-el-comandament-a-santa-pola\/","name":"Soc major. I qu\u00e8? Les persones majors prenen hui el comandament a Santa Pola - Ajuntament de Santa Pola","isPartOf":{"@id":"https:\/\/santapola.es\/ca\/#website"},"primaryImageOfPage":{"@id":"https:\/\/santapola.es\/ca\/soc-major-i-que-les-persones-majors-prenen-hui-el-comandament-a-santa-pola\/#primaryimage"},"image":{"@id":"https:\/\/santapola.es\/ca\/soc-major-i-que-les-persones-majors-prenen-hui-el-comandament-a-santa-pola\/#primaryimage"},"thumbnailUrl":"https:\/\/santapola.es\/wp-content\/uploads\/2024\/10\/2024-10-01-at-12.08.18-e1727777756281.jpeg","datePublished":"2024-10-01T10:16:08+00:00","dateModified":"2024-10-01T10:17:50+00:00","author":{"@id":"https:\/\/santapola.es\/ca\/#\/schema\/person\/ad1d67403707b58350c7be5e8dbc442d"},"breadcrumb":{"@id":"https:\/\/santapola.es\/ca\/soc-major-i-que-les-persones-majors-prenen-hui-el-comandament-a-santa-pola\/#breadcrumb"},"inLanguage":"ca","potentialAction":[{"@type":"ReadAction","target":["https:\/\/santapola.es\/ca\/soc-major-i-que-les-persones-majors-prenen-hui-el-comandament-a-santa-pola\/"]}]},{"@type":"ImageObject","inLanguage":"ca","@id":"https:\/\/santapola.es\/ca\/soc-major-i-que-les-persones-majors-prenen-hui-el-comandament-a-santa-pola\/#primaryimage","url":"https:\/\/santapola.es\/wp-content\/uploads\/2024\/10\/2024-10-01-at-12.08.18-e1727777756281.jpeg","contentUrl":"https:\/\/santapola.es\/wp-content\/uploads\/2024\/10\/2024-10-01-at-12.08.18-e1727777756281.jpeg","width":5120,"height":3840},{"@type":"BreadcrumbList","@id":"https:\/\/santapola.es\/ca\/soc-major-i-que-les-persones-majors-prenen-hui-el-comandament-a-santa-pola\/#breadcrumb","itemListElement":[{"@type":"ListItem","position":1,"name":"Inici","item":"https:\/\/santapola.es\/ca\/"},{"@type":"ListItem","position":2,"name":"Soc major. I qu\u00e8? Les persones majors prenen hui el comandament a Santa Pola"}]},{"@type":"WebSite","@id":"https:\/\/santapola.es\/ca\/#website","url":"https:\/\/santapola.es\/ca\/","name":"Ayuntamiento de Santa Pola","description":"Web de l'Ajuntament de Santa Pola","potentialAction":[{"@type":"SearchAction","target":{"@type":"EntryPoint","urlTemplate":"https:\/\/santapola.es\/ca\/?s={search_term_string}"},"query-input":{"@type":"PropertyValueSpecification","valueRequired":true,"valueName":"search_term_string"}}],"inLanguage":"ca"},{"@type":"Person","@id":"https:\/\/santapola.es\/ca\/#\/schema\/person\/ad1d67403707b58350c7be5e8dbc442d","name":"Jos\u00e9 Juan L\u00f3pez Lafuente"}]}},"_links":{"self":[{"href":"https:\/\/santapola.es\/ca\/wp-json\/wp\/v2\/posts\/39241","targetHints":{"allow":["GET"]}}],"collection":[{"href":"https:\/\/santapola.es\/ca\/wp-json\/wp\/v2\/posts"}],"about":[{"href":"https:\/\/santapola.es\/ca\/wp-json\/wp\/v2\/types\/post"}],"author":[{"embeddable":true,"href":"https:\/\/santapola.es\/ca\/wp-json\/wp\/v2\/users\/96"}],"replies":[{"embeddable":true,"href":"https:\/\/santapola.es\/ca\/wp-json\/wp\/v2\/comments?post=39241"}],"version-history":[{"count":0,"href":"https:\/\/santapola.es\/ca\/wp-json\/wp\/v2\/posts\/39241\/revisions"}],"wp:featuredmedia":[{"embeddable":true,"href":"https:\/\/santapola.es\/ca\/wp-json\/wp\/v2\/media\/39239"}],"wp:attachment":[{"href":"https:\/\/santapola.es\/ca\/wp-json\/wp\/v2\/media?parent=39241"}],"wp:term":[{"taxonomy":"category","embeddable":true,"href":"https:\/\/santapola.es\/ca\/wp-json\/wp\/v2\/categories?post=39241"},{"taxonomy":"post_tag","embeddable":true,"href":"https:\/\/santapola.es\/ca\/wp-json\/wp\/v2\/tags?post=39241"}],"curies":[{"name":"wp","href":"https:\/\/api.w.org\/{rel}","templated":true}]}}