{"id":39204,"date":"2024-09-27T09:30:51","date_gmt":"2024-09-27T07:30:51","guid":{"rendered":"https:\/\/santapola.es\/?p=39204"},"modified":"2024-09-26T19:28:44","modified_gmt":"2024-09-26T17:28:44","slug":"assessoria-psicosocial-per-a-joves-tots-els-dilluns-en-el-raco-jove","status":"publish","type":"post","link":"https:\/\/santapola.es\/ca\/assessoria-psicosocial-per-a-joves-tots-els-dilluns-en-el-raco-jove\/","title":{"rendered":"Assessoria psicosocial per a joves tots els dilluns en el Rac\u00f3 Jove"},"content":{"rendered":"<p><strong>Professionals de la psicologia oferiran consulta gratu\u00efta i confidencial a joves entre 12 i 30 anys en mat\u00e8ries com a autoestima, habilitats socials, relacions afectives, sexualitat, estudis o fam\u00edlia.<\/strong><\/p>\n<p><strong>La preocupaci\u00f3 de la regidoria de Joventut per la salut mental d&#8217;este col\u00b7lectiu ha motivat la creaci\u00f3 d&#8217;este servici de suport.<\/strong><\/p>\n<p>La Regidoria de Joventut posa en marxa un nou servici que, de manera preventiva i informativa, pret\u00e9n millorar la qualitat de vida dels i les joves. En forma d&#8217;assessoria psicosocial amb atenci\u00f3 personalitzada, de manera gratu\u00efta i amb total confidencialitat, les persones entre 12 i 30 anys que ho desitgen podran demanar cita per a ser ateses en el Rac\u00f3 Jove per una professional del camp de la psicologia.<\/p>\n<p>Esta assessoria tindr\u00e0 lloc tots els dilluns a la vesprada a partir d&#8217;octubre. A trav\u00e9s d&#8217;este servici, els i les joves podran rebre un suport i acompanyament que pret\u00e9n millorar les seues habilitats socials, autoestima, aprendre a gestionar les seues emocions o informar sobre temes com a sexualitat o estudis.<\/p>\n<p>L&#8217;Assessoria Psicosocial Juvenil part com una de les accions a dur a terme dins de l&#8217;I Pla de Joventut \u201cPla Jove\u201d, davant la preocupaci\u00f3 manifestada en les reunions que s&#8217;han celebrat recentment en la Comissi\u00f3 de Joventut i les pr\u00f2pies conclusions del Pla, que denoten l&#8217;augment de problemes relacionats amb la salut mental entre els joves.<\/p>\n<p><strong>Accions preventives en els instituts<\/strong><\/p>\n<p>En relaci\u00f3 a esta problem\u00e0tica, des del Rac\u00f3 Jove s&#8217;ha llan\u00e7at una campanya dirigida a estudiants dels instituts, que amb el nom de \u201c1 de cada 4\u201d, actuar\u00e0 a peu d&#8217;aula amb unes xarrades taller que tindran lloc a la fi d&#8217;octubre.<\/p>\n<p>En estes xarrades, amb un enfocament preventiu, es tractar\u00e0 de promoure h\u00e0bits saludables entre les persones participants ajudant a saber recon\u00e9ixer les emocions i convidant a aprendre t\u00e8cniques i ferramentes per a millorar la salut mental individual.<\/p>\n","protected":false},"excerpt":{"rendered":"<p>Professionals de la psicologia oferiran consulta gratu\u00efta i confidencial a joves entre 12 i 30 anys en mat\u00e8ries com a autoestima, habilitats socials, relacions afectives, sexualitat, estudis o fam\u00edlia. La preocupaci\u00f3 de la regidoria de Joventut per la salut mental d&#8217;este col\u00b7lectiu ha motivat la creaci\u00f3 d&#8217;este servici de suport. La Regidoria de Joventut posa [&hellip;]<\/p>\n","protected":false},"author":96,"featured_media":39202,"comment_status":"closed","ping_status":"closed","sticky":false,"template":"","format":"standard","meta":{"_et_pb_use_builder":"","_et_pb_old_content":"","_et_gb_content_width":"","footnotes":""},"categories":[494],"tags":[1097,544],"class_list":["post-39204","post","type-post","status-publish","format-standard","has-post-thumbnail","hentry","category-joventut","tag-assesoria-psicosocial","tag-raco-jove-ca"],"yoast_head":"<!-- This site is optimized with the Yoast SEO plugin v27.4 - https:\/\/yoast.com\/product\/yoast-seo-wordpress\/ -->\n<title>Assessoria psicosocial per a joves tots els dilluns en el Rac\u00f3 Jove - Ajuntament de Santa Pola<\/title>\n<meta name=\"robots\" content=\"index, follow, max-snippet:-1, max-image-preview:large, max-video-preview:-1\" \/>\n<link rel=\"canonical\" href=\"https:\/\/santapola.es\/ca\/assessoria-psicosocial-per-a-joves-tots-els-dilluns-en-el-raco-jove\/\" \/>\n<meta property=\"og:locale\" content=\"ca_ES\" \/>\n<meta property=\"og:type\" content=\"article\" \/>\n<meta property=\"og:title\" content=\"Assessoria psicosocial per a joves tots els dilluns en el Rac\u00f3 Jove - Ajuntament de Santa Pola\" \/>\n<meta property=\"og:description\" content=\"Professionals de la psicologia oferiran consulta gratu\u00efta i confidencial a joves entre 12 i 30 anys en mat\u00e8ries com a autoestima, habilitats socials, relacions afectives, sexualitat, estudis o fam\u00edlia. La preocupaci\u00f3 de la regidoria de Joventut per la salut mental d&#8217;este col\u00b7lectiu ha motivat la creaci\u00f3 d&#8217;este servici de suport. La Regidoria de Joventut posa [&hellip;]\" \/>\n<meta property=\"og:url\" content=\"https:\/\/santapola.es\/ca\/assessoria-psicosocial-per-a-joves-tots-els-dilluns-en-el-raco-jove\/\" \/>\n<meta property=\"og:site_name\" content=\"Ajuntament de Santa Pola\" \/>\n<meta property=\"article:publisher\" content=\"https:\/\/www.facebook.com\/AyuntamientoSantaPola\/\" \/>\n<meta property=\"article:published_time\" content=\"2024-09-27T07:30:51+00:00\" \/>\n<meta property=\"og:image\" content=\"https:\/\/santapola.es\/wp-content\/uploads\/2024\/09\/asesoria-psicosocial2.png\" \/>\n\t<meta property=\"og:image:width\" content=\"1080\" \/>\n\t<meta property=\"og:image:height\" content=\"1080\" \/>\n\t<meta property=\"og:image:type\" content=\"image\/png\" \/>\n<meta name=\"author\" content=\"Jos\u00e9 Juan L\u00f3pez Lafuente\" \/>\n<meta name=\"twitter:card\" content=\"summary_large_image\" \/>\n<meta name=\"twitter:creator\" content=\"@SantaPolaAyunt\" \/>\n<meta name=\"twitter:site\" content=\"@SantaPolaAyunt\" \/>\n<script type=\"application\/ld+json\" class=\"yoast-schema-graph\">{\"@context\":\"https:\\\/\\\/schema.org\",\"@graph\":[{\"@type\":\"Article\",\"@id\":\"https:\\\/\\\/santapola.es\\\/ca\\\/assessoria-psicosocial-per-a-joves-tots-els-dilluns-en-el-raco-jove\\\/#article\",\"isPartOf\":{\"@id\":\"https:\\\/\\\/santapola.es\\\/ca\\\/assessoria-psicosocial-per-a-joves-tots-els-dilluns-en-el-raco-jove\\\/\"},\"author\":{\"name\":\"Jos\u00e9 Juan L\u00f3pez Lafuente\",\"@id\":\"https:\\\/\\\/santapola.es\\\/ca\\\/#\\\/schema\\\/person\\\/ad1d67403707b58350c7be5e8dbc442d\"},\"headline\":\"Assessoria psicosocial per a joves tots els dilluns en el Rac\u00f3 Jove\",\"datePublished\":\"2024-09-27T07:30:51+00:00\",\"mainEntityOfPage\":{\"@id\":\"https:\\\/\\\/santapola.es\\\/ca\\\/assessoria-psicosocial-per-a-joves-tots-els-dilluns-en-el-raco-jove\\\/\"},\"wordCount\":341,\"image\":{\"@id\":\"https:\\\/\\\/santapola.es\\\/ca\\\/assessoria-psicosocial-per-a-joves-tots-els-dilluns-en-el-raco-jove\\\/#primaryimage\"},\"thumbnailUrl\":\"https:\\\/\\\/santapola.es\\\/wp-content\\\/uploads\\\/2024\\\/09\\\/asesoria-psicosocial2.png\",\"keywords\":[\"assesoria psicosocial\",\"Rac\u00f3 Jove\"],\"articleSection\":[\"Joventut\"],\"inLanguage\":\"ca\"},{\"@type\":\"WebPage\",\"@id\":\"https:\\\/\\\/santapola.es\\\/ca\\\/assessoria-psicosocial-per-a-joves-tots-els-dilluns-en-el-raco-jove\\\/\",\"url\":\"https:\\\/\\\/santapola.es\\\/ca\\\/assessoria-psicosocial-per-a-joves-tots-els-dilluns-en-el-raco-jove\\\/\",\"name\":\"Assessoria psicosocial per a joves tots els dilluns en el Rac\u00f3 Jove - Ajuntament de Santa Pola\",\"isPartOf\":{\"@id\":\"https:\\\/\\\/santapola.es\\\/ca\\\/#website\"},\"primaryImageOfPage\":{\"@id\":\"https:\\\/\\\/santapola.es\\\/ca\\\/assessoria-psicosocial-per-a-joves-tots-els-dilluns-en-el-raco-jove\\\/#primaryimage\"},\"image\":{\"@id\":\"https:\\\/\\\/santapola.es\\\/ca\\\/assessoria-psicosocial-per-a-joves-tots-els-dilluns-en-el-raco-jove\\\/#primaryimage\"},\"thumbnailUrl\":\"https:\\\/\\\/santapola.es\\\/wp-content\\\/uploads\\\/2024\\\/09\\\/asesoria-psicosocial2.png\",\"datePublished\":\"2024-09-27T07:30:51+00:00\",\"author\":{\"@id\":\"https:\\\/\\\/santapola.es\\\/ca\\\/#\\\/schema\\\/person\\\/ad1d67403707b58350c7be5e8dbc442d\"},\"breadcrumb\":{\"@id\":\"https:\\\/\\\/santapola.es\\\/ca\\\/assessoria-psicosocial-per-a-joves-tots-els-dilluns-en-el-raco-jove\\\/#breadcrumb\"},\"inLanguage\":\"ca\",\"potentialAction\":[{\"@type\":\"ReadAction\",\"target\":[\"https:\\\/\\\/santapola.es\\\/ca\\\/assessoria-psicosocial-per-a-joves-tots-els-dilluns-en-el-raco-jove\\\/\"]}]},{\"@type\":\"ImageObject\",\"inLanguage\":\"ca\",\"@id\":\"https:\\\/\\\/santapola.es\\\/ca\\\/assessoria-psicosocial-per-a-joves-tots-els-dilluns-en-el-raco-jove\\\/#primaryimage\",\"url\":\"https:\\\/\\\/santapola.es\\\/wp-content\\\/uploads\\\/2024\\\/09\\\/asesoria-psicosocial2.png\",\"contentUrl\":\"https:\\\/\\\/santapola.es\\\/wp-content\\\/uploads\\\/2024\\\/09\\\/asesoria-psicosocial2.png\",\"width\":1080,\"height\":1080},{\"@type\":\"BreadcrumbList\",\"@id\":\"https:\\\/\\\/santapola.es\\\/ca\\\/assessoria-psicosocial-per-a-joves-tots-els-dilluns-en-el-raco-jove\\\/#breadcrumb\",\"itemListElement\":[{\"@type\":\"ListItem\",\"position\":1,\"name\":\"Inici\",\"item\":\"https:\\\/\\\/santapola.es\\\/ca\\\/\"},{\"@type\":\"ListItem\",\"position\":2,\"name\":\"Assessoria psicosocial per a joves tots els dilluns en el Rac\u00f3 Jove\"}]},{\"@type\":\"WebSite\",\"@id\":\"https:\\\/\\\/santapola.es\\\/ca\\\/#website\",\"url\":\"https:\\\/\\\/santapola.es\\\/ca\\\/\",\"name\":\"Ayuntamiento de Santa Pola\",\"description\":\"Web de l'Ajuntament de Santa Pola\",\"potentialAction\":[{\"@type\":\"SearchAction\",\"target\":{\"@type\":\"EntryPoint\",\"urlTemplate\":\"https:\\\/\\\/santapola.es\\\/ca\\\/?s={search_term_string}\"},\"query-input\":{\"@type\":\"PropertyValueSpecification\",\"valueRequired\":true,\"valueName\":\"search_term_string\"}}],\"inLanguage\":\"ca\"},{\"@type\":\"Person\",\"@id\":\"https:\\\/\\\/santapola.es\\\/ca\\\/#\\\/schema\\\/person\\\/ad1d67403707b58350c7be5e8dbc442d\",\"name\":\"Jos\u00e9 Juan L\u00f3pez Lafuente\"}]}<\/script>\n<!-- \/ Yoast SEO plugin. -->","yoast_head_json":{"title":"Assessoria psicosocial per a joves tots els dilluns en el Rac\u00f3 Jove - Ajuntament de Santa Pola","robots":{"index":"index","follow":"follow","max-snippet":"max-snippet:-1","max-image-preview":"max-image-preview:large","max-video-preview":"max-video-preview:-1"},"canonical":"https:\/\/santapola.es\/ca\/assessoria-psicosocial-per-a-joves-tots-els-dilluns-en-el-raco-jove\/","og_locale":"ca_ES","og_type":"article","og_title":"Assessoria psicosocial per a joves tots els dilluns en el Rac\u00f3 Jove - Ajuntament de Santa Pola","og_description":"Professionals de la psicologia oferiran consulta gratu\u00efta i confidencial a joves entre 12 i 30 anys en mat\u00e8ries com a autoestima, habilitats socials, relacions afectives, sexualitat, estudis o fam\u00edlia. La preocupaci\u00f3 de la regidoria de Joventut per la salut mental d&#8217;este col\u00b7lectiu ha motivat la creaci\u00f3 d&#8217;este servici de suport. La Regidoria de Joventut posa [&hellip;]","og_url":"https:\/\/santapola.es\/ca\/assessoria-psicosocial-per-a-joves-tots-els-dilluns-en-el-raco-jove\/","og_site_name":"Ajuntament de Santa Pola","article_publisher":"https:\/\/www.facebook.com\/AyuntamientoSantaPola\/","article_published_time":"2024-09-27T07:30:51+00:00","og_image":[{"width":1080,"height":1080,"url":"https:\/\/santapola.es\/wp-content\/uploads\/2024\/09\/asesoria-psicosocial2.png","type":"image\/png"}],"author":"Jos\u00e9 Juan L\u00f3pez Lafuente","twitter_card":"summary_large_image","twitter_creator":"@SantaPolaAyunt","twitter_site":"@SantaPolaAyunt","schema":{"@context":"https:\/\/schema.org","@graph":[{"@type":"Article","@id":"https:\/\/santapola.es\/ca\/assessoria-psicosocial-per-a-joves-tots-els-dilluns-en-el-raco-jove\/#article","isPartOf":{"@id":"https:\/\/santapola.es\/ca\/assessoria-psicosocial-per-a-joves-tots-els-dilluns-en-el-raco-jove\/"},"author":{"name":"Jos\u00e9 Juan L\u00f3pez Lafuente","@id":"https:\/\/santapola.es\/ca\/#\/schema\/person\/ad1d67403707b58350c7be5e8dbc442d"},"headline":"Assessoria psicosocial per a joves tots els dilluns en el Rac\u00f3 Jove","datePublished":"2024-09-27T07:30:51+00:00","mainEntityOfPage":{"@id":"https:\/\/santapola.es\/ca\/assessoria-psicosocial-per-a-joves-tots-els-dilluns-en-el-raco-jove\/"},"wordCount":341,"image":{"@id":"https:\/\/santapola.es\/ca\/assessoria-psicosocial-per-a-joves-tots-els-dilluns-en-el-raco-jove\/#primaryimage"},"thumbnailUrl":"https:\/\/santapola.es\/wp-content\/uploads\/2024\/09\/asesoria-psicosocial2.png","keywords":["assesoria psicosocial","Rac\u00f3 Jove"],"articleSection":["Joventut"],"inLanguage":"ca"},{"@type":"WebPage","@id":"https:\/\/santapola.es\/ca\/assessoria-psicosocial-per-a-joves-tots-els-dilluns-en-el-raco-jove\/","url":"https:\/\/santapola.es\/ca\/assessoria-psicosocial-per-a-joves-tots-els-dilluns-en-el-raco-jove\/","name":"Assessoria psicosocial per a joves tots els dilluns en el Rac\u00f3 Jove - Ajuntament de Santa Pola","isPartOf":{"@id":"https:\/\/santapola.es\/ca\/#website"},"primaryImageOfPage":{"@id":"https:\/\/santapola.es\/ca\/assessoria-psicosocial-per-a-joves-tots-els-dilluns-en-el-raco-jove\/#primaryimage"},"image":{"@id":"https:\/\/santapola.es\/ca\/assessoria-psicosocial-per-a-joves-tots-els-dilluns-en-el-raco-jove\/#primaryimage"},"thumbnailUrl":"https:\/\/santapola.es\/wp-content\/uploads\/2024\/09\/asesoria-psicosocial2.png","datePublished":"2024-09-27T07:30:51+00:00","author":{"@id":"https:\/\/santapola.es\/ca\/#\/schema\/person\/ad1d67403707b58350c7be5e8dbc442d"},"breadcrumb":{"@id":"https:\/\/santapola.es\/ca\/assessoria-psicosocial-per-a-joves-tots-els-dilluns-en-el-raco-jove\/#breadcrumb"},"inLanguage":"ca","potentialAction":[{"@type":"ReadAction","target":["https:\/\/santapola.es\/ca\/assessoria-psicosocial-per-a-joves-tots-els-dilluns-en-el-raco-jove\/"]}]},{"@type":"ImageObject","inLanguage":"ca","@id":"https:\/\/santapola.es\/ca\/assessoria-psicosocial-per-a-joves-tots-els-dilluns-en-el-raco-jove\/#primaryimage","url":"https:\/\/santapola.es\/wp-content\/uploads\/2024\/09\/asesoria-psicosocial2.png","contentUrl":"https:\/\/santapola.es\/wp-content\/uploads\/2024\/09\/asesoria-psicosocial2.png","width":1080,"height":1080},{"@type":"BreadcrumbList","@id":"https:\/\/santapola.es\/ca\/assessoria-psicosocial-per-a-joves-tots-els-dilluns-en-el-raco-jove\/#breadcrumb","itemListElement":[{"@type":"ListItem","position":1,"name":"Inici","item":"https:\/\/santapola.es\/ca\/"},{"@type":"ListItem","position":2,"name":"Assessoria psicosocial per a joves tots els dilluns en el Rac\u00f3 Jove"}]},{"@type":"WebSite","@id":"https:\/\/santapola.es\/ca\/#website","url":"https:\/\/santapola.es\/ca\/","name":"Ayuntamiento de Santa Pola","description":"Web de l'Ajuntament de Santa Pola","potentialAction":[{"@type":"SearchAction","target":{"@type":"EntryPoint","urlTemplate":"https:\/\/santapola.es\/ca\/?s={search_term_string}"},"query-input":{"@type":"PropertyValueSpecification","valueRequired":true,"valueName":"search_term_string"}}],"inLanguage":"ca"},{"@type":"Person","@id":"https:\/\/santapola.es\/ca\/#\/schema\/person\/ad1d67403707b58350c7be5e8dbc442d","name":"Jos\u00e9 Juan L\u00f3pez Lafuente"}]}},"_links":{"self":[{"href":"https:\/\/santapola.es\/ca\/wp-json\/wp\/v2\/posts\/39204","targetHints":{"allow":["GET"]}}],"collection":[{"href":"https:\/\/santapola.es\/ca\/wp-json\/wp\/v2\/posts"}],"about":[{"href":"https:\/\/santapola.es\/ca\/wp-json\/wp\/v2\/types\/post"}],"author":[{"embeddable":true,"href":"https:\/\/santapola.es\/ca\/wp-json\/wp\/v2\/users\/96"}],"replies":[{"embeddable":true,"href":"https:\/\/santapola.es\/ca\/wp-json\/wp\/v2\/comments?post=39204"}],"version-history":[{"count":0,"href":"https:\/\/santapola.es\/ca\/wp-json\/wp\/v2\/posts\/39204\/revisions"}],"wp:featuredmedia":[{"embeddable":true,"href":"https:\/\/santapola.es\/ca\/wp-json\/wp\/v2\/media\/39202"}],"wp:attachment":[{"href":"https:\/\/santapola.es\/ca\/wp-json\/wp\/v2\/media?parent=39204"}],"wp:term":[{"taxonomy":"category","embeddable":true,"href":"https:\/\/santapola.es\/ca\/wp-json\/wp\/v2\/categories?post=39204"},{"taxonomy":"post_tag","embeddable":true,"href":"https:\/\/santapola.es\/ca\/wp-json\/wp\/v2\/tags?post=39204"}],"curies":[{"name":"wp","href":"https:\/\/api.w.org\/{rel}","templated":true}]}}