{"id":39198,"date":"2024-09-26T19:02:43","date_gmt":"2024-09-26T17:02:43","guid":{"rendered":"https:\/\/santapola.es\/?p=39198"},"modified":"2024-09-26T19:06:01","modified_gmt":"2024-09-26T17:06:01","slug":"lajuntament-de-santa-pola-integrara-als-treballadors-de-ladl-en-la-plantilla-municipal-conservant-tots-els-servicis","status":"publish","type":"post","link":"https:\/\/santapola.es\/ca\/lajuntament-de-santa-pola-integrara-als-treballadors-de-ladl-en-la-plantilla-municipal-conservant-tots-els-servicis\/","title":{"rendered":"L&#8217;Ajuntament de Santa Pola integrar\u00e0 als treballadors de l&#8217;ADL en la plantilla municipal conservant tots els servicis"},"content":{"rendered":"<p><strong>El ple ha aprovat dissoldre l&#8217;Ag\u00e8ncia de Desenrotllament Local amb l&#8217;objectiu de millorar l&#8217;efici\u00e8ncia dels seus servicis i estalviar costos.<\/strong><\/p>\n<p><strong>Tots els treballadors de l&#8217;ADL, que van demanar esta reestructuraci\u00f3, s&#8217;integraran en la plantilla municipal mantenint les mateixes condicions laborals.<\/strong><\/p>\n<p>L&#8217;Ajuntament de Santa Pola ha aprovat hui en ple ordinari l&#8217;aprovaci\u00f3 inicial de la dissoluci\u00f3 de l&#8217;organisme aut\u00f2nom municipal de l&#8217;Ag\u00e8ncia de Desenrotllament Local i la integraci\u00f3 de tots els seus treballadors en l&#8217;estructura municipal.<\/p>\n<p>En el moment en qu\u00e8 s&#8217;aprove definitivament este acord, els servicis que fins ara presta l&#8217;ADL com a organisme aut\u00f2nom seran gestionats directament per l&#8217;ajuntament, al mateix temps que el seu equip de treball entrar\u00e0 a formar part de la plantilla municipal amb les mateixes condicions que ara tenen, subrogant-se en tots els drets i obligacions.<\/p>\n<p>Jos\u00e9 Pedro Mart\u00ednez, regidor d&#8217;ADL, va explicar que la decisi\u00f3 es pren per a reordenar estos servicis: \u201cl&#8217;objectiu de la proposta \u00e9s millorar l&#8217;efici\u00e8ncia, estalviar costos i millorar el servici, que per descomptat continuar\u00e0 sent un exemple a seguir com ho ha sigut l&#8217;ADL. \u00c9s un proc\u00e9s de reorganitzaci\u00f3 dins de l&#8217;ajuntament que tamb\u00e9 es veur\u00e0 refor\u00e7at en Gran Alacant, amb la intenci\u00f3 clara de mantindre i millorar els servicis de l&#8217;ADL, millorar les condicions dels seus treballadors que van ser els primers a demanar-lo, un equip altament professional i molt ben valorat pels ciutadans\u201d.<\/p>\n<p>El Grup Socialista va justificar la seua abstenci\u00f3 en paraules del regidor David Fern\u00e1ndez: \u201c\u00e9s innegable que el treball de l&#8217;ADL ha sigut clau en l&#8217;activitat econ\u00f2mica i empresarial del nostre municipi, un model a seguir a la prov\u00edncia d&#8217;Alacant, \u00e9s una pena perdre una arma tan potent per\u00f2 entenem que \u00e9s l\u00edcit i no hi ha problema per als treballadors\u201d, i va voler \u201cagrair la gran faena i bon fer de tots els seus treballadors i especialment de Pepe Maz\u00f3n\u201d, qui fora el seu gerent durant m\u00e9s de 20 anys fins a la seua defunci\u00f3 en 2019.<\/p>\n<p>Esteve Ruiz va explicar que l&#8217;abstenci\u00f3 de M\u00e9s Santa Pola es basa en el fet que \u201cno ens oposem a la dissoluci\u00f3, per\u00f2 no renunciem al fet que torne l&#8217;ADL en un futur redimensionada adequadament, perqu\u00e8 va arribar a tindre molts treballadors i \u00e0rees com a platges que no tenien sentit\u201d.<\/p>\n<p>La portaveu de Vox, Mireia Moya, va votar a favor \u201cperqu\u00e8 la dissoluci\u00f3 no ser\u00e0 perjudicial per als treballadors, desapareix l&#8217;organisme aut\u00f2nom com a tal per\u00f2 es mantenen tots els servicis\u201d.<\/p>\n<p>Finalment, l&#8217;alcaldessa Loreto Serrano va recordar que \u201cvaig ser la regidor que va fundar l&#8217;ADL en 1995 sent alcalde Pascual Orts, ha tingut una labor fonamental per al desenrotllament econ\u00f2mic, laboral i formatiu del municipi. Quan es va crear l&#8217;ADL els tr\u00e0mits d&#8217;un organisme aut\u00f2nom eren molt m\u00e9s \u00e0gils que a l&#8217;ajuntament, per\u00f2 quasi 30 anys despr\u00e9s s\u00f3n els mateixos i no \u00e9s eficient tindre dos estructures i dos comptabilitats. A m\u00e9s, el primer que em van demanar els treballadors de l&#8217;ADL va ser passar a ser emprats municipals i aix\u00ed ho farem, mantenint tots els servicis que fins ara estan prestant i refor\u00e7ant altres \u00e0rees municipals en les quals poden ser molt v\u00e0lids\u201d.<\/p>\n<p><strong>Festes locals per a 2025<\/strong><\/p>\n<p>En un altre dels punts de l&#8217;orde del dia es va aprovar per unanimitat declarar les dos festes locals per a l&#8217;any 2025, que seran les habituals, el 16 de juliol (Mare de D\u00e9u del Carmen) i el 8 de setembre (Mare de D\u00e9u de Loreto).<\/p>\n<p>A continuaci\u00f3 es van debatre dos mocions pol\u00edtiques, la primera presentada pel PSOE per a instar la Diputaci\u00f3 d&#8217;Alacant a augmentar les ajudes socials. El regidor Lorenzo Andreu va manifestar el seu desacord per \u201cla retallada de 14 milions d&#8217;euros en l&#8217;\u00e0rea que dep\u00e9n de vost\u00e9 (dirigint-se a l&#8217;alcaldessa i diputada provincial), i la disminuci\u00f3 de 117.000 euros en Servicis Socials per a Santa Pola per a ajudes a les persones que m\u00e9s el necessiten\u201d.<\/p>\n<p>Loreto Serrano va respondre que \u201cen 2023 va haver-hi una situaci\u00f3 extraordin\u00e0ria a conseq\u00fc\u00e8ncia de la guerra d&#8217;Ucra\u00efna i l&#8217;augment dels preus i la Diputaci\u00f3 va fer un esfor\u00e7 especial destinant 24 milions a estes ajudes. El que ens trobem \u00e9s que els ajuntaments no van poder gastar tants diners i a penes es van aprofitar. En el cas de Santa Pola ens van donar 443.000 euros i nom\u00e9s vam poder executar 159.000 perqu\u00e8 no hi havia possibilitat de gastar m\u00e9s. Esta \u00e9s una realitat demostrable, per aix\u00f2 enguany el pressupost d&#8217;ajudes ha tornat a la normalitat, al que realment els municipis es poden gastar, i encara estan demanant menys del que disposem, per exemple a Santa Pola la Diputaci\u00f3 d&#8217;Alacant ens ha donat 107.000 euros en subvencions per a Servicis Socials\u201d. La moci\u00f3 es va rebutjar amb els vots en contra de PP, abstenci\u00f3 de Vox i vot favorable de PSOE i M\u00e9s Santa Pola.<\/p>\n<p>Finalment, M\u00e9s Santa Pola va presentar una moci\u00f3 \u201cpel compliment del pla d&#8217;ordenaci\u00f3 cineg\u00e8tica del vedat de ca\u00e7a de la Serra de Santa Pola\u201d, del qual Esteve Ruiz va dir que la Societat de Ca\u00e7a i Tir no complix.<\/p>\n<p>El regidor de Medi Ambient, \u00c1ngel Piedecausa, li va contestar que \u201ctots els grups han tingut acc\u00e9s a l&#8217;expedient i constatar que no hi ha hagut cap canvi. Tenim el vedat m\u00e9s restrictiu de tota la Comunitat Valenciana, encara aix\u00ed poden conviure els ca\u00e7adors i la naturalesa\u201d.<\/p>\n<p>Piedecausa va afegir que \u201cvost\u00e9s en 2017 van sol\u00b7licitar a la Conselleria la declaraci\u00f3 de paratge natural per a tota la serra i el seu propi govern li va contestar que no \u00e9s viable. \u00c9s m\u00e9s, este pla cineg\u00e8tic que vost\u00e9s critiquen es va aprovar en 2023 amb el seu govern del Bot\u00e0nic\u201d.<\/p>\n<p>L&#8217;alcaldessa va recordar que \u201cquan entrem a governar en 2019 el pla cineg\u00e8tic estava caducat i el govern anterior no va fer res. En un any presentem la petici\u00f3 de paratge natural per a la serra i durant tres anys el Bot\u00e0nic ho ha tingut guardat en un calaix sense fer res\u201d.<\/p>\n<p>Finalment, Mireia Moya va replicar a Ruiz que \u201cha dit vost\u00e9 que mentres ells governaven a Santa Pola els ca\u00e7adors ca\u00e7aven il\u00b7legalment, est\u00e0 tirant pedres sobre la seua pr\u00f2pia teulada perqu\u00e8 vost\u00e9s eren els responsables d&#8217;evitar-lo\u201d. La moci\u00f3 es va rebutjar amb els vots en contra de PP i Vox, i a favor de PSOE i M\u00e9s Santa Pola.<\/p>\n","protected":false},"excerpt":{"rendered":"<p>El ple ha aprovat dissoldre l&#8217;Ag\u00e8ncia de Desenrotllament Local amb l&#8217;objectiu de millorar l&#8217;efici\u00e8ncia dels seus servicis i estalviar costos. Tots els treballadors de l&#8217;ADL, que van demanar esta reestructuraci\u00f3, s&#8217;integraran en la plantilla municipal mantenint les mateixes condicions laborals. L&#8217;Ajuntament de Santa Pola ha aprovat hui en ple ordinari l&#8217;aprovaci\u00f3 inicial de la dissoluci\u00f3 [&hellip;]<\/p>\n","protected":false},"author":96,"featured_media":39196,"comment_status":"closed","ping_status":"closed","sticky":false,"template":"","format":"standard","meta":{"_et_pb_use_builder":"","_et_pb_old_content":"","_et_gb_content_width":"","footnotes":""},"categories":[495,473],"tags":[636],"class_list":["post-39198","post","type-post","status-publish","format-standard","has-post-thumbnail","hentry","category-agencia-de-desenvolupament-local","category-plens","tag-jose-pedro-martinez-ca"],"yoast_head":"<!-- This site is optimized with the Yoast SEO plugin v27.4 - https:\/\/yoast.com\/product\/yoast-seo-wordpress\/ -->\n<title>L&#039;Ajuntament de Santa Pola integrar\u00e0 als treballadors de l&#039;ADL en la plantilla municipal conservant tots els servicis - Ajuntament de Santa Pola<\/title>\n<meta name=\"robots\" content=\"index, follow, max-snippet:-1, max-image-preview:large, max-video-preview:-1\" \/>\n<link rel=\"canonical\" href=\"https:\/\/santapola.es\/ca\/lajuntament-de-santa-pola-integrara-als-treballadors-de-ladl-en-la-plantilla-municipal-conservant-tots-els-servicis\/\" \/>\n<meta property=\"og:locale\" content=\"ca_ES\" \/>\n<meta property=\"og:type\" content=\"article\" \/>\n<meta property=\"og:title\" content=\"L&#039;Ajuntament de Santa Pola integrar\u00e0 als treballadors de l&#039;ADL en la plantilla municipal conservant tots els servicis - Ajuntament de Santa Pola\" \/>\n<meta property=\"og:description\" content=\"El ple ha aprovat dissoldre l&#8217;Ag\u00e8ncia de Desenrotllament Local amb l&#8217;objectiu de millorar l&#8217;efici\u00e8ncia dels seus servicis i estalviar costos. Tots els treballadors de l&#8217;ADL, que van demanar esta reestructuraci\u00f3, s&#8217;integraran en la plantilla municipal mantenint les mateixes condicions laborals. L&#8217;Ajuntament de Santa Pola ha aprovat hui en ple ordinari l&#8217;aprovaci\u00f3 inicial de la dissoluci\u00f3 [&hellip;]\" \/>\n<meta property=\"og:url\" content=\"https:\/\/santapola.es\/ca\/lajuntament-de-santa-pola-integrara-als-treballadors-de-ladl-en-la-plantilla-municipal-conservant-tots-els-servicis\/\" \/>\n<meta property=\"og:site_name\" content=\"Ajuntament de Santa Pola\" \/>\n<meta property=\"article:publisher\" content=\"https:\/\/www.facebook.com\/AyuntamientoSantaPola\/\" \/>\n<meta property=\"article:published_time\" content=\"2024-09-26T17:02:43+00:00\" \/>\n<meta property=\"article:modified_time\" content=\"2024-09-26T17:06:01+00:00\" \/>\n<meta property=\"og:image\" content=\"https:\/\/santapola.es\/wp-content\/uploads\/2024\/09\/2024-09-26-Jose-Pedro-Martinez-concejal-ADL.jpg\" \/>\n\t<meta property=\"og:image:width\" content=\"2000\" \/>\n\t<meta property=\"og:image:height\" content=\"1124\" \/>\n\t<meta property=\"og:image:type\" content=\"image\/jpeg\" \/>\n<meta name=\"author\" content=\"Jos\u00e9 Juan L\u00f3pez Lafuente\" \/>\n<meta name=\"twitter:card\" content=\"summary_large_image\" \/>\n<meta name=\"twitter:creator\" content=\"@SantaPolaAyunt\" \/>\n<meta name=\"twitter:site\" content=\"@SantaPolaAyunt\" \/>\n<script type=\"application\/ld+json\" class=\"yoast-schema-graph\">{\"@context\":\"https:\\\/\\\/schema.org\",\"@graph\":[{\"@type\":\"Article\",\"@id\":\"https:\\\/\\\/santapola.es\\\/ca\\\/lajuntament-de-santa-pola-integrara-als-treballadors-de-ladl-en-la-plantilla-municipal-conservant-tots-els-servicis\\\/#article\",\"isPartOf\":{\"@id\":\"https:\\\/\\\/santapola.es\\\/ca\\\/lajuntament-de-santa-pola-integrara-als-treballadors-de-ladl-en-la-plantilla-municipal-conservant-tots-els-servicis\\\/\"},\"author\":{\"name\":\"Jos\u00e9 Juan L\u00f3pez Lafuente\",\"@id\":\"https:\\\/\\\/santapola.es\\\/ca\\\/#\\\/schema\\\/person\\\/ad1d67403707b58350c7be5e8dbc442d\"},\"headline\":\"L&#8217;Ajuntament de Santa Pola integrar\u00e0 als treballadors de l&#8217;ADL en la plantilla municipal conservant tots els servicis\",\"datePublished\":\"2024-09-26T17:02:43+00:00\",\"dateModified\":\"2024-09-26T17:06:01+00:00\",\"mainEntityOfPage\":{\"@id\":\"https:\\\/\\\/santapola.es\\\/ca\\\/lajuntament-de-santa-pola-integrara-als-treballadors-de-ladl-en-la-plantilla-municipal-conservant-tots-els-servicis\\\/\"},\"wordCount\":1156,\"image\":{\"@id\":\"https:\\\/\\\/santapola.es\\\/ca\\\/lajuntament-de-santa-pola-integrara-als-treballadors-de-ladl-en-la-plantilla-municipal-conservant-tots-els-servicis\\\/#primaryimage\"},\"thumbnailUrl\":\"https:\\\/\\\/santapola.es\\\/wp-content\\\/uploads\\\/2024\\\/09\\\/2024-09-26-Jose-Pedro-Martinez-concejal-ADL.jpg\",\"keywords\":[\"Jos\u00e9 Pedro Mart\u00ednez\"],\"articleSection\":[\"Ag\u00e8ncia de Desenvolupament Local\",\"Plens\"],\"inLanguage\":\"ca\"},{\"@type\":\"WebPage\",\"@id\":\"https:\\\/\\\/santapola.es\\\/ca\\\/lajuntament-de-santa-pola-integrara-als-treballadors-de-ladl-en-la-plantilla-municipal-conservant-tots-els-servicis\\\/\",\"url\":\"https:\\\/\\\/santapola.es\\\/ca\\\/lajuntament-de-santa-pola-integrara-als-treballadors-de-ladl-en-la-plantilla-municipal-conservant-tots-els-servicis\\\/\",\"name\":\"L'Ajuntament de Santa Pola integrar\u00e0 als treballadors de l'ADL en la plantilla municipal conservant tots els servicis - Ajuntament de Santa Pola\",\"isPartOf\":{\"@id\":\"https:\\\/\\\/santapola.es\\\/ca\\\/#website\"},\"primaryImageOfPage\":{\"@id\":\"https:\\\/\\\/santapola.es\\\/ca\\\/lajuntament-de-santa-pola-integrara-als-treballadors-de-ladl-en-la-plantilla-municipal-conservant-tots-els-servicis\\\/#primaryimage\"},\"image\":{\"@id\":\"https:\\\/\\\/santapola.es\\\/ca\\\/lajuntament-de-santa-pola-integrara-als-treballadors-de-ladl-en-la-plantilla-municipal-conservant-tots-els-servicis\\\/#primaryimage\"},\"thumbnailUrl\":\"https:\\\/\\\/santapola.es\\\/wp-content\\\/uploads\\\/2024\\\/09\\\/2024-09-26-Jose-Pedro-Martinez-concejal-ADL.jpg\",\"datePublished\":\"2024-09-26T17:02:43+00:00\",\"dateModified\":\"2024-09-26T17:06:01+00:00\",\"author\":{\"@id\":\"https:\\\/\\\/santapola.es\\\/ca\\\/#\\\/schema\\\/person\\\/ad1d67403707b58350c7be5e8dbc442d\"},\"breadcrumb\":{\"@id\":\"https:\\\/\\\/santapola.es\\\/ca\\\/lajuntament-de-santa-pola-integrara-als-treballadors-de-ladl-en-la-plantilla-municipal-conservant-tots-els-servicis\\\/#breadcrumb\"},\"inLanguage\":\"ca\",\"potentialAction\":[{\"@type\":\"ReadAction\",\"target\":[\"https:\\\/\\\/santapola.es\\\/ca\\\/lajuntament-de-santa-pola-integrara-als-treballadors-de-ladl-en-la-plantilla-municipal-conservant-tots-els-servicis\\\/\"]}]},{\"@type\":\"ImageObject\",\"inLanguage\":\"ca\",\"@id\":\"https:\\\/\\\/santapola.es\\\/ca\\\/lajuntament-de-santa-pola-integrara-als-treballadors-de-ladl-en-la-plantilla-municipal-conservant-tots-els-servicis\\\/#primaryimage\",\"url\":\"https:\\\/\\\/santapola.es\\\/wp-content\\\/uploads\\\/2024\\\/09\\\/2024-09-26-Jose-Pedro-Martinez-concejal-ADL.jpg\",\"contentUrl\":\"https:\\\/\\\/santapola.es\\\/wp-content\\\/uploads\\\/2024\\\/09\\\/2024-09-26-Jose-Pedro-Martinez-concejal-ADL.jpg\",\"width\":2000,\"height\":1124},{\"@type\":\"BreadcrumbList\",\"@id\":\"https:\\\/\\\/santapola.es\\\/ca\\\/lajuntament-de-santa-pola-integrara-als-treballadors-de-ladl-en-la-plantilla-municipal-conservant-tots-els-servicis\\\/#breadcrumb\",\"itemListElement\":[{\"@type\":\"ListItem\",\"position\":1,\"name\":\"Inici\",\"item\":\"https:\\\/\\\/santapola.es\\\/ca\\\/\"},{\"@type\":\"ListItem\",\"position\":2,\"name\":\"L&#8217;Ajuntament de Santa Pola integrar\u00e0 als treballadors de l&#8217;ADL en la plantilla municipal conservant tots els servicis\"}]},{\"@type\":\"WebSite\",\"@id\":\"https:\\\/\\\/santapola.es\\\/ca\\\/#website\",\"url\":\"https:\\\/\\\/santapola.es\\\/ca\\\/\",\"name\":\"Ayuntamiento de Santa Pola\",\"description\":\"Web de l'Ajuntament de Santa Pola\",\"potentialAction\":[{\"@type\":\"SearchAction\",\"target\":{\"@type\":\"EntryPoint\",\"urlTemplate\":\"https:\\\/\\\/santapola.es\\\/ca\\\/?s={search_term_string}\"},\"query-input\":{\"@type\":\"PropertyValueSpecification\",\"valueRequired\":true,\"valueName\":\"search_term_string\"}}],\"inLanguage\":\"ca\"},{\"@type\":\"Person\",\"@id\":\"https:\\\/\\\/santapola.es\\\/ca\\\/#\\\/schema\\\/person\\\/ad1d67403707b58350c7be5e8dbc442d\",\"name\":\"Jos\u00e9 Juan L\u00f3pez Lafuente\"}]}<\/script>\n<!-- \/ Yoast SEO plugin. -->","yoast_head_json":{"title":"L'Ajuntament de Santa Pola integrar\u00e0 als treballadors de l'ADL en la plantilla municipal conservant tots els servicis - Ajuntament de Santa Pola","robots":{"index":"index","follow":"follow","max-snippet":"max-snippet:-1","max-image-preview":"max-image-preview:large","max-video-preview":"max-video-preview:-1"},"canonical":"https:\/\/santapola.es\/ca\/lajuntament-de-santa-pola-integrara-als-treballadors-de-ladl-en-la-plantilla-municipal-conservant-tots-els-servicis\/","og_locale":"ca_ES","og_type":"article","og_title":"L'Ajuntament de Santa Pola integrar\u00e0 als treballadors de l'ADL en la plantilla municipal conservant tots els servicis - Ajuntament de Santa Pola","og_description":"El ple ha aprovat dissoldre l&#8217;Ag\u00e8ncia de Desenrotllament Local amb l&#8217;objectiu de millorar l&#8217;efici\u00e8ncia dels seus servicis i estalviar costos. Tots els treballadors de l&#8217;ADL, que van demanar esta reestructuraci\u00f3, s&#8217;integraran en la plantilla municipal mantenint les mateixes condicions laborals. L&#8217;Ajuntament de Santa Pola ha aprovat hui en ple ordinari l&#8217;aprovaci\u00f3 inicial de la dissoluci\u00f3 [&hellip;]","og_url":"https:\/\/santapola.es\/ca\/lajuntament-de-santa-pola-integrara-als-treballadors-de-ladl-en-la-plantilla-municipal-conservant-tots-els-servicis\/","og_site_name":"Ajuntament de Santa Pola","article_publisher":"https:\/\/www.facebook.com\/AyuntamientoSantaPola\/","article_published_time":"2024-09-26T17:02:43+00:00","article_modified_time":"2024-09-26T17:06:01+00:00","og_image":[{"width":2000,"height":1124,"url":"https:\/\/santapola.es\/wp-content\/uploads\/2024\/09\/2024-09-26-Jose-Pedro-Martinez-concejal-ADL.jpg","type":"image\/jpeg"}],"author":"Jos\u00e9 Juan L\u00f3pez Lafuente","twitter_card":"summary_large_image","twitter_creator":"@SantaPolaAyunt","twitter_site":"@SantaPolaAyunt","schema":{"@context":"https:\/\/schema.org","@graph":[{"@type":"Article","@id":"https:\/\/santapola.es\/ca\/lajuntament-de-santa-pola-integrara-als-treballadors-de-ladl-en-la-plantilla-municipal-conservant-tots-els-servicis\/#article","isPartOf":{"@id":"https:\/\/santapola.es\/ca\/lajuntament-de-santa-pola-integrara-als-treballadors-de-ladl-en-la-plantilla-municipal-conservant-tots-els-servicis\/"},"author":{"name":"Jos\u00e9 Juan L\u00f3pez Lafuente","@id":"https:\/\/santapola.es\/ca\/#\/schema\/person\/ad1d67403707b58350c7be5e8dbc442d"},"headline":"L&#8217;Ajuntament de Santa Pola integrar\u00e0 als treballadors de l&#8217;ADL en la plantilla municipal conservant tots els servicis","datePublished":"2024-09-26T17:02:43+00:00","dateModified":"2024-09-26T17:06:01+00:00","mainEntityOfPage":{"@id":"https:\/\/santapola.es\/ca\/lajuntament-de-santa-pola-integrara-als-treballadors-de-ladl-en-la-plantilla-municipal-conservant-tots-els-servicis\/"},"wordCount":1156,"image":{"@id":"https:\/\/santapola.es\/ca\/lajuntament-de-santa-pola-integrara-als-treballadors-de-ladl-en-la-plantilla-municipal-conservant-tots-els-servicis\/#primaryimage"},"thumbnailUrl":"https:\/\/santapola.es\/wp-content\/uploads\/2024\/09\/2024-09-26-Jose-Pedro-Martinez-concejal-ADL.jpg","keywords":["Jos\u00e9 Pedro Mart\u00ednez"],"articleSection":["Ag\u00e8ncia de Desenvolupament Local","Plens"],"inLanguage":"ca"},{"@type":"WebPage","@id":"https:\/\/santapola.es\/ca\/lajuntament-de-santa-pola-integrara-als-treballadors-de-ladl-en-la-plantilla-municipal-conservant-tots-els-servicis\/","url":"https:\/\/santapola.es\/ca\/lajuntament-de-santa-pola-integrara-als-treballadors-de-ladl-en-la-plantilla-municipal-conservant-tots-els-servicis\/","name":"L'Ajuntament de Santa Pola integrar\u00e0 als treballadors de l'ADL en la plantilla municipal conservant tots els servicis - Ajuntament de Santa Pola","isPartOf":{"@id":"https:\/\/santapola.es\/ca\/#website"},"primaryImageOfPage":{"@id":"https:\/\/santapola.es\/ca\/lajuntament-de-santa-pola-integrara-als-treballadors-de-ladl-en-la-plantilla-municipal-conservant-tots-els-servicis\/#primaryimage"},"image":{"@id":"https:\/\/santapola.es\/ca\/lajuntament-de-santa-pola-integrara-als-treballadors-de-ladl-en-la-plantilla-municipal-conservant-tots-els-servicis\/#primaryimage"},"thumbnailUrl":"https:\/\/santapola.es\/wp-content\/uploads\/2024\/09\/2024-09-26-Jose-Pedro-Martinez-concejal-ADL.jpg","datePublished":"2024-09-26T17:02:43+00:00","dateModified":"2024-09-26T17:06:01+00:00","author":{"@id":"https:\/\/santapola.es\/ca\/#\/schema\/person\/ad1d67403707b58350c7be5e8dbc442d"},"breadcrumb":{"@id":"https:\/\/santapola.es\/ca\/lajuntament-de-santa-pola-integrara-als-treballadors-de-ladl-en-la-plantilla-municipal-conservant-tots-els-servicis\/#breadcrumb"},"inLanguage":"ca","potentialAction":[{"@type":"ReadAction","target":["https:\/\/santapola.es\/ca\/lajuntament-de-santa-pola-integrara-als-treballadors-de-ladl-en-la-plantilla-municipal-conservant-tots-els-servicis\/"]}]},{"@type":"ImageObject","inLanguage":"ca","@id":"https:\/\/santapola.es\/ca\/lajuntament-de-santa-pola-integrara-als-treballadors-de-ladl-en-la-plantilla-municipal-conservant-tots-els-servicis\/#primaryimage","url":"https:\/\/santapola.es\/wp-content\/uploads\/2024\/09\/2024-09-26-Jose-Pedro-Martinez-concejal-ADL.jpg","contentUrl":"https:\/\/santapola.es\/wp-content\/uploads\/2024\/09\/2024-09-26-Jose-Pedro-Martinez-concejal-ADL.jpg","width":2000,"height":1124},{"@type":"BreadcrumbList","@id":"https:\/\/santapola.es\/ca\/lajuntament-de-santa-pola-integrara-als-treballadors-de-ladl-en-la-plantilla-municipal-conservant-tots-els-servicis\/#breadcrumb","itemListElement":[{"@type":"ListItem","position":1,"name":"Inici","item":"https:\/\/santapola.es\/ca\/"},{"@type":"ListItem","position":2,"name":"L&#8217;Ajuntament de Santa Pola integrar\u00e0 als treballadors de l&#8217;ADL en la plantilla municipal conservant tots els servicis"}]},{"@type":"WebSite","@id":"https:\/\/santapola.es\/ca\/#website","url":"https:\/\/santapola.es\/ca\/","name":"Ayuntamiento de Santa Pola","description":"Web de l'Ajuntament de Santa Pola","potentialAction":[{"@type":"SearchAction","target":{"@type":"EntryPoint","urlTemplate":"https:\/\/santapola.es\/ca\/?s={search_term_string}"},"query-input":{"@type":"PropertyValueSpecification","valueRequired":true,"valueName":"search_term_string"}}],"inLanguage":"ca"},{"@type":"Person","@id":"https:\/\/santapola.es\/ca\/#\/schema\/person\/ad1d67403707b58350c7be5e8dbc442d","name":"Jos\u00e9 Juan L\u00f3pez Lafuente"}]}},"_links":{"self":[{"href":"https:\/\/santapola.es\/ca\/wp-json\/wp\/v2\/posts\/39198","targetHints":{"allow":["GET"]}}],"collection":[{"href":"https:\/\/santapola.es\/ca\/wp-json\/wp\/v2\/posts"}],"about":[{"href":"https:\/\/santapola.es\/ca\/wp-json\/wp\/v2\/types\/post"}],"author":[{"embeddable":true,"href":"https:\/\/santapola.es\/ca\/wp-json\/wp\/v2\/users\/96"}],"replies":[{"embeddable":true,"href":"https:\/\/santapola.es\/ca\/wp-json\/wp\/v2\/comments?post=39198"}],"version-history":[{"count":0,"href":"https:\/\/santapola.es\/ca\/wp-json\/wp\/v2\/posts\/39198\/revisions"}],"wp:featuredmedia":[{"embeddable":true,"href":"https:\/\/santapola.es\/ca\/wp-json\/wp\/v2\/media\/39196"}],"wp:attachment":[{"href":"https:\/\/santapola.es\/ca\/wp-json\/wp\/v2\/media?parent=39198"}],"wp:term":[{"taxonomy":"category","embeddable":true,"href":"https:\/\/santapola.es\/ca\/wp-json\/wp\/v2\/categories?post=39198"},{"taxonomy":"post_tag","embeddable":true,"href":"https:\/\/santapola.es\/ca\/wp-json\/wp\/v2\/tags?post=39198"}],"curies":[{"name":"wp","href":"https:\/\/api.w.org\/{rel}","templated":true}]}}