{"id":39166,"date":"2024-09-26T11:34:00","date_gmt":"2024-09-26T09:34:00","guid":{"rendered":"https:\/\/santapola.es\/?p=39166"},"modified":"2024-09-26T11:35:36","modified_gmt":"2024-09-26T09:35:36","slug":"espectacle-de-magia-i-motivacio-a-lemprenedoria-a-santa-pola","status":"publish","type":"post","link":"https:\/\/santapola.es\/ca\/espectacle-de-magia-i-motivacio-a-lemprenedoria-a-santa-pola\/","title":{"rendered":"Espectacle de m\u00e0gia i motivaci\u00f3 a l&#8217;emprenedoria a Santa Pola"},"content":{"rendered":"<p><strong>El pr\u00f2xim 4 d&#8217;octubre la Casa de Cultura acull un esdeveniment dirigit a estudiants i emprenedors de Santa Pola que combinar\u00e0 una xarrada inspiradora per a l&#8217;emprenedoria amb un espectacle de m\u00e0gia, de la m\u00e0 de Fabi\u00e1n Villena i Toni Bright i finan\u00e7at per la Diputaci\u00f3 d&#8217;Alacant.<\/strong><\/p>\n<p>Organitzada per l&#8217;Ajuntament de Santa Pola, a trav\u00e9s del servici Santa Pola Empr\u00e9n, i amb finan\u00e7ament de la Diputaci\u00f3 d&#8217;Alacant, divendres que ve 4 d&#8217;octubre, a les 12.00 i a la Casa de Cultura, es dur\u00e0 a terme la jornada \u201cPositivament\u201d dirigida a estudiants a partir dels 15 anys i persones emprenedores de la localitat, l&#8217;objectiu principal de la qual \u00e9s fomentar el desenrotllament de qualitats personals vinculades a l&#8217;esperit emprenedor, com ara la proactivitat, l&#8217;optimisme, la creativitat i la iniciativa per a emprendre.<\/p>\n<p>Els ponents que guiaran esta jornada s\u00f3n Fabi\u00e1n Villena, reconegut a nivell nacional en l&#8217;\u00e0mbit de la \u201cActitud Positiva Intel\u00b7ligent\u201d i l&#8217;emprenedoria, i Toni Bright, un dels mentalistes m\u00e9s destacats d&#8217;Espanya.<\/p>\n<p>L&#8217;esdeveniment combinar\u00e0 una xarrada inspiradora per a l&#8217;emprenedoria amb un espectacle de m\u00e0gia, en el qual a trav\u00e9s dels trucs de Toni Bright, Fabi\u00e1n anir\u00e0 introduint els conceptes clau per a emprendre.<\/p>\n<p>L&#8217;entrada \u00e9s gratu\u00efta pr\u00e8via inscripci\u00f3 en emprende@santapola.es o en el tel\u00e8fon 96 669 05 91.<\/p>\n","protected":false},"excerpt":{"rendered":"<p>El pr\u00f2xim 4 d&#8217;octubre la Casa de Cultura acull un esdeveniment dirigit a estudiants i emprenedors de Santa Pola que combinar\u00e0 una xarrada inspiradora per a l&#8217;emprenedoria amb un espectacle de m\u00e0gia, de la m\u00e0 de Fabi\u00e1n Villena i Toni Bright i finan\u00e7at per la Diputaci\u00f3 d&#8217;Alacant. Organitzada per l&#8217;Ajuntament de Santa Pola, a trav\u00e9s [&hellip;]<\/p>\n","protected":false},"author":96,"featured_media":39164,"comment_status":"closed","ping_status":"closed","sticky":false,"template":"","format":"standard","meta":{"_et_pb_use_builder":"","_et_pb_old_content":"","_et_gb_content_width":"","footnotes":""},"categories":[495,543],"tags":[1095],"class_list":["post-39166","post","type-post","status-publish","format-standard","has-post-thumbnail","hentry","category-agencia-de-desenvolupament-local","category-empren-santa-pola","tag-emprenedoria"],"yoast_head":"<!-- This site is optimized with the Yoast SEO plugin v27.4 - https:\/\/yoast.com\/product\/yoast-seo-wordpress\/ -->\n<title>Espectacle de m\u00e0gia i motivaci\u00f3 a l&#039;emprenedoria a Santa Pola - Ajuntament de Santa Pola<\/title>\n<meta name=\"robots\" content=\"index, follow, max-snippet:-1, max-image-preview:large, max-video-preview:-1\" \/>\n<link rel=\"canonical\" href=\"https:\/\/santapola.es\/ca\/espectacle-de-magia-i-motivacio-a-lemprenedoria-a-santa-pola\/\" \/>\n<meta property=\"og:locale\" content=\"ca_ES\" \/>\n<meta property=\"og:type\" content=\"article\" \/>\n<meta property=\"og:title\" content=\"Espectacle de m\u00e0gia i motivaci\u00f3 a l&#039;emprenedoria a Santa Pola - Ajuntament de Santa Pola\" \/>\n<meta property=\"og:description\" content=\"El pr\u00f2xim 4 d&#8217;octubre la Casa de Cultura acull un esdeveniment dirigit a estudiants i emprenedors de Santa Pola que combinar\u00e0 una xarrada inspiradora per a l&#8217;emprenedoria amb un espectacle de m\u00e0gia, de la m\u00e0 de Fabi\u00e1n Villena i Toni Bright i finan\u00e7at per la Diputaci\u00f3 d&#8217;Alacant. Organitzada per l&#8217;Ajuntament de Santa Pola, a trav\u00e9s [&hellip;]\" \/>\n<meta property=\"og:url\" content=\"https:\/\/santapola.es\/ca\/espectacle-de-magia-i-motivacio-a-lemprenedoria-a-santa-pola\/\" \/>\n<meta property=\"og:site_name\" content=\"Ajuntament de Santa Pola\" \/>\n<meta property=\"article:publisher\" content=\"https:\/\/www.facebook.com\/AyuntamientoSantaPola\/\" \/>\n<meta property=\"article:published_time\" content=\"2024-09-26T09:34:00+00:00\" \/>\n<meta property=\"article:modified_time\" content=\"2024-09-26T09:35:36+00:00\" \/>\n<meta property=\"og:image\" content=\"https:\/\/santapola.es\/wp-content\/uploads\/2024\/09\/Cartel-de-POSITIVAMENTE-_-SANTA-POLA-_-_2_-_1_-724x1024.jpg\" \/>\n\t<meta property=\"og:image:width\" content=\"724\" \/>\n\t<meta property=\"og:image:height\" content=\"1024\" \/>\n\t<meta property=\"og:image:type\" content=\"image\/jpeg\" \/>\n<meta name=\"author\" content=\"Jos\u00e9 Juan L\u00f3pez Lafuente\" \/>\n<meta name=\"twitter:card\" content=\"summary_large_image\" \/>\n<meta name=\"twitter:creator\" content=\"@SantaPolaAyunt\" \/>\n<meta name=\"twitter:site\" content=\"@SantaPolaAyunt\" \/>\n<script type=\"application\/ld+json\" class=\"yoast-schema-graph\">{\"@context\":\"https:\\\/\\\/schema.org\",\"@graph\":[{\"@type\":\"Article\",\"@id\":\"https:\\\/\\\/santapola.es\\\/ca\\\/espectacle-de-magia-i-motivacio-a-lemprenedoria-a-santa-pola\\\/#article\",\"isPartOf\":{\"@id\":\"https:\\\/\\\/santapola.es\\\/ca\\\/espectacle-de-magia-i-motivacio-a-lemprenedoria-a-santa-pola\\\/\"},\"author\":{\"name\":\"Jos\u00e9 Juan L\u00f3pez Lafuente\",\"@id\":\"https:\\\/\\\/santapola.es\\\/ca\\\/#\\\/schema\\\/person\\\/ad1d67403707b58350c7be5e8dbc442d\"},\"headline\":\"Espectacle de m\u00e0gia i motivaci\u00f3 a l&#8217;emprenedoria a Santa Pola\",\"datePublished\":\"2024-09-26T09:34:00+00:00\",\"dateModified\":\"2024-09-26T09:35:36+00:00\",\"mainEntityOfPage\":{\"@id\":\"https:\\\/\\\/santapola.es\\\/ca\\\/espectacle-de-magia-i-motivacio-a-lemprenedoria-a-santa-pola\\\/\"},\"wordCount\":247,\"image\":{\"@id\":\"https:\\\/\\\/santapola.es\\\/ca\\\/espectacle-de-magia-i-motivacio-a-lemprenedoria-a-santa-pola\\\/#primaryimage\"},\"thumbnailUrl\":\"https:\\\/\\\/santapola.es\\\/wp-content\\\/uploads\\\/2024\\\/09\\\/Cartel-de-POSITIVAMENTE-_-SANTA-POLA-_-_2_-_1_.jpg\",\"keywords\":[\"emprenedoria\"],\"articleSection\":[\"Ag\u00e8ncia de Desenvolupament Local\",\"Empr\u00e9n Santa Pola\"],\"inLanguage\":\"ca\"},{\"@type\":\"WebPage\",\"@id\":\"https:\\\/\\\/santapola.es\\\/ca\\\/espectacle-de-magia-i-motivacio-a-lemprenedoria-a-santa-pola\\\/\",\"url\":\"https:\\\/\\\/santapola.es\\\/ca\\\/espectacle-de-magia-i-motivacio-a-lemprenedoria-a-santa-pola\\\/\",\"name\":\"Espectacle de m\u00e0gia i motivaci\u00f3 a l'emprenedoria a Santa Pola - Ajuntament de Santa Pola\",\"isPartOf\":{\"@id\":\"https:\\\/\\\/santapola.es\\\/ca\\\/#website\"},\"primaryImageOfPage\":{\"@id\":\"https:\\\/\\\/santapola.es\\\/ca\\\/espectacle-de-magia-i-motivacio-a-lemprenedoria-a-santa-pola\\\/#primaryimage\"},\"image\":{\"@id\":\"https:\\\/\\\/santapola.es\\\/ca\\\/espectacle-de-magia-i-motivacio-a-lemprenedoria-a-santa-pola\\\/#primaryimage\"},\"thumbnailUrl\":\"https:\\\/\\\/santapola.es\\\/wp-content\\\/uploads\\\/2024\\\/09\\\/Cartel-de-POSITIVAMENTE-_-SANTA-POLA-_-_2_-_1_.jpg\",\"datePublished\":\"2024-09-26T09:34:00+00:00\",\"dateModified\":\"2024-09-26T09:35:36+00:00\",\"author\":{\"@id\":\"https:\\\/\\\/santapola.es\\\/ca\\\/#\\\/schema\\\/person\\\/ad1d67403707b58350c7be5e8dbc442d\"},\"breadcrumb\":{\"@id\":\"https:\\\/\\\/santapola.es\\\/ca\\\/espectacle-de-magia-i-motivacio-a-lemprenedoria-a-santa-pola\\\/#breadcrumb\"},\"inLanguage\":\"ca\",\"potentialAction\":[{\"@type\":\"ReadAction\",\"target\":[\"https:\\\/\\\/santapola.es\\\/ca\\\/espectacle-de-magia-i-motivacio-a-lemprenedoria-a-santa-pola\\\/\"]}]},{\"@type\":\"ImageObject\",\"inLanguage\":\"ca\",\"@id\":\"https:\\\/\\\/santapola.es\\\/ca\\\/espectacle-de-magia-i-motivacio-a-lemprenedoria-a-santa-pola\\\/#primaryimage\",\"url\":\"https:\\\/\\\/santapola.es\\\/wp-content\\\/uploads\\\/2024\\\/09\\\/Cartel-de-POSITIVAMENTE-_-SANTA-POLA-_-_2_-_1_.jpg\",\"contentUrl\":\"https:\\\/\\\/santapola.es\\\/wp-content\\\/uploads\\\/2024\\\/09\\\/Cartel-de-POSITIVAMENTE-_-SANTA-POLA-_-_2_-_1_.jpg\",\"width\":3306,\"height\":4677},{\"@type\":\"BreadcrumbList\",\"@id\":\"https:\\\/\\\/santapola.es\\\/ca\\\/espectacle-de-magia-i-motivacio-a-lemprenedoria-a-santa-pola\\\/#breadcrumb\",\"itemListElement\":[{\"@type\":\"ListItem\",\"position\":1,\"name\":\"Inici\",\"item\":\"https:\\\/\\\/santapola.es\\\/ca\\\/\"},{\"@type\":\"ListItem\",\"position\":2,\"name\":\"Espectacle de m\u00e0gia i motivaci\u00f3 a l&#8217;emprenedoria a Santa Pola\"}]},{\"@type\":\"WebSite\",\"@id\":\"https:\\\/\\\/santapola.es\\\/ca\\\/#website\",\"url\":\"https:\\\/\\\/santapola.es\\\/ca\\\/\",\"name\":\"Ayuntamiento de Santa Pola\",\"description\":\"Web de l'Ajuntament de Santa Pola\",\"potentialAction\":[{\"@type\":\"SearchAction\",\"target\":{\"@type\":\"EntryPoint\",\"urlTemplate\":\"https:\\\/\\\/santapola.es\\\/ca\\\/?s={search_term_string}\"},\"query-input\":{\"@type\":\"PropertyValueSpecification\",\"valueRequired\":true,\"valueName\":\"search_term_string\"}}],\"inLanguage\":\"ca\"},{\"@type\":\"Person\",\"@id\":\"https:\\\/\\\/santapola.es\\\/ca\\\/#\\\/schema\\\/person\\\/ad1d67403707b58350c7be5e8dbc442d\",\"name\":\"Jos\u00e9 Juan L\u00f3pez Lafuente\"}]}<\/script>\n<!-- \/ Yoast SEO plugin. -->","yoast_head_json":{"title":"Espectacle de m\u00e0gia i motivaci\u00f3 a l'emprenedoria a Santa Pola - Ajuntament de Santa Pola","robots":{"index":"index","follow":"follow","max-snippet":"max-snippet:-1","max-image-preview":"max-image-preview:large","max-video-preview":"max-video-preview:-1"},"canonical":"https:\/\/santapola.es\/ca\/espectacle-de-magia-i-motivacio-a-lemprenedoria-a-santa-pola\/","og_locale":"ca_ES","og_type":"article","og_title":"Espectacle de m\u00e0gia i motivaci\u00f3 a l'emprenedoria a Santa Pola - Ajuntament de Santa Pola","og_description":"El pr\u00f2xim 4 d&#8217;octubre la Casa de Cultura acull un esdeveniment dirigit a estudiants i emprenedors de Santa Pola que combinar\u00e0 una xarrada inspiradora per a l&#8217;emprenedoria amb un espectacle de m\u00e0gia, de la m\u00e0 de Fabi\u00e1n Villena i Toni Bright i finan\u00e7at per la Diputaci\u00f3 d&#8217;Alacant. Organitzada per l&#8217;Ajuntament de Santa Pola, a trav\u00e9s [&hellip;]","og_url":"https:\/\/santapola.es\/ca\/espectacle-de-magia-i-motivacio-a-lemprenedoria-a-santa-pola\/","og_site_name":"Ajuntament de Santa Pola","article_publisher":"https:\/\/www.facebook.com\/AyuntamientoSantaPola\/","article_published_time":"2024-09-26T09:34:00+00:00","article_modified_time":"2024-09-26T09:35:36+00:00","og_image":[{"width":724,"height":1024,"url":"https:\/\/santapola.es\/wp-content\/uploads\/2024\/09\/Cartel-de-POSITIVAMENTE-_-SANTA-POLA-_-_2_-_1_-724x1024.jpg","type":"image\/jpeg"}],"author":"Jos\u00e9 Juan L\u00f3pez Lafuente","twitter_card":"summary_large_image","twitter_creator":"@SantaPolaAyunt","twitter_site":"@SantaPolaAyunt","schema":{"@context":"https:\/\/schema.org","@graph":[{"@type":"Article","@id":"https:\/\/santapola.es\/ca\/espectacle-de-magia-i-motivacio-a-lemprenedoria-a-santa-pola\/#article","isPartOf":{"@id":"https:\/\/santapola.es\/ca\/espectacle-de-magia-i-motivacio-a-lemprenedoria-a-santa-pola\/"},"author":{"name":"Jos\u00e9 Juan L\u00f3pez Lafuente","@id":"https:\/\/santapola.es\/ca\/#\/schema\/person\/ad1d67403707b58350c7be5e8dbc442d"},"headline":"Espectacle de m\u00e0gia i motivaci\u00f3 a l&#8217;emprenedoria a Santa Pola","datePublished":"2024-09-26T09:34:00+00:00","dateModified":"2024-09-26T09:35:36+00:00","mainEntityOfPage":{"@id":"https:\/\/santapola.es\/ca\/espectacle-de-magia-i-motivacio-a-lemprenedoria-a-santa-pola\/"},"wordCount":247,"image":{"@id":"https:\/\/santapola.es\/ca\/espectacle-de-magia-i-motivacio-a-lemprenedoria-a-santa-pola\/#primaryimage"},"thumbnailUrl":"https:\/\/santapola.es\/wp-content\/uploads\/2024\/09\/Cartel-de-POSITIVAMENTE-_-SANTA-POLA-_-_2_-_1_.jpg","keywords":["emprenedoria"],"articleSection":["Ag\u00e8ncia de Desenvolupament Local","Empr\u00e9n Santa Pola"],"inLanguage":"ca"},{"@type":"WebPage","@id":"https:\/\/santapola.es\/ca\/espectacle-de-magia-i-motivacio-a-lemprenedoria-a-santa-pola\/","url":"https:\/\/santapola.es\/ca\/espectacle-de-magia-i-motivacio-a-lemprenedoria-a-santa-pola\/","name":"Espectacle de m\u00e0gia i motivaci\u00f3 a l'emprenedoria a Santa Pola - Ajuntament de Santa Pola","isPartOf":{"@id":"https:\/\/santapola.es\/ca\/#website"},"primaryImageOfPage":{"@id":"https:\/\/santapola.es\/ca\/espectacle-de-magia-i-motivacio-a-lemprenedoria-a-santa-pola\/#primaryimage"},"image":{"@id":"https:\/\/santapola.es\/ca\/espectacle-de-magia-i-motivacio-a-lemprenedoria-a-santa-pola\/#primaryimage"},"thumbnailUrl":"https:\/\/santapola.es\/wp-content\/uploads\/2024\/09\/Cartel-de-POSITIVAMENTE-_-SANTA-POLA-_-_2_-_1_.jpg","datePublished":"2024-09-26T09:34:00+00:00","dateModified":"2024-09-26T09:35:36+00:00","author":{"@id":"https:\/\/santapola.es\/ca\/#\/schema\/person\/ad1d67403707b58350c7be5e8dbc442d"},"breadcrumb":{"@id":"https:\/\/santapola.es\/ca\/espectacle-de-magia-i-motivacio-a-lemprenedoria-a-santa-pola\/#breadcrumb"},"inLanguage":"ca","potentialAction":[{"@type":"ReadAction","target":["https:\/\/santapola.es\/ca\/espectacle-de-magia-i-motivacio-a-lemprenedoria-a-santa-pola\/"]}]},{"@type":"ImageObject","inLanguage":"ca","@id":"https:\/\/santapola.es\/ca\/espectacle-de-magia-i-motivacio-a-lemprenedoria-a-santa-pola\/#primaryimage","url":"https:\/\/santapola.es\/wp-content\/uploads\/2024\/09\/Cartel-de-POSITIVAMENTE-_-SANTA-POLA-_-_2_-_1_.jpg","contentUrl":"https:\/\/santapola.es\/wp-content\/uploads\/2024\/09\/Cartel-de-POSITIVAMENTE-_-SANTA-POLA-_-_2_-_1_.jpg","width":3306,"height":4677},{"@type":"BreadcrumbList","@id":"https:\/\/santapola.es\/ca\/espectacle-de-magia-i-motivacio-a-lemprenedoria-a-santa-pola\/#breadcrumb","itemListElement":[{"@type":"ListItem","position":1,"name":"Inici","item":"https:\/\/santapola.es\/ca\/"},{"@type":"ListItem","position":2,"name":"Espectacle de m\u00e0gia i motivaci\u00f3 a l&#8217;emprenedoria a Santa Pola"}]},{"@type":"WebSite","@id":"https:\/\/santapola.es\/ca\/#website","url":"https:\/\/santapola.es\/ca\/","name":"Ayuntamiento de Santa Pola","description":"Web de l'Ajuntament de Santa Pola","potentialAction":[{"@type":"SearchAction","target":{"@type":"EntryPoint","urlTemplate":"https:\/\/santapola.es\/ca\/?s={search_term_string}"},"query-input":{"@type":"PropertyValueSpecification","valueRequired":true,"valueName":"search_term_string"}}],"inLanguage":"ca"},{"@type":"Person","@id":"https:\/\/santapola.es\/ca\/#\/schema\/person\/ad1d67403707b58350c7be5e8dbc442d","name":"Jos\u00e9 Juan L\u00f3pez Lafuente"}]}},"_links":{"self":[{"href":"https:\/\/santapola.es\/ca\/wp-json\/wp\/v2\/posts\/39166","targetHints":{"allow":["GET"]}}],"collection":[{"href":"https:\/\/santapola.es\/ca\/wp-json\/wp\/v2\/posts"}],"about":[{"href":"https:\/\/santapola.es\/ca\/wp-json\/wp\/v2\/types\/post"}],"author":[{"embeddable":true,"href":"https:\/\/santapola.es\/ca\/wp-json\/wp\/v2\/users\/96"}],"replies":[{"embeddable":true,"href":"https:\/\/santapola.es\/ca\/wp-json\/wp\/v2\/comments?post=39166"}],"version-history":[{"count":0,"href":"https:\/\/santapola.es\/ca\/wp-json\/wp\/v2\/posts\/39166\/revisions"}],"wp:featuredmedia":[{"embeddable":true,"href":"https:\/\/santapola.es\/ca\/wp-json\/wp\/v2\/media\/39164"}],"wp:attachment":[{"href":"https:\/\/santapola.es\/ca\/wp-json\/wp\/v2\/media?parent=39166"}],"wp:term":[{"taxonomy":"category","embeddable":true,"href":"https:\/\/santapola.es\/ca\/wp-json\/wp\/v2\/categories?post=39166"},{"taxonomy":"post_tag","embeddable":true,"href":"https:\/\/santapola.es\/ca\/wp-json\/wp\/v2\/tags?post=39166"}],"curies":[{"name":"wp","href":"https:\/\/api.w.org\/{rel}","templated":true}]}}