{"id":39150,"date":"2024-09-24T18:50:04","date_gmt":"2024-09-24T16:50:04","guid":{"rendered":"https:\/\/santapola.es\/?p=39150"},"modified":"2024-09-24T18:51:41","modified_gmt":"2024-09-24T16:51:41","slug":"donacio-solidaria-del-sopar-de-la-lluna-plena-a-lassociacio-de-fibromialgia","status":"publish","type":"post","link":"https:\/\/santapola.es\/ca\/donacio-solidaria-del-sopar-de-la-lluna-plena-a-lassociacio-de-fibromialgia\/","title":{"rendered":"Donaci\u00f3 solid\u00e0ria del Sopar de la Lluna Plena a l&#8217;Associaci\u00f3 de Fibromi\u00e0lgia"},"content":{"rendered":"<p><strong>L&#8217;Associaci\u00f3 de Ve\u00efns Cales de Santa Pola de l&#8217;Est ha entregat una donaci\u00f3 de 500 euros a l&#8217;Associaci\u00f3 de Fibromi\u00e0lgia de Santa Pola amb motiu de la celebraci\u00f3 del popular Sopar de la Lluna Plena.<\/strong><\/p>\n<p>Amb la pres\u00e8ncia de les regidores de Festes, Nely Baile, i de Santa Pola de l&#8217;Est, Gela Roche, l&#8217;Associaci\u00f3 de Ve\u00efns Cales de Santa Pola de l&#8217;Est ha fet lliurament este mat\u00ed d&#8217;una donaci\u00f3 de 500 euros a l&#8217;Associaci\u00f3 de Fibromi\u00e0lgia de Santa Pola, fruit de la recaptaci\u00f3 obtinguda el mes d&#8217;agost passat amb la celebraci\u00f3 del tradicional Sopar de la Lluna Plena en el passeig mar\u00edtim del barri, que va reunir unes 900 persones entorn de la gran taula.<\/p>\n","protected":false},"excerpt":{"rendered":"<p>L&#8217;Associaci\u00f3 de Ve\u00efns Cales de Santa Pola de l&#8217;Est ha entregat una donaci\u00f3 de 500 euros a l&#8217;Associaci\u00f3 de Fibromi\u00e0lgia de Santa Pola amb motiu de la celebraci\u00f3 del popular Sopar de la Lluna Plena. Amb la pres\u00e8ncia de les regidores de Festes, Nely Baile, i de Santa Pola de l&#8217;Est, Gela Roche, l&#8217;Associaci\u00f3 de [&hellip;]<\/p>\n","protected":false},"author":96,"featured_media":39148,"comment_status":"closed","ping_status":"closed","sticky":false,"template":"","format":"standard","meta":{"_et_pb_use_builder":"","_et_pb_old_content":"","_et_gb_content_width":"","footnotes":""},"categories":[1000],"tags":[1092,1002,525,511],"class_list":["post-39150","post","type-post","status-publish","format-standard","has-post-thumbnail","hentry","category-santa-pola-de-lest","tag-associacio-de-fibromialgia","tag-associacio-de-veins-cales-de-santa-pola-de-lest","tag-gela-roche-ca","tag-nely-baile-ca"],"yoast_head":"<!-- This site is optimized with the Yoast SEO plugin v27.4 - https:\/\/yoast.com\/product\/yoast-seo-wordpress\/ -->\n<title>Donaci\u00f3 solid\u00e0ria del Sopar de la Lluna Plena a l&#039;Associaci\u00f3 de Fibromi\u00e0lgia - Ajuntament de Santa Pola<\/title>\n<meta name=\"robots\" content=\"index, follow, max-snippet:-1, max-image-preview:large, max-video-preview:-1\" \/>\n<link rel=\"canonical\" href=\"https:\/\/santapola.es\/ca\/donacio-solidaria-del-sopar-de-la-lluna-plena-a-lassociacio-de-fibromialgia\/\" \/>\n<meta property=\"og:locale\" content=\"ca_ES\" \/>\n<meta property=\"og:type\" content=\"article\" \/>\n<meta property=\"og:title\" content=\"Donaci\u00f3 solid\u00e0ria del Sopar de la Lluna Plena a l&#039;Associaci\u00f3 de Fibromi\u00e0lgia - Ajuntament de Santa Pola\" \/>\n<meta property=\"og:description\" content=\"L&#8217;Associaci\u00f3 de Ve\u00efns Cales de Santa Pola de l&#8217;Est ha entregat una donaci\u00f3 de 500 euros a l&#8217;Associaci\u00f3 de Fibromi\u00e0lgia de Santa Pola amb motiu de la celebraci\u00f3 del popular Sopar de la Lluna Plena. Amb la pres\u00e8ncia de les regidores de Festes, Nely Baile, i de Santa Pola de l&#8217;Est, Gela Roche, l&#8217;Associaci\u00f3 de [&hellip;]\" \/>\n<meta property=\"og:url\" content=\"https:\/\/santapola.es\/ca\/donacio-solidaria-del-sopar-de-la-lluna-plena-a-lassociacio-de-fibromialgia\/\" \/>\n<meta property=\"og:site_name\" content=\"Ajuntament de Santa Pola\" \/>\n<meta property=\"article:publisher\" content=\"https:\/\/www.facebook.com\/AyuntamientoSantaPola\/\" \/>\n<meta property=\"article:published_time\" content=\"2024-09-24T16:50:04+00:00\" \/>\n<meta property=\"article:modified_time\" content=\"2024-09-24T16:51:41+00:00\" \/>\n<meta property=\"og:image\" content=\"https:\/\/santapola.es\/wp-content\/uploads\/2024\/09\/2024-09-24-donacion-cena-luna-llena.jpg\" \/>\n\t<meta property=\"og:image:width\" content=\"2326\" \/>\n\t<meta property=\"og:image:height\" content=\"1745\" \/>\n\t<meta property=\"og:image:type\" content=\"image\/jpeg\" \/>\n<meta name=\"author\" content=\"Jos\u00e9 Juan L\u00f3pez Lafuente\" \/>\n<meta name=\"twitter:card\" content=\"summary_large_image\" \/>\n<meta name=\"twitter:creator\" content=\"@SantaPolaAyunt\" \/>\n<meta name=\"twitter:site\" content=\"@SantaPolaAyunt\" \/>\n<script type=\"application\/ld+json\" class=\"yoast-schema-graph\">{\"@context\":\"https:\\\/\\\/schema.org\",\"@graph\":[{\"@type\":\"Article\",\"@id\":\"https:\\\/\\\/santapola.es\\\/ca\\\/donacio-solidaria-del-sopar-de-la-lluna-plena-a-lassociacio-de-fibromialgia\\\/#article\",\"isPartOf\":{\"@id\":\"https:\\\/\\\/santapola.es\\\/ca\\\/donacio-solidaria-del-sopar-de-la-lluna-plena-a-lassociacio-de-fibromialgia\\\/\"},\"author\":{\"name\":\"Jos\u00e9 Juan L\u00f3pez Lafuente\",\"@id\":\"https:\\\/\\\/santapola.es\\\/ca\\\/#\\\/schema\\\/person\\\/ad1d67403707b58350c7be5e8dbc442d\"},\"headline\":\"Donaci\u00f3 solid\u00e0ria del Sopar de la Lluna Plena a l&#8217;Associaci\u00f3 de Fibromi\u00e0lgia\",\"datePublished\":\"2024-09-24T16:50:04+00:00\",\"dateModified\":\"2024-09-24T16:51:41+00:00\",\"mainEntityOfPage\":{\"@id\":\"https:\\\/\\\/santapola.es\\\/ca\\\/donacio-solidaria-del-sopar-de-la-lluna-plena-a-lassociacio-de-fibromialgia\\\/\"},\"wordCount\":142,\"image\":{\"@id\":\"https:\\\/\\\/santapola.es\\\/ca\\\/donacio-solidaria-del-sopar-de-la-lluna-plena-a-lassociacio-de-fibromialgia\\\/#primaryimage\"},\"thumbnailUrl\":\"https:\\\/\\\/santapola.es\\\/wp-content\\\/uploads\\\/2024\\\/09\\\/2024-09-24-donacion-cena-luna-llena.jpg\",\"keywords\":[\"Associaci\u00f3 de Fibromi\u00e0lgia\",\"Associaci\u00f3 de Ve\u00efns Cales de Santa Pola de l'Est\",\"Gela Roche\",\"Nely Baile\"],\"articleSection\":[\"Santa Pola de l'Est\"],\"inLanguage\":\"ca\"},{\"@type\":\"WebPage\",\"@id\":\"https:\\\/\\\/santapola.es\\\/ca\\\/donacio-solidaria-del-sopar-de-la-lluna-plena-a-lassociacio-de-fibromialgia\\\/\",\"url\":\"https:\\\/\\\/santapola.es\\\/ca\\\/donacio-solidaria-del-sopar-de-la-lluna-plena-a-lassociacio-de-fibromialgia\\\/\",\"name\":\"Donaci\u00f3 solid\u00e0ria del Sopar de la Lluna Plena a l'Associaci\u00f3 de Fibromi\u00e0lgia - Ajuntament de Santa Pola\",\"isPartOf\":{\"@id\":\"https:\\\/\\\/santapola.es\\\/ca\\\/#website\"},\"primaryImageOfPage\":{\"@id\":\"https:\\\/\\\/santapola.es\\\/ca\\\/donacio-solidaria-del-sopar-de-la-lluna-plena-a-lassociacio-de-fibromialgia\\\/#primaryimage\"},\"image\":{\"@id\":\"https:\\\/\\\/santapola.es\\\/ca\\\/donacio-solidaria-del-sopar-de-la-lluna-plena-a-lassociacio-de-fibromialgia\\\/#primaryimage\"},\"thumbnailUrl\":\"https:\\\/\\\/santapola.es\\\/wp-content\\\/uploads\\\/2024\\\/09\\\/2024-09-24-donacion-cena-luna-llena.jpg\",\"datePublished\":\"2024-09-24T16:50:04+00:00\",\"dateModified\":\"2024-09-24T16:51:41+00:00\",\"author\":{\"@id\":\"https:\\\/\\\/santapola.es\\\/ca\\\/#\\\/schema\\\/person\\\/ad1d67403707b58350c7be5e8dbc442d\"},\"breadcrumb\":{\"@id\":\"https:\\\/\\\/santapola.es\\\/ca\\\/donacio-solidaria-del-sopar-de-la-lluna-plena-a-lassociacio-de-fibromialgia\\\/#breadcrumb\"},\"inLanguage\":\"ca\",\"potentialAction\":[{\"@type\":\"ReadAction\",\"target\":[\"https:\\\/\\\/santapola.es\\\/ca\\\/donacio-solidaria-del-sopar-de-la-lluna-plena-a-lassociacio-de-fibromialgia\\\/\"]}]},{\"@type\":\"ImageObject\",\"inLanguage\":\"ca\",\"@id\":\"https:\\\/\\\/santapola.es\\\/ca\\\/donacio-solidaria-del-sopar-de-la-lluna-plena-a-lassociacio-de-fibromialgia\\\/#primaryimage\",\"url\":\"https:\\\/\\\/santapola.es\\\/wp-content\\\/uploads\\\/2024\\\/09\\\/2024-09-24-donacion-cena-luna-llena.jpg\",\"contentUrl\":\"https:\\\/\\\/santapola.es\\\/wp-content\\\/uploads\\\/2024\\\/09\\\/2024-09-24-donacion-cena-luna-llena.jpg\",\"width\":2326,\"height\":1745},{\"@type\":\"BreadcrumbList\",\"@id\":\"https:\\\/\\\/santapola.es\\\/ca\\\/donacio-solidaria-del-sopar-de-la-lluna-plena-a-lassociacio-de-fibromialgia\\\/#breadcrumb\",\"itemListElement\":[{\"@type\":\"ListItem\",\"position\":1,\"name\":\"Inici\",\"item\":\"https:\\\/\\\/santapola.es\\\/ca\\\/\"},{\"@type\":\"ListItem\",\"position\":2,\"name\":\"Donaci\u00f3 solid\u00e0ria del Sopar de la Lluna Plena a l&#8217;Associaci\u00f3 de Fibromi\u00e0lgia\"}]},{\"@type\":\"WebSite\",\"@id\":\"https:\\\/\\\/santapola.es\\\/ca\\\/#website\",\"url\":\"https:\\\/\\\/santapola.es\\\/ca\\\/\",\"name\":\"Ayuntamiento de Santa Pola\",\"description\":\"Web de l'Ajuntament de Santa Pola\",\"potentialAction\":[{\"@type\":\"SearchAction\",\"target\":{\"@type\":\"EntryPoint\",\"urlTemplate\":\"https:\\\/\\\/santapola.es\\\/ca\\\/?s={search_term_string}\"},\"query-input\":{\"@type\":\"PropertyValueSpecification\",\"valueRequired\":true,\"valueName\":\"search_term_string\"}}],\"inLanguage\":\"ca\"},{\"@type\":\"Person\",\"@id\":\"https:\\\/\\\/santapola.es\\\/ca\\\/#\\\/schema\\\/person\\\/ad1d67403707b58350c7be5e8dbc442d\",\"name\":\"Jos\u00e9 Juan L\u00f3pez Lafuente\"}]}<\/script>\n<!-- \/ Yoast SEO plugin. -->","yoast_head_json":{"title":"Donaci\u00f3 solid\u00e0ria del Sopar de la Lluna Plena a l'Associaci\u00f3 de Fibromi\u00e0lgia - Ajuntament de Santa Pola","robots":{"index":"index","follow":"follow","max-snippet":"max-snippet:-1","max-image-preview":"max-image-preview:large","max-video-preview":"max-video-preview:-1"},"canonical":"https:\/\/santapola.es\/ca\/donacio-solidaria-del-sopar-de-la-lluna-plena-a-lassociacio-de-fibromialgia\/","og_locale":"ca_ES","og_type":"article","og_title":"Donaci\u00f3 solid\u00e0ria del Sopar de la Lluna Plena a l'Associaci\u00f3 de Fibromi\u00e0lgia - Ajuntament de Santa Pola","og_description":"L&#8217;Associaci\u00f3 de Ve\u00efns Cales de Santa Pola de l&#8217;Est ha entregat una donaci\u00f3 de 500 euros a l&#8217;Associaci\u00f3 de Fibromi\u00e0lgia de Santa Pola amb motiu de la celebraci\u00f3 del popular Sopar de la Lluna Plena. Amb la pres\u00e8ncia de les regidores de Festes, Nely Baile, i de Santa Pola de l&#8217;Est, Gela Roche, l&#8217;Associaci\u00f3 de [&hellip;]","og_url":"https:\/\/santapola.es\/ca\/donacio-solidaria-del-sopar-de-la-lluna-plena-a-lassociacio-de-fibromialgia\/","og_site_name":"Ajuntament de Santa Pola","article_publisher":"https:\/\/www.facebook.com\/AyuntamientoSantaPola\/","article_published_time":"2024-09-24T16:50:04+00:00","article_modified_time":"2024-09-24T16:51:41+00:00","og_image":[{"width":2326,"height":1745,"url":"https:\/\/santapola.es\/wp-content\/uploads\/2024\/09\/2024-09-24-donacion-cena-luna-llena.jpg","type":"image\/jpeg"}],"author":"Jos\u00e9 Juan L\u00f3pez Lafuente","twitter_card":"summary_large_image","twitter_creator":"@SantaPolaAyunt","twitter_site":"@SantaPolaAyunt","schema":{"@context":"https:\/\/schema.org","@graph":[{"@type":"Article","@id":"https:\/\/santapola.es\/ca\/donacio-solidaria-del-sopar-de-la-lluna-plena-a-lassociacio-de-fibromialgia\/#article","isPartOf":{"@id":"https:\/\/santapola.es\/ca\/donacio-solidaria-del-sopar-de-la-lluna-plena-a-lassociacio-de-fibromialgia\/"},"author":{"name":"Jos\u00e9 Juan L\u00f3pez Lafuente","@id":"https:\/\/santapola.es\/ca\/#\/schema\/person\/ad1d67403707b58350c7be5e8dbc442d"},"headline":"Donaci\u00f3 solid\u00e0ria del Sopar de la Lluna Plena a l&#8217;Associaci\u00f3 de Fibromi\u00e0lgia","datePublished":"2024-09-24T16:50:04+00:00","dateModified":"2024-09-24T16:51:41+00:00","mainEntityOfPage":{"@id":"https:\/\/santapola.es\/ca\/donacio-solidaria-del-sopar-de-la-lluna-plena-a-lassociacio-de-fibromialgia\/"},"wordCount":142,"image":{"@id":"https:\/\/santapola.es\/ca\/donacio-solidaria-del-sopar-de-la-lluna-plena-a-lassociacio-de-fibromialgia\/#primaryimage"},"thumbnailUrl":"https:\/\/santapola.es\/wp-content\/uploads\/2024\/09\/2024-09-24-donacion-cena-luna-llena.jpg","keywords":["Associaci\u00f3 de Fibromi\u00e0lgia","Associaci\u00f3 de Ve\u00efns Cales de Santa Pola de l'Est","Gela Roche","Nely Baile"],"articleSection":["Santa Pola de l'Est"],"inLanguage":"ca"},{"@type":"WebPage","@id":"https:\/\/santapola.es\/ca\/donacio-solidaria-del-sopar-de-la-lluna-plena-a-lassociacio-de-fibromialgia\/","url":"https:\/\/santapola.es\/ca\/donacio-solidaria-del-sopar-de-la-lluna-plena-a-lassociacio-de-fibromialgia\/","name":"Donaci\u00f3 solid\u00e0ria del Sopar de la Lluna Plena a l'Associaci\u00f3 de Fibromi\u00e0lgia - Ajuntament de Santa Pola","isPartOf":{"@id":"https:\/\/santapola.es\/ca\/#website"},"primaryImageOfPage":{"@id":"https:\/\/santapola.es\/ca\/donacio-solidaria-del-sopar-de-la-lluna-plena-a-lassociacio-de-fibromialgia\/#primaryimage"},"image":{"@id":"https:\/\/santapola.es\/ca\/donacio-solidaria-del-sopar-de-la-lluna-plena-a-lassociacio-de-fibromialgia\/#primaryimage"},"thumbnailUrl":"https:\/\/santapola.es\/wp-content\/uploads\/2024\/09\/2024-09-24-donacion-cena-luna-llena.jpg","datePublished":"2024-09-24T16:50:04+00:00","dateModified":"2024-09-24T16:51:41+00:00","author":{"@id":"https:\/\/santapola.es\/ca\/#\/schema\/person\/ad1d67403707b58350c7be5e8dbc442d"},"breadcrumb":{"@id":"https:\/\/santapola.es\/ca\/donacio-solidaria-del-sopar-de-la-lluna-plena-a-lassociacio-de-fibromialgia\/#breadcrumb"},"inLanguage":"ca","potentialAction":[{"@type":"ReadAction","target":["https:\/\/santapola.es\/ca\/donacio-solidaria-del-sopar-de-la-lluna-plena-a-lassociacio-de-fibromialgia\/"]}]},{"@type":"ImageObject","inLanguage":"ca","@id":"https:\/\/santapola.es\/ca\/donacio-solidaria-del-sopar-de-la-lluna-plena-a-lassociacio-de-fibromialgia\/#primaryimage","url":"https:\/\/santapola.es\/wp-content\/uploads\/2024\/09\/2024-09-24-donacion-cena-luna-llena.jpg","contentUrl":"https:\/\/santapola.es\/wp-content\/uploads\/2024\/09\/2024-09-24-donacion-cena-luna-llena.jpg","width":2326,"height":1745},{"@type":"BreadcrumbList","@id":"https:\/\/santapola.es\/ca\/donacio-solidaria-del-sopar-de-la-lluna-plena-a-lassociacio-de-fibromialgia\/#breadcrumb","itemListElement":[{"@type":"ListItem","position":1,"name":"Inici","item":"https:\/\/santapola.es\/ca\/"},{"@type":"ListItem","position":2,"name":"Donaci\u00f3 solid\u00e0ria del Sopar de la Lluna Plena a l&#8217;Associaci\u00f3 de Fibromi\u00e0lgia"}]},{"@type":"WebSite","@id":"https:\/\/santapola.es\/ca\/#website","url":"https:\/\/santapola.es\/ca\/","name":"Ayuntamiento de Santa Pola","description":"Web de l'Ajuntament de Santa Pola","potentialAction":[{"@type":"SearchAction","target":{"@type":"EntryPoint","urlTemplate":"https:\/\/santapola.es\/ca\/?s={search_term_string}"},"query-input":{"@type":"PropertyValueSpecification","valueRequired":true,"valueName":"search_term_string"}}],"inLanguage":"ca"},{"@type":"Person","@id":"https:\/\/santapola.es\/ca\/#\/schema\/person\/ad1d67403707b58350c7be5e8dbc442d","name":"Jos\u00e9 Juan L\u00f3pez Lafuente"}]}},"_links":{"self":[{"href":"https:\/\/santapola.es\/ca\/wp-json\/wp\/v2\/posts\/39150","targetHints":{"allow":["GET"]}}],"collection":[{"href":"https:\/\/santapola.es\/ca\/wp-json\/wp\/v2\/posts"}],"about":[{"href":"https:\/\/santapola.es\/ca\/wp-json\/wp\/v2\/types\/post"}],"author":[{"embeddable":true,"href":"https:\/\/santapola.es\/ca\/wp-json\/wp\/v2\/users\/96"}],"replies":[{"embeddable":true,"href":"https:\/\/santapola.es\/ca\/wp-json\/wp\/v2\/comments?post=39150"}],"version-history":[{"count":0,"href":"https:\/\/santapola.es\/ca\/wp-json\/wp\/v2\/posts\/39150\/revisions"}],"wp:featuredmedia":[{"embeddable":true,"href":"https:\/\/santapola.es\/ca\/wp-json\/wp\/v2\/media\/39148"}],"wp:attachment":[{"href":"https:\/\/santapola.es\/ca\/wp-json\/wp\/v2\/media?parent=39150"}],"wp:term":[{"taxonomy":"category","embeddable":true,"href":"https:\/\/santapola.es\/ca\/wp-json\/wp\/v2\/categories?post=39150"},{"taxonomy":"post_tag","embeddable":true,"href":"https:\/\/santapola.es\/ca\/wp-json\/wp\/v2\/tags?post=39150"}],"curies":[{"name":"wp","href":"https:\/\/api.w.org\/{rel}","templated":true}]}}