{"id":39144,"date":"2024-09-24T13:42:19","date_gmt":"2024-09-24T11:42:19","guid":{"rendered":"https:\/\/santapola.es\/?p=39144"},"modified":"2024-09-24T13:45:04","modified_gmt":"2024-09-24T11:45:04","slug":"nova-campanya-per-a-protegir-la-salut-mental-dels-joves-de-santa-pola","status":"publish","type":"post","link":"https:\/\/santapola.es\/ca\/nova-campanya-per-a-protegir-la-salut-mental-dels-joves-de-santa-pola\/","title":{"rendered":"Nova campanya per a protegir la salut mental dels joves de Santa Pola"},"content":{"rendered":"<p><strong>La regidoria de Joventut llan\u00e7a per primera vegada la campanya \u201cJoves i salut mental\u201d amb l&#8217;objectiu de protegir i millorar la salut mental de xiquets i adolescents. Quatre joves professionals de Santa Pola oferiran xarrades per a acostar-se a este col\u00b7lectiu i oferir-los ferramentes i solucions.<\/strong><\/p>\n<p>La regidoria de Joventut, a trav\u00e9s del Rac\u00f3 Jove, llan\u00e7a per primera vegada una campanya amb l&#8217;objectiu de protegir i millorar la salut mental dels joves de Santa Pola, un dels grans problemes del nostre temps i del qual la nostra societat no est\u00e0 exempta, tal com reflectix l&#8217;estudi realitzat en el marc de l&#8217;I Pla de Joventut \u201cPla Jove\u201d.<\/p>\n<p>El regidor Joaqu\u00edn Lozano ha presentat hui la iniciativa \u201cque involucra en el seu desenrotllament a joves professionals locals de l&#8217;\u00e0mbit de la salut mental, als qui els agra\u00efm que volunt\u00e0riament vagen a oferir unes xarrades destinades a este col\u00b7lectiu, que se celebraran en els mesos d&#8217;octubre, novembre i desembre, sempre en divendres a les 19.00 hores a la sala polivalent del centre c\u00edvic\u201d.<\/p>\n<p>La primera xarrada tindr\u00e0 lloc l&#8217;11 d&#8217;octubre a c\u00e0rrec de la psic\u00f2loga Loreto Esclapez, qui parlar\u00e0 sobre les relacions t\u00f2xiques de parella i fam\u00edlia i com establir relacions sanes.<\/p>\n<p>El 15 de novembre tamb\u00e9 Loreto Esclapez, al costat de la psiquiatra Sof\u00eda Bell\u00f3 P\u00e9rez, oferiran pautes per a aprendre a manejar l&#8217;estr\u00e9s i l&#8217;ansietat.<\/p>\n<p>El 29 de novembre ser\u00e0 el torn per a Loreto Espinosa \u00d1eco, psic\u00f2loga especialitzada en p\u00fablic infantil i juvenil, que parlar\u00e0 sobre les habilitats socials i l&#8217;autoestima entre els joves.<\/p>\n<p>Finalment, el 13 de desembre ser\u00e0 el torn de Stefano Micheletti, psic\u00f2leg de la UPCCA, que tocar\u00e0 un tema important: les noves addiccions entre els joves, com les pantalles, els jocs en l\u00ednia i la ludopatia.<\/p>\n<p>Esta s\u00e8rie de xarrades compten amb la col\u00b7laboraci\u00f3 de les cl\u00edniques Active Clinic i Per Tu, dos centres de Santa Pola formats per joves especialistes de la localitat.<\/p>\n<p>Joaqu\u00edn Lozano va voler incidir en qu\u00e8 \u201cens preocupa la salut mental dels nostres joves i per aix\u00f2 des de la regidoria reconeixem la import\u00e0ncia que aprenguen a manejar les seues emocions, estr\u00e9s, possibles addiccions i habilitats socials, en definitiva oferir-los ferramentes perqu\u00e8 puguen trobar la soluci\u00f3 als seus problemes\u201d.<\/p>\n<p><img loading=\"lazy\" decoding=\"async\" class=\"aligncenter size-large wp-image-39142\" src=\"https:\/\/santapola.es\/wp-content\/uploads\/2024\/09\/jovenes-y-salud-mental-724x1024.png\" alt=\"\" width=\"724\" height=\"1024\" \/><\/p>\n","protected":false},"excerpt":{"rendered":"<p>La regidoria de Joventut llan\u00e7a per primera vegada la campanya \u201cJoves i salut mental\u201d amb l&#8217;objectiu de protegir i millorar la salut mental de xiquets i adolescents. Quatre joves professionals de Santa Pola oferiran xarrades per a acostar-se a este col\u00b7lectiu i oferir-los ferramentes i solucions. La regidoria de Joventut, a trav\u00e9s del Rac\u00f3 Jove, [&hellip;]<\/p>\n","protected":false},"author":96,"featured_media":39139,"comment_status":"closed","ping_status":"closed","sticky":false,"template":"","format":"standard","meta":{"_et_pb_use_builder":"","_et_pb_old_content":"","_et_gb_content_width":"","footnotes":""},"categories":[494],"tags":[498,544,1090],"class_list":["post-39144","post","type-post","status-publish","format-standard","has-post-thumbnail","hentry","category-joventut","tag-joaquin-lozano-ca","tag-raco-jove-ca","tag-salut-mental"],"yoast_head":"<!-- This site is optimized with the Yoast SEO plugin v27.4 - https:\/\/yoast.com\/product\/yoast-seo-wordpress\/ -->\n<title>Nova campanya per a protegir la salut mental dels joves de Santa Pola - Ajuntament de Santa Pola<\/title>\n<meta name=\"robots\" content=\"index, follow, max-snippet:-1, max-image-preview:large, max-video-preview:-1\" \/>\n<link rel=\"canonical\" href=\"https:\/\/santapola.es\/ca\/nova-campanya-per-a-protegir-la-salut-mental-dels-joves-de-santa-pola\/\" \/>\n<meta property=\"og:locale\" content=\"ca_ES\" \/>\n<meta property=\"og:type\" content=\"article\" \/>\n<meta property=\"og:title\" content=\"Nova campanya per a protegir la salut mental dels joves de Santa Pola - Ajuntament de Santa Pola\" \/>\n<meta property=\"og:description\" content=\"La regidoria de Joventut llan\u00e7a per primera vegada la campanya \u201cJoves i salut mental\u201d amb l&#8217;objectiu de protegir i millorar la salut mental de xiquets i adolescents. Quatre joves professionals de Santa Pola oferiran xarrades per a acostar-se a este col\u00b7lectiu i oferir-los ferramentes i solucions. La regidoria de Joventut, a trav\u00e9s del Rac\u00f3 Jove, [&hellip;]\" \/>\n<meta property=\"og:url\" content=\"https:\/\/santapola.es\/ca\/nova-campanya-per-a-protegir-la-salut-mental-dels-joves-de-santa-pola\/\" \/>\n<meta property=\"og:site_name\" content=\"Ajuntament de Santa Pola\" \/>\n<meta property=\"article:publisher\" content=\"https:\/\/www.facebook.com\/AyuntamientoSantaPola\/\" \/>\n<meta property=\"article:published_time\" content=\"2024-09-24T11:42:19+00:00\" \/>\n<meta property=\"article:modified_time\" content=\"2024-09-24T11:45:04+00:00\" \/>\n<meta property=\"og:image\" content=\"https:\/\/santapola.es\/wp-content\/uploads\/2024\/09\/2024-09-24-jovenes-y-salud-mental.jpg\" \/>\n\t<meta property=\"og:image:width\" content=\"1920\" \/>\n\t<meta property=\"og:image:height\" content=\"1440\" \/>\n\t<meta property=\"og:image:type\" content=\"image\/jpeg\" \/>\n<meta name=\"author\" content=\"Jos\u00e9 Juan L\u00f3pez Lafuente\" \/>\n<meta name=\"twitter:card\" content=\"summary_large_image\" \/>\n<meta name=\"twitter:creator\" content=\"@SantaPolaAyunt\" \/>\n<meta name=\"twitter:site\" content=\"@SantaPolaAyunt\" \/>\n<script type=\"application\/ld+json\" class=\"yoast-schema-graph\">{\"@context\":\"https:\\\/\\\/schema.org\",\"@graph\":[{\"@type\":\"Article\",\"@id\":\"https:\\\/\\\/santapola.es\\\/ca\\\/nova-campanya-per-a-protegir-la-salut-mental-dels-joves-de-santa-pola\\\/#article\",\"isPartOf\":{\"@id\":\"https:\\\/\\\/santapola.es\\\/ca\\\/nova-campanya-per-a-protegir-la-salut-mental-dels-joves-de-santa-pola\\\/\"},\"author\":{\"name\":\"Jos\u00e9 Juan L\u00f3pez Lafuente\",\"@id\":\"https:\\\/\\\/santapola.es\\\/ca\\\/#\\\/schema\\\/person\\\/ad1d67403707b58350c7be5e8dbc442d\"},\"headline\":\"Nova campanya per a protegir la salut mental dels joves de Santa Pola\",\"datePublished\":\"2024-09-24T11:42:19+00:00\",\"dateModified\":\"2024-09-24T11:45:04+00:00\",\"mainEntityOfPage\":{\"@id\":\"https:\\\/\\\/santapola.es\\\/ca\\\/nova-campanya-per-a-protegir-la-salut-mental-dels-joves-de-santa-pola\\\/\"},\"wordCount\":413,\"image\":{\"@id\":\"https:\\\/\\\/santapola.es\\\/ca\\\/nova-campanya-per-a-protegir-la-salut-mental-dels-joves-de-santa-pola\\\/#primaryimage\"},\"thumbnailUrl\":\"https:\\\/\\\/santapola.es\\\/wp-content\\\/uploads\\\/2024\\\/09\\\/2024-09-24-jovenes-y-salud-mental.jpg\",\"keywords\":[\"Joaqu\u00edn Lozano\",\"Rac\u00f3 Jove\",\"salut mental\"],\"articleSection\":[\"Joventut\"],\"inLanguage\":\"ca\"},{\"@type\":\"WebPage\",\"@id\":\"https:\\\/\\\/santapola.es\\\/ca\\\/nova-campanya-per-a-protegir-la-salut-mental-dels-joves-de-santa-pola\\\/\",\"url\":\"https:\\\/\\\/santapola.es\\\/ca\\\/nova-campanya-per-a-protegir-la-salut-mental-dels-joves-de-santa-pola\\\/\",\"name\":\"Nova campanya per a protegir la salut mental dels joves de Santa Pola - Ajuntament de Santa Pola\",\"isPartOf\":{\"@id\":\"https:\\\/\\\/santapola.es\\\/ca\\\/#website\"},\"primaryImageOfPage\":{\"@id\":\"https:\\\/\\\/santapola.es\\\/ca\\\/nova-campanya-per-a-protegir-la-salut-mental-dels-joves-de-santa-pola\\\/#primaryimage\"},\"image\":{\"@id\":\"https:\\\/\\\/santapola.es\\\/ca\\\/nova-campanya-per-a-protegir-la-salut-mental-dels-joves-de-santa-pola\\\/#primaryimage\"},\"thumbnailUrl\":\"https:\\\/\\\/santapola.es\\\/wp-content\\\/uploads\\\/2024\\\/09\\\/2024-09-24-jovenes-y-salud-mental.jpg\",\"datePublished\":\"2024-09-24T11:42:19+00:00\",\"dateModified\":\"2024-09-24T11:45:04+00:00\",\"author\":{\"@id\":\"https:\\\/\\\/santapola.es\\\/ca\\\/#\\\/schema\\\/person\\\/ad1d67403707b58350c7be5e8dbc442d\"},\"breadcrumb\":{\"@id\":\"https:\\\/\\\/santapola.es\\\/ca\\\/nova-campanya-per-a-protegir-la-salut-mental-dels-joves-de-santa-pola\\\/#breadcrumb\"},\"inLanguage\":\"ca\",\"potentialAction\":[{\"@type\":\"ReadAction\",\"target\":[\"https:\\\/\\\/santapola.es\\\/ca\\\/nova-campanya-per-a-protegir-la-salut-mental-dels-joves-de-santa-pola\\\/\"]}]},{\"@type\":\"ImageObject\",\"inLanguage\":\"ca\",\"@id\":\"https:\\\/\\\/santapola.es\\\/ca\\\/nova-campanya-per-a-protegir-la-salut-mental-dels-joves-de-santa-pola\\\/#primaryimage\",\"url\":\"https:\\\/\\\/santapola.es\\\/wp-content\\\/uploads\\\/2024\\\/09\\\/2024-09-24-jovenes-y-salud-mental.jpg\",\"contentUrl\":\"https:\\\/\\\/santapola.es\\\/wp-content\\\/uploads\\\/2024\\\/09\\\/2024-09-24-jovenes-y-salud-mental.jpg\",\"width\":1920,\"height\":1440},{\"@type\":\"BreadcrumbList\",\"@id\":\"https:\\\/\\\/santapola.es\\\/ca\\\/nova-campanya-per-a-protegir-la-salut-mental-dels-joves-de-santa-pola\\\/#breadcrumb\",\"itemListElement\":[{\"@type\":\"ListItem\",\"position\":1,\"name\":\"Inici\",\"item\":\"https:\\\/\\\/santapola.es\\\/ca\\\/\"},{\"@type\":\"ListItem\",\"position\":2,\"name\":\"Nova campanya per a protegir la salut mental dels joves de Santa Pola\"}]},{\"@type\":\"WebSite\",\"@id\":\"https:\\\/\\\/santapola.es\\\/ca\\\/#website\",\"url\":\"https:\\\/\\\/santapola.es\\\/ca\\\/\",\"name\":\"Ayuntamiento de Santa Pola\",\"description\":\"Web de l'Ajuntament de Santa Pola\",\"potentialAction\":[{\"@type\":\"SearchAction\",\"target\":{\"@type\":\"EntryPoint\",\"urlTemplate\":\"https:\\\/\\\/santapola.es\\\/ca\\\/?s={search_term_string}\"},\"query-input\":{\"@type\":\"PropertyValueSpecification\",\"valueRequired\":true,\"valueName\":\"search_term_string\"}}],\"inLanguage\":\"ca\"},{\"@type\":\"Person\",\"@id\":\"https:\\\/\\\/santapola.es\\\/ca\\\/#\\\/schema\\\/person\\\/ad1d67403707b58350c7be5e8dbc442d\",\"name\":\"Jos\u00e9 Juan L\u00f3pez Lafuente\"}]}<\/script>\n<!-- \/ Yoast SEO plugin. -->","yoast_head_json":{"title":"Nova campanya per a protegir la salut mental dels joves de Santa Pola - Ajuntament de Santa Pola","robots":{"index":"index","follow":"follow","max-snippet":"max-snippet:-1","max-image-preview":"max-image-preview:large","max-video-preview":"max-video-preview:-1"},"canonical":"https:\/\/santapola.es\/ca\/nova-campanya-per-a-protegir-la-salut-mental-dels-joves-de-santa-pola\/","og_locale":"ca_ES","og_type":"article","og_title":"Nova campanya per a protegir la salut mental dels joves de Santa Pola - Ajuntament de Santa Pola","og_description":"La regidoria de Joventut llan\u00e7a per primera vegada la campanya \u201cJoves i salut mental\u201d amb l&#8217;objectiu de protegir i millorar la salut mental de xiquets i adolescents. Quatre joves professionals de Santa Pola oferiran xarrades per a acostar-se a este col\u00b7lectiu i oferir-los ferramentes i solucions. La regidoria de Joventut, a trav\u00e9s del Rac\u00f3 Jove, [&hellip;]","og_url":"https:\/\/santapola.es\/ca\/nova-campanya-per-a-protegir-la-salut-mental-dels-joves-de-santa-pola\/","og_site_name":"Ajuntament de Santa Pola","article_publisher":"https:\/\/www.facebook.com\/AyuntamientoSantaPola\/","article_published_time":"2024-09-24T11:42:19+00:00","article_modified_time":"2024-09-24T11:45:04+00:00","og_image":[{"width":1920,"height":1440,"url":"https:\/\/santapola.es\/wp-content\/uploads\/2024\/09\/2024-09-24-jovenes-y-salud-mental.jpg","type":"image\/jpeg"}],"author":"Jos\u00e9 Juan L\u00f3pez Lafuente","twitter_card":"summary_large_image","twitter_creator":"@SantaPolaAyunt","twitter_site":"@SantaPolaAyunt","schema":{"@context":"https:\/\/schema.org","@graph":[{"@type":"Article","@id":"https:\/\/santapola.es\/ca\/nova-campanya-per-a-protegir-la-salut-mental-dels-joves-de-santa-pola\/#article","isPartOf":{"@id":"https:\/\/santapola.es\/ca\/nova-campanya-per-a-protegir-la-salut-mental-dels-joves-de-santa-pola\/"},"author":{"name":"Jos\u00e9 Juan L\u00f3pez Lafuente","@id":"https:\/\/santapola.es\/ca\/#\/schema\/person\/ad1d67403707b58350c7be5e8dbc442d"},"headline":"Nova campanya per a protegir la salut mental dels joves de Santa Pola","datePublished":"2024-09-24T11:42:19+00:00","dateModified":"2024-09-24T11:45:04+00:00","mainEntityOfPage":{"@id":"https:\/\/santapola.es\/ca\/nova-campanya-per-a-protegir-la-salut-mental-dels-joves-de-santa-pola\/"},"wordCount":413,"image":{"@id":"https:\/\/santapola.es\/ca\/nova-campanya-per-a-protegir-la-salut-mental-dels-joves-de-santa-pola\/#primaryimage"},"thumbnailUrl":"https:\/\/santapola.es\/wp-content\/uploads\/2024\/09\/2024-09-24-jovenes-y-salud-mental.jpg","keywords":["Joaqu\u00edn Lozano","Rac\u00f3 Jove","salut mental"],"articleSection":["Joventut"],"inLanguage":"ca"},{"@type":"WebPage","@id":"https:\/\/santapola.es\/ca\/nova-campanya-per-a-protegir-la-salut-mental-dels-joves-de-santa-pola\/","url":"https:\/\/santapola.es\/ca\/nova-campanya-per-a-protegir-la-salut-mental-dels-joves-de-santa-pola\/","name":"Nova campanya per a protegir la salut mental dels joves de Santa Pola - Ajuntament de Santa Pola","isPartOf":{"@id":"https:\/\/santapola.es\/ca\/#website"},"primaryImageOfPage":{"@id":"https:\/\/santapola.es\/ca\/nova-campanya-per-a-protegir-la-salut-mental-dels-joves-de-santa-pola\/#primaryimage"},"image":{"@id":"https:\/\/santapola.es\/ca\/nova-campanya-per-a-protegir-la-salut-mental-dels-joves-de-santa-pola\/#primaryimage"},"thumbnailUrl":"https:\/\/santapola.es\/wp-content\/uploads\/2024\/09\/2024-09-24-jovenes-y-salud-mental.jpg","datePublished":"2024-09-24T11:42:19+00:00","dateModified":"2024-09-24T11:45:04+00:00","author":{"@id":"https:\/\/santapola.es\/ca\/#\/schema\/person\/ad1d67403707b58350c7be5e8dbc442d"},"breadcrumb":{"@id":"https:\/\/santapola.es\/ca\/nova-campanya-per-a-protegir-la-salut-mental-dels-joves-de-santa-pola\/#breadcrumb"},"inLanguage":"ca","potentialAction":[{"@type":"ReadAction","target":["https:\/\/santapola.es\/ca\/nova-campanya-per-a-protegir-la-salut-mental-dels-joves-de-santa-pola\/"]}]},{"@type":"ImageObject","inLanguage":"ca","@id":"https:\/\/santapola.es\/ca\/nova-campanya-per-a-protegir-la-salut-mental-dels-joves-de-santa-pola\/#primaryimage","url":"https:\/\/santapola.es\/wp-content\/uploads\/2024\/09\/2024-09-24-jovenes-y-salud-mental.jpg","contentUrl":"https:\/\/santapola.es\/wp-content\/uploads\/2024\/09\/2024-09-24-jovenes-y-salud-mental.jpg","width":1920,"height":1440},{"@type":"BreadcrumbList","@id":"https:\/\/santapola.es\/ca\/nova-campanya-per-a-protegir-la-salut-mental-dels-joves-de-santa-pola\/#breadcrumb","itemListElement":[{"@type":"ListItem","position":1,"name":"Inici","item":"https:\/\/santapola.es\/ca\/"},{"@type":"ListItem","position":2,"name":"Nova campanya per a protegir la salut mental dels joves de Santa Pola"}]},{"@type":"WebSite","@id":"https:\/\/santapola.es\/ca\/#website","url":"https:\/\/santapola.es\/ca\/","name":"Ayuntamiento de Santa Pola","description":"Web de l'Ajuntament de Santa Pola","potentialAction":[{"@type":"SearchAction","target":{"@type":"EntryPoint","urlTemplate":"https:\/\/santapola.es\/ca\/?s={search_term_string}"},"query-input":{"@type":"PropertyValueSpecification","valueRequired":true,"valueName":"search_term_string"}}],"inLanguage":"ca"},{"@type":"Person","@id":"https:\/\/santapola.es\/ca\/#\/schema\/person\/ad1d67403707b58350c7be5e8dbc442d","name":"Jos\u00e9 Juan L\u00f3pez Lafuente"}]}},"_links":{"self":[{"href":"https:\/\/santapola.es\/ca\/wp-json\/wp\/v2\/posts\/39144","targetHints":{"allow":["GET"]}}],"collection":[{"href":"https:\/\/santapola.es\/ca\/wp-json\/wp\/v2\/posts"}],"about":[{"href":"https:\/\/santapola.es\/ca\/wp-json\/wp\/v2\/types\/post"}],"author":[{"embeddable":true,"href":"https:\/\/santapola.es\/ca\/wp-json\/wp\/v2\/users\/96"}],"replies":[{"embeddable":true,"href":"https:\/\/santapola.es\/ca\/wp-json\/wp\/v2\/comments?post=39144"}],"version-history":[{"count":0,"href":"https:\/\/santapola.es\/ca\/wp-json\/wp\/v2\/posts\/39144\/revisions"}],"wp:featuredmedia":[{"embeddable":true,"href":"https:\/\/santapola.es\/ca\/wp-json\/wp\/v2\/media\/39139"}],"wp:attachment":[{"href":"https:\/\/santapola.es\/ca\/wp-json\/wp\/v2\/media?parent=39144"}],"wp:term":[{"taxonomy":"category","embeddable":true,"href":"https:\/\/santapola.es\/ca\/wp-json\/wp\/v2\/categories?post=39144"},{"taxonomy":"post_tag","embeddable":true,"href":"https:\/\/santapola.es\/ca\/wp-json\/wp\/v2\/tags?post=39144"}],"curies":[{"name":"wp","href":"https:\/\/api.w.org\/{rel}","templated":true}]}}