{"id":39124,"date":"2024-09-20T13:45:58","date_gmt":"2024-09-20T11:45:58","guid":{"rendered":"https:\/\/santapola.es\/?p=39124"},"modified":"2024-09-20T13:48:00","modified_gmt":"2024-09-20T11:48:00","slug":"octubre-porta-activitats-de-sensibilitzacio-sobre-el-col%c2%b7lectiu-lgtbi","status":"publish","type":"post","link":"https:\/\/santapola.es\/ca\/octubre-porta-activitats-de-sensibilitzacio-sobre-el-col%c2%b7lectiu-lgtbi\/","title":{"rendered":"Octubre porta activitats de sensibilitzaci\u00f3 sobre el col\u00b7lectiu LGTBI+"},"content":{"rendered":"<p><strong>L&#8217;exposici\u00f3 \u201cL&#8217;armari de la mem\u00f2ria\u201d recupera documents i objectes abans amagats que hui ixen dels armaris. L&#8217;artista Liz Dust oferir\u00e0 una xarrada sobre realitats LGTBI+ i diversitat.<\/strong><\/p>\n<p>La regidoria d&#8217;Igualtat ha programat per a principis d&#8217;octubre dos activitats de sensibilitzaci\u00f3 a la poblaci\u00f3 que reivindiquen la igualtat, la solidaritat i el respecte a la diversitat afectiu sexual i de g\u00e8nere i a la varietat d&#8217;identitats, finan\u00e7ades totes dues per la Generalitat Valenciana.<\/p>\n<p>El dijous 3 en el Baluard del Duc, l&#8217;artista Liz Dust ser\u00e0 l&#8217;encarregada de conduir i moderar la xarrada &#8220;Amb orgull de ser&#8221; amb un enfocament d&#8217;humor intel\u00b7ligent, on es debatr\u00e0 sobre les realitats LGTBI+ i diversitat juntament amb professionals i persones amb experi\u00e8ncia.<\/p>\n<p>El divendres 4, en l&#8217;espai educatiu del museu pr\u00e8via inauguraci\u00f3 en el Baluard, comen\u00e7ar\u00e0 amb una ruta guiada l&#8217;exposici\u00f3 \u201cL&#8217;armari de la mem\u00f2ria\u201d fins al 17 d&#8217;octubre. Es tracta d&#8217;una tasca fonamental de recuperaci\u00f3, centralitzaci\u00f3, conservaci\u00f3 i difusi\u00f3 de fons documentals que ens poden ajudar a fer-nos una idea m\u00e9s completa i diversa de la hist\u00f2ria de la comunitat LGTBI valenciana.<\/p>\n<p>Esta exposici\u00f3 oferix una xicoteta mostra de tots els documents i objectes que han sigut durant anys amagats dins de les parets d&#8217;arxius personals o d&#8217;organitzacions i que ara, per fi, comencen a eixir dels armaris per a explicar-nos i convidar-nos a reflexionar sobre la nostra pr\u00f2pia hist\u00f2ria.<\/p>\n<p>Tant la presentaci\u00f3 com la inauguraci\u00f3 es duran a terme en valenci\u00e0 amb motiu de l&#8217;Octubre Cultural, sent l&#8217;exposici\u00f3 biling\u00fce.<\/p>\n<p><img loading=\"lazy\" decoding=\"async\" class=\"aligncenter size-large wp-image-39122\" src=\"https:\/\/santapola.es\/wp-content\/uploads\/2024\/09\/SantaPola_post02-819x1024.png\" alt=\"\" width=\"819\" height=\"1024\" \/><\/p>\n","protected":false},"excerpt":{"rendered":"<p>L&#8217;exposici\u00f3 \u201cL&#8217;armari de la mem\u00f2ria\u201d recupera documents i objectes abans amagats que hui ixen dels armaris. L&#8217;artista Liz Dust oferir\u00e0 una xarrada sobre realitats LGTBI+ i diversitat. La regidoria d&#8217;Igualtat ha programat per a principis d&#8217;octubre dos activitats de sensibilitzaci\u00f3 a la poblaci\u00f3 que reivindiquen la igualtat, la solidaritat i el respecte a la diversitat [&hellip;]<\/p>\n","protected":false},"author":96,"featured_media":39119,"comment_status":"closed","ping_status":"closed","sticky":false,"template":"","format":"standard","meta":{"_et_pb_use_builder":"","_et_pb_old_content":"","_et_gb_content_width":"","footnotes":""},"categories":[653],"tags":[1088],"class_list":["post-39124","post","type-post","status-publish","format-standard","has-post-thumbnail","hentry","category-igualtat","tag-lgtbi-ca"],"yoast_head":"<!-- This site is optimized with the Yoast SEO plugin v27.4 - https:\/\/yoast.com\/product\/yoast-seo-wordpress\/ -->\n<title>Octubre porta activitats de sensibilitzaci\u00f3 sobre el col\u00b7lectiu LGTBI+ - Ajuntament de Santa Pola<\/title>\n<meta name=\"robots\" content=\"index, follow, max-snippet:-1, max-image-preview:large, max-video-preview:-1\" \/>\n<link rel=\"canonical\" href=\"https:\/\/santapola.es\/ca\/octubre-porta-activitats-de-sensibilitzacio-sobre-el-col%c2%b7lectiu-lgtbi\/\" \/>\n<meta property=\"og:locale\" content=\"ca_ES\" \/>\n<meta property=\"og:type\" content=\"article\" \/>\n<meta property=\"og:title\" content=\"Octubre porta activitats de sensibilitzaci\u00f3 sobre el col\u00b7lectiu LGTBI+ - Ajuntament de Santa Pola\" \/>\n<meta property=\"og:description\" content=\"L&#8217;exposici\u00f3 \u201cL&#8217;armari de la mem\u00f2ria\u201d recupera documents i objectes abans amagats que hui ixen dels armaris. L&#8217;artista Liz Dust oferir\u00e0 una xarrada sobre realitats LGTBI+ i diversitat. La regidoria d&#8217;Igualtat ha programat per a principis d&#8217;octubre dos activitats de sensibilitzaci\u00f3 a la poblaci\u00f3 que reivindiquen la igualtat, la solidaritat i el respecte a la diversitat [&hellip;]\" \/>\n<meta property=\"og:url\" content=\"https:\/\/santapola.es\/ca\/octubre-porta-activitats-de-sensibilitzacio-sobre-el-col%c2%b7lectiu-lgtbi\/\" \/>\n<meta property=\"og:site_name\" content=\"Ajuntament de Santa Pola\" \/>\n<meta property=\"article:publisher\" content=\"https:\/\/www.facebook.com\/AyuntamientoSantaPola\/\" \/>\n<meta property=\"article:published_time\" content=\"2024-09-20T11:45:58+00:00\" \/>\n<meta property=\"article:modified_time\" content=\"2024-09-20T11:48:00+00:00\" \/>\n<meta property=\"og:image\" content=\"https:\/\/santapola.es\/wp-content\/uploads\/2024\/09\/ORGULL-SER-santa-pola.png\" \/>\n\t<meta property=\"og:image:width\" content=\"1000\" \/>\n\t<meta property=\"og:image:height\" content=\"1000\" \/>\n\t<meta property=\"og:image:type\" content=\"image\/png\" \/>\n<meta name=\"author\" content=\"Jos\u00e9 Juan L\u00f3pez Lafuente\" \/>\n<meta name=\"twitter:card\" content=\"summary_large_image\" \/>\n<meta name=\"twitter:creator\" content=\"@SantaPolaAyunt\" \/>\n<meta name=\"twitter:site\" content=\"@SantaPolaAyunt\" \/>\n<script type=\"application\/ld+json\" class=\"yoast-schema-graph\">{\"@context\":\"https:\\\/\\\/schema.org\",\"@graph\":[{\"@type\":\"Article\",\"@id\":\"https:\\\/\\\/santapola.es\\\/ca\\\/octubre-porta-activitats-de-sensibilitzacio-sobre-el-col%c2%b7lectiu-lgtbi\\\/#article\",\"isPartOf\":{\"@id\":\"https:\\\/\\\/santapola.es\\\/ca\\\/octubre-porta-activitats-de-sensibilitzacio-sobre-el-col%c2%b7lectiu-lgtbi\\\/\"},\"author\":{\"name\":\"Jos\u00e9 Juan L\u00f3pez Lafuente\",\"@id\":\"https:\\\/\\\/santapola.es\\\/ca\\\/#\\\/schema\\\/person\\\/ad1d67403707b58350c7be5e8dbc442d\"},\"headline\":\"Octubre porta activitats de sensibilitzaci\u00f3 sobre el col\u00b7lectiu LGTBI+\",\"datePublished\":\"2024-09-20T11:45:58+00:00\",\"dateModified\":\"2024-09-20T11:48:00+00:00\",\"mainEntityOfPage\":{\"@id\":\"https:\\\/\\\/santapola.es\\\/ca\\\/octubre-porta-activitats-de-sensibilitzacio-sobre-el-col%c2%b7lectiu-lgtbi\\\/\"},\"wordCount\":283,\"image\":{\"@id\":\"https:\\\/\\\/santapola.es\\\/ca\\\/octubre-porta-activitats-de-sensibilitzacio-sobre-el-col%c2%b7lectiu-lgtbi\\\/#primaryimage\"},\"thumbnailUrl\":\"https:\\\/\\\/santapola.es\\\/wp-content\\\/uploads\\\/2024\\\/09\\\/ORGULL-SER-santa-pola.png\",\"keywords\":[\"LGTBI\"],\"articleSection\":[\"Igualtat\"],\"inLanguage\":\"ca\"},{\"@type\":\"WebPage\",\"@id\":\"https:\\\/\\\/santapola.es\\\/ca\\\/octubre-porta-activitats-de-sensibilitzacio-sobre-el-col%c2%b7lectiu-lgtbi\\\/\",\"url\":\"https:\\\/\\\/santapola.es\\\/ca\\\/octubre-porta-activitats-de-sensibilitzacio-sobre-el-col%c2%b7lectiu-lgtbi\\\/\",\"name\":\"Octubre porta activitats de sensibilitzaci\u00f3 sobre el col\u00b7lectiu LGTBI+ - Ajuntament de Santa Pola\",\"isPartOf\":{\"@id\":\"https:\\\/\\\/santapola.es\\\/ca\\\/#website\"},\"primaryImageOfPage\":{\"@id\":\"https:\\\/\\\/santapola.es\\\/ca\\\/octubre-porta-activitats-de-sensibilitzacio-sobre-el-col%c2%b7lectiu-lgtbi\\\/#primaryimage\"},\"image\":{\"@id\":\"https:\\\/\\\/santapola.es\\\/ca\\\/octubre-porta-activitats-de-sensibilitzacio-sobre-el-col%c2%b7lectiu-lgtbi\\\/#primaryimage\"},\"thumbnailUrl\":\"https:\\\/\\\/santapola.es\\\/wp-content\\\/uploads\\\/2024\\\/09\\\/ORGULL-SER-santa-pola.png\",\"datePublished\":\"2024-09-20T11:45:58+00:00\",\"dateModified\":\"2024-09-20T11:48:00+00:00\",\"author\":{\"@id\":\"https:\\\/\\\/santapola.es\\\/ca\\\/#\\\/schema\\\/person\\\/ad1d67403707b58350c7be5e8dbc442d\"},\"breadcrumb\":{\"@id\":\"https:\\\/\\\/santapola.es\\\/ca\\\/octubre-porta-activitats-de-sensibilitzacio-sobre-el-col%c2%b7lectiu-lgtbi\\\/#breadcrumb\"},\"inLanguage\":\"ca\",\"potentialAction\":[{\"@type\":\"ReadAction\",\"target\":[\"https:\\\/\\\/santapola.es\\\/ca\\\/octubre-porta-activitats-de-sensibilitzacio-sobre-el-col%c2%b7lectiu-lgtbi\\\/\"]}]},{\"@type\":\"ImageObject\",\"inLanguage\":\"ca\",\"@id\":\"https:\\\/\\\/santapola.es\\\/ca\\\/octubre-porta-activitats-de-sensibilitzacio-sobre-el-col%c2%b7lectiu-lgtbi\\\/#primaryimage\",\"url\":\"https:\\\/\\\/santapola.es\\\/wp-content\\\/uploads\\\/2024\\\/09\\\/ORGULL-SER-santa-pola.png\",\"contentUrl\":\"https:\\\/\\\/santapola.es\\\/wp-content\\\/uploads\\\/2024\\\/09\\\/ORGULL-SER-santa-pola.png\",\"width\":1000,\"height\":1000},{\"@type\":\"BreadcrumbList\",\"@id\":\"https:\\\/\\\/santapola.es\\\/ca\\\/octubre-porta-activitats-de-sensibilitzacio-sobre-el-col%c2%b7lectiu-lgtbi\\\/#breadcrumb\",\"itemListElement\":[{\"@type\":\"ListItem\",\"position\":1,\"name\":\"Inici\",\"item\":\"https:\\\/\\\/santapola.es\\\/ca\\\/\"},{\"@type\":\"ListItem\",\"position\":2,\"name\":\"Octubre porta activitats de sensibilitzaci\u00f3 sobre el col\u00b7lectiu LGTBI+\"}]},{\"@type\":\"WebSite\",\"@id\":\"https:\\\/\\\/santapola.es\\\/ca\\\/#website\",\"url\":\"https:\\\/\\\/santapola.es\\\/ca\\\/\",\"name\":\"Ayuntamiento de Santa Pola\",\"description\":\"Web de l'Ajuntament de Santa Pola\",\"potentialAction\":[{\"@type\":\"SearchAction\",\"target\":{\"@type\":\"EntryPoint\",\"urlTemplate\":\"https:\\\/\\\/santapola.es\\\/ca\\\/?s={search_term_string}\"},\"query-input\":{\"@type\":\"PropertyValueSpecification\",\"valueRequired\":true,\"valueName\":\"search_term_string\"}}],\"inLanguage\":\"ca\"},{\"@type\":\"Person\",\"@id\":\"https:\\\/\\\/santapola.es\\\/ca\\\/#\\\/schema\\\/person\\\/ad1d67403707b58350c7be5e8dbc442d\",\"name\":\"Jos\u00e9 Juan L\u00f3pez Lafuente\"}]}<\/script>\n<!-- \/ Yoast SEO plugin. -->","yoast_head_json":{"title":"Octubre porta activitats de sensibilitzaci\u00f3 sobre el col\u00b7lectiu LGTBI+ - Ajuntament de Santa Pola","robots":{"index":"index","follow":"follow","max-snippet":"max-snippet:-1","max-image-preview":"max-image-preview:large","max-video-preview":"max-video-preview:-1"},"canonical":"https:\/\/santapola.es\/ca\/octubre-porta-activitats-de-sensibilitzacio-sobre-el-col%c2%b7lectiu-lgtbi\/","og_locale":"ca_ES","og_type":"article","og_title":"Octubre porta activitats de sensibilitzaci\u00f3 sobre el col\u00b7lectiu LGTBI+ - Ajuntament de Santa Pola","og_description":"L&#8217;exposici\u00f3 \u201cL&#8217;armari de la mem\u00f2ria\u201d recupera documents i objectes abans amagats que hui ixen dels armaris. L&#8217;artista Liz Dust oferir\u00e0 una xarrada sobre realitats LGTBI+ i diversitat. La regidoria d&#8217;Igualtat ha programat per a principis d&#8217;octubre dos activitats de sensibilitzaci\u00f3 a la poblaci\u00f3 que reivindiquen la igualtat, la solidaritat i el respecte a la diversitat [&hellip;]","og_url":"https:\/\/santapola.es\/ca\/octubre-porta-activitats-de-sensibilitzacio-sobre-el-col%c2%b7lectiu-lgtbi\/","og_site_name":"Ajuntament de Santa Pola","article_publisher":"https:\/\/www.facebook.com\/AyuntamientoSantaPola\/","article_published_time":"2024-09-20T11:45:58+00:00","article_modified_time":"2024-09-20T11:48:00+00:00","og_image":[{"width":1000,"height":1000,"url":"https:\/\/santapola.es\/wp-content\/uploads\/2024\/09\/ORGULL-SER-santa-pola.png","type":"image\/png"}],"author":"Jos\u00e9 Juan L\u00f3pez Lafuente","twitter_card":"summary_large_image","twitter_creator":"@SantaPolaAyunt","twitter_site":"@SantaPolaAyunt","schema":{"@context":"https:\/\/schema.org","@graph":[{"@type":"Article","@id":"https:\/\/santapola.es\/ca\/octubre-porta-activitats-de-sensibilitzacio-sobre-el-col%c2%b7lectiu-lgtbi\/#article","isPartOf":{"@id":"https:\/\/santapola.es\/ca\/octubre-porta-activitats-de-sensibilitzacio-sobre-el-col%c2%b7lectiu-lgtbi\/"},"author":{"name":"Jos\u00e9 Juan L\u00f3pez Lafuente","@id":"https:\/\/santapola.es\/ca\/#\/schema\/person\/ad1d67403707b58350c7be5e8dbc442d"},"headline":"Octubre porta activitats de sensibilitzaci\u00f3 sobre el col\u00b7lectiu LGTBI+","datePublished":"2024-09-20T11:45:58+00:00","dateModified":"2024-09-20T11:48:00+00:00","mainEntityOfPage":{"@id":"https:\/\/santapola.es\/ca\/octubre-porta-activitats-de-sensibilitzacio-sobre-el-col%c2%b7lectiu-lgtbi\/"},"wordCount":283,"image":{"@id":"https:\/\/santapola.es\/ca\/octubre-porta-activitats-de-sensibilitzacio-sobre-el-col%c2%b7lectiu-lgtbi\/#primaryimage"},"thumbnailUrl":"https:\/\/santapola.es\/wp-content\/uploads\/2024\/09\/ORGULL-SER-santa-pola.png","keywords":["LGTBI"],"articleSection":["Igualtat"],"inLanguage":"ca"},{"@type":"WebPage","@id":"https:\/\/santapola.es\/ca\/octubre-porta-activitats-de-sensibilitzacio-sobre-el-col%c2%b7lectiu-lgtbi\/","url":"https:\/\/santapola.es\/ca\/octubre-porta-activitats-de-sensibilitzacio-sobre-el-col%c2%b7lectiu-lgtbi\/","name":"Octubre porta activitats de sensibilitzaci\u00f3 sobre el col\u00b7lectiu LGTBI+ - Ajuntament de Santa Pola","isPartOf":{"@id":"https:\/\/santapola.es\/ca\/#website"},"primaryImageOfPage":{"@id":"https:\/\/santapola.es\/ca\/octubre-porta-activitats-de-sensibilitzacio-sobre-el-col%c2%b7lectiu-lgtbi\/#primaryimage"},"image":{"@id":"https:\/\/santapola.es\/ca\/octubre-porta-activitats-de-sensibilitzacio-sobre-el-col%c2%b7lectiu-lgtbi\/#primaryimage"},"thumbnailUrl":"https:\/\/santapola.es\/wp-content\/uploads\/2024\/09\/ORGULL-SER-santa-pola.png","datePublished":"2024-09-20T11:45:58+00:00","dateModified":"2024-09-20T11:48:00+00:00","author":{"@id":"https:\/\/santapola.es\/ca\/#\/schema\/person\/ad1d67403707b58350c7be5e8dbc442d"},"breadcrumb":{"@id":"https:\/\/santapola.es\/ca\/octubre-porta-activitats-de-sensibilitzacio-sobre-el-col%c2%b7lectiu-lgtbi\/#breadcrumb"},"inLanguage":"ca","potentialAction":[{"@type":"ReadAction","target":["https:\/\/santapola.es\/ca\/octubre-porta-activitats-de-sensibilitzacio-sobre-el-col%c2%b7lectiu-lgtbi\/"]}]},{"@type":"ImageObject","inLanguage":"ca","@id":"https:\/\/santapola.es\/ca\/octubre-porta-activitats-de-sensibilitzacio-sobre-el-col%c2%b7lectiu-lgtbi\/#primaryimage","url":"https:\/\/santapola.es\/wp-content\/uploads\/2024\/09\/ORGULL-SER-santa-pola.png","contentUrl":"https:\/\/santapola.es\/wp-content\/uploads\/2024\/09\/ORGULL-SER-santa-pola.png","width":1000,"height":1000},{"@type":"BreadcrumbList","@id":"https:\/\/santapola.es\/ca\/octubre-porta-activitats-de-sensibilitzacio-sobre-el-col%c2%b7lectiu-lgtbi\/#breadcrumb","itemListElement":[{"@type":"ListItem","position":1,"name":"Inici","item":"https:\/\/santapola.es\/ca\/"},{"@type":"ListItem","position":2,"name":"Octubre porta activitats de sensibilitzaci\u00f3 sobre el col\u00b7lectiu LGTBI+"}]},{"@type":"WebSite","@id":"https:\/\/santapola.es\/ca\/#website","url":"https:\/\/santapola.es\/ca\/","name":"Ayuntamiento de Santa Pola","description":"Web de l'Ajuntament de Santa Pola","potentialAction":[{"@type":"SearchAction","target":{"@type":"EntryPoint","urlTemplate":"https:\/\/santapola.es\/ca\/?s={search_term_string}"},"query-input":{"@type":"PropertyValueSpecification","valueRequired":true,"valueName":"search_term_string"}}],"inLanguage":"ca"},{"@type":"Person","@id":"https:\/\/santapola.es\/ca\/#\/schema\/person\/ad1d67403707b58350c7be5e8dbc442d","name":"Jos\u00e9 Juan L\u00f3pez Lafuente"}]}},"_links":{"self":[{"href":"https:\/\/santapola.es\/ca\/wp-json\/wp\/v2\/posts\/39124","targetHints":{"allow":["GET"]}}],"collection":[{"href":"https:\/\/santapola.es\/ca\/wp-json\/wp\/v2\/posts"}],"about":[{"href":"https:\/\/santapola.es\/ca\/wp-json\/wp\/v2\/types\/post"}],"author":[{"embeddable":true,"href":"https:\/\/santapola.es\/ca\/wp-json\/wp\/v2\/users\/96"}],"replies":[{"embeddable":true,"href":"https:\/\/santapola.es\/ca\/wp-json\/wp\/v2\/comments?post=39124"}],"version-history":[{"count":0,"href":"https:\/\/santapola.es\/ca\/wp-json\/wp\/v2\/posts\/39124\/revisions"}],"wp:featuredmedia":[{"embeddable":true,"href":"https:\/\/santapola.es\/ca\/wp-json\/wp\/v2\/media\/39119"}],"wp:attachment":[{"href":"https:\/\/santapola.es\/ca\/wp-json\/wp\/v2\/media?parent=39124"}],"wp:term":[{"taxonomy":"category","embeddable":true,"href":"https:\/\/santapola.es\/ca\/wp-json\/wp\/v2\/categories?post=39124"},{"taxonomy":"post_tag","embeddable":true,"href":"https:\/\/santapola.es\/ca\/wp-json\/wp\/v2\/tags?post=39124"}],"curies":[{"name":"wp","href":"https:\/\/api.w.org\/{rel}","templated":true}]}}