{"id":39035,"date":"2024-09-10T18:58:17","date_gmt":"2024-09-10T16:58:17","guid":{"rendered":"https:\/\/santapola.es\/?p=39035"},"modified":"2024-09-10T18:59:57","modified_gmt":"2024-09-10T16:59:57","slug":"els-propietaris-de-bens-immobles-a-santa-pola-rebran-una-carta-de-cadastre-amb-el-nou-valor-cadastral-per-a-2025","status":"publish","type":"post","link":"https:\/\/santapola.es\/ca\/els-propietaris-de-bens-immobles-a-santa-pola-rebran-una-carta-de-cadastre-amb-el-nou-valor-cadastral-per-a-2025\/","title":{"rendered":"Els propietaris de b\u00e9ns immobles a Santa Pola rebran una carta de Cadastre amb el nou valor cadastral per a 2025"},"content":{"rendered":"<p><strong>La carta inclou una clau personal per a descarregar la notificaci\u00f3 en www.sedecatastro.gob.es fins al 29 de setembre.<\/strong><\/p>\n<p><strong>Les persones que no tinguen acc\u00e9s a internet seran ateses portant el seu DNI o NIE en el Centre C\u00edvic, oficines municipals de Gran Alacant, SUMA Santa Pola o Ger\u00e8ncia de Cadastre a Alacant, de forma totalment gratu\u00efta.<\/strong><\/p>\n<p>La Ger\u00e8ncia Territorial de Cadastre d&#8217;Alacant ha realitzat una nova revisi\u00f3 cadastral que entrar\u00e0 en vigor l&#8217;any vinent 2025 i que actualitza els valors vigents des de l&#8217;any 1998.<\/p>\n<p>En estos pr\u00f2xims dies els propietaris d&#8217;immobles a Santa Pola rebran una carta per correu ordinari remesa per esta Ger\u00e8ncia Territorial que cont\u00e9 una clau personal que \u00e9s important conservar.<\/p>\n<p>Esta clau personal, juntament amb la informaci\u00f3 que s&#8217;acompanya, servir\u00e0 per a la desc\u00e0rrega (fins a data l\u00edmit de 29 de setembre) de la corresponent notificaci\u00f3 amb els nous valors cadastrals dels seus b\u00e9ns immobles.<\/p>\n<p>Esta notificaci\u00f3 s&#8217;obtindr\u00e0 connectant-se a internet a trav\u00e9s de la p\u00e0gina web del Cadastre (www.sedecatastro.gob.es) entrant en la pestanya de notificacions. Esta notificaci\u00f3 no \u00e9s un rebut per a pagar, sin\u00f3 la informaci\u00f3 del nou valor cadastral dels seus b\u00e9ns immobles, que una vegada obtinguda i realitzades les comprovacions, es podran presentar al\u00b7legacions davant la Ger\u00e8ncia Territorial de Cadastre d&#8217;Alacant.<\/p>\n<p>Aquelles persones que no disposen d&#8217;acc\u00e9s a Internet podran dirigir-se al Centre C\u00edvic de l&#8217;Ajuntament de Santa Pola, a les Oficines Municipals en Gran Alacant, a la Ger\u00e8ncia de Cadastre a Alacant o a l&#8217;oficina de SUMA a Santa Pola, presentant la carta amb la clau facilitada i el DNI (o NIE per a estrangers residents), i se li facilitar\u00e0 aix\u00ed des de l&#8217;administraci\u00f3 l&#8217;acc\u00e9s a la seua notificaci\u00f3 de manera gratu\u00efta i si \u00e9s el cas presentar al\u00b7legacions.<\/p>\n<p>D&#8217;igual forma, qui no reba la carta amb la seua corresponent clau tamb\u00e9 podr\u00e0 acudir a les oficines de les administracions abans esmentades, amb el seu DNI (o NIE per a estrangers residents) i se li facilitar\u00e0 la informaci\u00f3.<\/p>\n<p>Este mitj\u00e0 de notificacions no obliga ni condiciona al ciutad\u00e0 en el futur, sin\u00f3 que, a m\u00e9s d&#8217;ajudar a reduir costos, li facilita l&#8217;acc\u00e9s a la informaci\u00f3, permetent-li que decidisca el moment i l&#8217;hora en qu\u00e8 vol accedir a la seua notificaci\u00f3.<\/p>\n","protected":false},"excerpt":{"rendered":"<p>La carta inclou una clau personal per a descarregar la notificaci\u00f3 en www.sedecatastro.gob.es fins al 29 de setembre. Les persones que no tinguen acc\u00e9s a internet seran ateses portant el seu DNI o NIE en el Centre C\u00edvic, oficines municipals de Gran Alacant, SUMA Santa Pola o Ger\u00e8ncia de Cadastre a Alacant, de forma totalment [&hellip;]<\/p>\n","protected":false},"author":96,"featured_media":39033,"comment_status":"closed","ping_status":"closed","sticky":false,"template":"","format":"standard","meta":{"_et_pb_use_builder":"","_et_pb_old_content":"","_et_gb_content_width":"","footnotes":""},"categories":[516],"tags":[1078,1079],"class_list":["post-39035","post","type-post","status-publish","format-standard","has-post-thumbnail","hentry","category-avisos-ca","tag-cadastre","tag-valor-cadastral"],"yoast_head":"<!-- This site is optimized with the Yoast SEO plugin v27.4 - https:\/\/yoast.com\/product\/yoast-seo-wordpress\/ -->\n<title>Els propietaris de b\u00e9ns immobles a Santa Pola rebran una carta de Cadastre amb el nou valor cadastral per a 2025 - Ajuntament de Santa Pola<\/title>\n<meta name=\"robots\" content=\"index, follow, max-snippet:-1, max-image-preview:large, max-video-preview:-1\" \/>\n<link rel=\"canonical\" href=\"https:\/\/santapola.es\/ca\/els-propietaris-de-bens-immobles-a-santa-pola-rebran-una-carta-de-cadastre-amb-el-nou-valor-cadastral-per-a-2025\/\" \/>\n<meta property=\"og:locale\" content=\"ca_ES\" \/>\n<meta property=\"og:type\" content=\"article\" \/>\n<meta property=\"og:title\" content=\"Els propietaris de b\u00e9ns immobles a Santa Pola rebran una carta de Cadastre amb el nou valor cadastral per a 2025 - Ajuntament de Santa Pola\" \/>\n<meta property=\"og:description\" content=\"La carta inclou una clau personal per a descarregar la notificaci\u00f3 en www.sedecatastro.gob.es fins al 29 de setembre. Les persones que no tinguen acc\u00e9s a internet seran ateses portant el seu DNI o NIE en el Centre C\u00edvic, oficines municipals de Gran Alacant, SUMA Santa Pola o Ger\u00e8ncia de Cadastre a Alacant, de forma totalment [&hellip;]\" \/>\n<meta property=\"og:url\" content=\"https:\/\/santapola.es\/ca\/els-propietaris-de-bens-immobles-a-santa-pola-rebran-una-carta-de-cadastre-amb-el-nou-valor-cadastral-per-a-2025\/\" \/>\n<meta property=\"og:site_name\" content=\"Ajuntament de Santa Pola\" \/>\n<meta property=\"article:publisher\" content=\"https:\/\/www.facebook.com\/AyuntamientoSantaPola\/\" \/>\n<meta property=\"article:published_time\" content=\"2024-09-10T16:58:17+00:00\" \/>\n<meta property=\"article:modified_time\" content=\"2024-09-10T16:59:57+00:00\" \/>\n<meta property=\"og:image\" content=\"https:\/\/santapola.es\/wp-content\/uploads\/2024\/09\/CATASTRO.jpg\" \/>\n\t<meta property=\"og:image:width\" content=\"1920\" \/>\n\t<meta property=\"og:image:height\" content=\"1080\" \/>\n\t<meta property=\"og:image:type\" content=\"image\/jpeg\" \/>\n<meta name=\"author\" content=\"Jos\u00e9 Juan L\u00f3pez Lafuente\" \/>\n<meta name=\"twitter:card\" content=\"summary_large_image\" \/>\n<meta name=\"twitter:creator\" content=\"@SantaPolaAyunt\" \/>\n<meta name=\"twitter:site\" content=\"@SantaPolaAyunt\" \/>\n<script type=\"application\/ld+json\" class=\"yoast-schema-graph\">{\"@context\":\"https:\\\/\\\/schema.org\",\"@graph\":[{\"@type\":\"Article\",\"@id\":\"https:\\\/\\\/santapola.es\\\/ca\\\/els-propietaris-de-bens-immobles-a-santa-pola-rebran-una-carta-de-cadastre-amb-el-nou-valor-cadastral-per-a-2025\\\/#article\",\"isPartOf\":{\"@id\":\"https:\\\/\\\/santapola.es\\\/ca\\\/els-propietaris-de-bens-immobles-a-santa-pola-rebran-una-carta-de-cadastre-amb-el-nou-valor-cadastral-per-a-2025\\\/\"},\"author\":{\"name\":\"Jos\u00e9 Juan L\u00f3pez Lafuente\",\"@id\":\"https:\\\/\\\/santapola.es\\\/ca\\\/#\\\/schema\\\/person\\\/ad1d67403707b58350c7be5e8dbc442d\"},\"headline\":\"Els propietaris de b\u00e9ns immobles a Santa Pola rebran una carta de Cadastre amb el nou valor cadastral per a 2025\",\"datePublished\":\"2024-09-10T16:58:17+00:00\",\"dateModified\":\"2024-09-10T16:59:57+00:00\",\"mainEntityOfPage\":{\"@id\":\"https:\\\/\\\/santapola.es\\\/ca\\\/els-propietaris-de-bens-immobles-a-santa-pola-rebran-una-carta-de-cadastre-amb-el-nou-valor-cadastral-per-a-2025\\\/\"},\"wordCount\":432,\"image\":{\"@id\":\"https:\\\/\\\/santapola.es\\\/ca\\\/els-propietaris-de-bens-immobles-a-santa-pola-rebran-una-carta-de-cadastre-amb-el-nou-valor-cadastral-per-a-2025\\\/#primaryimage\"},\"thumbnailUrl\":\"https:\\\/\\\/santapola.es\\\/wp-content\\\/uploads\\\/2024\\\/09\\\/CATASTRO.jpg\",\"keywords\":[\"Cadastre\",\"Valor cadastral\"],\"articleSection\":[\"Avisos\"],\"inLanguage\":\"ca\"},{\"@type\":\"WebPage\",\"@id\":\"https:\\\/\\\/santapola.es\\\/ca\\\/els-propietaris-de-bens-immobles-a-santa-pola-rebran-una-carta-de-cadastre-amb-el-nou-valor-cadastral-per-a-2025\\\/\",\"url\":\"https:\\\/\\\/santapola.es\\\/ca\\\/els-propietaris-de-bens-immobles-a-santa-pola-rebran-una-carta-de-cadastre-amb-el-nou-valor-cadastral-per-a-2025\\\/\",\"name\":\"Els propietaris de b\u00e9ns immobles a Santa Pola rebran una carta de Cadastre amb el nou valor cadastral per a 2025 - Ajuntament de Santa Pola\",\"isPartOf\":{\"@id\":\"https:\\\/\\\/santapola.es\\\/ca\\\/#website\"},\"primaryImageOfPage\":{\"@id\":\"https:\\\/\\\/santapola.es\\\/ca\\\/els-propietaris-de-bens-immobles-a-santa-pola-rebran-una-carta-de-cadastre-amb-el-nou-valor-cadastral-per-a-2025\\\/#primaryimage\"},\"image\":{\"@id\":\"https:\\\/\\\/santapola.es\\\/ca\\\/els-propietaris-de-bens-immobles-a-santa-pola-rebran-una-carta-de-cadastre-amb-el-nou-valor-cadastral-per-a-2025\\\/#primaryimage\"},\"thumbnailUrl\":\"https:\\\/\\\/santapola.es\\\/wp-content\\\/uploads\\\/2024\\\/09\\\/CATASTRO.jpg\",\"datePublished\":\"2024-09-10T16:58:17+00:00\",\"dateModified\":\"2024-09-10T16:59:57+00:00\",\"author\":{\"@id\":\"https:\\\/\\\/santapola.es\\\/ca\\\/#\\\/schema\\\/person\\\/ad1d67403707b58350c7be5e8dbc442d\"},\"breadcrumb\":{\"@id\":\"https:\\\/\\\/santapola.es\\\/ca\\\/els-propietaris-de-bens-immobles-a-santa-pola-rebran-una-carta-de-cadastre-amb-el-nou-valor-cadastral-per-a-2025\\\/#breadcrumb\"},\"inLanguage\":\"ca\",\"potentialAction\":[{\"@type\":\"ReadAction\",\"target\":[\"https:\\\/\\\/santapola.es\\\/ca\\\/els-propietaris-de-bens-immobles-a-santa-pola-rebran-una-carta-de-cadastre-amb-el-nou-valor-cadastral-per-a-2025\\\/\"]}]},{\"@type\":\"ImageObject\",\"inLanguage\":\"ca\",\"@id\":\"https:\\\/\\\/santapola.es\\\/ca\\\/els-propietaris-de-bens-immobles-a-santa-pola-rebran-una-carta-de-cadastre-amb-el-nou-valor-cadastral-per-a-2025\\\/#primaryimage\",\"url\":\"https:\\\/\\\/santapola.es\\\/wp-content\\\/uploads\\\/2024\\\/09\\\/CATASTRO.jpg\",\"contentUrl\":\"https:\\\/\\\/santapola.es\\\/wp-content\\\/uploads\\\/2024\\\/09\\\/CATASTRO.jpg\",\"width\":1920,\"height\":1080},{\"@type\":\"BreadcrumbList\",\"@id\":\"https:\\\/\\\/santapola.es\\\/ca\\\/els-propietaris-de-bens-immobles-a-santa-pola-rebran-una-carta-de-cadastre-amb-el-nou-valor-cadastral-per-a-2025\\\/#breadcrumb\",\"itemListElement\":[{\"@type\":\"ListItem\",\"position\":1,\"name\":\"Inici\",\"item\":\"https:\\\/\\\/santapola.es\\\/ca\\\/\"},{\"@type\":\"ListItem\",\"position\":2,\"name\":\"Els propietaris de b\u00e9ns immobles a Santa Pola rebran una carta de Cadastre amb el nou valor cadastral per a 2025\"}]},{\"@type\":\"WebSite\",\"@id\":\"https:\\\/\\\/santapola.es\\\/ca\\\/#website\",\"url\":\"https:\\\/\\\/santapola.es\\\/ca\\\/\",\"name\":\"Ayuntamiento de Santa Pola\",\"description\":\"Web de l'Ajuntament de Santa Pola\",\"potentialAction\":[{\"@type\":\"SearchAction\",\"target\":{\"@type\":\"EntryPoint\",\"urlTemplate\":\"https:\\\/\\\/santapola.es\\\/ca\\\/?s={search_term_string}\"},\"query-input\":{\"@type\":\"PropertyValueSpecification\",\"valueRequired\":true,\"valueName\":\"search_term_string\"}}],\"inLanguage\":\"ca\"},{\"@type\":\"Person\",\"@id\":\"https:\\\/\\\/santapola.es\\\/ca\\\/#\\\/schema\\\/person\\\/ad1d67403707b58350c7be5e8dbc442d\",\"name\":\"Jos\u00e9 Juan L\u00f3pez Lafuente\"}]}<\/script>\n<!-- \/ Yoast SEO plugin. -->","yoast_head_json":{"title":"Els propietaris de b\u00e9ns immobles a Santa Pola rebran una carta de Cadastre amb el nou valor cadastral per a 2025 - Ajuntament de Santa Pola","robots":{"index":"index","follow":"follow","max-snippet":"max-snippet:-1","max-image-preview":"max-image-preview:large","max-video-preview":"max-video-preview:-1"},"canonical":"https:\/\/santapola.es\/ca\/els-propietaris-de-bens-immobles-a-santa-pola-rebran-una-carta-de-cadastre-amb-el-nou-valor-cadastral-per-a-2025\/","og_locale":"ca_ES","og_type":"article","og_title":"Els propietaris de b\u00e9ns immobles a Santa Pola rebran una carta de Cadastre amb el nou valor cadastral per a 2025 - Ajuntament de Santa Pola","og_description":"La carta inclou una clau personal per a descarregar la notificaci\u00f3 en www.sedecatastro.gob.es fins al 29 de setembre. Les persones que no tinguen acc\u00e9s a internet seran ateses portant el seu DNI o NIE en el Centre C\u00edvic, oficines municipals de Gran Alacant, SUMA Santa Pola o Ger\u00e8ncia de Cadastre a Alacant, de forma totalment [&hellip;]","og_url":"https:\/\/santapola.es\/ca\/els-propietaris-de-bens-immobles-a-santa-pola-rebran-una-carta-de-cadastre-amb-el-nou-valor-cadastral-per-a-2025\/","og_site_name":"Ajuntament de Santa Pola","article_publisher":"https:\/\/www.facebook.com\/AyuntamientoSantaPola\/","article_published_time":"2024-09-10T16:58:17+00:00","article_modified_time":"2024-09-10T16:59:57+00:00","og_image":[{"width":1920,"height":1080,"url":"https:\/\/santapola.es\/wp-content\/uploads\/2024\/09\/CATASTRO.jpg","type":"image\/jpeg"}],"author":"Jos\u00e9 Juan L\u00f3pez Lafuente","twitter_card":"summary_large_image","twitter_creator":"@SantaPolaAyunt","twitter_site":"@SantaPolaAyunt","schema":{"@context":"https:\/\/schema.org","@graph":[{"@type":"Article","@id":"https:\/\/santapola.es\/ca\/els-propietaris-de-bens-immobles-a-santa-pola-rebran-una-carta-de-cadastre-amb-el-nou-valor-cadastral-per-a-2025\/#article","isPartOf":{"@id":"https:\/\/santapola.es\/ca\/els-propietaris-de-bens-immobles-a-santa-pola-rebran-una-carta-de-cadastre-amb-el-nou-valor-cadastral-per-a-2025\/"},"author":{"name":"Jos\u00e9 Juan L\u00f3pez Lafuente","@id":"https:\/\/santapola.es\/ca\/#\/schema\/person\/ad1d67403707b58350c7be5e8dbc442d"},"headline":"Els propietaris de b\u00e9ns immobles a Santa Pola rebran una carta de Cadastre amb el nou valor cadastral per a 2025","datePublished":"2024-09-10T16:58:17+00:00","dateModified":"2024-09-10T16:59:57+00:00","mainEntityOfPage":{"@id":"https:\/\/santapola.es\/ca\/els-propietaris-de-bens-immobles-a-santa-pola-rebran-una-carta-de-cadastre-amb-el-nou-valor-cadastral-per-a-2025\/"},"wordCount":432,"image":{"@id":"https:\/\/santapola.es\/ca\/els-propietaris-de-bens-immobles-a-santa-pola-rebran-una-carta-de-cadastre-amb-el-nou-valor-cadastral-per-a-2025\/#primaryimage"},"thumbnailUrl":"https:\/\/santapola.es\/wp-content\/uploads\/2024\/09\/CATASTRO.jpg","keywords":["Cadastre","Valor cadastral"],"articleSection":["Avisos"],"inLanguage":"ca"},{"@type":"WebPage","@id":"https:\/\/santapola.es\/ca\/els-propietaris-de-bens-immobles-a-santa-pola-rebran-una-carta-de-cadastre-amb-el-nou-valor-cadastral-per-a-2025\/","url":"https:\/\/santapola.es\/ca\/els-propietaris-de-bens-immobles-a-santa-pola-rebran-una-carta-de-cadastre-amb-el-nou-valor-cadastral-per-a-2025\/","name":"Els propietaris de b\u00e9ns immobles a Santa Pola rebran una carta de Cadastre amb el nou valor cadastral per a 2025 - Ajuntament de Santa Pola","isPartOf":{"@id":"https:\/\/santapola.es\/ca\/#website"},"primaryImageOfPage":{"@id":"https:\/\/santapola.es\/ca\/els-propietaris-de-bens-immobles-a-santa-pola-rebran-una-carta-de-cadastre-amb-el-nou-valor-cadastral-per-a-2025\/#primaryimage"},"image":{"@id":"https:\/\/santapola.es\/ca\/els-propietaris-de-bens-immobles-a-santa-pola-rebran-una-carta-de-cadastre-amb-el-nou-valor-cadastral-per-a-2025\/#primaryimage"},"thumbnailUrl":"https:\/\/santapola.es\/wp-content\/uploads\/2024\/09\/CATASTRO.jpg","datePublished":"2024-09-10T16:58:17+00:00","dateModified":"2024-09-10T16:59:57+00:00","author":{"@id":"https:\/\/santapola.es\/ca\/#\/schema\/person\/ad1d67403707b58350c7be5e8dbc442d"},"breadcrumb":{"@id":"https:\/\/santapola.es\/ca\/els-propietaris-de-bens-immobles-a-santa-pola-rebran-una-carta-de-cadastre-amb-el-nou-valor-cadastral-per-a-2025\/#breadcrumb"},"inLanguage":"ca","potentialAction":[{"@type":"ReadAction","target":["https:\/\/santapola.es\/ca\/els-propietaris-de-bens-immobles-a-santa-pola-rebran-una-carta-de-cadastre-amb-el-nou-valor-cadastral-per-a-2025\/"]}]},{"@type":"ImageObject","inLanguage":"ca","@id":"https:\/\/santapola.es\/ca\/els-propietaris-de-bens-immobles-a-santa-pola-rebran-una-carta-de-cadastre-amb-el-nou-valor-cadastral-per-a-2025\/#primaryimage","url":"https:\/\/santapola.es\/wp-content\/uploads\/2024\/09\/CATASTRO.jpg","contentUrl":"https:\/\/santapola.es\/wp-content\/uploads\/2024\/09\/CATASTRO.jpg","width":1920,"height":1080},{"@type":"BreadcrumbList","@id":"https:\/\/santapola.es\/ca\/els-propietaris-de-bens-immobles-a-santa-pola-rebran-una-carta-de-cadastre-amb-el-nou-valor-cadastral-per-a-2025\/#breadcrumb","itemListElement":[{"@type":"ListItem","position":1,"name":"Inici","item":"https:\/\/santapola.es\/ca\/"},{"@type":"ListItem","position":2,"name":"Els propietaris de b\u00e9ns immobles a Santa Pola rebran una carta de Cadastre amb el nou valor cadastral per a 2025"}]},{"@type":"WebSite","@id":"https:\/\/santapola.es\/ca\/#website","url":"https:\/\/santapola.es\/ca\/","name":"Ayuntamiento de Santa Pola","description":"Web de l'Ajuntament de Santa Pola","potentialAction":[{"@type":"SearchAction","target":{"@type":"EntryPoint","urlTemplate":"https:\/\/santapola.es\/ca\/?s={search_term_string}"},"query-input":{"@type":"PropertyValueSpecification","valueRequired":true,"valueName":"search_term_string"}}],"inLanguage":"ca"},{"@type":"Person","@id":"https:\/\/santapola.es\/ca\/#\/schema\/person\/ad1d67403707b58350c7be5e8dbc442d","name":"Jos\u00e9 Juan L\u00f3pez Lafuente"}]}},"_links":{"self":[{"href":"https:\/\/santapola.es\/ca\/wp-json\/wp\/v2\/posts\/39035","targetHints":{"allow":["GET"]}}],"collection":[{"href":"https:\/\/santapola.es\/ca\/wp-json\/wp\/v2\/posts"}],"about":[{"href":"https:\/\/santapola.es\/ca\/wp-json\/wp\/v2\/types\/post"}],"author":[{"embeddable":true,"href":"https:\/\/santapola.es\/ca\/wp-json\/wp\/v2\/users\/96"}],"replies":[{"embeddable":true,"href":"https:\/\/santapola.es\/ca\/wp-json\/wp\/v2\/comments?post=39035"}],"version-history":[{"count":0,"href":"https:\/\/santapola.es\/ca\/wp-json\/wp\/v2\/posts\/39035\/revisions"}],"wp:featuredmedia":[{"embeddable":true,"href":"https:\/\/santapola.es\/ca\/wp-json\/wp\/v2\/media\/39033"}],"wp:attachment":[{"href":"https:\/\/santapola.es\/ca\/wp-json\/wp\/v2\/media?parent=39035"}],"wp:term":[{"taxonomy":"category","embeddable":true,"href":"https:\/\/santapola.es\/ca\/wp-json\/wp\/v2\/categories?post=39035"},{"taxonomy":"post_tag","embeddable":true,"href":"https:\/\/santapola.es\/ca\/wp-json\/wp\/v2\/tags?post=39035"}],"curies":[{"name":"wp","href":"https:\/\/api.w.org\/{rel}","templated":true}]}}