{"id":38896,"date":"2024-09-03T13:49:33","date_gmt":"2024-09-03T11:49:33","guid":{"rendered":"https:\/\/santapola.es\/?p=38896"},"modified":"2024-09-03T13:51:22","modified_gmt":"2024-09-03T11:51:22","slug":"santa-pola-aprofita-el-ple-del-consell-de-la-generalitat-valenciana-per-a-plantejar-a-tots-els-consellers-les-necessitats-del-municipi","status":"publish","type":"post","link":"https:\/\/santapola.es\/ca\/santa-pola-aprofita-el-ple-del-consell-de-la-generalitat-valenciana-per-a-plantejar-a-tots-els-consellers-les-necessitats-del-municipi\/","title":{"rendered":"Santa Pola aprofita el ple del Consell de la Generalitat Valenciana per a plantejar a tots els consellers les necessitats del municipi"},"content":{"rendered":"<p><strong>Una forta tempesta va sorprendre la seua arribada al president Carlos Maz\u00f3n i als seus consellers, que han sigut rebuts per l&#8217;alcaldessa i la corporaci\u00f3 municipal.\u00a0<\/strong><\/p>\n<p><strong>Loreto Serrano destaca la proximitat de totes les conselleres i consellers, als qui en fruct\u00edfers contactes han pogut traslladar les reivindicacions del municipi en totes les \u00e0rees.\u00a0<\/strong><\/p>\n<p>El Consell de la Generalitat Valenciana va triar l&#8217;Ajuntament de Santa Pola com a seu del seu primer ple del nou curs pol\u00edtic despr\u00e9s de les vacacions, despr\u00e9s d&#8217;una jornada pr\u00e8via que va reunir el president Maz\u00f3n i a diversos dels seus consellers en plenes festes patronals, vivint de primera m\u00e0 la reconquesta cristiana i mesclant-se amb festers i ve\u00efns.<\/p>\n<p>Este mat\u00ed un intens aiguat rebia als membres del Consell, la qual cosa va obligar a retardar el ple i canviar alguns plans inicials. Finalment es va poder celebrar el ple, aix\u00ed com la posterior roda de premsa de la portaveu Ruth Merino en el sal\u00f3 de plens de la casa consistorial.<\/p>\n<p>L&#8217;alcaldessa Loreto Serrano es mostrava satisfeta pel balan\u00e7 d&#8217;estos dos dies de conviv\u00e8ncia amb el m\u00e9s alt nivell del govern valenci\u00e0: \u201cel bo \u00e9s la facilitat que hem tingut per a explicar-los tant al president com a tots els consellers les necessitats del nostre municipi, considerem un \u00e8xit haver sigut capa\u00e7os de portar a Santa Pola el ple del Consell per primera vegada en la hist\u00f2ria i tindre l\u00ednia directa amb tots, a m\u00e9s en un ambient dist\u00e9s en les nostres festes que no ha sigut obstacle perqu\u00e8 h\u00e0gem aprofitat l&#8217;oportunitat de reivindicar les nostres peticions\u201d.<\/p>\n<p>Serrano ha destacat la multitud de temes plantejats als huit consellers, \u201cper exemple el col\u00b7legi Hispanitat i l&#8217;institut de Gran Alacant, aix\u00ed com les necessitats de tots els col\u00b7legis de Santa Pola, hem pogut parlar amb el conseller de Sanitat sobre el centre de salut de Gran Alacant, de temes del sector pesquer amb el nou conseller, de la situaci\u00f3 del port i com millorar les seues infraestructures, de projectes europeus, de turisme, de la millora de les telecomunicacions en tota la poblaci\u00f3 que ja s&#8217;ha fet realitat amb el projecte de TDT per a la zona este de Santa Pola que ha anunciat hui la consellera Ruth Merino, la situaci\u00f3 del transport p\u00fablic, els col\u00b7lectors del sanejament de la serra i una infinitat de peticions i propostes que hem plantejat a tots\u201d.<\/p>\n<p>L&#8217;alcaldessa va valorar que \u201cdurant estos dos dies d&#8217;intens treball hem tingut accessibilitat per a poder parlar amb tots els consellers, amb els qui ens hem empla\u00e7at al fet que visiten pr\u00f2ximament el nostre municipi per a refor\u00e7ar estos contactes\u201d.<\/p>\n<p>Finalment Loreto Serrano es va mostrar encantada que \u201chagen volgut con\u00e9ixer de primera m\u00e0 les festes locals, l&#8217;any passat no va poder vindre el president despr\u00e9s d&#8217;haver sigut pregoner i enguany no ha volgut perdre-li-les, ens ha comentat el valor emocional que t\u00e9 per a ell Santa Pola i les seues festes, ja que des de llavors s&#8217;assega molt arrelat amb nosaltres\u201d.<\/p>\n","protected":false},"excerpt":{"rendered":"<p>Una forta tempesta va sorprendre la seua arribada al president Carlos Maz\u00f3n i als seus consellers, que han sigut rebuts per l&#8217;alcaldessa i la corporaci\u00f3 municipal.\u00a0 Loreto Serrano destaca la proximitat de totes les conselleres i consellers, als qui en fruct\u00edfers contactes han pogut traslladar les reivindicacions del municipi en totes les \u00e0rees.\u00a0 El Consell [&hellip;]<\/p>\n","protected":false},"author":96,"featured_media":38894,"comment_status":"closed","ping_status":"closed","sticky":false,"template":"","format":"standard","meta":{"_et_pb_use_builder":"","_et_pb_old_content":"","_et_gb_content_width":"","footnotes":""},"categories":[850,434],"tags":[488,487,1073],"class_list":["post-38896","post","type-post","status-publish","format-standard","has-post-thumbnail","hentry","category-alcaldia-ca","category-festes","tag-carlos-mazon-ca","tag-loreto-serrano-ca","tag-ple-del-consell"],"yoast_head":"<!-- This site is optimized with the Yoast SEO plugin v27.4 - https:\/\/yoast.com\/product\/yoast-seo-wordpress\/ -->\n<title>Santa Pola aprofita el ple del Consell de la Generalitat Valenciana per a plantejar a tots els consellers les necessitats del municipi - Ajuntament de Santa Pola<\/title>\n<meta name=\"robots\" content=\"index, follow, max-snippet:-1, max-image-preview:large, max-video-preview:-1\" \/>\n<link rel=\"canonical\" href=\"https:\/\/santapola.es\/ca\/santa-pola-aprofita-el-ple-del-consell-de-la-generalitat-valenciana-per-a-plantejar-a-tots-els-consellers-les-necessitats-del-municipi\/\" \/>\n<meta property=\"og:locale\" content=\"ca_ES\" \/>\n<meta property=\"og:type\" content=\"article\" \/>\n<meta property=\"og:title\" content=\"Santa Pola aprofita el ple del Consell de la Generalitat Valenciana per a plantejar a tots els consellers les necessitats del municipi - Ajuntament de Santa Pola\" \/>\n<meta property=\"og:description\" content=\"Una forta tempesta va sorprendre la seua arribada al president Carlos Maz\u00f3n i als seus consellers, que han sigut rebuts per l&#8217;alcaldessa i la corporaci\u00f3 municipal.\u00a0 Loreto Serrano destaca la proximitat de totes les conselleres i consellers, als qui en fruct\u00edfers contactes han pogut traslladar les reivindicacions del municipi en totes les \u00e0rees.\u00a0 El Consell [&hellip;]\" \/>\n<meta property=\"og:url\" content=\"https:\/\/santapola.es\/ca\/santa-pola-aprofita-el-ple-del-consell-de-la-generalitat-valenciana-per-a-plantejar-a-tots-els-consellers-les-necessitats-del-municipi\/\" \/>\n<meta property=\"og:site_name\" content=\"Ajuntament de Santa Pola\" \/>\n<meta property=\"article:publisher\" content=\"https:\/\/www.facebook.com\/AyuntamientoSantaPola\/\" \/>\n<meta property=\"article:published_time\" content=\"2024-09-03T11:49:33+00:00\" \/>\n<meta property=\"article:modified_time\" content=\"2024-09-03T11:51:22+00:00\" \/>\n<meta property=\"og:image\" content=\"https:\/\/santapola.es\/wp-content\/uploads\/2024\/09\/2024-09-03-visita-Consell-a-Santa-Pola-1.jpg\" \/>\n\t<meta property=\"og:image:width\" content=\"1920\" \/>\n\t<meta property=\"og:image:height\" content=\"1040\" \/>\n\t<meta property=\"og:image:type\" content=\"image\/jpeg\" \/>\n<meta name=\"author\" content=\"Jos\u00e9 Juan L\u00f3pez Lafuente\" \/>\n<meta name=\"twitter:card\" content=\"summary_large_image\" \/>\n<meta name=\"twitter:creator\" content=\"@SantaPolaAyunt\" \/>\n<meta name=\"twitter:site\" content=\"@SantaPolaAyunt\" \/>\n<script type=\"application\/ld+json\" class=\"yoast-schema-graph\">{\"@context\":\"https:\\\/\\\/schema.org\",\"@graph\":[{\"@type\":\"Article\",\"@id\":\"https:\\\/\\\/santapola.es\\\/ca\\\/santa-pola-aprofita-el-ple-del-consell-de-la-generalitat-valenciana-per-a-plantejar-a-tots-els-consellers-les-necessitats-del-municipi\\\/#article\",\"isPartOf\":{\"@id\":\"https:\\\/\\\/santapola.es\\\/ca\\\/santa-pola-aprofita-el-ple-del-consell-de-la-generalitat-valenciana-per-a-plantejar-a-tots-els-consellers-les-necessitats-del-municipi\\\/\"},\"author\":{\"name\":\"Jos\u00e9 Juan L\u00f3pez Lafuente\",\"@id\":\"https:\\\/\\\/santapola.es\\\/ca\\\/#\\\/schema\\\/person\\\/ad1d67403707b58350c7be5e8dbc442d\"},\"headline\":\"Santa Pola aprofita el ple del Consell de la Generalitat Valenciana per a plantejar a tots els consellers les necessitats del municipi\",\"datePublished\":\"2024-09-03T11:49:33+00:00\",\"dateModified\":\"2024-09-03T11:51:22+00:00\",\"mainEntityOfPage\":{\"@id\":\"https:\\\/\\\/santapola.es\\\/ca\\\/santa-pola-aprofita-el-ple-del-consell-de-la-generalitat-valenciana-per-a-plantejar-a-tots-els-consellers-les-necessitats-del-municipi\\\/\"},\"wordCount\":556,\"image\":{\"@id\":\"https:\\\/\\\/santapola.es\\\/ca\\\/santa-pola-aprofita-el-ple-del-consell-de-la-generalitat-valenciana-per-a-plantejar-a-tots-els-consellers-les-necessitats-del-municipi\\\/#primaryimage\"},\"thumbnailUrl\":\"https:\\\/\\\/santapola.es\\\/wp-content\\\/uploads\\\/2024\\\/09\\\/2024-09-03-visita-Consell-a-Santa-Pola-1.jpg\",\"keywords\":[\"Carlos Maz\u00f3n\",\"Loreto Serrano\",\"Ple del Consell\"],\"articleSection\":[\"Alcaldia\",\"Festes\"],\"inLanguage\":\"ca\"},{\"@type\":\"WebPage\",\"@id\":\"https:\\\/\\\/santapola.es\\\/ca\\\/santa-pola-aprofita-el-ple-del-consell-de-la-generalitat-valenciana-per-a-plantejar-a-tots-els-consellers-les-necessitats-del-municipi\\\/\",\"url\":\"https:\\\/\\\/santapola.es\\\/ca\\\/santa-pola-aprofita-el-ple-del-consell-de-la-generalitat-valenciana-per-a-plantejar-a-tots-els-consellers-les-necessitats-del-municipi\\\/\",\"name\":\"Santa Pola aprofita el ple del Consell de la Generalitat Valenciana per a plantejar a tots els consellers les necessitats del municipi - Ajuntament de Santa Pola\",\"isPartOf\":{\"@id\":\"https:\\\/\\\/santapola.es\\\/ca\\\/#website\"},\"primaryImageOfPage\":{\"@id\":\"https:\\\/\\\/santapola.es\\\/ca\\\/santa-pola-aprofita-el-ple-del-consell-de-la-generalitat-valenciana-per-a-plantejar-a-tots-els-consellers-les-necessitats-del-municipi\\\/#primaryimage\"},\"image\":{\"@id\":\"https:\\\/\\\/santapola.es\\\/ca\\\/santa-pola-aprofita-el-ple-del-consell-de-la-generalitat-valenciana-per-a-plantejar-a-tots-els-consellers-les-necessitats-del-municipi\\\/#primaryimage\"},\"thumbnailUrl\":\"https:\\\/\\\/santapola.es\\\/wp-content\\\/uploads\\\/2024\\\/09\\\/2024-09-03-visita-Consell-a-Santa-Pola-1.jpg\",\"datePublished\":\"2024-09-03T11:49:33+00:00\",\"dateModified\":\"2024-09-03T11:51:22+00:00\",\"author\":{\"@id\":\"https:\\\/\\\/santapola.es\\\/ca\\\/#\\\/schema\\\/person\\\/ad1d67403707b58350c7be5e8dbc442d\"},\"breadcrumb\":{\"@id\":\"https:\\\/\\\/santapola.es\\\/ca\\\/santa-pola-aprofita-el-ple-del-consell-de-la-generalitat-valenciana-per-a-plantejar-a-tots-els-consellers-les-necessitats-del-municipi\\\/#breadcrumb\"},\"inLanguage\":\"ca\",\"potentialAction\":[{\"@type\":\"ReadAction\",\"target\":[\"https:\\\/\\\/santapola.es\\\/ca\\\/santa-pola-aprofita-el-ple-del-consell-de-la-generalitat-valenciana-per-a-plantejar-a-tots-els-consellers-les-necessitats-del-municipi\\\/\"]}]},{\"@type\":\"ImageObject\",\"inLanguage\":\"ca\",\"@id\":\"https:\\\/\\\/santapola.es\\\/ca\\\/santa-pola-aprofita-el-ple-del-consell-de-la-generalitat-valenciana-per-a-plantejar-a-tots-els-consellers-les-necessitats-del-municipi\\\/#primaryimage\",\"url\":\"https:\\\/\\\/santapola.es\\\/wp-content\\\/uploads\\\/2024\\\/09\\\/2024-09-03-visita-Consell-a-Santa-Pola-1.jpg\",\"contentUrl\":\"https:\\\/\\\/santapola.es\\\/wp-content\\\/uploads\\\/2024\\\/09\\\/2024-09-03-visita-Consell-a-Santa-Pola-1.jpg\",\"width\":1920,\"height\":1040},{\"@type\":\"BreadcrumbList\",\"@id\":\"https:\\\/\\\/santapola.es\\\/ca\\\/santa-pola-aprofita-el-ple-del-consell-de-la-generalitat-valenciana-per-a-plantejar-a-tots-els-consellers-les-necessitats-del-municipi\\\/#breadcrumb\",\"itemListElement\":[{\"@type\":\"ListItem\",\"position\":1,\"name\":\"Inici\",\"item\":\"https:\\\/\\\/santapola.es\\\/ca\\\/\"},{\"@type\":\"ListItem\",\"position\":2,\"name\":\"Santa Pola aprofita el ple del Consell de la Generalitat Valenciana per a plantejar a tots els consellers les necessitats del municipi\"}]},{\"@type\":\"WebSite\",\"@id\":\"https:\\\/\\\/santapola.es\\\/ca\\\/#website\",\"url\":\"https:\\\/\\\/santapola.es\\\/ca\\\/\",\"name\":\"Ayuntamiento de Santa Pola\",\"description\":\"Web de l'Ajuntament de Santa Pola\",\"potentialAction\":[{\"@type\":\"SearchAction\",\"target\":{\"@type\":\"EntryPoint\",\"urlTemplate\":\"https:\\\/\\\/santapola.es\\\/ca\\\/?s={search_term_string}\"},\"query-input\":{\"@type\":\"PropertyValueSpecification\",\"valueRequired\":true,\"valueName\":\"search_term_string\"}}],\"inLanguage\":\"ca\"},{\"@type\":\"Person\",\"@id\":\"https:\\\/\\\/santapola.es\\\/ca\\\/#\\\/schema\\\/person\\\/ad1d67403707b58350c7be5e8dbc442d\",\"name\":\"Jos\u00e9 Juan L\u00f3pez Lafuente\"}]}<\/script>\n<!-- \/ Yoast SEO plugin. -->","yoast_head_json":{"title":"Santa Pola aprofita el ple del Consell de la Generalitat Valenciana per a plantejar a tots els consellers les necessitats del municipi - Ajuntament de Santa Pola","robots":{"index":"index","follow":"follow","max-snippet":"max-snippet:-1","max-image-preview":"max-image-preview:large","max-video-preview":"max-video-preview:-1"},"canonical":"https:\/\/santapola.es\/ca\/santa-pola-aprofita-el-ple-del-consell-de-la-generalitat-valenciana-per-a-plantejar-a-tots-els-consellers-les-necessitats-del-municipi\/","og_locale":"ca_ES","og_type":"article","og_title":"Santa Pola aprofita el ple del Consell de la Generalitat Valenciana per a plantejar a tots els consellers les necessitats del municipi - Ajuntament de Santa Pola","og_description":"Una forta tempesta va sorprendre la seua arribada al president Carlos Maz\u00f3n i als seus consellers, que han sigut rebuts per l&#8217;alcaldessa i la corporaci\u00f3 municipal.\u00a0 Loreto Serrano destaca la proximitat de totes les conselleres i consellers, als qui en fruct\u00edfers contactes han pogut traslladar les reivindicacions del municipi en totes les \u00e0rees.\u00a0 El Consell [&hellip;]","og_url":"https:\/\/santapola.es\/ca\/santa-pola-aprofita-el-ple-del-consell-de-la-generalitat-valenciana-per-a-plantejar-a-tots-els-consellers-les-necessitats-del-municipi\/","og_site_name":"Ajuntament de Santa Pola","article_publisher":"https:\/\/www.facebook.com\/AyuntamientoSantaPola\/","article_published_time":"2024-09-03T11:49:33+00:00","article_modified_time":"2024-09-03T11:51:22+00:00","og_image":[{"width":1920,"height":1040,"url":"https:\/\/santapola.es\/wp-content\/uploads\/2024\/09\/2024-09-03-visita-Consell-a-Santa-Pola-1.jpg","type":"image\/jpeg"}],"author":"Jos\u00e9 Juan L\u00f3pez Lafuente","twitter_card":"summary_large_image","twitter_creator":"@SantaPolaAyunt","twitter_site":"@SantaPolaAyunt","schema":{"@context":"https:\/\/schema.org","@graph":[{"@type":"Article","@id":"https:\/\/santapola.es\/ca\/santa-pola-aprofita-el-ple-del-consell-de-la-generalitat-valenciana-per-a-plantejar-a-tots-els-consellers-les-necessitats-del-municipi\/#article","isPartOf":{"@id":"https:\/\/santapola.es\/ca\/santa-pola-aprofita-el-ple-del-consell-de-la-generalitat-valenciana-per-a-plantejar-a-tots-els-consellers-les-necessitats-del-municipi\/"},"author":{"name":"Jos\u00e9 Juan L\u00f3pez Lafuente","@id":"https:\/\/santapola.es\/ca\/#\/schema\/person\/ad1d67403707b58350c7be5e8dbc442d"},"headline":"Santa Pola aprofita el ple del Consell de la Generalitat Valenciana per a plantejar a tots els consellers les necessitats del municipi","datePublished":"2024-09-03T11:49:33+00:00","dateModified":"2024-09-03T11:51:22+00:00","mainEntityOfPage":{"@id":"https:\/\/santapola.es\/ca\/santa-pola-aprofita-el-ple-del-consell-de-la-generalitat-valenciana-per-a-plantejar-a-tots-els-consellers-les-necessitats-del-municipi\/"},"wordCount":556,"image":{"@id":"https:\/\/santapola.es\/ca\/santa-pola-aprofita-el-ple-del-consell-de-la-generalitat-valenciana-per-a-plantejar-a-tots-els-consellers-les-necessitats-del-municipi\/#primaryimage"},"thumbnailUrl":"https:\/\/santapola.es\/wp-content\/uploads\/2024\/09\/2024-09-03-visita-Consell-a-Santa-Pola-1.jpg","keywords":["Carlos Maz\u00f3n","Loreto Serrano","Ple del Consell"],"articleSection":["Alcaldia","Festes"],"inLanguage":"ca"},{"@type":"WebPage","@id":"https:\/\/santapola.es\/ca\/santa-pola-aprofita-el-ple-del-consell-de-la-generalitat-valenciana-per-a-plantejar-a-tots-els-consellers-les-necessitats-del-municipi\/","url":"https:\/\/santapola.es\/ca\/santa-pola-aprofita-el-ple-del-consell-de-la-generalitat-valenciana-per-a-plantejar-a-tots-els-consellers-les-necessitats-del-municipi\/","name":"Santa Pola aprofita el ple del Consell de la Generalitat Valenciana per a plantejar a tots els consellers les necessitats del municipi - Ajuntament de Santa Pola","isPartOf":{"@id":"https:\/\/santapola.es\/ca\/#website"},"primaryImageOfPage":{"@id":"https:\/\/santapola.es\/ca\/santa-pola-aprofita-el-ple-del-consell-de-la-generalitat-valenciana-per-a-plantejar-a-tots-els-consellers-les-necessitats-del-municipi\/#primaryimage"},"image":{"@id":"https:\/\/santapola.es\/ca\/santa-pola-aprofita-el-ple-del-consell-de-la-generalitat-valenciana-per-a-plantejar-a-tots-els-consellers-les-necessitats-del-municipi\/#primaryimage"},"thumbnailUrl":"https:\/\/santapola.es\/wp-content\/uploads\/2024\/09\/2024-09-03-visita-Consell-a-Santa-Pola-1.jpg","datePublished":"2024-09-03T11:49:33+00:00","dateModified":"2024-09-03T11:51:22+00:00","author":{"@id":"https:\/\/santapola.es\/ca\/#\/schema\/person\/ad1d67403707b58350c7be5e8dbc442d"},"breadcrumb":{"@id":"https:\/\/santapola.es\/ca\/santa-pola-aprofita-el-ple-del-consell-de-la-generalitat-valenciana-per-a-plantejar-a-tots-els-consellers-les-necessitats-del-municipi\/#breadcrumb"},"inLanguage":"ca","potentialAction":[{"@type":"ReadAction","target":["https:\/\/santapola.es\/ca\/santa-pola-aprofita-el-ple-del-consell-de-la-generalitat-valenciana-per-a-plantejar-a-tots-els-consellers-les-necessitats-del-municipi\/"]}]},{"@type":"ImageObject","inLanguage":"ca","@id":"https:\/\/santapola.es\/ca\/santa-pola-aprofita-el-ple-del-consell-de-la-generalitat-valenciana-per-a-plantejar-a-tots-els-consellers-les-necessitats-del-municipi\/#primaryimage","url":"https:\/\/santapola.es\/wp-content\/uploads\/2024\/09\/2024-09-03-visita-Consell-a-Santa-Pola-1.jpg","contentUrl":"https:\/\/santapola.es\/wp-content\/uploads\/2024\/09\/2024-09-03-visita-Consell-a-Santa-Pola-1.jpg","width":1920,"height":1040},{"@type":"BreadcrumbList","@id":"https:\/\/santapola.es\/ca\/santa-pola-aprofita-el-ple-del-consell-de-la-generalitat-valenciana-per-a-plantejar-a-tots-els-consellers-les-necessitats-del-municipi\/#breadcrumb","itemListElement":[{"@type":"ListItem","position":1,"name":"Inici","item":"https:\/\/santapola.es\/ca\/"},{"@type":"ListItem","position":2,"name":"Santa Pola aprofita el ple del Consell de la Generalitat Valenciana per a plantejar a tots els consellers les necessitats del municipi"}]},{"@type":"WebSite","@id":"https:\/\/santapola.es\/ca\/#website","url":"https:\/\/santapola.es\/ca\/","name":"Ayuntamiento de Santa Pola","description":"Web de l'Ajuntament de Santa Pola","potentialAction":[{"@type":"SearchAction","target":{"@type":"EntryPoint","urlTemplate":"https:\/\/santapola.es\/ca\/?s={search_term_string}"},"query-input":{"@type":"PropertyValueSpecification","valueRequired":true,"valueName":"search_term_string"}}],"inLanguage":"ca"},{"@type":"Person","@id":"https:\/\/santapola.es\/ca\/#\/schema\/person\/ad1d67403707b58350c7be5e8dbc442d","name":"Jos\u00e9 Juan L\u00f3pez Lafuente"}]}},"_links":{"self":[{"href":"https:\/\/santapola.es\/ca\/wp-json\/wp\/v2\/posts\/38896","targetHints":{"allow":["GET"]}}],"collection":[{"href":"https:\/\/santapola.es\/ca\/wp-json\/wp\/v2\/posts"}],"about":[{"href":"https:\/\/santapola.es\/ca\/wp-json\/wp\/v2\/types\/post"}],"author":[{"embeddable":true,"href":"https:\/\/santapola.es\/ca\/wp-json\/wp\/v2\/users\/96"}],"replies":[{"embeddable":true,"href":"https:\/\/santapola.es\/ca\/wp-json\/wp\/v2\/comments?post=38896"}],"version-history":[{"count":0,"href":"https:\/\/santapola.es\/ca\/wp-json\/wp\/v2\/posts\/38896\/revisions"}],"wp:featuredmedia":[{"embeddable":true,"href":"https:\/\/santapola.es\/ca\/wp-json\/wp\/v2\/media\/38894"}],"wp:attachment":[{"href":"https:\/\/santapola.es\/ca\/wp-json\/wp\/v2\/media?parent=38896"}],"wp:term":[{"taxonomy":"category","embeddable":true,"href":"https:\/\/santapola.es\/ca\/wp-json\/wp\/v2\/categories?post=38896"},{"taxonomy":"post_tag","embeddable":true,"href":"https:\/\/santapola.es\/ca\/wp-json\/wp\/v2\/tags?post=38896"}],"curies":[{"name":"wp","href":"https:\/\/api.w.org\/{rel}","templated":true}]}}