{"id":38868,"date":"2024-08-31T10:43:17","date_gmt":"2024-08-31T08:43:17","guid":{"rendered":"https:\/\/santapola.es\/?p=38868"},"modified":"2024-08-31T10:43:17","modified_gmt":"2024-08-31T08:43:17","slug":"reunio-a-santa-pola-amb-la-construccio-i-reforma-de-col%c2%b7legis-i-instituts-sobre-la-taula","status":"publish","type":"post","link":"https:\/\/santapola.es\/ca\/reunio-a-santa-pola-amb-la-construccio-i-reforma-de-col%c2%b7legis-i-instituts-sobre-la-taula\/","title":{"rendered":"Reuni\u00f3 a Santa Pola amb la construcci\u00f3 i reforma de col\u00b7legis i instituts sobre la taula"},"content":{"rendered":"<p><strong>L&#8217;alcaldessa s&#8217;ha reunit amb el director general d&#8217;Infraestructures Educatives i amb la delegada del Consell a Alacant per a avan\u00e7ar en els projectes de col\u00b7legis i instituts inclosos en el Pla Edificant.<\/strong><\/p>\n<p>El director general d&#8217;Infraestructures Educatives de la Conselleria d&#8217;Educaci\u00f3, Jos\u00e9 Mar\u00eda Larena, i la delegada del Consell a Alacant, Agustina Esteve, han visitat este mat\u00ed l&#8217;Ajuntament de Santa Pola per a reunir-se amb l&#8217;alcaldessa Loreto Serrano, el regidor d&#8217;Educaci\u00f3, \u00d3scar Valenzuela, la regidor d&#8217;Infraestructures, Trini Ortiz, i t\u00e8cnics municipals.<\/p>\n<p>En la reuni\u00f3 s&#8217;han tractat tots els assumptes que Santa Pola t\u00e9 en proc\u00e9s dins del pla Edificant de la Generalitat Valenciana, el programa de col\u00b7laboraci\u00f3 entre l&#8217;administraci\u00f3 auton\u00f2mica i els ajuntaments per a desenrotllar noves accions en mat\u00e8ria d&#8217;infraestructures educatives, i que afecta tots els col\u00b7legis i instituts del municipi, tant en la construcci\u00f3 de nous centres com en la remodelaci\u00f3 d&#8217;uns altres.<\/p>\n<p>Un dels temes en els quals m\u00e9s s&#8217;ha incidit ha sigut la sol\u00b7licitud d&#8217;increment del pressupost per a reprendre la construcci\u00f3 del nou col\u00b7legi Hispanitat, la licitaci\u00f3 de la qual per import de 5.355.583 euros ha quedat deserta al no haver presentat oferta cap empresa a la convocat\u00f2ria que va presentar l&#8217;Ajuntament de Santa Pola.<\/p>\n","protected":false},"excerpt":{"rendered":"<p>L&#8217;alcaldessa s&#8217;ha reunit amb el director general d&#8217;Infraestructures Educatives i amb la delegada del Consell a Alacant per a avan\u00e7ar en els projectes de col\u00b7legis i instituts inclosos en el Pla Edificant. El director general d&#8217;Infraestructures Educatives de la Conselleria d&#8217;Educaci\u00f3, Jos\u00e9 Mar\u00eda Larena, i la delegada del Consell a Alacant, Agustina Esteve, han visitat [&hellip;]<\/p>\n","protected":false},"author":96,"featured_media":38867,"comment_status":"closed","ping_status":"closed","sticky":false,"template":"","format":"standard","meta":{"_et_pb_use_builder":"","_et_pb_old_content":"","_et_gb_content_width":"","footnotes":""},"categories":[474],"tags":[1070,1069,487,619,1068,486],"class_list":["post-38868","post","type-post","status-publish","format-standard","has-post-thumbnail","hentry","category-educacio","tag-delegada-del-consell-en-alacant","tag-director-general-dinfraestructures-educatives","tag-loreto-serrano-ca","tag-oscar-valenzuela-ca","tag-pla-edificant","tag-trini-ortiz-ca"],"yoast_head":"<!-- This site is optimized with the Yoast SEO plugin v27.4 - https:\/\/yoast.com\/product\/yoast-seo-wordpress\/ -->\n<title>Reuni\u00f3 a Santa Pola amb la construcci\u00f3 i reforma de col\u00b7legis i instituts sobre la taula - Ajuntament de Santa Pola<\/title>\n<meta name=\"robots\" content=\"index, follow, max-snippet:-1, max-image-preview:large, max-video-preview:-1\" \/>\n<link rel=\"canonical\" href=\"https:\/\/santapola.es\/ca\/reunio-a-santa-pola-amb-la-construccio-i-reforma-de-col%c2%b7legis-i-instituts-sobre-la-taula\/\" \/>\n<meta property=\"og:locale\" content=\"ca_ES\" \/>\n<meta property=\"og:type\" content=\"article\" \/>\n<meta property=\"og:title\" content=\"Reuni\u00f3 a Santa Pola amb la construcci\u00f3 i reforma de col\u00b7legis i instituts sobre la taula - Ajuntament de Santa Pola\" \/>\n<meta property=\"og:description\" content=\"L&#8217;alcaldessa s&#8217;ha reunit amb el director general d&#8217;Infraestructures Educatives i amb la delegada del Consell a Alacant per a avan\u00e7ar en els projectes de col\u00b7legis i instituts inclosos en el Pla Edificant. El director general d&#8217;Infraestructures Educatives de la Conselleria d&#8217;Educaci\u00f3, Jos\u00e9 Mar\u00eda Larena, i la delegada del Consell a Alacant, Agustina Esteve, han visitat [&hellip;]\" \/>\n<meta property=\"og:url\" content=\"https:\/\/santapola.es\/ca\/reunio-a-santa-pola-amb-la-construccio-i-reforma-de-col%c2%b7legis-i-instituts-sobre-la-taula\/\" \/>\n<meta property=\"og:site_name\" content=\"Ajuntament de Santa Pola\" \/>\n<meta property=\"article:publisher\" content=\"https:\/\/www.facebook.com\/AyuntamientoSantaPola\/\" \/>\n<meta property=\"article:published_time\" content=\"2024-08-31T08:43:17+00:00\" \/>\n<meta property=\"og:image\" content=\"https:\/\/santapola.es\/wp-content\/uploads\/2024\/08\/2024-08-30-infraestructuras-educativas-3.jpeg\" \/>\n\t<meta property=\"og:image:width\" content=\"1600\" \/>\n\t<meta property=\"og:image:height\" content=\"899\" \/>\n\t<meta property=\"og:image:type\" content=\"image\/jpeg\" \/>\n<meta name=\"author\" content=\"Jos\u00e9 Juan L\u00f3pez Lafuente\" \/>\n<meta name=\"twitter:card\" content=\"summary_large_image\" \/>\n<meta name=\"twitter:creator\" content=\"@SantaPolaAyunt\" \/>\n<meta name=\"twitter:site\" content=\"@SantaPolaAyunt\" \/>\n<script type=\"application\/ld+json\" class=\"yoast-schema-graph\">{\"@context\":\"https:\\\/\\\/schema.org\",\"@graph\":[{\"@type\":\"Article\",\"@id\":\"https:\\\/\\\/santapola.es\\\/ca\\\/reunio-a-santa-pola-amb-la-construccio-i-reforma-de-col%c2%b7legis-i-instituts-sobre-la-taula\\\/#article\",\"isPartOf\":{\"@id\":\"https:\\\/\\\/santapola.es\\\/ca\\\/reunio-a-santa-pola-amb-la-construccio-i-reforma-de-col%c2%b7legis-i-instituts-sobre-la-taula\\\/\"},\"author\":{\"name\":\"Jos\u00e9 Juan L\u00f3pez Lafuente\",\"@id\":\"https:\\\/\\\/santapola.es\\\/ca\\\/#\\\/schema\\\/person\\\/ad1d67403707b58350c7be5e8dbc442d\"},\"headline\":\"Reuni\u00f3 a Santa Pola amb la construcci\u00f3 i reforma de col\u00b7legis i instituts sobre la taula\",\"datePublished\":\"2024-08-31T08:43:17+00:00\",\"mainEntityOfPage\":{\"@id\":\"https:\\\/\\\/santapola.es\\\/ca\\\/reunio-a-santa-pola-amb-la-construccio-i-reforma-de-col%c2%b7legis-i-instituts-sobre-la-taula\\\/\"},\"wordCount\":245,\"image\":{\"@id\":\"https:\\\/\\\/santapola.es\\\/ca\\\/reunio-a-santa-pola-amb-la-construccio-i-reforma-de-col%c2%b7legis-i-instituts-sobre-la-taula\\\/#primaryimage\"},\"thumbnailUrl\":\"https:\\\/\\\/santapola.es\\\/wp-content\\\/uploads\\\/2024\\\/08\\\/2024-08-30-infraestructuras-educativas-3.jpeg\",\"keywords\":[\"Delegada del Consell en Alacant\",\"Director general d'Infraestructures Educatives\",\"Loreto Serrano\",\"\u00d3scar Valenzuela\",\"Pla Edificant\",\"Trini Ortiz\"],\"articleSection\":[\"Educaci\u00f3\"],\"inLanguage\":\"ca\"},{\"@type\":\"WebPage\",\"@id\":\"https:\\\/\\\/santapola.es\\\/ca\\\/reunio-a-santa-pola-amb-la-construccio-i-reforma-de-col%c2%b7legis-i-instituts-sobre-la-taula\\\/\",\"url\":\"https:\\\/\\\/santapola.es\\\/ca\\\/reunio-a-santa-pola-amb-la-construccio-i-reforma-de-col%c2%b7legis-i-instituts-sobre-la-taula\\\/\",\"name\":\"Reuni\u00f3 a Santa Pola amb la construcci\u00f3 i reforma de col\u00b7legis i instituts sobre la taula - Ajuntament de Santa Pola\",\"isPartOf\":{\"@id\":\"https:\\\/\\\/santapola.es\\\/ca\\\/#website\"},\"primaryImageOfPage\":{\"@id\":\"https:\\\/\\\/santapola.es\\\/ca\\\/reunio-a-santa-pola-amb-la-construccio-i-reforma-de-col%c2%b7legis-i-instituts-sobre-la-taula\\\/#primaryimage\"},\"image\":{\"@id\":\"https:\\\/\\\/santapola.es\\\/ca\\\/reunio-a-santa-pola-amb-la-construccio-i-reforma-de-col%c2%b7legis-i-instituts-sobre-la-taula\\\/#primaryimage\"},\"thumbnailUrl\":\"https:\\\/\\\/santapola.es\\\/wp-content\\\/uploads\\\/2024\\\/08\\\/2024-08-30-infraestructuras-educativas-3.jpeg\",\"datePublished\":\"2024-08-31T08:43:17+00:00\",\"author\":{\"@id\":\"https:\\\/\\\/santapola.es\\\/ca\\\/#\\\/schema\\\/person\\\/ad1d67403707b58350c7be5e8dbc442d\"},\"breadcrumb\":{\"@id\":\"https:\\\/\\\/santapola.es\\\/ca\\\/reunio-a-santa-pola-amb-la-construccio-i-reforma-de-col%c2%b7legis-i-instituts-sobre-la-taula\\\/#breadcrumb\"},\"inLanguage\":\"ca\",\"potentialAction\":[{\"@type\":\"ReadAction\",\"target\":[\"https:\\\/\\\/santapola.es\\\/ca\\\/reunio-a-santa-pola-amb-la-construccio-i-reforma-de-col%c2%b7legis-i-instituts-sobre-la-taula\\\/\"]}]},{\"@type\":\"ImageObject\",\"inLanguage\":\"ca\",\"@id\":\"https:\\\/\\\/santapola.es\\\/ca\\\/reunio-a-santa-pola-amb-la-construccio-i-reforma-de-col%c2%b7legis-i-instituts-sobre-la-taula\\\/#primaryimage\",\"url\":\"https:\\\/\\\/santapola.es\\\/wp-content\\\/uploads\\\/2024\\\/08\\\/2024-08-30-infraestructuras-educativas-3.jpeg\",\"contentUrl\":\"https:\\\/\\\/santapola.es\\\/wp-content\\\/uploads\\\/2024\\\/08\\\/2024-08-30-infraestructuras-educativas-3.jpeg\",\"width\":1600,\"height\":899},{\"@type\":\"BreadcrumbList\",\"@id\":\"https:\\\/\\\/santapola.es\\\/ca\\\/reunio-a-santa-pola-amb-la-construccio-i-reforma-de-col%c2%b7legis-i-instituts-sobre-la-taula\\\/#breadcrumb\",\"itemListElement\":[{\"@type\":\"ListItem\",\"position\":1,\"name\":\"Inici\",\"item\":\"https:\\\/\\\/santapola.es\\\/ca\\\/\"},{\"@type\":\"ListItem\",\"position\":2,\"name\":\"Reuni\u00f3 a Santa Pola amb la construcci\u00f3 i reforma de col\u00b7legis i instituts sobre la taula\"}]},{\"@type\":\"WebSite\",\"@id\":\"https:\\\/\\\/santapola.es\\\/ca\\\/#website\",\"url\":\"https:\\\/\\\/santapola.es\\\/ca\\\/\",\"name\":\"Ayuntamiento de Santa Pola\",\"description\":\"Web de l'Ajuntament de Santa Pola\",\"potentialAction\":[{\"@type\":\"SearchAction\",\"target\":{\"@type\":\"EntryPoint\",\"urlTemplate\":\"https:\\\/\\\/santapola.es\\\/ca\\\/?s={search_term_string}\"},\"query-input\":{\"@type\":\"PropertyValueSpecification\",\"valueRequired\":true,\"valueName\":\"search_term_string\"}}],\"inLanguage\":\"ca\"},{\"@type\":\"Person\",\"@id\":\"https:\\\/\\\/santapola.es\\\/ca\\\/#\\\/schema\\\/person\\\/ad1d67403707b58350c7be5e8dbc442d\",\"name\":\"Jos\u00e9 Juan L\u00f3pez Lafuente\"}]}<\/script>\n<!-- \/ Yoast SEO plugin. -->","yoast_head_json":{"title":"Reuni\u00f3 a Santa Pola amb la construcci\u00f3 i reforma de col\u00b7legis i instituts sobre la taula - Ajuntament de Santa Pola","robots":{"index":"index","follow":"follow","max-snippet":"max-snippet:-1","max-image-preview":"max-image-preview:large","max-video-preview":"max-video-preview:-1"},"canonical":"https:\/\/santapola.es\/ca\/reunio-a-santa-pola-amb-la-construccio-i-reforma-de-col%c2%b7legis-i-instituts-sobre-la-taula\/","og_locale":"ca_ES","og_type":"article","og_title":"Reuni\u00f3 a Santa Pola amb la construcci\u00f3 i reforma de col\u00b7legis i instituts sobre la taula - Ajuntament de Santa Pola","og_description":"L&#8217;alcaldessa s&#8217;ha reunit amb el director general d&#8217;Infraestructures Educatives i amb la delegada del Consell a Alacant per a avan\u00e7ar en els projectes de col\u00b7legis i instituts inclosos en el Pla Edificant. El director general d&#8217;Infraestructures Educatives de la Conselleria d&#8217;Educaci\u00f3, Jos\u00e9 Mar\u00eda Larena, i la delegada del Consell a Alacant, Agustina Esteve, han visitat [&hellip;]","og_url":"https:\/\/santapola.es\/ca\/reunio-a-santa-pola-amb-la-construccio-i-reforma-de-col%c2%b7legis-i-instituts-sobre-la-taula\/","og_site_name":"Ajuntament de Santa Pola","article_publisher":"https:\/\/www.facebook.com\/AyuntamientoSantaPola\/","article_published_time":"2024-08-31T08:43:17+00:00","og_image":[{"width":1600,"height":899,"url":"https:\/\/santapola.es\/wp-content\/uploads\/2024\/08\/2024-08-30-infraestructuras-educativas-3.jpeg","type":"image\/jpeg"}],"author":"Jos\u00e9 Juan L\u00f3pez Lafuente","twitter_card":"summary_large_image","twitter_creator":"@SantaPolaAyunt","twitter_site":"@SantaPolaAyunt","schema":{"@context":"https:\/\/schema.org","@graph":[{"@type":"Article","@id":"https:\/\/santapola.es\/ca\/reunio-a-santa-pola-amb-la-construccio-i-reforma-de-col%c2%b7legis-i-instituts-sobre-la-taula\/#article","isPartOf":{"@id":"https:\/\/santapola.es\/ca\/reunio-a-santa-pola-amb-la-construccio-i-reforma-de-col%c2%b7legis-i-instituts-sobre-la-taula\/"},"author":{"name":"Jos\u00e9 Juan L\u00f3pez Lafuente","@id":"https:\/\/santapola.es\/ca\/#\/schema\/person\/ad1d67403707b58350c7be5e8dbc442d"},"headline":"Reuni\u00f3 a Santa Pola amb la construcci\u00f3 i reforma de col\u00b7legis i instituts sobre la taula","datePublished":"2024-08-31T08:43:17+00:00","mainEntityOfPage":{"@id":"https:\/\/santapola.es\/ca\/reunio-a-santa-pola-amb-la-construccio-i-reforma-de-col%c2%b7legis-i-instituts-sobre-la-taula\/"},"wordCount":245,"image":{"@id":"https:\/\/santapola.es\/ca\/reunio-a-santa-pola-amb-la-construccio-i-reforma-de-col%c2%b7legis-i-instituts-sobre-la-taula\/#primaryimage"},"thumbnailUrl":"https:\/\/santapola.es\/wp-content\/uploads\/2024\/08\/2024-08-30-infraestructuras-educativas-3.jpeg","keywords":["Delegada del Consell en Alacant","Director general d'Infraestructures Educatives","Loreto Serrano","\u00d3scar Valenzuela","Pla Edificant","Trini Ortiz"],"articleSection":["Educaci\u00f3"],"inLanguage":"ca"},{"@type":"WebPage","@id":"https:\/\/santapola.es\/ca\/reunio-a-santa-pola-amb-la-construccio-i-reforma-de-col%c2%b7legis-i-instituts-sobre-la-taula\/","url":"https:\/\/santapola.es\/ca\/reunio-a-santa-pola-amb-la-construccio-i-reforma-de-col%c2%b7legis-i-instituts-sobre-la-taula\/","name":"Reuni\u00f3 a Santa Pola amb la construcci\u00f3 i reforma de col\u00b7legis i instituts sobre la taula - Ajuntament de Santa Pola","isPartOf":{"@id":"https:\/\/santapola.es\/ca\/#website"},"primaryImageOfPage":{"@id":"https:\/\/santapola.es\/ca\/reunio-a-santa-pola-amb-la-construccio-i-reforma-de-col%c2%b7legis-i-instituts-sobre-la-taula\/#primaryimage"},"image":{"@id":"https:\/\/santapola.es\/ca\/reunio-a-santa-pola-amb-la-construccio-i-reforma-de-col%c2%b7legis-i-instituts-sobre-la-taula\/#primaryimage"},"thumbnailUrl":"https:\/\/santapola.es\/wp-content\/uploads\/2024\/08\/2024-08-30-infraestructuras-educativas-3.jpeg","datePublished":"2024-08-31T08:43:17+00:00","author":{"@id":"https:\/\/santapola.es\/ca\/#\/schema\/person\/ad1d67403707b58350c7be5e8dbc442d"},"breadcrumb":{"@id":"https:\/\/santapola.es\/ca\/reunio-a-santa-pola-amb-la-construccio-i-reforma-de-col%c2%b7legis-i-instituts-sobre-la-taula\/#breadcrumb"},"inLanguage":"ca","potentialAction":[{"@type":"ReadAction","target":["https:\/\/santapola.es\/ca\/reunio-a-santa-pola-amb-la-construccio-i-reforma-de-col%c2%b7legis-i-instituts-sobre-la-taula\/"]}]},{"@type":"ImageObject","inLanguage":"ca","@id":"https:\/\/santapola.es\/ca\/reunio-a-santa-pola-amb-la-construccio-i-reforma-de-col%c2%b7legis-i-instituts-sobre-la-taula\/#primaryimage","url":"https:\/\/santapola.es\/wp-content\/uploads\/2024\/08\/2024-08-30-infraestructuras-educativas-3.jpeg","contentUrl":"https:\/\/santapola.es\/wp-content\/uploads\/2024\/08\/2024-08-30-infraestructuras-educativas-3.jpeg","width":1600,"height":899},{"@type":"BreadcrumbList","@id":"https:\/\/santapola.es\/ca\/reunio-a-santa-pola-amb-la-construccio-i-reforma-de-col%c2%b7legis-i-instituts-sobre-la-taula\/#breadcrumb","itemListElement":[{"@type":"ListItem","position":1,"name":"Inici","item":"https:\/\/santapola.es\/ca\/"},{"@type":"ListItem","position":2,"name":"Reuni\u00f3 a Santa Pola amb la construcci\u00f3 i reforma de col\u00b7legis i instituts sobre la taula"}]},{"@type":"WebSite","@id":"https:\/\/santapola.es\/ca\/#website","url":"https:\/\/santapola.es\/ca\/","name":"Ayuntamiento de Santa Pola","description":"Web de l'Ajuntament de Santa Pola","potentialAction":[{"@type":"SearchAction","target":{"@type":"EntryPoint","urlTemplate":"https:\/\/santapola.es\/ca\/?s={search_term_string}"},"query-input":{"@type":"PropertyValueSpecification","valueRequired":true,"valueName":"search_term_string"}}],"inLanguage":"ca"},{"@type":"Person","@id":"https:\/\/santapola.es\/ca\/#\/schema\/person\/ad1d67403707b58350c7be5e8dbc442d","name":"Jos\u00e9 Juan L\u00f3pez Lafuente"}]}},"_links":{"self":[{"href":"https:\/\/santapola.es\/ca\/wp-json\/wp\/v2\/posts\/38868","targetHints":{"allow":["GET"]}}],"collection":[{"href":"https:\/\/santapola.es\/ca\/wp-json\/wp\/v2\/posts"}],"about":[{"href":"https:\/\/santapola.es\/ca\/wp-json\/wp\/v2\/types\/post"}],"author":[{"embeddable":true,"href":"https:\/\/santapola.es\/ca\/wp-json\/wp\/v2\/users\/96"}],"replies":[{"embeddable":true,"href":"https:\/\/santapola.es\/ca\/wp-json\/wp\/v2\/comments?post=38868"}],"version-history":[{"count":0,"href":"https:\/\/santapola.es\/ca\/wp-json\/wp\/v2\/posts\/38868\/revisions"}],"wp:featuredmedia":[{"embeddable":true,"href":"https:\/\/santapola.es\/ca\/wp-json\/wp\/v2\/media\/38867"}],"wp:attachment":[{"href":"https:\/\/santapola.es\/ca\/wp-json\/wp\/v2\/media?parent=38868"}],"wp:term":[{"taxonomy":"category","embeddable":true,"href":"https:\/\/santapola.es\/ca\/wp-json\/wp\/v2\/categories?post=38868"},{"taxonomy":"post_tag","embeddable":true,"href":"https:\/\/santapola.es\/ca\/wp-json\/wp\/v2\/tags?post=38868"}],"curies":[{"name":"wp","href":"https:\/\/api.w.org\/{rel}","templated":true}]}}