{"id":38865,"date":"2024-08-31T10:42:44","date_gmt":"2024-08-31T08:42:44","guid":{"rendered":"https:\/\/santapola.es\/?p=38865"},"modified":"2024-08-31T10:42:44","modified_gmt":"2024-08-31T08:42:44","slug":"reunion-en-santa-pola-con-la-construccion-y-reforma-de-colegios-e-institutos-sobre-la-mesa","status":"publish","type":"post","link":"https:\/\/santapola.es\/ca\/reunion-en-santa-pola-con-la-construccion-y-reforma-de-colegios-e-institutos-sobre-la-mesa\/","title":{"rendered":"Reuni\u00f3n en Santa Pola con la construcci\u00f3n y reforma de colegios e institutos sobre la mesa"},"content":{"rendered":"<p><b>La alcaldesa se ha reunido con el director general de Infraestructuras Educativas y con la delegada del Consell en Alicante para avanzar en los proyectos de todos los colegios e institutos incluidos en el Plan Edificant,.<\/b><\/p>\n<p><span style=\"font-weight: 400;\">El director general de Infraestructuras Educativas de la Conseller\u00eda de Educaci\u00f3n, Jos\u00e9 Mar\u00eda Larena, y la delegada del Consell en Alicante, Agustina Esteve, han visitado esta ma\u00f1ana el Ayuntamiento de Santa Pola para reunirse con la alcaldesa Loreto Serrano, el concejal de Educaci\u00f3n, \u00d3scar Valenzuela, la concejal de Infraestructuras, Trini Ortiz, y t\u00e9cnicos municipales.<\/span><\/p>\n<p><span style=\"font-weight: 400;\">En la reuni\u00f3n se han tratado todos los asuntos que Santa Pola tiene en proceso dentro del plan Edificant de la Generalitat Valenciana, el programa de colaboraci\u00f3n entre la administraci\u00f3n auton\u00f3mica y los ayuntamientos para desarrollar nuevas acciones en materia de infraestructuras educativas, y que afecta a todos los colegios e institutos del municipio, tanto en la construcci\u00f3n de nuevos centros como en la remodelaci\u00f3n de otros.<\/span><\/p>\n<p><span style=\"font-weight: 400;\">Uno de los temas en los que m\u00e1s se ha incidido ha sido la solicitud de incremento del presupuesto para retomar la construcci\u00f3n del nuevo colegio Hispanidad, cuya licitaci\u00f3n por importe de 5.355.583 euros ha quedado desierta al no haber presentado oferta ninguna empresa a la convocatoria que present\u00f3 el Ayuntamiento de Santa Pola.\u00a0<\/span><\/p>\n","protected":false},"excerpt":{"rendered":"<p>La alcaldesa se ha reunido con el director general de Infraestructuras Educativas y con la delegada del Consell en Alicante para avanzar en los proyectos de todos los colegios e institutos incluidos en el Plan Edificant,. El director general de Infraestructuras Educativas de la Conseller\u00eda de Educaci\u00f3n, Jos\u00e9 Mar\u00eda Larena, y la delegada del Consell [&hellip;]<\/p>\n","protected":false},"author":96,"featured_media":38866,"comment_status":"closed","ping_status":"closed","sticky":false,"template":"","format":"standard","meta":{"_et_pb_use_builder":"","_et_pb_old_content":"","_et_gb_content_width":"","footnotes":""},"categories":[116],"tags":[1067,1066,141,148,1065,124],"class_list":["post-38865","post","type-post","status-publish","format-standard","has-post-thumbnail","hentry","category-educacion","tag-delegada-del-consell-en-alicante","tag-director-general-de-infraestructuras-educativas","tag-loreto-serrano","tag-oscar-valenzuela","tag-plan-edificant","tag-trini-ortiz"],"yoast_head":"<!-- This site is optimized with the Yoast SEO plugin v27.4 - https:\/\/yoast.com\/product\/yoast-seo-wordpress\/ -->\n<title>Reuni\u00f3n en Santa Pola con la construcci\u00f3n y reforma de colegios e institutos sobre la mesa - Ajuntament de Santa Pola<\/title>\n<meta name=\"robots\" content=\"index, follow, max-snippet:-1, max-image-preview:large, max-video-preview:-1\" \/>\n<link rel=\"canonical\" href=\"https:\/\/santapola.es\/ca\/reunion-en-santa-pola-con-la-construccion-y-reforma-de-colegios-e-institutos-sobre-la-mesa\/\" \/>\n<meta property=\"og:locale\" content=\"ca_ES\" \/>\n<meta property=\"og:type\" content=\"article\" \/>\n<meta property=\"og:title\" content=\"Reuni\u00f3n en Santa Pola con la construcci\u00f3n y reforma de colegios e institutos sobre la mesa - Ajuntament de Santa Pola\" \/>\n<meta property=\"og:description\" content=\"La alcaldesa se ha reunido con el director general de Infraestructuras Educativas y con la delegada del Consell en Alicante para avanzar en los proyectos de todos los colegios e institutos incluidos en el Plan Edificant,. El director general de Infraestructuras Educativas de la Conseller\u00eda de Educaci\u00f3n, Jos\u00e9 Mar\u00eda Larena, y la delegada del Consell [&hellip;]\" \/>\n<meta property=\"og:url\" content=\"https:\/\/santapola.es\/ca\/reunion-en-santa-pola-con-la-construccion-y-reforma-de-colegios-e-institutos-sobre-la-mesa\/\" \/>\n<meta property=\"og:site_name\" content=\"Ajuntament de Santa Pola\" \/>\n<meta property=\"article:publisher\" content=\"https:\/\/www.facebook.com\/AyuntamientoSantaPola\/\" \/>\n<meta property=\"article:published_time\" content=\"2024-08-31T08:42:44+00:00\" \/>\n<meta property=\"og:image\" content=\"https:\/\/santapola.es\/wp-content\/uploads\/2024\/08\/2024-08-30-infraestructuras-educativas-3.jpeg\" \/>\n\t<meta property=\"og:image:width\" content=\"1600\" \/>\n\t<meta property=\"og:image:height\" content=\"899\" \/>\n\t<meta property=\"og:image:type\" content=\"image\/jpeg\" \/>\n<meta name=\"author\" content=\"Jos\u00e9 Juan L\u00f3pez Lafuente\" \/>\n<meta name=\"twitter:card\" content=\"summary_large_image\" \/>\n<meta name=\"twitter:creator\" content=\"@SantaPolaAyunt\" \/>\n<meta name=\"twitter:site\" content=\"@SantaPolaAyunt\" \/>\n<script type=\"application\/ld+json\" class=\"yoast-schema-graph\">{\"@context\":\"https:\\\/\\\/schema.org\",\"@graph\":[{\"@type\":\"Article\",\"@id\":\"https:\\\/\\\/santapola.es\\\/ca\\\/reunion-en-santa-pola-con-la-construccion-y-reforma-de-colegios-e-institutos-sobre-la-mesa\\\/#article\",\"isPartOf\":{\"@id\":\"https:\\\/\\\/santapola.es\\\/ca\\\/reunion-en-santa-pola-con-la-construccion-y-reforma-de-colegios-e-institutos-sobre-la-mesa\\\/\"},\"author\":{\"name\":\"Jos\u00e9 Juan L\u00f3pez Lafuente\",\"@id\":\"https:\\\/\\\/santapola.es\\\/ca\\\/#\\\/schema\\\/person\\\/ad1d67403707b58350c7be5e8dbc442d\"},\"headline\":\"Reuni\u00f3n en Santa Pola con la construcci\u00f3n y reforma de colegios e institutos sobre la mesa\",\"datePublished\":\"2024-08-31T08:42:44+00:00\",\"mainEntityOfPage\":{\"@id\":\"https:\\\/\\\/santapola.es\\\/ca\\\/reunion-en-santa-pola-con-la-construccion-y-reforma-de-colegios-e-institutos-sobre-la-mesa\\\/\"},\"wordCount\":243,\"image\":{\"@id\":\"https:\\\/\\\/santapola.es\\\/ca\\\/reunion-en-santa-pola-con-la-construccion-y-reforma-de-colegios-e-institutos-sobre-la-mesa\\\/#primaryimage\"},\"thumbnailUrl\":\"https:\\\/\\\/santapola.es\\\/wp-content\\\/uploads\\\/2024\\\/08\\\/2024-08-30-infraestructuras-educativas-3.jpeg\",\"keywords\":[\"Delegada del Consell en Alicante\",\"Director general de Infraestructuras Educativas\",\"Loreto Serrano\",\"\u00d3scar Valenzuela\",\"Plan Edificant\",\"Trini Ortiz\"],\"articleSection\":[\"Educaci\u00f3n\"],\"inLanguage\":\"ca\"},{\"@type\":\"WebPage\",\"@id\":\"https:\\\/\\\/santapola.es\\\/ca\\\/reunion-en-santa-pola-con-la-construccion-y-reforma-de-colegios-e-institutos-sobre-la-mesa\\\/\",\"url\":\"https:\\\/\\\/santapola.es\\\/ca\\\/reunion-en-santa-pola-con-la-construccion-y-reforma-de-colegios-e-institutos-sobre-la-mesa\\\/\",\"name\":\"Reuni\u00f3n en Santa Pola con la construcci\u00f3n y reforma de colegios e institutos sobre la mesa - Ajuntament de Santa Pola\",\"isPartOf\":{\"@id\":\"https:\\\/\\\/santapola.es\\\/ca\\\/#website\"},\"primaryImageOfPage\":{\"@id\":\"https:\\\/\\\/santapola.es\\\/ca\\\/reunion-en-santa-pola-con-la-construccion-y-reforma-de-colegios-e-institutos-sobre-la-mesa\\\/#primaryimage\"},\"image\":{\"@id\":\"https:\\\/\\\/santapola.es\\\/ca\\\/reunion-en-santa-pola-con-la-construccion-y-reforma-de-colegios-e-institutos-sobre-la-mesa\\\/#primaryimage\"},\"thumbnailUrl\":\"https:\\\/\\\/santapola.es\\\/wp-content\\\/uploads\\\/2024\\\/08\\\/2024-08-30-infraestructuras-educativas-3.jpeg\",\"datePublished\":\"2024-08-31T08:42:44+00:00\",\"author\":{\"@id\":\"https:\\\/\\\/santapola.es\\\/ca\\\/#\\\/schema\\\/person\\\/ad1d67403707b58350c7be5e8dbc442d\"},\"breadcrumb\":{\"@id\":\"https:\\\/\\\/santapola.es\\\/ca\\\/reunion-en-santa-pola-con-la-construccion-y-reforma-de-colegios-e-institutos-sobre-la-mesa\\\/#breadcrumb\"},\"inLanguage\":\"ca\",\"potentialAction\":[{\"@type\":\"ReadAction\",\"target\":[\"https:\\\/\\\/santapola.es\\\/ca\\\/reunion-en-santa-pola-con-la-construccion-y-reforma-de-colegios-e-institutos-sobre-la-mesa\\\/\"]}]},{\"@type\":\"ImageObject\",\"inLanguage\":\"ca\",\"@id\":\"https:\\\/\\\/santapola.es\\\/ca\\\/reunion-en-santa-pola-con-la-construccion-y-reforma-de-colegios-e-institutos-sobre-la-mesa\\\/#primaryimage\",\"url\":\"https:\\\/\\\/santapola.es\\\/wp-content\\\/uploads\\\/2024\\\/08\\\/2024-08-30-infraestructuras-educativas-3.jpeg\",\"contentUrl\":\"https:\\\/\\\/santapola.es\\\/wp-content\\\/uploads\\\/2024\\\/08\\\/2024-08-30-infraestructuras-educativas-3.jpeg\",\"width\":1600,\"height\":899},{\"@type\":\"BreadcrumbList\",\"@id\":\"https:\\\/\\\/santapola.es\\\/ca\\\/reunion-en-santa-pola-con-la-construccion-y-reforma-de-colegios-e-institutos-sobre-la-mesa\\\/#breadcrumb\",\"itemListElement\":[{\"@type\":\"ListItem\",\"position\":1,\"name\":\"Inici\",\"item\":\"https:\\\/\\\/santapola.es\\\/ca\\\/\"},{\"@type\":\"ListItem\",\"position\":2,\"name\":\"Reuni\u00f3n en Santa Pola con la construcci\u00f3n y reforma de colegios e institutos sobre la mesa\"}]},{\"@type\":\"WebSite\",\"@id\":\"https:\\\/\\\/santapola.es\\\/ca\\\/#website\",\"url\":\"https:\\\/\\\/santapola.es\\\/ca\\\/\",\"name\":\"Ayuntamiento de Santa Pola\",\"description\":\"Web de l'Ajuntament de Santa Pola\",\"potentialAction\":[{\"@type\":\"SearchAction\",\"target\":{\"@type\":\"EntryPoint\",\"urlTemplate\":\"https:\\\/\\\/santapola.es\\\/ca\\\/?s={search_term_string}\"},\"query-input\":{\"@type\":\"PropertyValueSpecification\",\"valueRequired\":true,\"valueName\":\"search_term_string\"}}],\"inLanguage\":\"ca\"},{\"@type\":\"Person\",\"@id\":\"https:\\\/\\\/santapola.es\\\/ca\\\/#\\\/schema\\\/person\\\/ad1d67403707b58350c7be5e8dbc442d\",\"name\":\"Jos\u00e9 Juan L\u00f3pez Lafuente\"}]}<\/script>\n<!-- \/ Yoast SEO plugin. -->","yoast_head_json":{"title":"Reuni\u00f3n en Santa Pola con la construcci\u00f3n y reforma de colegios e institutos sobre la mesa - Ajuntament de Santa Pola","robots":{"index":"index","follow":"follow","max-snippet":"max-snippet:-1","max-image-preview":"max-image-preview:large","max-video-preview":"max-video-preview:-1"},"canonical":"https:\/\/santapola.es\/ca\/reunion-en-santa-pola-con-la-construccion-y-reforma-de-colegios-e-institutos-sobre-la-mesa\/","og_locale":"ca_ES","og_type":"article","og_title":"Reuni\u00f3n en Santa Pola con la construcci\u00f3n y reforma de colegios e institutos sobre la mesa - Ajuntament de Santa Pola","og_description":"La alcaldesa se ha reunido con el director general de Infraestructuras Educativas y con la delegada del Consell en Alicante para avanzar en los proyectos de todos los colegios e institutos incluidos en el Plan Edificant,. El director general de Infraestructuras Educativas de la Conseller\u00eda de Educaci\u00f3n, Jos\u00e9 Mar\u00eda Larena, y la delegada del Consell [&hellip;]","og_url":"https:\/\/santapola.es\/ca\/reunion-en-santa-pola-con-la-construccion-y-reforma-de-colegios-e-institutos-sobre-la-mesa\/","og_site_name":"Ajuntament de Santa Pola","article_publisher":"https:\/\/www.facebook.com\/AyuntamientoSantaPola\/","article_published_time":"2024-08-31T08:42:44+00:00","og_image":[{"width":1600,"height":899,"url":"https:\/\/santapola.es\/wp-content\/uploads\/2024\/08\/2024-08-30-infraestructuras-educativas-3.jpeg","type":"image\/jpeg"}],"author":"Jos\u00e9 Juan L\u00f3pez Lafuente","twitter_card":"summary_large_image","twitter_creator":"@SantaPolaAyunt","twitter_site":"@SantaPolaAyunt","schema":{"@context":"https:\/\/schema.org","@graph":[{"@type":"Article","@id":"https:\/\/santapola.es\/ca\/reunion-en-santa-pola-con-la-construccion-y-reforma-de-colegios-e-institutos-sobre-la-mesa\/#article","isPartOf":{"@id":"https:\/\/santapola.es\/ca\/reunion-en-santa-pola-con-la-construccion-y-reforma-de-colegios-e-institutos-sobre-la-mesa\/"},"author":{"name":"Jos\u00e9 Juan L\u00f3pez Lafuente","@id":"https:\/\/santapola.es\/ca\/#\/schema\/person\/ad1d67403707b58350c7be5e8dbc442d"},"headline":"Reuni\u00f3n en Santa Pola con la construcci\u00f3n y reforma de colegios e institutos sobre la mesa","datePublished":"2024-08-31T08:42:44+00:00","mainEntityOfPage":{"@id":"https:\/\/santapola.es\/ca\/reunion-en-santa-pola-con-la-construccion-y-reforma-de-colegios-e-institutos-sobre-la-mesa\/"},"wordCount":243,"image":{"@id":"https:\/\/santapola.es\/ca\/reunion-en-santa-pola-con-la-construccion-y-reforma-de-colegios-e-institutos-sobre-la-mesa\/#primaryimage"},"thumbnailUrl":"https:\/\/santapola.es\/wp-content\/uploads\/2024\/08\/2024-08-30-infraestructuras-educativas-3.jpeg","keywords":["Delegada del Consell en Alicante","Director general de Infraestructuras Educativas","Loreto Serrano","\u00d3scar Valenzuela","Plan Edificant","Trini Ortiz"],"articleSection":["Educaci\u00f3n"],"inLanguage":"ca"},{"@type":"WebPage","@id":"https:\/\/santapola.es\/ca\/reunion-en-santa-pola-con-la-construccion-y-reforma-de-colegios-e-institutos-sobre-la-mesa\/","url":"https:\/\/santapola.es\/ca\/reunion-en-santa-pola-con-la-construccion-y-reforma-de-colegios-e-institutos-sobre-la-mesa\/","name":"Reuni\u00f3n en Santa Pola con la construcci\u00f3n y reforma de colegios e institutos sobre la mesa - Ajuntament de Santa Pola","isPartOf":{"@id":"https:\/\/santapola.es\/ca\/#website"},"primaryImageOfPage":{"@id":"https:\/\/santapola.es\/ca\/reunion-en-santa-pola-con-la-construccion-y-reforma-de-colegios-e-institutos-sobre-la-mesa\/#primaryimage"},"image":{"@id":"https:\/\/santapola.es\/ca\/reunion-en-santa-pola-con-la-construccion-y-reforma-de-colegios-e-institutos-sobre-la-mesa\/#primaryimage"},"thumbnailUrl":"https:\/\/santapola.es\/wp-content\/uploads\/2024\/08\/2024-08-30-infraestructuras-educativas-3.jpeg","datePublished":"2024-08-31T08:42:44+00:00","author":{"@id":"https:\/\/santapola.es\/ca\/#\/schema\/person\/ad1d67403707b58350c7be5e8dbc442d"},"breadcrumb":{"@id":"https:\/\/santapola.es\/ca\/reunion-en-santa-pola-con-la-construccion-y-reforma-de-colegios-e-institutos-sobre-la-mesa\/#breadcrumb"},"inLanguage":"ca","potentialAction":[{"@type":"ReadAction","target":["https:\/\/santapola.es\/ca\/reunion-en-santa-pola-con-la-construccion-y-reforma-de-colegios-e-institutos-sobre-la-mesa\/"]}]},{"@type":"ImageObject","inLanguage":"ca","@id":"https:\/\/santapola.es\/ca\/reunion-en-santa-pola-con-la-construccion-y-reforma-de-colegios-e-institutos-sobre-la-mesa\/#primaryimage","url":"https:\/\/santapola.es\/wp-content\/uploads\/2024\/08\/2024-08-30-infraestructuras-educativas-3.jpeg","contentUrl":"https:\/\/santapola.es\/wp-content\/uploads\/2024\/08\/2024-08-30-infraestructuras-educativas-3.jpeg","width":1600,"height":899},{"@type":"BreadcrumbList","@id":"https:\/\/santapola.es\/ca\/reunion-en-santa-pola-con-la-construccion-y-reforma-de-colegios-e-institutos-sobre-la-mesa\/#breadcrumb","itemListElement":[{"@type":"ListItem","position":1,"name":"Inici","item":"https:\/\/santapola.es\/ca\/"},{"@type":"ListItem","position":2,"name":"Reuni\u00f3n en Santa Pola con la construcci\u00f3n y reforma de colegios e institutos sobre la mesa"}]},{"@type":"WebSite","@id":"https:\/\/santapola.es\/ca\/#website","url":"https:\/\/santapola.es\/ca\/","name":"Ayuntamiento de Santa Pola","description":"Web de l'Ajuntament de Santa Pola","potentialAction":[{"@type":"SearchAction","target":{"@type":"EntryPoint","urlTemplate":"https:\/\/santapola.es\/ca\/?s={search_term_string}"},"query-input":{"@type":"PropertyValueSpecification","valueRequired":true,"valueName":"search_term_string"}}],"inLanguage":"ca"},{"@type":"Person","@id":"https:\/\/santapola.es\/ca\/#\/schema\/person\/ad1d67403707b58350c7be5e8dbc442d","name":"Jos\u00e9 Juan L\u00f3pez Lafuente"}]}},"_links":{"self":[{"href":"https:\/\/santapola.es\/ca\/wp-json\/wp\/v2\/posts\/38865","targetHints":{"allow":["GET"]}}],"collection":[{"href":"https:\/\/santapola.es\/ca\/wp-json\/wp\/v2\/posts"}],"about":[{"href":"https:\/\/santapola.es\/ca\/wp-json\/wp\/v2\/types\/post"}],"author":[{"embeddable":true,"href":"https:\/\/santapola.es\/ca\/wp-json\/wp\/v2\/users\/96"}],"replies":[{"embeddable":true,"href":"https:\/\/santapola.es\/ca\/wp-json\/wp\/v2\/comments?post=38865"}],"version-history":[{"count":0,"href":"https:\/\/santapola.es\/ca\/wp-json\/wp\/v2\/posts\/38865\/revisions"}],"wp:featuredmedia":[{"embeddable":true,"href":"https:\/\/santapola.es\/ca\/wp-json\/wp\/v2\/media\/38866"}],"wp:attachment":[{"href":"https:\/\/santapola.es\/ca\/wp-json\/wp\/v2\/media?parent=38865"}],"wp:term":[{"taxonomy":"category","embeddable":true,"href":"https:\/\/santapola.es\/ca\/wp-json\/wp\/v2\/categories?post=38865"},{"taxonomy":"post_tag","embeddable":true,"href":"https:\/\/santapola.es\/ca\/wp-json\/wp\/v2\/tags?post=38865"}],"curies":[{"name":"wp","href":"https:\/\/api.w.org\/{rel}","templated":true}]}}