{"id":38863,"date":"2024-08-30T16:25:41","date_gmt":"2024-08-30T14:25:41","guid":{"rendered":"https:\/\/santapola.es\/?p=38863"},"modified":"2024-08-30T16:28:18","modified_gmt":"2024-08-30T14:28:18","slug":"estic-en-festes-semporta-nuat-al-coll","status":"publish","type":"post","link":"https:\/\/santapola.es\/ca\/estic-en-festes-semporta-nuat-al-coll\/","title":{"rendered":"\u201cEstic en festes!\u201d s&#8217;emporta nuat al coll"},"content":{"rendered":"<p><strong>AVIVA Santa Pola repartir\u00e0 durant les festes patronals el tradicional mocador de pescador amb el lema \u201cEstic en festes!\u201d amb l&#8217;objectiu de fomentar la nostra llengua i tradicions.<\/strong><\/p>\n<p>La regidoria de Normalitzaci\u00f3 Ling\u00fc\u00edstica, a trav\u00e9s de l&#8217;Oficina AVIVA de Santa Pola, continua amb les iniciatives d&#8217;acostar la nostra llengua valenciana al m\u00f3n de la festa. La regidora Nely Baile va explicar que \u201csi l&#8217;any passat ho vam fer amb els retallables de les vestimentes t\u00edpiques santapoleres, en esta ocasi\u00f3 el protagonista ser\u00e0 el t\u00edpic mocador de pescador amb la inscripci\u00f3 \u201cEstic en *festes!\u201d, amb l&#8217;objectiu de fomentar les nostres tradicions i fet amb molt de carinyo perqu\u00e8 el puguen portar els santapolers\u201d.<\/p>\n<p>Mari \u00c0ngels Sempere, responsable de l&#8217;Oficina del Valenci\u00e0, va destacar que \u201c\u00e9s un element molt significatiu de la cultura de Santa Pola el que utilitzarem per a promocionar la nostra llengua, aix\u00ed que animem a la poblaci\u00f3 al fet que el puga lluir durant els dies de festes\u201d.<\/p>\n<p>\u201cEl cercaviles del dia 4, en el qual visitarem els carrers engalanats, ser\u00e0 el moment en el qual l&#8217;entregarem, convidem a tots al fet que participen i aconseguisquen el mocador. Si en eixe moment no poden estar, a la nit en el sopar del cabasset tamb\u00e9 el repartirem mentres queden exist\u00e8ncies\u201d.<\/p>\n","protected":false},"excerpt":{"rendered":"<p>AVIVA Santa Pola repartir\u00e0 durant les festes patronals el tradicional mocador de pescador amb el lema \u201cEstic en festes!\u201d amb l&#8217;objectiu de fomentar la nostra llengua i tradicions. La regidoria de Normalitzaci\u00f3 Ling\u00fc\u00edstica, a trav\u00e9s de l&#8217;Oficina AVIVA de Santa Pola, continua amb les iniciatives d&#8217;acostar la nostra llengua valenciana al m\u00f3n de la festa. [&hellip;]<\/p>\n","protected":false},"author":96,"featured_media":38861,"comment_status":"closed","ping_status":"closed","sticky":false,"template":"","format":"standard","meta":{"_et_pb_use_builder":"","_et_pb_old_content":"","_et_gb_content_width":"","footnotes":""},"categories":[434,594],"tags":[944,1064,511],"class_list":["post-38863","post","type-post","status-publish","format-standard","has-post-thumbnail","hentry","category-festes","category-normalitzacio-linguistica","tag-aviva-santa-pola","tag-mocador-de-pescador","tag-nely-baile-ca"],"yoast_head":"<!-- This site is optimized with the Yoast SEO plugin v27.4 - https:\/\/yoast.com\/product\/yoast-seo-wordpress\/ -->\n<title>\u201cEstic en festes!\u201d s&#039;emporta nuat al coll - Ajuntament de Santa Pola<\/title>\n<meta name=\"robots\" content=\"index, follow, max-snippet:-1, max-image-preview:large, max-video-preview:-1\" \/>\n<link rel=\"canonical\" href=\"https:\/\/santapola.es\/ca\/estic-en-festes-semporta-nuat-al-coll\/\" \/>\n<meta property=\"og:locale\" content=\"ca_ES\" \/>\n<meta property=\"og:type\" content=\"article\" \/>\n<meta property=\"og:title\" content=\"\u201cEstic en festes!\u201d s&#039;emporta nuat al coll - Ajuntament de Santa Pola\" \/>\n<meta property=\"og:description\" content=\"AVIVA Santa Pola repartir\u00e0 durant les festes patronals el tradicional mocador de pescador amb el lema \u201cEstic en festes!\u201d amb l&#8217;objectiu de fomentar la nostra llengua i tradicions. La regidoria de Normalitzaci\u00f3 Ling\u00fc\u00edstica, a trav\u00e9s de l&#8217;Oficina AVIVA de Santa Pola, continua amb les iniciatives d&#8217;acostar la nostra llengua valenciana al m\u00f3n de la festa. [&hellip;]\" \/>\n<meta property=\"og:url\" content=\"https:\/\/santapola.es\/ca\/estic-en-festes-semporta-nuat-al-coll\/\" \/>\n<meta property=\"og:site_name\" content=\"Ajuntament de Santa Pola\" \/>\n<meta property=\"article:publisher\" content=\"https:\/\/www.facebook.com\/AyuntamientoSantaPola\/\" \/>\n<meta property=\"article:published_time\" content=\"2024-08-30T14:25:41+00:00\" \/>\n<meta property=\"article:modified_time\" content=\"2024-08-30T14:28:18+00:00\" \/>\n<meta property=\"og:image\" content=\"https:\/\/santapola.es\/wp-content\/uploads\/2024\/08\/DSC05599.jpg\" \/>\n\t<meta property=\"og:image:width\" content=\"1439\" \/>\n\t<meta property=\"og:image:height\" content=\"1079\" \/>\n\t<meta property=\"og:image:type\" content=\"image\/jpeg\" \/>\n<meta name=\"author\" content=\"Jos\u00e9 Juan L\u00f3pez Lafuente\" \/>\n<meta name=\"twitter:card\" content=\"summary_large_image\" \/>\n<meta name=\"twitter:creator\" content=\"@SantaPolaAyunt\" \/>\n<meta name=\"twitter:site\" content=\"@SantaPolaAyunt\" \/>\n<script type=\"application\/ld+json\" class=\"yoast-schema-graph\">{\"@context\":\"https:\\\/\\\/schema.org\",\"@graph\":[{\"@type\":\"Article\",\"@id\":\"https:\\\/\\\/santapola.es\\\/ca\\\/estic-en-festes-semporta-nuat-al-coll\\\/#article\",\"isPartOf\":{\"@id\":\"https:\\\/\\\/santapola.es\\\/ca\\\/estic-en-festes-semporta-nuat-al-coll\\\/\"},\"author\":{\"name\":\"Jos\u00e9 Juan L\u00f3pez Lafuente\",\"@id\":\"https:\\\/\\\/santapola.es\\\/ca\\\/#\\\/schema\\\/person\\\/ad1d67403707b58350c7be5e8dbc442d\"},\"headline\":\"\u201cEstic en festes!\u201d s&#8217;emporta nuat al coll\",\"datePublished\":\"2024-08-30T14:25:41+00:00\",\"dateModified\":\"2024-08-30T14:28:18+00:00\",\"mainEntityOfPage\":{\"@id\":\"https:\\\/\\\/santapola.es\\\/ca\\\/estic-en-festes-semporta-nuat-al-coll\\\/\"},\"wordCount\":231,\"image\":{\"@id\":\"https:\\\/\\\/santapola.es\\\/ca\\\/estic-en-festes-semporta-nuat-al-coll\\\/#primaryimage\"},\"thumbnailUrl\":\"https:\\\/\\\/santapola.es\\\/wp-content\\\/uploads\\\/2024\\\/08\\\/DSC05599.jpg\",\"keywords\":[\"AVIVA Santa Pola\",\"mocador de pescador\",\"Nely Baile\"],\"articleSection\":[\"Festes\",\"Normalitzaci\u00f3 Ling\u00fc\u00edstica\"],\"inLanguage\":\"ca\"},{\"@type\":\"WebPage\",\"@id\":\"https:\\\/\\\/santapola.es\\\/ca\\\/estic-en-festes-semporta-nuat-al-coll\\\/\",\"url\":\"https:\\\/\\\/santapola.es\\\/ca\\\/estic-en-festes-semporta-nuat-al-coll\\\/\",\"name\":\"\u201cEstic en festes!\u201d s'emporta nuat al coll - Ajuntament de Santa Pola\",\"isPartOf\":{\"@id\":\"https:\\\/\\\/santapola.es\\\/ca\\\/#website\"},\"primaryImageOfPage\":{\"@id\":\"https:\\\/\\\/santapola.es\\\/ca\\\/estic-en-festes-semporta-nuat-al-coll\\\/#primaryimage\"},\"image\":{\"@id\":\"https:\\\/\\\/santapola.es\\\/ca\\\/estic-en-festes-semporta-nuat-al-coll\\\/#primaryimage\"},\"thumbnailUrl\":\"https:\\\/\\\/santapola.es\\\/wp-content\\\/uploads\\\/2024\\\/08\\\/DSC05599.jpg\",\"datePublished\":\"2024-08-30T14:25:41+00:00\",\"dateModified\":\"2024-08-30T14:28:18+00:00\",\"author\":{\"@id\":\"https:\\\/\\\/santapola.es\\\/ca\\\/#\\\/schema\\\/person\\\/ad1d67403707b58350c7be5e8dbc442d\"},\"breadcrumb\":{\"@id\":\"https:\\\/\\\/santapola.es\\\/ca\\\/estic-en-festes-semporta-nuat-al-coll\\\/#breadcrumb\"},\"inLanguage\":\"ca\",\"potentialAction\":[{\"@type\":\"ReadAction\",\"target\":[\"https:\\\/\\\/santapola.es\\\/ca\\\/estic-en-festes-semporta-nuat-al-coll\\\/\"]}]},{\"@type\":\"ImageObject\",\"inLanguage\":\"ca\",\"@id\":\"https:\\\/\\\/santapola.es\\\/ca\\\/estic-en-festes-semporta-nuat-al-coll\\\/#primaryimage\",\"url\":\"https:\\\/\\\/santapola.es\\\/wp-content\\\/uploads\\\/2024\\\/08\\\/DSC05599.jpg\",\"contentUrl\":\"https:\\\/\\\/santapola.es\\\/wp-content\\\/uploads\\\/2024\\\/08\\\/DSC05599.jpg\",\"width\":1439,\"height\":1079},{\"@type\":\"BreadcrumbList\",\"@id\":\"https:\\\/\\\/santapola.es\\\/ca\\\/estic-en-festes-semporta-nuat-al-coll\\\/#breadcrumb\",\"itemListElement\":[{\"@type\":\"ListItem\",\"position\":1,\"name\":\"Inici\",\"item\":\"https:\\\/\\\/santapola.es\\\/ca\\\/\"},{\"@type\":\"ListItem\",\"position\":2,\"name\":\"\u201cEstic en festes!\u201d s&#8217;emporta nuat al coll\"}]},{\"@type\":\"WebSite\",\"@id\":\"https:\\\/\\\/santapola.es\\\/ca\\\/#website\",\"url\":\"https:\\\/\\\/santapola.es\\\/ca\\\/\",\"name\":\"Ayuntamiento de Santa Pola\",\"description\":\"Web de l'Ajuntament de Santa Pola\",\"potentialAction\":[{\"@type\":\"SearchAction\",\"target\":{\"@type\":\"EntryPoint\",\"urlTemplate\":\"https:\\\/\\\/santapola.es\\\/ca\\\/?s={search_term_string}\"},\"query-input\":{\"@type\":\"PropertyValueSpecification\",\"valueRequired\":true,\"valueName\":\"search_term_string\"}}],\"inLanguage\":\"ca\"},{\"@type\":\"Person\",\"@id\":\"https:\\\/\\\/santapola.es\\\/ca\\\/#\\\/schema\\\/person\\\/ad1d67403707b58350c7be5e8dbc442d\",\"name\":\"Jos\u00e9 Juan L\u00f3pez Lafuente\"}]}<\/script>\n<!-- \/ Yoast SEO plugin. -->","yoast_head_json":{"title":"\u201cEstic en festes!\u201d s'emporta nuat al coll - Ajuntament de Santa Pola","robots":{"index":"index","follow":"follow","max-snippet":"max-snippet:-1","max-image-preview":"max-image-preview:large","max-video-preview":"max-video-preview:-1"},"canonical":"https:\/\/santapola.es\/ca\/estic-en-festes-semporta-nuat-al-coll\/","og_locale":"ca_ES","og_type":"article","og_title":"\u201cEstic en festes!\u201d s'emporta nuat al coll - Ajuntament de Santa Pola","og_description":"AVIVA Santa Pola repartir\u00e0 durant les festes patronals el tradicional mocador de pescador amb el lema \u201cEstic en festes!\u201d amb l&#8217;objectiu de fomentar la nostra llengua i tradicions. La regidoria de Normalitzaci\u00f3 Ling\u00fc\u00edstica, a trav\u00e9s de l&#8217;Oficina AVIVA de Santa Pola, continua amb les iniciatives d&#8217;acostar la nostra llengua valenciana al m\u00f3n de la festa. [&hellip;]","og_url":"https:\/\/santapola.es\/ca\/estic-en-festes-semporta-nuat-al-coll\/","og_site_name":"Ajuntament de Santa Pola","article_publisher":"https:\/\/www.facebook.com\/AyuntamientoSantaPola\/","article_published_time":"2024-08-30T14:25:41+00:00","article_modified_time":"2024-08-30T14:28:18+00:00","og_image":[{"width":1439,"height":1079,"url":"https:\/\/santapola.es\/wp-content\/uploads\/2024\/08\/DSC05599.jpg","type":"image\/jpeg"}],"author":"Jos\u00e9 Juan L\u00f3pez Lafuente","twitter_card":"summary_large_image","twitter_creator":"@SantaPolaAyunt","twitter_site":"@SantaPolaAyunt","schema":{"@context":"https:\/\/schema.org","@graph":[{"@type":"Article","@id":"https:\/\/santapola.es\/ca\/estic-en-festes-semporta-nuat-al-coll\/#article","isPartOf":{"@id":"https:\/\/santapola.es\/ca\/estic-en-festes-semporta-nuat-al-coll\/"},"author":{"name":"Jos\u00e9 Juan L\u00f3pez Lafuente","@id":"https:\/\/santapola.es\/ca\/#\/schema\/person\/ad1d67403707b58350c7be5e8dbc442d"},"headline":"\u201cEstic en festes!\u201d s&#8217;emporta nuat al coll","datePublished":"2024-08-30T14:25:41+00:00","dateModified":"2024-08-30T14:28:18+00:00","mainEntityOfPage":{"@id":"https:\/\/santapola.es\/ca\/estic-en-festes-semporta-nuat-al-coll\/"},"wordCount":231,"image":{"@id":"https:\/\/santapola.es\/ca\/estic-en-festes-semporta-nuat-al-coll\/#primaryimage"},"thumbnailUrl":"https:\/\/santapola.es\/wp-content\/uploads\/2024\/08\/DSC05599.jpg","keywords":["AVIVA Santa Pola","mocador de pescador","Nely Baile"],"articleSection":["Festes","Normalitzaci\u00f3 Ling\u00fc\u00edstica"],"inLanguage":"ca"},{"@type":"WebPage","@id":"https:\/\/santapola.es\/ca\/estic-en-festes-semporta-nuat-al-coll\/","url":"https:\/\/santapola.es\/ca\/estic-en-festes-semporta-nuat-al-coll\/","name":"\u201cEstic en festes!\u201d s'emporta nuat al coll - Ajuntament de Santa Pola","isPartOf":{"@id":"https:\/\/santapola.es\/ca\/#website"},"primaryImageOfPage":{"@id":"https:\/\/santapola.es\/ca\/estic-en-festes-semporta-nuat-al-coll\/#primaryimage"},"image":{"@id":"https:\/\/santapola.es\/ca\/estic-en-festes-semporta-nuat-al-coll\/#primaryimage"},"thumbnailUrl":"https:\/\/santapola.es\/wp-content\/uploads\/2024\/08\/DSC05599.jpg","datePublished":"2024-08-30T14:25:41+00:00","dateModified":"2024-08-30T14:28:18+00:00","author":{"@id":"https:\/\/santapola.es\/ca\/#\/schema\/person\/ad1d67403707b58350c7be5e8dbc442d"},"breadcrumb":{"@id":"https:\/\/santapola.es\/ca\/estic-en-festes-semporta-nuat-al-coll\/#breadcrumb"},"inLanguage":"ca","potentialAction":[{"@type":"ReadAction","target":["https:\/\/santapola.es\/ca\/estic-en-festes-semporta-nuat-al-coll\/"]}]},{"@type":"ImageObject","inLanguage":"ca","@id":"https:\/\/santapola.es\/ca\/estic-en-festes-semporta-nuat-al-coll\/#primaryimage","url":"https:\/\/santapola.es\/wp-content\/uploads\/2024\/08\/DSC05599.jpg","contentUrl":"https:\/\/santapola.es\/wp-content\/uploads\/2024\/08\/DSC05599.jpg","width":1439,"height":1079},{"@type":"BreadcrumbList","@id":"https:\/\/santapola.es\/ca\/estic-en-festes-semporta-nuat-al-coll\/#breadcrumb","itemListElement":[{"@type":"ListItem","position":1,"name":"Inici","item":"https:\/\/santapola.es\/ca\/"},{"@type":"ListItem","position":2,"name":"\u201cEstic en festes!\u201d s&#8217;emporta nuat al coll"}]},{"@type":"WebSite","@id":"https:\/\/santapola.es\/ca\/#website","url":"https:\/\/santapola.es\/ca\/","name":"Ayuntamiento de Santa Pola","description":"Web de l'Ajuntament de Santa Pola","potentialAction":[{"@type":"SearchAction","target":{"@type":"EntryPoint","urlTemplate":"https:\/\/santapola.es\/ca\/?s={search_term_string}"},"query-input":{"@type":"PropertyValueSpecification","valueRequired":true,"valueName":"search_term_string"}}],"inLanguage":"ca"},{"@type":"Person","@id":"https:\/\/santapola.es\/ca\/#\/schema\/person\/ad1d67403707b58350c7be5e8dbc442d","name":"Jos\u00e9 Juan L\u00f3pez Lafuente"}]}},"_links":{"self":[{"href":"https:\/\/santapola.es\/ca\/wp-json\/wp\/v2\/posts\/38863","targetHints":{"allow":["GET"]}}],"collection":[{"href":"https:\/\/santapola.es\/ca\/wp-json\/wp\/v2\/posts"}],"about":[{"href":"https:\/\/santapola.es\/ca\/wp-json\/wp\/v2\/types\/post"}],"author":[{"embeddable":true,"href":"https:\/\/santapola.es\/ca\/wp-json\/wp\/v2\/users\/96"}],"replies":[{"embeddable":true,"href":"https:\/\/santapola.es\/ca\/wp-json\/wp\/v2\/comments?post=38863"}],"version-history":[{"count":0,"href":"https:\/\/santapola.es\/ca\/wp-json\/wp\/v2\/posts\/38863\/revisions"}],"wp:featuredmedia":[{"embeddable":true,"href":"https:\/\/santapola.es\/ca\/wp-json\/wp\/v2\/media\/38861"}],"wp:attachment":[{"href":"https:\/\/santapola.es\/ca\/wp-json\/wp\/v2\/media?parent=38863"}],"wp:term":[{"taxonomy":"category","embeddable":true,"href":"https:\/\/santapola.es\/ca\/wp-json\/wp\/v2\/categories?post=38863"},{"taxonomy":"post_tag","embeddable":true,"href":"https:\/\/santapola.es\/ca\/wp-json\/wp\/v2\/tags?post=38863"}],"curies":[{"name":"wp","href":"https:\/\/api.w.org\/{rel}","templated":true}]}}