{"id":38848,"date":"2024-08-29T12:32:36","date_gmt":"2024-08-29T10:32:36","guid":{"rendered":"https:\/\/santapola.es\/?p=38848"},"modified":"2024-08-29T12:34:18","modified_gmt":"2024-08-29T10:34:18","slug":"el-dispositiu-de-seguretat-en-festes-patronals-incidira-en-la-conscienciacio-i-els-controls-preventius","status":"publish","type":"post","link":"https:\/\/santapola.es\/ca\/el-dispositiu-de-seguretat-en-festes-patronals-incidira-en-la-conscienciacio-i-els-controls-preventius\/","title":{"rendered":"El dispositiu de seguretat en festes patronals incidir\u00e0 en la conscienciaci\u00f3 i els controls preventius"},"content":{"rendered":"<p><strong>La Policia Local mobilitzar\u00e0 equips operatius de seguretat, unitat canina i operatius especials d&#8217;esdeveniments, i refor\u00e7ar\u00e0 els controls preventius d&#8217;alcohol\u00e8mia, substancies estupefaents i armes, amb especial incid\u00e8ncia en els botellons.<\/strong><\/p>\n<p>La regidor de Seguretat Ciutadana, Ana Blasco, va presentar el dispositiu de seguretat que la Policia Local ha preparat per als dies de festes patronals: \u201cEl que intentarem, a part de posar tots els mitjans per a mantindre la seguretat, \u00e9s conscienciar a tota la ciutadania que cal tindre control amb l&#8217;alcohol, que tots podem divertir-nos per\u00f2 respectant als altres. Des de la Policia Local incidirem en els operatius per al control dels botellons, amb el suport de la unitat canina i els equips operatius de seguretat\u201d.<\/p>\n<p>L&#8217;inspector de la Policia Local Rodrigo Mart\u00ednez va detallar els recursos que es posaran en marxa durant estos dies: \u201cel plantejament que tenim en la Policia Local, en coordinaci\u00f3 amb la resta de forces i cossos de seguretat, \u00e9s fer front a les diverses necessitats que plantegen les festes. Disposarem dels equips operatius de seguretat (EOS) per acumulaci\u00f3 de persones o grans esdeveniments, refor\u00e7ats per les unitats canines. Els EOS estan formats per 14 agents que han sigut formats espec\u00edficament, fins i tot per a atenci\u00f3 sanit\u00e0ria o espais t\u00e0ctics\u201d.<\/p>\n<p><strong>Controls preventius<\/strong><\/p>\n<p>D&#8217;altra banda hi haur\u00e0 operatius especials d&#8217;esdeveniments, altres 16 agents, per a tindre suficient capacitat de resposta: \u201ctreballarem la conscienciaci\u00f3 amb els menors pels botellons, es faran controls preventius constants de subst\u00e0ncies estupefaents i identificaci\u00f3 d&#8217;armes, aix\u00ed com controls d&#8217;alcohol\u00e8mia i subst\u00e0ncies als conductors. Els guies canins ens ajudaran tamb\u00e9 avan\u00e7ant controls en l&#8217;estaci\u00f3 d&#8217;autobusos, zona portu\u00e0ria, parcs, etc.\u201d<\/p>\n<p>Altres aspectes on la Policia Local actuar\u00e0 s\u00f3n \u201cacompanyament en els punts violeta i els esdeveniments pirot\u00e8cnics, i sobretot en el control del tr\u00e0nsit. Estos dies de festes tindrem talls de tr\u00e0nsit generalitzats en tota la poblaci\u00f3, que els usuaris hauran d&#8217;assumir perqu\u00e8 a vegades ser\u00e0 complicat, aix\u00ed que la recomanaci\u00f3 \u00e9s que els despla\u00e7aments es facen a peu sempre que siga possible\u201d.<\/p>\n<p><strong>Estan per a cuidar-vos<\/strong><\/p>\n<p>Loreto Serrano va recordar que \u201cestes mesures van encaminades fonamentalment a previndre, sobretot possibles comes et\u00edlics, baralles, perqu\u00e8 siguen unes festes amb \u201cconeixement\u201d. Els botellons estan generant durant tot l&#8217;estiu algunes complicacions importants, especialment en el port est\u00e0 havent-hi un vandalisme molt agressiu, i no volem que continue succeint ni all\u00ed, ni en cap punt de la ciutat\u201d.<\/p>\n<p>L&#8217;alcaldessa va fer tamb\u00e9 una \u201ccrida als pares, que al cap i a la fi s\u00f3n responsables dels menors. El que pretenen els cossos de seguretat \u00e9s que els nostres joves s&#8217;ho passen b\u00e9 en bones condicions i no generen conflictes\u201d.<\/p>\n<p>\u201cHo passarem molt b\u00e9 en festes, veureu molta policia per\u00f2 est\u00e0 per a cuidar-vos\u201d, va finalitzar Serrano.<\/p>\n","protected":false},"excerpt":{"rendered":"<p>La Policia Local mobilitzar\u00e0 equips operatius de seguretat, unitat canina i operatius especials d&#8217;esdeveniments, i refor\u00e7ar\u00e0 els controls preventius d&#8217;alcohol\u00e8mia, substancies estupefaents i armes, amb especial incid\u00e8ncia en els botellons. La regidor de Seguretat Ciutadana, Ana Blasco, va presentar el dispositiu de seguretat que la Policia Local ha preparat per als dies de festes patronals: [&hellip;]<\/p>\n","protected":false},"author":96,"featured_media":38846,"comment_status":"closed","ping_status":"closed","sticky":false,"template":"","format":"standard","meta":{"_et_pb_use_builder":"","_et_pb_old_content":"","_et_gb_content_width":"","footnotes":""},"categories":[434,444,443],"tags":[479,487,446],"class_list":["post-38848","post","type-post","status-publish","format-standard","has-post-thumbnail","hentry","category-festes","category-policia-ca","category-seguretat-ciutadana-proteccio-civil","tag-ana-blasco-ca","tag-loreto-serrano-ca","tag-policia-local-ca"],"yoast_head":"<!-- This site is optimized with the Yoast SEO plugin v27.4 - https:\/\/yoast.com\/product\/yoast-seo-wordpress\/ -->\n<title>El dispositiu de seguretat en festes patronals incidir\u00e0 en la conscienciaci\u00f3 i els controls preventius - Ajuntament de Santa Pola<\/title>\n<meta name=\"robots\" content=\"index, follow, max-snippet:-1, max-image-preview:large, max-video-preview:-1\" \/>\n<link rel=\"canonical\" href=\"https:\/\/santapola.es\/ca\/el-dispositiu-de-seguretat-en-festes-patronals-incidira-en-la-conscienciacio-i-els-controls-preventius\/\" \/>\n<meta property=\"og:locale\" content=\"ca_ES\" \/>\n<meta property=\"og:type\" content=\"article\" \/>\n<meta property=\"og:title\" content=\"El dispositiu de seguretat en festes patronals incidir\u00e0 en la conscienciaci\u00f3 i els controls preventius - Ajuntament de Santa Pola\" \/>\n<meta property=\"og:description\" content=\"La Policia Local mobilitzar\u00e0 equips operatius de seguretat, unitat canina i operatius especials d&#8217;esdeveniments, i refor\u00e7ar\u00e0 els controls preventius d&#8217;alcohol\u00e8mia, substancies estupefaents i armes, amb especial incid\u00e8ncia en els botellons. La regidor de Seguretat Ciutadana, Ana Blasco, va presentar el dispositiu de seguretat que la Policia Local ha preparat per als dies de festes patronals: [&hellip;]\" \/>\n<meta property=\"og:url\" content=\"https:\/\/santapola.es\/ca\/el-dispositiu-de-seguretat-en-festes-patronals-incidira-en-la-conscienciacio-i-els-controls-preventius\/\" \/>\n<meta property=\"og:site_name\" content=\"Ajuntament de Santa Pola\" \/>\n<meta property=\"article:publisher\" content=\"https:\/\/www.facebook.com\/AyuntamientoSantaPola\/\" \/>\n<meta property=\"article:published_time\" content=\"2024-08-29T10:32:36+00:00\" \/>\n<meta property=\"article:modified_time\" content=\"2024-08-29T10:34:18+00:00\" \/>\n<meta property=\"og:image\" content=\"https:\/\/santapola.es\/wp-content\/uploads\/2024\/08\/2024-08-29-dispositivo-seguridad-fiestas.jpeg\" \/>\n\t<meta property=\"og:image:width\" content=\"1600\" \/>\n\t<meta property=\"og:image:height\" content=\"1200\" \/>\n\t<meta property=\"og:image:type\" content=\"image\/jpeg\" \/>\n<meta name=\"author\" content=\"Jos\u00e9 Juan L\u00f3pez Lafuente\" \/>\n<meta name=\"twitter:card\" content=\"summary_large_image\" \/>\n<meta name=\"twitter:creator\" content=\"@SantaPolaAyunt\" \/>\n<meta name=\"twitter:site\" content=\"@SantaPolaAyunt\" \/>\n<script type=\"application\/ld+json\" class=\"yoast-schema-graph\">{\"@context\":\"https:\\\/\\\/schema.org\",\"@graph\":[{\"@type\":\"Article\",\"@id\":\"https:\\\/\\\/santapola.es\\\/ca\\\/el-dispositiu-de-seguretat-en-festes-patronals-incidira-en-la-conscienciacio-i-els-controls-preventius\\\/#article\",\"isPartOf\":{\"@id\":\"https:\\\/\\\/santapola.es\\\/ca\\\/el-dispositiu-de-seguretat-en-festes-patronals-incidira-en-la-conscienciacio-i-els-controls-preventius\\\/\"},\"author\":{\"name\":\"Jos\u00e9 Juan L\u00f3pez Lafuente\",\"@id\":\"https:\\\/\\\/santapola.es\\\/ca\\\/#\\\/schema\\\/person\\\/ad1d67403707b58350c7be5e8dbc442d\"},\"headline\":\"El dispositiu de seguretat en festes patronals incidir\u00e0 en la conscienciaci\u00f3 i els controls preventius\",\"datePublished\":\"2024-08-29T10:32:36+00:00\",\"dateModified\":\"2024-08-29T10:34:18+00:00\",\"mainEntityOfPage\":{\"@id\":\"https:\\\/\\\/santapola.es\\\/ca\\\/el-dispositiu-de-seguretat-en-festes-patronals-incidira-en-la-conscienciacio-i-els-controls-preventius\\\/\"},\"wordCount\":498,\"image\":{\"@id\":\"https:\\\/\\\/santapola.es\\\/ca\\\/el-dispositiu-de-seguretat-en-festes-patronals-incidira-en-la-conscienciacio-i-els-controls-preventius\\\/#primaryimage\"},\"thumbnailUrl\":\"https:\\\/\\\/santapola.es\\\/wp-content\\\/uploads\\\/2024\\\/08\\\/2024-08-29-dispositivo-seguridad-fiestas.jpeg\",\"keywords\":[\"Ana Blasco\",\"Loreto Serrano\",\"Policia Local\"],\"articleSection\":[\"Festes\",\"Policia\",\"Seguretat Ciutadana \\\/ Protecci\u00f3 Civil\"],\"inLanguage\":\"ca\"},{\"@type\":\"WebPage\",\"@id\":\"https:\\\/\\\/santapola.es\\\/ca\\\/el-dispositiu-de-seguretat-en-festes-patronals-incidira-en-la-conscienciacio-i-els-controls-preventius\\\/\",\"url\":\"https:\\\/\\\/santapola.es\\\/ca\\\/el-dispositiu-de-seguretat-en-festes-patronals-incidira-en-la-conscienciacio-i-els-controls-preventius\\\/\",\"name\":\"El dispositiu de seguretat en festes patronals incidir\u00e0 en la conscienciaci\u00f3 i els controls preventius - Ajuntament de Santa Pola\",\"isPartOf\":{\"@id\":\"https:\\\/\\\/santapola.es\\\/ca\\\/#website\"},\"primaryImageOfPage\":{\"@id\":\"https:\\\/\\\/santapola.es\\\/ca\\\/el-dispositiu-de-seguretat-en-festes-patronals-incidira-en-la-conscienciacio-i-els-controls-preventius\\\/#primaryimage\"},\"image\":{\"@id\":\"https:\\\/\\\/santapola.es\\\/ca\\\/el-dispositiu-de-seguretat-en-festes-patronals-incidira-en-la-conscienciacio-i-els-controls-preventius\\\/#primaryimage\"},\"thumbnailUrl\":\"https:\\\/\\\/santapola.es\\\/wp-content\\\/uploads\\\/2024\\\/08\\\/2024-08-29-dispositivo-seguridad-fiestas.jpeg\",\"datePublished\":\"2024-08-29T10:32:36+00:00\",\"dateModified\":\"2024-08-29T10:34:18+00:00\",\"author\":{\"@id\":\"https:\\\/\\\/santapola.es\\\/ca\\\/#\\\/schema\\\/person\\\/ad1d67403707b58350c7be5e8dbc442d\"},\"breadcrumb\":{\"@id\":\"https:\\\/\\\/santapola.es\\\/ca\\\/el-dispositiu-de-seguretat-en-festes-patronals-incidira-en-la-conscienciacio-i-els-controls-preventius\\\/#breadcrumb\"},\"inLanguage\":\"ca\",\"potentialAction\":[{\"@type\":\"ReadAction\",\"target\":[\"https:\\\/\\\/santapola.es\\\/ca\\\/el-dispositiu-de-seguretat-en-festes-patronals-incidira-en-la-conscienciacio-i-els-controls-preventius\\\/\"]}]},{\"@type\":\"ImageObject\",\"inLanguage\":\"ca\",\"@id\":\"https:\\\/\\\/santapola.es\\\/ca\\\/el-dispositiu-de-seguretat-en-festes-patronals-incidira-en-la-conscienciacio-i-els-controls-preventius\\\/#primaryimage\",\"url\":\"https:\\\/\\\/santapola.es\\\/wp-content\\\/uploads\\\/2024\\\/08\\\/2024-08-29-dispositivo-seguridad-fiestas.jpeg\",\"contentUrl\":\"https:\\\/\\\/santapola.es\\\/wp-content\\\/uploads\\\/2024\\\/08\\\/2024-08-29-dispositivo-seguridad-fiestas.jpeg\",\"width\":1600,\"height\":1200},{\"@type\":\"BreadcrumbList\",\"@id\":\"https:\\\/\\\/santapola.es\\\/ca\\\/el-dispositiu-de-seguretat-en-festes-patronals-incidira-en-la-conscienciacio-i-els-controls-preventius\\\/#breadcrumb\",\"itemListElement\":[{\"@type\":\"ListItem\",\"position\":1,\"name\":\"Inici\",\"item\":\"https:\\\/\\\/santapola.es\\\/ca\\\/\"},{\"@type\":\"ListItem\",\"position\":2,\"name\":\"El dispositiu de seguretat en festes patronals incidir\u00e0 en la conscienciaci\u00f3 i els controls preventius\"}]},{\"@type\":\"WebSite\",\"@id\":\"https:\\\/\\\/santapola.es\\\/ca\\\/#website\",\"url\":\"https:\\\/\\\/santapola.es\\\/ca\\\/\",\"name\":\"Ayuntamiento de Santa Pola\",\"description\":\"Web de l'Ajuntament de Santa Pola\",\"potentialAction\":[{\"@type\":\"SearchAction\",\"target\":{\"@type\":\"EntryPoint\",\"urlTemplate\":\"https:\\\/\\\/santapola.es\\\/ca\\\/?s={search_term_string}\"},\"query-input\":{\"@type\":\"PropertyValueSpecification\",\"valueRequired\":true,\"valueName\":\"search_term_string\"}}],\"inLanguage\":\"ca\"},{\"@type\":\"Person\",\"@id\":\"https:\\\/\\\/santapola.es\\\/ca\\\/#\\\/schema\\\/person\\\/ad1d67403707b58350c7be5e8dbc442d\",\"name\":\"Jos\u00e9 Juan L\u00f3pez Lafuente\"}]}<\/script>\n<!-- \/ Yoast SEO plugin. -->","yoast_head_json":{"title":"El dispositiu de seguretat en festes patronals incidir\u00e0 en la conscienciaci\u00f3 i els controls preventius - Ajuntament de Santa Pola","robots":{"index":"index","follow":"follow","max-snippet":"max-snippet:-1","max-image-preview":"max-image-preview:large","max-video-preview":"max-video-preview:-1"},"canonical":"https:\/\/santapola.es\/ca\/el-dispositiu-de-seguretat-en-festes-patronals-incidira-en-la-conscienciacio-i-els-controls-preventius\/","og_locale":"ca_ES","og_type":"article","og_title":"El dispositiu de seguretat en festes patronals incidir\u00e0 en la conscienciaci\u00f3 i els controls preventius - Ajuntament de Santa Pola","og_description":"La Policia Local mobilitzar\u00e0 equips operatius de seguretat, unitat canina i operatius especials d&#8217;esdeveniments, i refor\u00e7ar\u00e0 els controls preventius d&#8217;alcohol\u00e8mia, substancies estupefaents i armes, amb especial incid\u00e8ncia en els botellons. La regidor de Seguretat Ciutadana, Ana Blasco, va presentar el dispositiu de seguretat que la Policia Local ha preparat per als dies de festes patronals: [&hellip;]","og_url":"https:\/\/santapola.es\/ca\/el-dispositiu-de-seguretat-en-festes-patronals-incidira-en-la-conscienciacio-i-els-controls-preventius\/","og_site_name":"Ajuntament de Santa Pola","article_publisher":"https:\/\/www.facebook.com\/AyuntamientoSantaPola\/","article_published_time":"2024-08-29T10:32:36+00:00","article_modified_time":"2024-08-29T10:34:18+00:00","og_image":[{"width":1600,"height":1200,"url":"https:\/\/santapola.es\/wp-content\/uploads\/2024\/08\/2024-08-29-dispositivo-seguridad-fiestas.jpeg","type":"image\/jpeg"}],"author":"Jos\u00e9 Juan L\u00f3pez Lafuente","twitter_card":"summary_large_image","twitter_creator":"@SantaPolaAyunt","twitter_site":"@SantaPolaAyunt","schema":{"@context":"https:\/\/schema.org","@graph":[{"@type":"Article","@id":"https:\/\/santapola.es\/ca\/el-dispositiu-de-seguretat-en-festes-patronals-incidira-en-la-conscienciacio-i-els-controls-preventius\/#article","isPartOf":{"@id":"https:\/\/santapola.es\/ca\/el-dispositiu-de-seguretat-en-festes-patronals-incidira-en-la-conscienciacio-i-els-controls-preventius\/"},"author":{"name":"Jos\u00e9 Juan L\u00f3pez Lafuente","@id":"https:\/\/santapola.es\/ca\/#\/schema\/person\/ad1d67403707b58350c7be5e8dbc442d"},"headline":"El dispositiu de seguretat en festes patronals incidir\u00e0 en la conscienciaci\u00f3 i els controls preventius","datePublished":"2024-08-29T10:32:36+00:00","dateModified":"2024-08-29T10:34:18+00:00","mainEntityOfPage":{"@id":"https:\/\/santapola.es\/ca\/el-dispositiu-de-seguretat-en-festes-patronals-incidira-en-la-conscienciacio-i-els-controls-preventius\/"},"wordCount":498,"image":{"@id":"https:\/\/santapola.es\/ca\/el-dispositiu-de-seguretat-en-festes-patronals-incidira-en-la-conscienciacio-i-els-controls-preventius\/#primaryimage"},"thumbnailUrl":"https:\/\/santapola.es\/wp-content\/uploads\/2024\/08\/2024-08-29-dispositivo-seguridad-fiestas.jpeg","keywords":["Ana Blasco","Loreto Serrano","Policia Local"],"articleSection":["Festes","Policia","Seguretat Ciutadana \/ Protecci\u00f3 Civil"],"inLanguage":"ca"},{"@type":"WebPage","@id":"https:\/\/santapola.es\/ca\/el-dispositiu-de-seguretat-en-festes-patronals-incidira-en-la-conscienciacio-i-els-controls-preventius\/","url":"https:\/\/santapola.es\/ca\/el-dispositiu-de-seguretat-en-festes-patronals-incidira-en-la-conscienciacio-i-els-controls-preventius\/","name":"El dispositiu de seguretat en festes patronals incidir\u00e0 en la conscienciaci\u00f3 i els controls preventius - Ajuntament de Santa Pola","isPartOf":{"@id":"https:\/\/santapola.es\/ca\/#website"},"primaryImageOfPage":{"@id":"https:\/\/santapola.es\/ca\/el-dispositiu-de-seguretat-en-festes-patronals-incidira-en-la-conscienciacio-i-els-controls-preventius\/#primaryimage"},"image":{"@id":"https:\/\/santapola.es\/ca\/el-dispositiu-de-seguretat-en-festes-patronals-incidira-en-la-conscienciacio-i-els-controls-preventius\/#primaryimage"},"thumbnailUrl":"https:\/\/santapola.es\/wp-content\/uploads\/2024\/08\/2024-08-29-dispositivo-seguridad-fiestas.jpeg","datePublished":"2024-08-29T10:32:36+00:00","dateModified":"2024-08-29T10:34:18+00:00","author":{"@id":"https:\/\/santapola.es\/ca\/#\/schema\/person\/ad1d67403707b58350c7be5e8dbc442d"},"breadcrumb":{"@id":"https:\/\/santapola.es\/ca\/el-dispositiu-de-seguretat-en-festes-patronals-incidira-en-la-conscienciacio-i-els-controls-preventius\/#breadcrumb"},"inLanguage":"ca","potentialAction":[{"@type":"ReadAction","target":["https:\/\/santapola.es\/ca\/el-dispositiu-de-seguretat-en-festes-patronals-incidira-en-la-conscienciacio-i-els-controls-preventius\/"]}]},{"@type":"ImageObject","inLanguage":"ca","@id":"https:\/\/santapola.es\/ca\/el-dispositiu-de-seguretat-en-festes-patronals-incidira-en-la-conscienciacio-i-els-controls-preventius\/#primaryimage","url":"https:\/\/santapola.es\/wp-content\/uploads\/2024\/08\/2024-08-29-dispositivo-seguridad-fiestas.jpeg","contentUrl":"https:\/\/santapola.es\/wp-content\/uploads\/2024\/08\/2024-08-29-dispositivo-seguridad-fiestas.jpeg","width":1600,"height":1200},{"@type":"BreadcrumbList","@id":"https:\/\/santapola.es\/ca\/el-dispositiu-de-seguretat-en-festes-patronals-incidira-en-la-conscienciacio-i-els-controls-preventius\/#breadcrumb","itemListElement":[{"@type":"ListItem","position":1,"name":"Inici","item":"https:\/\/santapola.es\/ca\/"},{"@type":"ListItem","position":2,"name":"El dispositiu de seguretat en festes patronals incidir\u00e0 en la conscienciaci\u00f3 i els controls preventius"}]},{"@type":"WebSite","@id":"https:\/\/santapola.es\/ca\/#website","url":"https:\/\/santapola.es\/ca\/","name":"Ayuntamiento de Santa Pola","description":"Web de l'Ajuntament de Santa Pola","potentialAction":[{"@type":"SearchAction","target":{"@type":"EntryPoint","urlTemplate":"https:\/\/santapola.es\/ca\/?s={search_term_string}"},"query-input":{"@type":"PropertyValueSpecification","valueRequired":true,"valueName":"search_term_string"}}],"inLanguage":"ca"},{"@type":"Person","@id":"https:\/\/santapola.es\/ca\/#\/schema\/person\/ad1d67403707b58350c7be5e8dbc442d","name":"Jos\u00e9 Juan L\u00f3pez Lafuente"}]}},"_links":{"self":[{"href":"https:\/\/santapola.es\/ca\/wp-json\/wp\/v2\/posts\/38848","targetHints":{"allow":["GET"]}}],"collection":[{"href":"https:\/\/santapola.es\/ca\/wp-json\/wp\/v2\/posts"}],"about":[{"href":"https:\/\/santapola.es\/ca\/wp-json\/wp\/v2\/types\/post"}],"author":[{"embeddable":true,"href":"https:\/\/santapola.es\/ca\/wp-json\/wp\/v2\/users\/96"}],"replies":[{"embeddable":true,"href":"https:\/\/santapola.es\/ca\/wp-json\/wp\/v2\/comments?post=38848"}],"version-history":[{"count":0,"href":"https:\/\/santapola.es\/ca\/wp-json\/wp\/v2\/posts\/38848\/revisions"}],"wp:featuredmedia":[{"embeddable":true,"href":"https:\/\/santapola.es\/ca\/wp-json\/wp\/v2\/media\/38846"}],"wp:attachment":[{"href":"https:\/\/santapola.es\/ca\/wp-json\/wp\/v2\/media?parent=38848"}],"wp:term":[{"taxonomy":"category","embeddable":true,"href":"https:\/\/santapola.es\/ca\/wp-json\/wp\/v2\/categories?post=38848"},{"taxonomy":"post_tag","embeddable":true,"href":"https:\/\/santapola.es\/ca\/wp-json\/wp\/v2\/tags?post=38848"}],"curies":[{"name":"wp","href":"https:\/\/api.w.org\/{rel}","templated":true}]}}