{"id":38766,"date":"2024-08-26T14:21:57","date_gmt":"2024-08-26T12:21:57","guid":{"rendered":"https:\/\/santapola.es\/?p=38766"},"modified":"2024-08-26T14:23:38","modified_gmt":"2024-08-26T12:23:38","slug":"la-biblioteca-internacional-de-gran-alacant-llanca-els-seus-cursos-despanyol-per-a-estrangers-angles-i-pintura","status":"publish","type":"post","link":"https:\/\/santapola.es\/ca\/la-biblioteca-internacional-de-gran-alacant-llanca-els-seus-cursos-despanyol-per-a-estrangers-angles-i-pintura\/","title":{"rendered":"La Biblioteca Internacional de Gran Alacant llan\u00e7a els seus cursos d&#8217;espanyol per a estrangers, angl\u00e9s i pintura"},"content":{"rendered":"<p><strong>El 9 de setembre s&#8217;obri el termini d&#8217;inscripcions en espanyol per a estrangers majors de 16 anys. El 12 de setembre comen\u00e7a la preinscripci\u00f3 per a angl\u00e9s i pintura, amb diversos nivells per a joves i adults.<\/strong><\/p>\n<p>La Biblioteca Internacional de Gran Alacant \u00e9s un veritable motor d&#8217;integraci\u00f3 en un barri multicultural en el qual conviuen ciutadans de nombrosos pa\u00efsos de diversos continents. Ara llan\u00e7a la seua oferta inicial de cursos per a la temporada 2024-25 que comen\u00e7a per tres cl\u00e0ssics: espanyol per a estrangers, angl\u00e9s i pintura.<\/p>\n<p>El curs d&#8217;espanyol per a estrangers s&#8217;oferix per a majors de 16 anys en quatre nivells: principiants, intermedi 1 i 2 i avan\u00e7at. El preu de la inscripci\u00f3 \u00e9s de 135 euros inclosa matr\u00edcula i materials, excepte llibres, amb una quota redu\u00efda per a aturats de 105 euros. Les inscripcions s&#8217;obrin el 9 de setembre.<\/p>\n<p>El curs d&#8217;angl\u00e9s compr\u00e9n dos categories, el d&#8217;ESO per a joves estudiants en dos grups d&#8217;edats, i un altre per a adults amb nivells b\u00e0sic A1, elemental A2, intermedi B1 i avan\u00e7at B2. El juvenil t\u00e9 un preu de 82 euros i el d&#8217;adults 135, que ser\u00e0 de 105 per als aturats.<\/p>\n<p>At\u00e9s que les places s\u00f3n limitades, l&#8217;acc\u00e9s a tots els nivells es realitzar\u00e0 mitjan\u00e7ant sorteig per a tots els alumnes de nova inscripci\u00f3, donant prefer\u00e8ncia als empadronats. Hi haur\u00e0 un per\u00edode de preinscripcions des del 12 fins al 20 de setembre.<\/p>\n<p>Finalment, el curs de pintura es realitzar\u00e0 a la sala municipal del Santara Resort, amb dos grups per a adults i infantil a partir de 5 anys. El cost del curs infantil \u00e9s de 48 euros inclosos matr\u00edcula i material, i el d&#8217;adults de 85 euros, 70 la quota redu\u00efda. Igual que en el d&#8217;angl\u00e9s, les places s\u00f3n limitades i l&#8217;acc\u00e9s es realitzar\u00e0 mitjan\u00e7ant sorteig, donant prefer\u00e8ncia als empadronats. El per\u00edode de preinscripcions ser\u00e0 del 12 al 20 de setembre.<\/p>\n<p>Per a m\u00e9s informaci\u00f3 i inscripcions, els interessats poden dirigir-se f\u00edsicament a la Biblioteca Internacional de Gran Alacant en Avinguda d&#8217;Escandin\u00e0via 31, en la web https:\/\/biblioteques.wordpress.com\/, a l&#8217;email santapola.biga1@gmail.com o en el tel\u00e8fon 966 697 110.<\/p>\n","protected":false},"excerpt":{"rendered":"<p>El 9 de setembre s&#8217;obri el termini d&#8217;inscripcions en espanyol per a estrangers majors de 16 anys. El 12 de setembre comen\u00e7a la preinscripci\u00f3 per a angl\u00e9s i pintura, amb diversos nivells per a joves i adults. La Biblioteca Internacional de Gran Alacant \u00e9s un veritable motor d&#8217;integraci\u00f3 en un barri multicultural en el qual [&hellip;]<\/p>\n","protected":false},"author":96,"featured_media":38764,"comment_status":"closed","ping_status":"closed","sticky":false,"template":"","format":"standard","meta":{"_et_pb_use_builder":"","_et_pb_old_content":"","_et_gb_content_width":"","footnotes":""},"categories":[433,474],"tags":[835,1051,1050],"class_list":["post-38766","post","type-post","status-publish","format-standard","has-post-thumbnail","hentry","category-cultura-ca","category-educacio","tag-biblioteca-internacional-gran-alacant-ca","tag-cursos-ca","tag-espanyol-per-a-estrangers"],"yoast_head":"<!-- This site is optimized with the Yoast SEO plugin v27.4 - https:\/\/yoast.com\/product\/yoast-seo-wordpress\/ -->\n<title>La Biblioteca Internacional de Gran Alacant llan\u00e7a els seus cursos d&#039;espanyol per a estrangers, angl\u00e9s i pintura - Ajuntament de Santa Pola<\/title>\n<meta name=\"robots\" content=\"index, follow, max-snippet:-1, max-image-preview:large, max-video-preview:-1\" \/>\n<link rel=\"canonical\" href=\"https:\/\/santapola.es\/ca\/la-biblioteca-internacional-de-gran-alacant-llanca-els-seus-cursos-despanyol-per-a-estrangers-angles-i-pintura\/\" \/>\n<meta property=\"og:locale\" content=\"ca_ES\" \/>\n<meta property=\"og:type\" content=\"article\" \/>\n<meta property=\"og:title\" content=\"La Biblioteca Internacional de Gran Alacant llan\u00e7a els seus cursos d&#039;espanyol per a estrangers, angl\u00e9s i pintura - Ajuntament de Santa Pola\" \/>\n<meta property=\"og:description\" content=\"El 9 de setembre s&#8217;obri el termini d&#8217;inscripcions en espanyol per a estrangers majors de 16 anys. El 12 de setembre comen\u00e7a la preinscripci\u00f3 per a angl\u00e9s i pintura, amb diversos nivells per a joves i adults. La Biblioteca Internacional de Gran Alacant \u00e9s un veritable motor d&#8217;integraci\u00f3 en un barri multicultural en el qual [&hellip;]\" \/>\n<meta property=\"og:url\" content=\"https:\/\/santapola.es\/ca\/la-biblioteca-internacional-de-gran-alacant-llanca-els-seus-cursos-despanyol-per-a-estrangers-angles-i-pintura\/\" \/>\n<meta property=\"og:site_name\" content=\"Ajuntament de Santa Pola\" \/>\n<meta property=\"article:publisher\" content=\"https:\/\/www.facebook.com\/AyuntamientoSantaPola\/\" \/>\n<meta property=\"article:published_time\" content=\"2024-08-26T12:21:57+00:00\" \/>\n<meta property=\"article:modified_time\" content=\"2024-08-26T12:23:38+00:00\" \/>\n<meta property=\"og:image\" content=\"https:\/\/santapola.es\/wp-content\/uploads\/2024\/08\/Cartel-cursos-Biblio-Gran-Alacant-2024-2025-formato-instagram.jpg\" \/>\n\t<meta property=\"og:image:width\" content=\"1080\" \/>\n\t<meta property=\"og:image:height\" content=\"1080\" \/>\n\t<meta property=\"og:image:type\" content=\"image\/jpeg\" \/>\n<meta name=\"author\" content=\"Jos\u00e9 Juan L\u00f3pez Lafuente\" \/>\n<meta name=\"twitter:card\" content=\"summary_large_image\" \/>\n<meta name=\"twitter:creator\" content=\"@SantaPolaAyunt\" \/>\n<meta name=\"twitter:site\" content=\"@SantaPolaAyunt\" \/>\n<script type=\"application\/ld+json\" class=\"yoast-schema-graph\">{\"@context\":\"https:\\\/\\\/schema.org\",\"@graph\":[{\"@type\":\"Article\",\"@id\":\"https:\\\/\\\/santapola.es\\\/ca\\\/la-biblioteca-internacional-de-gran-alacant-llanca-els-seus-cursos-despanyol-per-a-estrangers-angles-i-pintura\\\/#article\",\"isPartOf\":{\"@id\":\"https:\\\/\\\/santapola.es\\\/ca\\\/la-biblioteca-internacional-de-gran-alacant-llanca-els-seus-cursos-despanyol-per-a-estrangers-angles-i-pintura\\\/\"},\"author\":{\"name\":\"Jos\u00e9 Juan L\u00f3pez Lafuente\",\"@id\":\"https:\\\/\\\/santapola.es\\\/ca\\\/#\\\/schema\\\/person\\\/ad1d67403707b58350c7be5e8dbc442d\"},\"headline\":\"La Biblioteca Internacional de Gran Alacant llan\u00e7a els seus cursos d&#8217;espanyol per a estrangers, angl\u00e9s i pintura\",\"datePublished\":\"2024-08-26T12:21:57+00:00\",\"dateModified\":\"2024-08-26T12:23:38+00:00\",\"mainEntityOfPage\":{\"@id\":\"https:\\\/\\\/santapola.es\\\/ca\\\/la-biblioteca-internacional-de-gran-alacant-llanca-els-seus-cursos-despanyol-per-a-estrangers-angles-i-pintura\\\/\"},\"wordCount\":402,\"image\":{\"@id\":\"https:\\\/\\\/santapola.es\\\/ca\\\/la-biblioteca-internacional-de-gran-alacant-llanca-els-seus-cursos-despanyol-per-a-estrangers-angles-i-pintura\\\/#primaryimage\"},\"thumbnailUrl\":\"https:\\\/\\\/santapola.es\\\/wp-content\\\/uploads\\\/2024\\\/08\\\/Cartel-cursos-Biblio-Gran-Alacant-2024-2025-formato-instagram.jpg\",\"keywords\":[\"Biblioteca Internacional Gran Alacant\",\"cursos\",\"espanyol per a estrangers\"],\"articleSection\":[\"Cultura\",\"Educaci\u00f3\"],\"inLanguage\":\"ca\"},{\"@type\":\"WebPage\",\"@id\":\"https:\\\/\\\/santapola.es\\\/ca\\\/la-biblioteca-internacional-de-gran-alacant-llanca-els-seus-cursos-despanyol-per-a-estrangers-angles-i-pintura\\\/\",\"url\":\"https:\\\/\\\/santapola.es\\\/ca\\\/la-biblioteca-internacional-de-gran-alacant-llanca-els-seus-cursos-despanyol-per-a-estrangers-angles-i-pintura\\\/\",\"name\":\"La Biblioteca Internacional de Gran Alacant llan\u00e7a els seus cursos d'espanyol per a estrangers, angl\u00e9s i pintura - Ajuntament de Santa Pola\",\"isPartOf\":{\"@id\":\"https:\\\/\\\/santapola.es\\\/ca\\\/#website\"},\"primaryImageOfPage\":{\"@id\":\"https:\\\/\\\/santapola.es\\\/ca\\\/la-biblioteca-internacional-de-gran-alacant-llanca-els-seus-cursos-despanyol-per-a-estrangers-angles-i-pintura\\\/#primaryimage\"},\"image\":{\"@id\":\"https:\\\/\\\/santapola.es\\\/ca\\\/la-biblioteca-internacional-de-gran-alacant-llanca-els-seus-cursos-despanyol-per-a-estrangers-angles-i-pintura\\\/#primaryimage\"},\"thumbnailUrl\":\"https:\\\/\\\/santapola.es\\\/wp-content\\\/uploads\\\/2024\\\/08\\\/Cartel-cursos-Biblio-Gran-Alacant-2024-2025-formato-instagram.jpg\",\"datePublished\":\"2024-08-26T12:21:57+00:00\",\"dateModified\":\"2024-08-26T12:23:38+00:00\",\"author\":{\"@id\":\"https:\\\/\\\/santapola.es\\\/ca\\\/#\\\/schema\\\/person\\\/ad1d67403707b58350c7be5e8dbc442d\"},\"breadcrumb\":{\"@id\":\"https:\\\/\\\/santapola.es\\\/ca\\\/la-biblioteca-internacional-de-gran-alacant-llanca-els-seus-cursos-despanyol-per-a-estrangers-angles-i-pintura\\\/#breadcrumb\"},\"inLanguage\":\"ca\",\"potentialAction\":[{\"@type\":\"ReadAction\",\"target\":[\"https:\\\/\\\/santapola.es\\\/ca\\\/la-biblioteca-internacional-de-gran-alacant-llanca-els-seus-cursos-despanyol-per-a-estrangers-angles-i-pintura\\\/\"]}]},{\"@type\":\"ImageObject\",\"inLanguage\":\"ca\",\"@id\":\"https:\\\/\\\/santapola.es\\\/ca\\\/la-biblioteca-internacional-de-gran-alacant-llanca-els-seus-cursos-despanyol-per-a-estrangers-angles-i-pintura\\\/#primaryimage\",\"url\":\"https:\\\/\\\/santapola.es\\\/wp-content\\\/uploads\\\/2024\\\/08\\\/Cartel-cursos-Biblio-Gran-Alacant-2024-2025-formato-instagram.jpg\",\"contentUrl\":\"https:\\\/\\\/santapola.es\\\/wp-content\\\/uploads\\\/2024\\\/08\\\/Cartel-cursos-Biblio-Gran-Alacant-2024-2025-formato-instagram.jpg\",\"width\":1080,\"height\":1080},{\"@type\":\"BreadcrumbList\",\"@id\":\"https:\\\/\\\/santapola.es\\\/ca\\\/la-biblioteca-internacional-de-gran-alacant-llanca-els-seus-cursos-despanyol-per-a-estrangers-angles-i-pintura\\\/#breadcrumb\",\"itemListElement\":[{\"@type\":\"ListItem\",\"position\":1,\"name\":\"Inici\",\"item\":\"https:\\\/\\\/santapola.es\\\/ca\\\/\"},{\"@type\":\"ListItem\",\"position\":2,\"name\":\"La Biblioteca Internacional de Gran Alacant llan\u00e7a els seus cursos d&#8217;espanyol per a estrangers, angl\u00e9s i pintura\"}]},{\"@type\":\"WebSite\",\"@id\":\"https:\\\/\\\/santapola.es\\\/ca\\\/#website\",\"url\":\"https:\\\/\\\/santapola.es\\\/ca\\\/\",\"name\":\"Ayuntamiento de Santa Pola\",\"description\":\"Web de l'Ajuntament de Santa Pola\",\"potentialAction\":[{\"@type\":\"SearchAction\",\"target\":{\"@type\":\"EntryPoint\",\"urlTemplate\":\"https:\\\/\\\/santapola.es\\\/ca\\\/?s={search_term_string}\"},\"query-input\":{\"@type\":\"PropertyValueSpecification\",\"valueRequired\":true,\"valueName\":\"search_term_string\"}}],\"inLanguage\":\"ca\"},{\"@type\":\"Person\",\"@id\":\"https:\\\/\\\/santapola.es\\\/ca\\\/#\\\/schema\\\/person\\\/ad1d67403707b58350c7be5e8dbc442d\",\"name\":\"Jos\u00e9 Juan L\u00f3pez Lafuente\"}]}<\/script>\n<!-- \/ Yoast SEO plugin. -->","yoast_head_json":{"title":"La Biblioteca Internacional de Gran Alacant llan\u00e7a els seus cursos d'espanyol per a estrangers, angl\u00e9s i pintura - Ajuntament de Santa Pola","robots":{"index":"index","follow":"follow","max-snippet":"max-snippet:-1","max-image-preview":"max-image-preview:large","max-video-preview":"max-video-preview:-1"},"canonical":"https:\/\/santapola.es\/ca\/la-biblioteca-internacional-de-gran-alacant-llanca-els-seus-cursos-despanyol-per-a-estrangers-angles-i-pintura\/","og_locale":"ca_ES","og_type":"article","og_title":"La Biblioteca Internacional de Gran Alacant llan\u00e7a els seus cursos d'espanyol per a estrangers, angl\u00e9s i pintura - Ajuntament de Santa Pola","og_description":"El 9 de setembre s&#8217;obri el termini d&#8217;inscripcions en espanyol per a estrangers majors de 16 anys. El 12 de setembre comen\u00e7a la preinscripci\u00f3 per a angl\u00e9s i pintura, amb diversos nivells per a joves i adults. La Biblioteca Internacional de Gran Alacant \u00e9s un veritable motor d&#8217;integraci\u00f3 en un barri multicultural en el qual [&hellip;]","og_url":"https:\/\/santapola.es\/ca\/la-biblioteca-internacional-de-gran-alacant-llanca-els-seus-cursos-despanyol-per-a-estrangers-angles-i-pintura\/","og_site_name":"Ajuntament de Santa Pola","article_publisher":"https:\/\/www.facebook.com\/AyuntamientoSantaPola\/","article_published_time":"2024-08-26T12:21:57+00:00","article_modified_time":"2024-08-26T12:23:38+00:00","og_image":[{"width":1080,"height":1080,"url":"https:\/\/santapola.es\/wp-content\/uploads\/2024\/08\/Cartel-cursos-Biblio-Gran-Alacant-2024-2025-formato-instagram.jpg","type":"image\/jpeg"}],"author":"Jos\u00e9 Juan L\u00f3pez Lafuente","twitter_card":"summary_large_image","twitter_creator":"@SantaPolaAyunt","twitter_site":"@SantaPolaAyunt","schema":{"@context":"https:\/\/schema.org","@graph":[{"@type":"Article","@id":"https:\/\/santapola.es\/ca\/la-biblioteca-internacional-de-gran-alacant-llanca-els-seus-cursos-despanyol-per-a-estrangers-angles-i-pintura\/#article","isPartOf":{"@id":"https:\/\/santapola.es\/ca\/la-biblioteca-internacional-de-gran-alacant-llanca-els-seus-cursos-despanyol-per-a-estrangers-angles-i-pintura\/"},"author":{"name":"Jos\u00e9 Juan L\u00f3pez Lafuente","@id":"https:\/\/santapola.es\/ca\/#\/schema\/person\/ad1d67403707b58350c7be5e8dbc442d"},"headline":"La Biblioteca Internacional de Gran Alacant llan\u00e7a els seus cursos d&#8217;espanyol per a estrangers, angl\u00e9s i pintura","datePublished":"2024-08-26T12:21:57+00:00","dateModified":"2024-08-26T12:23:38+00:00","mainEntityOfPage":{"@id":"https:\/\/santapola.es\/ca\/la-biblioteca-internacional-de-gran-alacant-llanca-els-seus-cursos-despanyol-per-a-estrangers-angles-i-pintura\/"},"wordCount":402,"image":{"@id":"https:\/\/santapola.es\/ca\/la-biblioteca-internacional-de-gran-alacant-llanca-els-seus-cursos-despanyol-per-a-estrangers-angles-i-pintura\/#primaryimage"},"thumbnailUrl":"https:\/\/santapola.es\/wp-content\/uploads\/2024\/08\/Cartel-cursos-Biblio-Gran-Alacant-2024-2025-formato-instagram.jpg","keywords":["Biblioteca Internacional Gran Alacant","cursos","espanyol per a estrangers"],"articleSection":["Cultura","Educaci\u00f3"],"inLanguage":"ca"},{"@type":"WebPage","@id":"https:\/\/santapola.es\/ca\/la-biblioteca-internacional-de-gran-alacant-llanca-els-seus-cursos-despanyol-per-a-estrangers-angles-i-pintura\/","url":"https:\/\/santapola.es\/ca\/la-biblioteca-internacional-de-gran-alacant-llanca-els-seus-cursos-despanyol-per-a-estrangers-angles-i-pintura\/","name":"La Biblioteca Internacional de Gran Alacant llan\u00e7a els seus cursos d'espanyol per a estrangers, angl\u00e9s i pintura - Ajuntament de Santa Pola","isPartOf":{"@id":"https:\/\/santapola.es\/ca\/#website"},"primaryImageOfPage":{"@id":"https:\/\/santapola.es\/ca\/la-biblioteca-internacional-de-gran-alacant-llanca-els-seus-cursos-despanyol-per-a-estrangers-angles-i-pintura\/#primaryimage"},"image":{"@id":"https:\/\/santapola.es\/ca\/la-biblioteca-internacional-de-gran-alacant-llanca-els-seus-cursos-despanyol-per-a-estrangers-angles-i-pintura\/#primaryimage"},"thumbnailUrl":"https:\/\/santapola.es\/wp-content\/uploads\/2024\/08\/Cartel-cursos-Biblio-Gran-Alacant-2024-2025-formato-instagram.jpg","datePublished":"2024-08-26T12:21:57+00:00","dateModified":"2024-08-26T12:23:38+00:00","author":{"@id":"https:\/\/santapola.es\/ca\/#\/schema\/person\/ad1d67403707b58350c7be5e8dbc442d"},"breadcrumb":{"@id":"https:\/\/santapola.es\/ca\/la-biblioteca-internacional-de-gran-alacant-llanca-els-seus-cursos-despanyol-per-a-estrangers-angles-i-pintura\/#breadcrumb"},"inLanguage":"ca","potentialAction":[{"@type":"ReadAction","target":["https:\/\/santapola.es\/ca\/la-biblioteca-internacional-de-gran-alacant-llanca-els-seus-cursos-despanyol-per-a-estrangers-angles-i-pintura\/"]}]},{"@type":"ImageObject","inLanguage":"ca","@id":"https:\/\/santapola.es\/ca\/la-biblioteca-internacional-de-gran-alacant-llanca-els-seus-cursos-despanyol-per-a-estrangers-angles-i-pintura\/#primaryimage","url":"https:\/\/santapola.es\/wp-content\/uploads\/2024\/08\/Cartel-cursos-Biblio-Gran-Alacant-2024-2025-formato-instagram.jpg","contentUrl":"https:\/\/santapola.es\/wp-content\/uploads\/2024\/08\/Cartel-cursos-Biblio-Gran-Alacant-2024-2025-formato-instagram.jpg","width":1080,"height":1080},{"@type":"BreadcrumbList","@id":"https:\/\/santapola.es\/ca\/la-biblioteca-internacional-de-gran-alacant-llanca-els-seus-cursos-despanyol-per-a-estrangers-angles-i-pintura\/#breadcrumb","itemListElement":[{"@type":"ListItem","position":1,"name":"Inici","item":"https:\/\/santapola.es\/ca\/"},{"@type":"ListItem","position":2,"name":"La Biblioteca Internacional de Gran Alacant llan\u00e7a els seus cursos d&#8217;espanyol per a estrangers, angl\u00e9s i pintura"}]},{"@type":"WebSite","@id":"https:\/\/santapola.es\/ca\/#website","url":"https:\/\/santapola.es\/ca\/","name":"Ayuntamiento de Santa Pola","description":"Web de l'Ajuntament de Santa Pola","potentialAction":[{"@type":"SearchAction","target":{"@type":"EntryPoint","urlTemplate":"https:\/\/santapola.es\/ca\/?s={search_term_string}"},"query-input":{"@type":"PropertyValueSpecification","valueRequired":true,"valueName":"search_term_string"}}],"inLanguage":"ca"},{"@type":"Person","@id":"https:\/\/santapola.es\/ca\/#\/schema\/person\/ad1d67403707b58350c7be5e8dbc442d","name":"Jos\u00e9 Juan L\u00f3pez Lafuente"}]}},"_links":{"self":[{"href":"https:\/\/santapola.es\/ca\/wp-json\/wp\/v2\/posts\/38766","targetHints":{"allow":["GET"]}}],"collection":[{"href":"https:\/\/santapola.es\/ca\/wp-json\/wp\/v2\/posts"}],"about":[{"href":"https:\/\/santapola.es\/ca\/wp-json\/wp\/v2\/types\/post"}],"author":[{"embeddable":true,"href":"https:\/\/santapola.es\/ca\/wp-json\/wp\/v2\/users\/96"}],"replies":[{"embeddable":true,"href":"https:\/\/santapola.es\/ca\/wp-json\/wp\/v2\/comments?post=38766"}],"version-history":[{"count":0,"href":"https:\/\/santapola.es\/ca\/wp-json\/wp\/v2\/posts\/38766\/revisions"}],"wp:featuredmedia":[{"embeddable":true,"href":"https:\/\/santapola.es\/ca\/wp-json\/wp\/v2\/media\/38764"}],"wp:attachment":[{"href":"https:\/\/santapola.es\/ca\/wp-json\/wp\/v2\/media?parent=38766"}],"wp:term":[{"taxonomy":"category","embeddable":true,"href":"https:\/\/santapola.es\/ca\/wp-json\/wp\/v2\/categories?post=38766"},{"taxonomy":"post_tag","embeddable":true,"href":"https:\/\/santapola.es\/ca\/wp-json\/wp\/v2\/tags?post=38766"}],"curies":[{"name":"wp","href":"https:\/\/api.w.org\/{rel}","templated":true}]}}