{"id":38707,"date":"2024-08-19T14:50:59","date_gmt":"2024-08-19T12:50:59","guid":{"rendered":"https:\/\/santapola.es\/?p=38707"},"modified":"2024-08-19T14:53:14","modified_gmt":"2024-08-19T12:53:14","slug":"santa-pola-avanca-en-el-seu-projecte-de-vivenda-publica-a-traves-del-pla-vive-de-la-generalitat","status":"publish","type":"post","link":"https:\/\/santapola.es\/ca\/santa-pola-avanca-en-el-seu-projecte-de-vivenda-publica-a-traves-del-pla-vive-de-la-generalitat\/","title":{"rendered":"Santa Pola avan\u00e7a en el seu projecte de vivenda p\u00fablica a trav\u00e9s del Pla VIVE de la Generalitat"},"content":{"rendered":"<p><strong>Sebasti\u00e1n Fern\u00e1ndez, secretari auton\u00f2mic de Vivenda, ha visitat hui Santa Pola per a avan\u00e7ar en els plans de creaci\u00f3 de vivenda p\u00fablica en el s\u00f2l cedit per l&#8217;Ajuntament, a trav\u00e9s del Pla VIVE de la Generalitat Valenciana.<\/strong><\/p>\n<p>Sebasti\u00e1n Fern\u00e1ndez ha sigut rebut a la casa consistorial per l&#8217;alcaldessa Loreto Serrano i han mantingut una reuni\u00f3 amb membres de l&#8217;equip de govern i t\u00e8cnics municipals.<\/p>\n<p>Segons ha explicat Fern\u00e1ndez, \u201cSanta Pola \u00e9s un dels m\u00e9s de 180 municipis de la Comunitat Valenciana que ja s&#8217;han adherit al Pla VIVE impulsat pel president Carlos Maz\u00f3n, per tant el motiu de la reuni\u00f3 ha sigut treballar respecte als diferents s\u00f2ls de titularitat municipal que l&#8217;Ajuntament t\u00e9 previst cedir a trav\u00e9s d&#8217;este pla i del conveni amb la FVMP a partir del qual serem capa\u00e7os d&#8217;impulsar, mitjan\u00e7ant col\u00b7laboraci\u00f3 p\u00fablic-privada, la construcci\u00f3 de vivendes de protecci\u00f3 p\u00fablica en el municipi de Santa Pola, una cosa molt necess\u00e0ria per a cobrir les necessitats dels joves i de les persones m\u00e9s vulnerables\u201d.<\/p>\n<p>El secretari auton\u00f2mic ha insistit que \u201csens dubte, a partir del desenrotllament d&#8217;este conveni i dels objectius que conjuntament l&#8217;Ajuntament i la Generalitat impulsarem, serem capa\u00e7os de donar una resposta solvent i efica\u00e7 a eixa demanda de vivenda que, desgraciadament, durant estos \u00faltims huit anys de govern del Bot\u00e0nic no va ser capa\u00e7 de resoldre un govern que propugnava p\u00fablicament l&#8217;aposta per la vivenda social, per\u00f2 que no va ser capa\u00e7 d&#8217;impulsar cap vivenda de protecci\u00f3 p\u00fablica en el nostre territori en eixos huit anys\u201d.<\/p>\n<p>\u201cVolem agrair des de la Generalitat la predisposici\u00f3 de l&#8217;Ajuntament de Santa Pola que posar\u00e0 s\u00f2l p\u00fablic a la disposici\u00f3 de la Generalitat per a impulsar este Pla VIVE amb el que tractem de donar una soluci\u00f3 a la demanda de vivenda\u201d, va finalitzar Sebasti\u00e1n Fern\u00e1ndez.<\/p>\n<p><strong>L&#8217;alcaldessa espera prompte solucions concretes<\/strong><\/p>\n<p>Per part seua, l&#8217;alcaldessa Loreto Serrano va declarar estar \u201cmolt satisfeta que el nostre secretari auton\u00f2mic siga ac\u00ed, no \u00e9s la primera vegada que rep a Santa Pola amb esta problem\u00e0tica i la veritat \u00e9s que est\u00e0 molt receptiu per ajudar-nos i guiar-nos, i per plasmar ja en el paper la situaci\u00f3 real del nostre municipi i veure qu\u00e8 podem fer, \u00e9s una manera de demostrar la seua preocupaci\u00f3 per Santa Pola\u201d.<\/p>\n<p>Serrano va admetre que \u201c\u00e9s veritat que en l&#8217;anterior legislatura vam tindre moltes reunions amb conseller, secretaris auton\u00f2mics i directors generals, per\u00f2 realment no vam poder dur a terme res amb l&#8217;anterior govern del Bot\u00e0nic. Jo espere que en breu espai de temps tinguem solucions concretes en mat\u00e8ria de vivenda per als nostres joves i per a les persones m\u00e9s vulnerables\u201d.<\/p>\n","protected":false},"excerpt":{"rendered":"<p>Sebasti\u00e1n Fern\u00e1ndez, secretari auton\u00f2mic de Vivenda, ha visitat hui Santa Pola per a avan\u00e7ar en els plans de creaci\u00f3 de vivenda p\u00fablica en el s\u00f2l cedit per l&#8217;Ajuntament, a trav\u00e9s del Pla VIVE de la Generalitat Valenciana. Sebasti\u00e1n Fern\u00e1ndez ha sigut rebut a la casa consistorial per l&#8217;alcaldessa Loreto Serrano i han mantingut una reuni\u00f3 [&hellip;]<\/p>\n","protected":false},"author":96,"featured_media":38705,"comment_status":"closed","ping_status":"closed","sticky":false,"template":"","format":"standard","meta":{"_et_pb_use_builder":"","_et_pb_old_content":"","_et_gb_content_width":"","footnotes":""},"categories":[485,1036],"tags":[487,1038,1037],"class_list":["post-38707","post","type-post","status-publish","format-standard","has-post-thumbnail","hentry","category-habitatge","category-vivenda","tag-loreto-serrano-ca","tag-sebastian-fernandez-ca","tag-secretari-autonomic-de-vivenda"],"yoast_head":"<!-- This site is optimized with the Yoast SEO plugin v27.4 - https:\/\/yoast.com\/product\/yoast-seo-wordpress\/ -->\n<title>Santa Pola avan\u00e7a en el seu projecte de vivenda p\u00fablica a trav\u00e9s del Pla VIVE de la Generalitat - Ajuntament de Santa Pola<\/title>\n<meta name=\"robots\" content=\"index, follow, max-snippet:-1, max-image-preview:large, max-video-preview:-1\" \/>\n<link rel=\"canonical\" href=\"https:\/\/santapola.es\/ca\/santa-pola-avanca-en-el-seu-projecte-de-vivenda-publica-a-traves-del-pla-vive-de-la-generalitat\/\" \/>\n<meta property=\"og:locale\" content=\"ca_ES\" \/>\n<meta property=\"og:type\" content=\"article\" \/>\n<meta property=\"og:title\" content=\"Santa Pola avan\u00e7a en el seu projecte de vivenda p\u00fablica a trav\u00e9s del Pla VIVE de la Generalitat - Ajuntament de Santa Pola\" \/>\n<meta property=\"og:description\" content=\"Sebasti\u00e1n Fern\u00e1ndez, secretari auton\u00f2mic de Vivenda, ha visitat hui Santa Pola per a avan\u00e7ar en els plans de creaci\u00f3 de vivenda p\u00fablica en el s\u00f2l cedit per l&#8217;Ajuntament, a trav\u00e9s del Pla VIVE de la Generalitat Valenciana. Sebasti\u00e1n Fern\u00e1ndez ha sigut rebut a la casa consistorial per l&#8217;alcaldessa Loreto Serrano i han mantingut una reuni\u00f3 [&hellip;]\" \/>\n<meta property=\"og:url\" content=\"https:\/\/santapola.es\/ca\/santa-pola-avanca-en-el-seu-projecte-de-vivenda-publica-a-traves-del-pla-vive-de-la-generalitat\/\" \/>\n<meta property=\"og:site_name\" content=\"Ajuntament de Santa Pola\" \/>\n<meta property=\"article:publisher\" content=\"https:\/\/www.facebook.com\/AyuntamientoSantaPola\/\" \/>\n<meta property=\"article:published_time\" content=\"2024-08-19T12:50:59+00:00\" \/>\n<meta property=\"article:modified_time\" content=\"2024-08-19T12:53:14+00:00\" \/>\n<meta property=\"og:image\" content=\"https:\/\/santapola.es\/wp-content\/uploads\/2024\/08\/2024-08-19-VIVIENDA-2.jpg\" \/>\n\t<meta property=\"og:image:width\" content=\"1920\" \/>\n\t<meta property=\"og:image:height\" content=\"1440\" \/>\n\t<meta property=\"og:image:type\" content=\"image\/jpeg\" \/>\n<meta name=\"author\" content=\"Jos\u00e9 Juan L\u00f3pez Lafuente\" \/>\n<meta name=\"twitter:card\" content=\"summary_large_image\" \/>\n<meta name=\"twitter:creator\" content=\"@SantaPolaAyunt\" \/>\n<meta name=\"twitter:site\" content=\"@SantaPolaAyunt\" \/>\n<script type=\"application\/ld+json\" class=\"yoast-schema-graph\">{\"@context\":\"https:\\\/\\\/schema.org\",\"@graph\":[{\"@type\":\"Article\",\"@id\":\"https:\\\/\\\/santapola.es\\\/ca\\\/santa-pola-avanca-en-el-seu-projecte-de-vivenda-publica-a-traves-del-pla-vive-de-la-generalitat\\\/#article\",\"isPartOf\":{\"@id\":\"https:\\\/\\\/santapola.es\\\/ca\\\/santa-pola-avanca-en-el-seu-projecte-de-vivenda-publica-a-traves-del-pla-vive-de-la-generalitat\\\/\"},\"author\":{\"name\":\"Jos\u00e9 Juan L\u00f3pez Lafuente\",\"@id\":\"https:\\\/\\\/santapola.es\\\/ca\\\/#\\\/schema\\\/person\\\/ad1d67403707b58350c7be5e8dbc442d\"},\"headline\":\"Santa Pola avan\u00e7a en el seu projecte de vivenda p\u00fablica a trav\u00e9s del Pla VIVE de la Generalitat\",\"datePublished\":\"2024-08-19T12:50:59+00:00\",\"dateModified\":\"2024-08-19T12:53:14+00:00\",\"mainEntityOfPage\":{\"@id\":\"https:\\\/\\\/santapola.es\\\/ca\\\/santa-pola-avanca-en-el-seu-projecte-de-vivenda-publica-a-traves-del-pla-vive-de-la-generalitat\\\/\"},\"wordCount\":507,\"image\":{\"@id\":\"https:\\\/\\\/santapola.es\\\/ca\\\/santa-pola-avanca-en-el-seu-projecte-de-vivenda-publica-a-traves-del-pla-vive-de-la-generalitat\\\/#primaryimage\"},\"thumbnailUrl\":\"https:\\\/\\\/santapola.es\\\/wp-content\\\/uploads\\\/2024\\\/08\\\/2024-08-19-VIVIENDA-2.jpg\",\"keywords\":[\"Loreto Serrano\",\"Sebasti\u00e1n Fern\u00e1ndez\",\"secretari auton\u00f3mic de Vivenda\"],\"articleSection\":[\"Habitatge\",\"Vivenda\"],\"inLanguage\":\"ca\"},{\"@type\":\"WebPage\",\"@id\":\"https:\\\/\\\/santapola.es\\\/ca\\\/santa-pola-avanca-en-el-seu-projecte-de-vivenda-publica-a-traves-del-pla-vive-de-la-generalitat\\\/\",\"url\":\"https:\\\/\\\/santapola.es\\\/ca\\\/santa-pola-avanca-en-el-seu-projecte-de-vivenda-publica-a-traves-del-pla-vive-de-la-generalitat\\\/\",\"name\":\"Santa Pola avan\u00e7a en el seu projecte de vivenda p\u00fablica a trav\u00e9s del Pla VIVE de la Generalitat - Ajuntament de Santa Pola\",\"isPartOf\":{\"@id\":\"https:\\\/\\\/santapola.es\\\/ca\\\/#website\"},\"primaryImageOfPage\":{\"@id\":\"https:\\\/\\\/santapola.es\\\/ca\\\/santa-pola-avanca-en-el-seu-projecte-de-vivenda-publica-a-traves-del-pla-vive-de-la-generalitat\\\/#primaryimage\"},\"image\":{\"@id\":\"https:\\\/\\\/santapola.es\\\/ca\\\/santa-pola-avanca-en-el-seu-projecte-de-vivenda-publica-a-traves-del-pla-vive-de-la-generalitat\\\/#primaryimage\"},\"thumbnailUrl\":\"https:\\\/\\\/santapola.es\\\/wp-content\\\/uploads\\\/2024\\\/08\\\/2024-08-19-VIVIENDA-2.jpg\",\"datePublished\":\"2024-08-19T12:50:59+00:00\",\"dateModified\":\"2024-08-19T12:53:14+00:00\",\"author\":{\"@id\":\"https:\\\/\\\/santapola.es\\\/ca\\\/#\\\/schema\\\/person\\\/ad1d67403707b58350c7be5e8dbc442d\"},\"breadcrumb\":{\"@id\":\"https:\\\/\\\/santapola.es\\\/ca\\\/santa-pola-avanca-en-el-seu-projecte-de-vivenda-publica-a-traves-del-pla-vive-de-la-generalitat\\\/#breadcrumb\"},\"inLanguage\":\"ca\",\"potentialAction\":[{\"@type\":\"ReadAction\",\"target\":[\"https:\\\/\\\/santapola.es\\\/ca\\\/santa-pola-avanca-en-el-seu-projecte-de-vivenda-publica-a-traves-del-pla-vive-de-la-generalitat\\\/\"]}]},{\"@type\":\"ImageObject\",\"inLanguage\":\"ca\",\"@id\":\"https:\\\/\\\/santapola.es\\\/ca\\\/santa-pola-avanca-en-el-seu-projecte-de-vivenda-publica-a-traves-del-pla-vive-de-la-generalitat\\\/#primaryimage\",\"url\":\"https:\\\/\\\/santapola.es\\\/wp-content\\\/uploads\\\/2024\\\/08\\\/2024-08-19-VIVIENDA-2.jpg\",\"contentUrl\":\"https:\\\/\\\/santapola.es\\\/wp-content\\\/uploads\\\/2024\\\/08\\\/2024-08-19-VIVIENDA-2.jpg\",\"width\":1920,\"height\":1440},{\"@type\":\"BreadcrumbList\",\"@id\":\"https:\\\/\\\/santapola.es\\\/ca\\\/santa-pola-avanca-en-el-seu-projecte-de-vivenda-publica-a-traves-del-pla-vive-de-la-generalitat\\\/#breadcrumb\",\"itemListElement\":[{\"@type\":\"ListItem\",\"position\":1,\"name\":\"Inici\",\"item\":\"https:\\\/\\\/santapola.es\\\/ca\\\/\"},{\"@type\":\"ListItem\",\"position\":2,\"name\":\"Santa Pola avan\u00e7a en el seu projecte de vivenda p\u00fablica a trav\u00e9s del Pla VIVE de la Generalitat\"}]},{\"@type\":\"WebSite\",\"@id\":\"https:\\\/\\\/santapola.es\\\/ca\\\/#website\",\"url\":\"https:\\\/\\\/santapola.es\\\/ca\\\/\",\"name\":\"Ayuntamiento de Santa Pola\",\"description\":\"Web de l'Ajuntament de Santa Pola\",\"potentialAction\":[{\"@type\":\"SearchAction\",\"target\":{\"@type\":\"EntryPoint\",\"urlTemplate\":\"https:\\\/\\\/santapola.es\\\/ca\\\/?s={search_term_string}\"},\"query-input\":{\"@type\":\"PropertyValueSpecification\",\"valueRequired\":true,\"valueName\":\"search_term_string\"}}],\"inLanguage\":\"ca\"},{\"@type\":\"Person\",\"@id\":\"https:\\\/\\\/santapola.es\\\/ca\\\/#\\\/schema\\\/person\\\/ad1d67403707b58350c7be5e8dbc442d\",\"name\":\"Jos\u00e9 Juan L\u00f3pez Lafuente\"}]}<\/script>\n<!-- \/ Yoast SEO plugin. -->","yoast_head_json":{"title":"Santa Pola avan\u00e7a en el seu projecte de vivenda p\u00fablica a trav\u00e9s del Pla VIVE de la Generalitat - Ajuntament de Santa Pola","robots":{"index":"index","follow":"follow","max-snippet":"max-snippet:-1","max-image-preview":"max-image-preview:large","max-video-preview":"max-video-preview:-1"},"canonical":"https:\/\/santapola.es\/ca\/santa-pola-avanca-en-el-seu-projecte-de-vivenda-publica-a-traves-del-pla-vive-de-la-generalitat\/","og_locale":"ca_ES","og_type":"article","og_title":"Santa Pola avan\u00e7a en el seu projecte de vivenda p\u00fablica a trav\u00e9s del Pla VIVE de la Generalitat - Ajuntament de Santa Pola","og_description":"Sebasti\u00e1n Fern\u00e1ndez, secretari auton\u00f2mic de Vivenda, ha visitat hui Santa Pola per a avan\u00e7ar en els plans de creaci\u00f3 de vivenda p\u00fablica en el s\u00f2l cedit per l&#8217;Ajuntament, a trav\u00e9s del Pla VIVE de la Generalitat Valenciana. Sebasti\u00e1n Fern\u00e1ndez ha sigut rebut a la casa consistorial per l&#8217;alcaldessa Loreto Serrano i han mantingut una reuni\u00f3 [&hellip;]","og_url":"https:\/\/santapola.es\/ca\/santa-pola-avanca-en-el-seu-projecte-de-vivenda-publica-a-traves-del-pla-vive-de-la-generalitat\/","og_site_name":"Ajuntament de Santa Pola","article_publisher":"https:\/\/www.facebook.com\/AyuntamientoSantaPola\/","article_published_time":"2024-08-19T12:50:59+00:00","article_modified_time":"2024-08-19T12:53:14+00:00","og_image":[{"width":1920,"height":1440,"url":"https:\/\/santapola.es\/wp-content\/uploads\/2024\/08\/2024-08-19-VIVIENDA-2.jpg","type":"image\/jpeg"}],"author":"Jos\u00e9 Juan L\u00f3pez Lafuente","twitter_card":"summary_large_image","twitter_creator":"@SantaPolaAyunt","twitter_site":"@SantaPolaAyunt","schema":{"@context":"https:\/\/schema.org","@graph":[{"@type":"Article","@id":"https:\/\/santapola.es\/ca\/santa-pola-avanca-en-el-seu-projecte-de-vivenda-publica-a-traves-del-pla-vive-de-la-generalitat\/#article","isPartOf":{"@id":"https:\/\/santapola.es\/ca\/santa-pola-avanca-en-el-seu-projecte-de-vivenda-publica-a-traves-del-pla-vive-de-la-generalitat\/"},"author":{"name":"Jos\u00e9 Juan L\u00f3pez Lafuente","@id":"https:\/\/santapola.es\/ca\/#\/schema\/person\/ad1d67403707b58350c7be5e8dbc442d"},"headline":"Santa Pola avan\u00e7a en el seu projecte de vivenda p\u00fablica a trav\u00e9s del Pla VIVE de la Generalitat","datePublished":"2024-08-19T12:50:59+00:00","dateModified":"2024-08-19T12:53:14+00:00","mainEntityOfPage":{"@id":"https:\/\/santapola.es\/ca\/santa-pola-avanca-en-el-seu-projecte-de-vivenda-publica-a-traves-del-pla-vive-de-la-generalitat\/"},"wordCount":507,"image":{"@id":"https:\/\/santapola.es\/ca\/santa-pola-avanca-en-el-seu-projecte-de-vivenda-publica-a-traves-del-pla-vive-de-la-generalitat\/#primaryimage"},"thumbnailUrl":"https:\/\/santapola.es\/wp-content\/uploads\/2024\/08\/2024-08-19-VIVIENDA-2.jpg","keywords":["Loreto Serrano","Sebasti\u00e1n Fern\u00e1ndez","secretari auton\u00f3mic de Vivenda"],"articleSection":["Habitatge","Vivenda"],"inLanguage":"ca"},{"@type":"WebPage","@id":"https:\/\/santapola.es\/ca\/santa-pola-avanca-en-el-seu-projecte-de-vivenda-publica-a-traves-del-pla-vive-de-la-generalitat\/","url":"https:\/\/santapola.es\/ca\/santa-pola-avanca-en-el-seu-projecte-de-vivenda-publica-a-traves-del-pla-vive-de-la-generalitat\/","name":"Santa Pola avan\u00e7a en el seu projecte de vivenda p\u00fablica a trav\u00e9s del Pla VIVE de la Generalitat - Ajuntament de Santa Pola","isPartOf":{"@id":"https:\/\/santapola.es\/ca\/#website"},"primaryImageOfPage":{"@id":"https:\/\/santapola.es\/ca\/santa-pola-avanca-en-el-seu-projecte-de-vivenda-publica-a-traves-del-pla-vive-de-la-generalitat\/#primaryimage"},"image":{"@id":"https:\/\/santapola.es\/ca\/santa-pola-avanca-en-el-seu-projecte-de-vivenda-publica-a-traves-del-pla-vive-de-la-generalitat\/#primaryimage"},"thumbnailUrl":"https:\/\/santapola.es\/wp-content\/uploads\/2024\/08\/2024-08-19-VIVIENDA-2.jpg","datePublished":"2024-08-19T12:50:59+00:00","dateModified":"2024-08-19T12:53:14+00:00","author":{"@id":"https:\/\/santapola.es\/ca\/#\/schema\/person\/ad1d67403707b58350c7be5e8dbc442d"},"breadcrumb":{"@id":"https:\/\/santapola.es\/ca\/santa-pola-avanca-en-el-seu-projecte-de-vivenda-publica-a-traves-del-pla-vive-de-la-generalitat\/#breadcrumb"},"inLanguage":"ca","potentialAction":[{"@type":"ReadAction","target":["https:\/\/santapola.es\/ca\/santa-pola-avanca-en-el-seu-projecte-de-vivenda-publica-a-traves-del-pla-vive-de-la-generalitat\/"]}]},{"@type":"ImageObject","inLanguage":"ca","@id":"https:\/\/santapola.es\/ca\/santa-pola-avanca-en-el-seu-projecte-de-vivenda-publica-a-traves-del-pla-vive-de-la-generalitat\/#primaryimage","url":"https:\/\/santapola.es\/wp-content\/uploads\/2024\/08\/2024-08-19-VIVIENDA-2.jpg","contentUrl":"https:\/\/santapola.es\/wp-content\/uploads\/2024\/08\/2024-08-19-VIVIENDA-2.jpg","width":1920,"height":1440},{"@type":"BreadcrumbList","@id":"https:\/\/santapola.es\/ca\/santa-pola-avanca-en-el-seu-projecte-de-vivenda-publica-a-traves-del-pla-vive-de-la-generalitat\/#breadcrumb","itemListElement":[{"@type":"ListItem","position":1,"name":"Inici","item":"https:\/\/santapola.es\/ca\/"},{"@type":"ListItem","position":2,"name":"Santa Pola avan\u00e7a en el seu projecte de vivenda p\u00fablica a trav\u00e9s del Pla VIVE de la Generalitat"}]},{"@type":"WebSite","@id":"https:\/\/santapola.es\/ca\/#website","url":"https:\/\/santapola.es\/ca\/","name":"Ayuntamiento de Santa Pola","description":"Web de l'Ajuntament de Santa Pola","potentialAction":[{"@type":"SearchAction","target":{"@type":"EntryPoint","urlTemplate":"https:\/\/santapola.es\/ca\/?s={search_term_string}"},"query-input":{"@type":"PropertyValueSpecification","valueRequired":true,"valueName":"search_term_string"}}],"inLanguage":"ca"},{"@type":"Person","@id":"https:\/\/santapola.es\/ca\/#\/schema\/person\/ad1d67403707b58350c7be5e8dbc442d","name":"Jos\u00e9 Juan L\u00f3pez Lafuente"}]}},"_links":{"self":[{"href":"https:\/\/santapola.es\/ca\/wp-json\/wp\/v2\/posts\/38707","targetHints":{"allow":["GET"]}}],"collection":[{"href":"https:\/\/santapola.es\/ca\/wp-json\/wp\/v2\/posts"}],"about":[{"href":"https:\/\/santapola.es\/ca\/wp-json\/wp\/v2\/types\/post"}],"author":[{"embeddable":true,"href":"https:\/\/santapola.es\/ca\/wp-json\/wp\/v2\/users\/96"}],"replies":[{"embeddable":true,"href":"https:\/\/santapola.es\/ca\/wp-json\/wp\/v2\/comments?post=38707"}],"version-history":[{"count":0,"href":"https:\/\/santapola.es\/ca\/wp-json\/wp\/v2\/posts\/38707\/revisions"}],"wp:featuredmedia":[{"embeddable":true,"href":"https:\/\/santapola.es\/ca\/wp-json\/wp\/v2\/media\/38705"}],"wp:attachment":[{"href":"https:\/\/santapola.es\/ca\/wp-json\/wp\/v2\/media?parent=38707"}],"wp:term":[{"taxonomy":"category","embeddable":true,"href":"https:\/\/santapola.es\/ca\/wp-json\/wp\/v2\/categories?post=38707"},{"taxonomy":"post_tag","embeddable":true,"href":"https:\/\/santapola.es\/ca\/wp-json\/wp\/v2\/tags?post=38707"}],"curies":[{"name":"wp","href":"https:\/\/api.w.org\/{rel}","templated":true}]}}