{"id":38643,"date":"2024-08-12T10:47:24","date_gmt":"2024-08-12T08:47:24","guid":{"rendered":"https:\/\/santapola.es\/?p=38643"},"modified":"2024-08-12T10:51:09","modified_gmt":"2024-08-12T08:51:09","slug":"el-cartell-de-festes-2024-representa-a-la-verge-de-loreto-abrigallada-pels-festers","status":"publish","type":"post","link":"https:\/\/santapola.es\/ca\/el-cartell-de-festes-2024-representa-a-la-verge-de-loreto-abrigallada-pels-festers\/","title":{"rendered":"El cartell de festes 2024 representa a la Verge de Loreto abrigallada pels festers"},"content":{"rendered":"<p><strong>L&#8217;original cartell i el llibre de festes han sigut dissenyats pels germans Jos\u00e9 Antonio i Manuel L\u00f3pez S\u00e1nchez. Dissabte passat es va presentar oficialment juntament amb els c\u00e0rrecs de les comparses festeres i de Moros i Cristians.<\/strong><\/p>\n<p>El dissabte va arrancar en l&#8217;auditori El Palmerar el compte #arrere per a les esperades Festes Patronals i de Moros i cristians en Honor a la Mare de D\u00e9u de Loreto 2024. La presentaci\u00f3 dels c\u00e0rrecs de l&#8217;Associaci\u00f3 Fester Cultural de Moros i cristians i de les Comparses Festeres, juntament amb la presentaci\u00f3 del Llibre de Festes, marquen l&#8217;inici dels actes previs als nostres dies grans i s\u00f3n el millor al\u00b7licient per a comen\u00e7ar a albirar el que Santa Pola viur\u00e0 durant la primera setmana del mes de setembre.<\/p>\n<p>L&#8217;acte va comen\u00e7ar amb la banda de l&#8217;Associaci\u00f3 Musical Mare de D\u00e9u de Loreto sobre l&#8217;escenari, dirigida per Jorge Baeza Blasco, per a rebre amb la seua melodia a cadascun dels c\u00e0rrecs festers d&#8217;enguany. Aix\u00ed, van anar pujant a l&#8217;escenari primer el b\u00e0ndol Cristiano, encap\u00e7alat per la comparsa Asturs i els seus capitans \u00c1ngela Ant\u00f3n Mu\u00f1oz i Juan Manuel Cuenca Jim\u00e9nez; la banderera de Templers, Mar\u00eda Verd\u00fa Pomares: la capitana de Contrabandistes de la Mar, Francisca Quiles Canales; els capitans de Pirates, Gema Baeza Mi\u00f1arro i Brian Hern\u00e1ndez Baeza, al costat del seu banderer Francisco Celdr\u00e1n Ripoll; acabant amb l&#8217;Ambaixador Cristi\u00e0, Vicente Valero Alonso, i la Palad\u00ed, Judit Valero Blasco.<\/p>\n<p>A continuaci\u00f3 va arribar el moment de presentar als c\u00e0rrecs del B\u00e0ndol Moro, comen\u00e7ant amb la comparsa Llaganyosos i Esther Ortiz Sempere i Ver\u00f3nica Bonmat\u00ed Dur\u00e1 com a Gran Llaganyosa; els Sultans de Bedu\u00efns, Chema del Molino Espino i Mayka Vicente Agull\u00f3; la Fil\u00e1 Banderera que recau enguany en Sephard\u00edes; l&#8217;Ambaixadora Mora, Elia Luchoro Cerd\u00e0, i finalment el Palad\u00ed, Daniel Paredes Robles.<\/p>\n<p>La presentaci\u00f3 de c\u00e0rrecs va culminar amb les Comparses Festeres a ritme de pasdoble: Fran Mart\u00ednez G\u00f3mez i Maite Quesada Medina com a representants de la comparsa Rocieros de les Coves de Catarra; Alicia Alvez Saravia d&#8217;\u00c0nima Flamenca; i els c\u00e0rrecs d&#8217;honor de la tradicional comparsa Pescadors, Mar\u00eda Jos\u00e9 Ambit L\u00f3pez i Francisco Jes\u00fas Gonz\u00e1lez Manarel.<\/p>\n<p><strong>Cartell i llibre de festes 2024<\/strong><\/p>\n<p>Una vegada vestit l&#8217;escenari amb els personatges de la festa, es va procedir a la presentaci\u00f3 del cartell oficial i del llibre de festes 2024, que mostra el reflex del viscut i la visi\u00f3 il\u00b7lustrada del que significa la festa, una publicaci\u00f3 de refer\u00e8ncia que al llarg dels anys va completant p\u00e0gines de la nostra hist\u00f2ria.<\/p>\n<p>Enguany, la important tasca d&#8217;elaborar el cartell de les festes -que il\u00b7lustra a m\u00e9s la portada- i l&#8217;edici\u00f3 del llibre de festes, ha recaigut en dos germans santapolers, l&#8217;il\u00b7lustrador Jos\u00e9 Antonio L\u00f3pez S\u00e1nchez i el dissenyador Manuel L\u00f3pez S\u00e1nchez.<\/p>\n<p>Va ser Manuel qui va pujar a l&#8217;escenari per a explicar la filosofia del cartell: \u201cla primera idea va ser unir dos dels actes m\u00e9s importants de les festes, les desfilades i l&#8217;ofrena a la Mare de D\u00e9u de Loreto, en una sola imatge. La segona, baixar a la Verge per un moment del seu pedestal i que s&#8217;unira als festers. Com si d&#8217;una moderna selfie es tractara, la Verge i el xiquet es convertixen en uns festers m\u00e9s i se senten abrigallats per tots els participants\u201d.<\/p>\n<p>Una vegada descobert en la pantalla el cartell, cinc xiquets festers van pujar per a entregar el cartell, el llibre i el programa de festes a l&#8217;alcaldessa Loreto Serrano, la regidor de Festes Nely Baile i la presidenta de l&#8217;Associaci\u00f3 Fester Cultural de Moros i Cristians, Mar\u00eda Asunci\u00f3n P\u00e9rez. Les autoritats locals tamb\u00e9 van entregar als autors sengles records commemoratius.<\/p>\n<p><img loading=\"lazy\" decoding=\"async\" class=\"aligncenter size-large wp-image-38641\" src=\"https:\/\/santapola.es\/wp-content\/uploads\/2024\/08\/2024-08-12-Cartel_Festes_2024-733x1024.jpg\" alt=\"\" width=\"733\" height=\"1024\" \/><\/p>\n<p><strong>Concert de m\u00fasica festera d&#8217;autor<\/strong><\/p>\n<p>La segona part de l&#8217;esdeveniment va tindre com a protagonista a la m\u00fasica festera i als seus autors. Com \u00e9s habitual en este acte, l&#8217;Associaci\u00f3 Musical Mare de D\u00e9u de Loreto dedica el seu concert a peces compostes per autors de la nostra regi\u00f3, que mitjan\u00e7ant v\u00eddeos projectats en la pantalla presenten cadascun dels temes interpretats.<\/p>\n<p>En esta ocasi\u00f3 van ser presents i van rebre un detall de les autoritats locals Miguel M\u00e1s Mataix, compositor de Ca\u00f1ada, Carlos Poveda Lloret, percussionista i compositor de Mutxamel, i Jorge Baeza Blasco, de Sant Joan d&#8217;Alacant i director de la banda de la Mare de D\u00e9u.<\/p>\n","protected":false},"excerpt":{"rendered":"<p>L&#8217;original cartell i el llibre de festes han sigut dissenyats pels germans Jos\u00e9 Antonio i Manuel L\u00f3pez S\u00e1nchez. Dissabte passat es va presentar oficialment juntament amb els c\u00e0rrecs de les comparses festeres i de Moros i Cristians. El dissabte va arrancar en l&#8217;auditori El Palmerar el compte #arrere per a les esperades Festes Patronals i [&hellip;]<\/p>\n","protected":false},"author":96,"featured_media":38639,"comment_status":"closed","ping_status":"closed","sticky":false,"template":"","format":"standard","meta":{"_et_pb_use_builder":"","_et_pb_old_content":"","_et_gb_content_width":"","footnotes":""},"categories":[434],"tags":[729,1029,487,511],"class_list":["post-38643","post","type-post","status-publish","format-standard","has-post-thumbnail","hentry","category-festes","tag-asociacion-festero-cultural-de-moros-y-cristianos-ca","tag-cartell-de-festes","tag-loreto-serrano-ca","tag-nely-baile-ca"],"yoast_head":"<!-- This site is optimized with the Yoast SEO plugin v27.4 - https:\/\/yoast.com\/product\/yoast-seo-wordpress\/ -->\n<title>El cartell de festes 2024 representa a la Verge de Loreto abrigallada pels festers - Ajuntament de Santa Pola<\/title>\n<meta name=\"robots\" content=\"index, follow, max-snippet:-1, max-image-preview:large, max-video-preview:-1\" \/>\n<link rel=\"canonical\" href=\"https:\/\/santapola.es\/ca\/el-cartell-de-festes-2024-representa-a-la-verge-de-loreto-abrigallada-pels-festers\/\" \/>\n<meta property=\"og:locale\" content=\"ca_ES\" \/>\n<meta property=\"og:type\" content=\"article\" \/>\n<meta property=\"og:title\" content=\"El cartell de festes 2024 representa a la Verge de Loreto abrigallada pels festers - Ajuntament de Santa Pola\" \/>\n<meta property=\"og:description\" content=\"L&#8217;original cartell i el llibre de festes han sigut dissenyats pels germans Jos\u00e9 Antonio i Manuel L\u00f3pez S\u00e1nchez. Dissabte passat es va presentar oficialment juntament amb els c\u00e0rrecs de les comparses festeres i de Moros i Cristians. El dissabte va arrancar en l&#8217;auditori El Palmerar el compte #arrere per a les esperades Festes Patronals i [&hellip;]\" \/>\n<meta property=\"og:url\" content=\"https:\/\/santapola.es\/ca\/el-cartell-de-festes-2024-representa-a-la-verge-de-loreto-abrigallada-pels-festers\/\" \/>\n<meta property=\"og:site_name\" content=\"Ajuntament de Santa Pola\" \/>\n<meta property=\"article:publisher\" content=\"https:\/\/www.facebook.com\/AyuntamientoSantaPola\/\" \/>\n<meta property=\"article:published_time\" content=\"2024-08-12T08:47:24+00:00\" \/>\n<meta property=\"article:modified_time\" content=\"2024-08-12T08:51:09+00:00\" \/>\n<meta property=\"og:image\" content=\"https:\/\/santapola.es\/wp-content\/uploads\/2024\/08\/2024-08-12-cargos-festeros.jpeg\" \/>\n\t<meta property=\"og:image:width\" content=\"2000\" \/>\n\t<meta property=\"og:image:height\" content=\"1124\" \/>\n\t<meta property=\"og:image:type\" content=\"image\/jpeg\" \/>\n<meta name=\"author\" content=\"Jos\u00e9 Juan L\u00f3pez Lafuente\" \/>\n<meta name=\"twitter:card\" content=\"summary_large_image\" \/>\n<meta name=\"twitter:creator\" content=\"@SantaPolaAyunt\" \/>\n<meta name=\"twitter:site\" content=\"@SantaPolaAyunt\" \/>\n<script type=\"application\/ld+json\" class=\"yoast-schema-graph\">{\"@context\":\"https:\\\/\\\/schema.org\",\"@graph\":[{\"@type\":\"Article\",\"@id\":\"https:\\\/\\\/santapola.es\\\/ca\\\/el-cartell-de-festes-2024-representa-a-la-verge-de-loreto-abrigallada-pels-festers\\\/#article\",\"isPartOf\":{\"@id\":\"https:\\\/\\\/santapola.es\\\/ca\\\/el-cartell-de-festes-2024-representa-a-la-verge-de-loreto-abrigallada-pels-festers\\\/\"},\"author\":{\"name\":\"Jos\u00e9 Juan L\u00f3pez Lafuente\",\"@id\":\"https:\\\/\\\/santapola.es\\\/ca\\\/#\\\/schema\\\/person\\\/ad1d67403707b58350c7be5e8dbc442d\"},\"headline\":\"El cartell de festes 2024 representa a la Verge de Loreto abrigallada pels festers\",\"datePublished\":\"2024-08-12T08:47:24+00:00\",\"dateModified\":\"2024-08-12T08:51:09+00:00\",\"mainEntityOfPage\":{\"@id\":\"https:\\\/\\\/santapola.es\\\/ca\\\/el-cartell-de-festes-2024-representa-a-la-verge-de-loreto-abrigallada-pels-festers\\\/\"},\"wordCount\":806,\"image\":{\"@id\":\"https:\\\/\\\/santapola.es\\\/ca\\\/el-cartell-de-festes-2024-representa-a-la-verge-de-loreto-abrigallada-pels-festers\\\/#primaryimage\"},\"thumbnailUrl\":\"https:\\\/\\\/santapola.es\\\/wp-content\\\/uploads\\\/2024\\\/08\\\/2024-08-12-cargos-festeros.jpeg\",\"keywords\":[\"Asociaci\u00f3n Festero-Cultural de Moros y Cristianos\",\"Cartell de festes\",\"Loreto Serrano\",\"Nely Baile\"],\"articleSection\":[\"Festes\"],\"inLanguage\":\"ca\"},{\"@type\":\"WebPage\",\"@id\":\"https:\\\/\\\/santapola.es\\\/ca\\\/el-cartell-de-festes-2024-representa-a-la-verge-de-loreto-abrigallada-pels-festers\\\/\",\"url\":\"https:\\\/\\\/santapola.es\\\/ca\\\/el-cartell-de-festes-2024-representa-a-la-verge-de-loreto-abrigallada-pels-festers\\\/\",\"name\":\"El cartell de festes 2024 representa a la Verge de Loreto abrigallada pels festers - Ajuntament de Santa Pola\",\"isPartOf\":{\"@id\":\"https:\\\/\\\/santapola.es\\\/ca\\\/#website\"},\"primaryImageOfPage\":{\"@id\":\"https:\\\/\\\/santapola.es\\\/ca\\\/el-cartell-de-festes-2024-representa-a-la-verge-de-loreto-abrigallada-pels-festers\\\/#primaryimage\"},\"image\":{\"@id\":\"https:\\\/\\\/santapola.es\\\/ca\\\/el-cartell-de-festes-2024-representa-a-la-verge-de-loreto-abrigallada-pels-festers\\\/#primaryimage\"},\"thumbnailUrl\":\"https:\\\/\\\/santapola.es\\\/wp-content\\\/uploads\\\/2024\\\/08\\\/2024-08-12-cargos-festeros.jpeg\",\"datePublished\":\"2024-08-12T08:47:24+00:00\",\"dateModified\":\"2024-08-12T08:51:09+00:00\",\"author\":{\"@id\":\"https:\\\/\\\/santapola.es\\\/ca\\\/#\\\/schema\\\/person\\\/ad1d67403707b58350c7be5e8dbc442d\"},\"breadcrumb\":{\"@id\":\"https:\\\/\\\/santapola.es\\\/ca\\\/el-cartell-de-festes-2024-representa-a-la-verge-de-loreto-abrigallada-pels-festers\\\/#breadcrumb\"},\"inLanguage\":\"ca\",\"potentialAction\":[{\"@type\":\"ReadAction\",\"target\":[\"https:\\\/\\\/santapola.es\\\/ca\\\/el-cartell-de-festes-2024-representa-a-la-verge-de-loreto-abrigallada-pels-festers\\\/\"]}]},{\"@type\":\"ImageObject\",\"inLanguage\":\"ca\",\"@id\":\"https:\\\/\\\/santapola.es\\\/ca\\\/el-cartell-de-festes-2024-representa-a-la-verge-de-loreto-abrigallada-pels-festers\\\/#primaryimage\",\"url\":\"https:\\\/\\\/santapola.es\\\/wp-content\\\/uploads\\\/2024\\\/08\\\/2024-08-12-cargos-festeros.jpeg\",\"contentUrl\":\"https:\\\/\\\/santapola.es\\\/wp-content\\\/uploads\\\/2024\\\/08\\\/2024-08-12-cargos-festeros.jpeg\",\"width\":2000,\"height\":1124},{\"@type\":\"BreadcrumbList\",\"@id\":\"https:\\\/\\\/santapola.es\\\/ca\\\/el-cartell-de-festes-2024-representa-a-la-verge-de-loreto-abrigallada-pels-festers\\\/#breadcrumb\",\"itemListElement\":[{\"@type\":\"ListItem\",\"position\":1,\"name\":\"Inici\",\"item\":\"https:\\\/\\\/santapola.es\\\/ca\\\/\"},{\"@type\":\"ListItem\",\"position\":2,\"name\":\"El cartell de festes 2024 representa a la Verge de Loreto abrigallada pels festers\"}]},{\"@type\":\"WebSite\",\"@id\":\"https:\\\/\\\/santapola.es\\\/ca\\\/#website\",\"url\":\"https:\\\/\\\/santapola.es\\\/ca\\\/\",\"name\":\"Ayuntamiento de Santa Pola\",\"description\":\"Web de l'Ajuntament de Santa Pola\",\"potentialAction\":[{\"@type\":\"SearchAction\",\"target\":{\"@type\":\"EntryPoint\",\"urlTemplate\":\"https:\\\/\\\/santapola.es\\\/ca\\\/?s={search_term_string}\"},\"query-input\":{\"@type\":\"PropertyValueSpecification\",\"valueRequired\":true,\"valueName\":\"search_term_string\"}}],\"inLanguage\":\"ca\"},{\"@type\":\"Person\",\"@id\":\"https:\\\/\\\/santapola.es\\\/ca\\\/#\\\/schema\\\/person\\\/ad1d67403707b58350c7be5e8dbc442d\",\"name\":\"Jos\u00e9 Juan L\u00f3pez Lafuente\"}]}<\/script>\n<!-- \/ Yoast SEO plugin. -->","yoast_head_json":{"title":"El cartell de festes 2024 representa a la Verge de Loreto abrigallada pels festers - Ajuntament de Santa Pola","robots":{"index":"index","follow":"follow","max-snippet":"max-snippet:-1","max-image-preview":"max-image-preview:large","max-video-preview":"max-video-preview:-1"},"canonical":"https:\/\/santapola.es\/ca\/el-cartell-de-festes-2024-representa-a-la-verge-de-loreto-abrigallada-pels-festers\/","og_locale":"ca_ES","og_type":"article","og_title":"El cartell de festes 2024 representa a la Verge de Loreto abrigallada pels festers - Ajuntament de Santa Pola","og_description":"L&#8217;original cartell i el llibre de festes han sigut dissenyats pels germans Jos\u00e9 Antonio i Manuel L\u00f3pez S\u00e1nchez. Dissabte passat es va presentar oficialment juntament amb els c\u00e0rrecs de les comparses festeres i de Moros i Cristians. El dissabte va arrancar en l&#8217;auditori El Palmerar el compte #arrere per a les esperades Festes Patronals i [&hellip;]","og_url":"https:\/\/santapola.es\/ca\/el-cartell-de-festes-2024-representa-a-la-verge-de-loreto-abrigallada-pels-festers\/","og_site_name":"Ajuntament de Santa Pola","article_publisher":"https:\/\/www.facebook.com\/AyuntamientoSantaPola\/","article_published_time":"2024-08-12T08:47:24+00:00","article_modified_time":"2024-08-12T08:51:09+00:00","og_image":[{"width":2000,"height":1124,"url":"https:\/\/santapola.es\/wp-content\/uploads\/2024\/08\/2024-08-12-cargos-festeros.jpeg","type":"image\/jpeg"}],"author":"Jos\u00e9 Juan L\u00f3pez Lafuente","twitter_card":"summary_large_image","twitter_creator":"@SantaPolaAyunt","twitter_site":"@SantaPolaAyunt","schema":{"@context":"https:\/\/schema.org","@graph":[{"@type":"Article","@id":"https:\/\/santapola.es\/ca\/el-cartell-de-festes-2024-representa-a-la-verge-de-loreto-abrigallada-pels-festers\/#article","isPartOf":{"@id":"https:\/\/santapola.es\/ca\/el-cartell-de-festes-2024-representa-a-la-verge-de-loreto-abrigallada-pels-festers\/"},"author":{"name":"Jos\u00e9 Juan L\u00f3pez Lafuente","@id":"https:\/\/santapola.es\/ca\/#\/schema\/person\/ad1d67403707b58350c7be5e8dbc442d"},"headline":"El cartell de festes 2024 representa a la Verge de Loreto abrigallada pels festers","datePublished":"2024-08-12T08:47:24+00:00","dateModified":"2024-08-12T08:51:09+00:00","mainEntityOfPage":{"@id":"https:\/\/santapola.es\/ca\/el-cartell-de-festes-2024-representa-a-la-verge-de-loreto-abrigallada-pels-festers\/"},"wordCount":806,"image":{"@id":"https:\/\/santapola.es\/ca\/el-cartell-de-festes-2024-representa-a-la-verge-de-loreto-abrigallada-pels-festers\/#primaryimage"},"thumbnailUrl":"https:\/\/santapola.es\/wp-content\/uploads\/2024\/08\/2024-08-12-cargos-festeros.jpeg","keywords":["Asociaci\u00f3n Festero-Cultural de Moros y Cristianos","Cartell de festes","Loreto Serrano","Nely Baile"],"articleSection":["Festes"],"inLanguage":"ca"},{"@type":"WebPage","@id":"https:\/\/santapola.es\/ca\/el-cartell-de-festes-2024-representa-a-la-verge-de-loreto-abrigallada-pels-festers\/","url":"https:\/\/santapola.es\/ca\/el-cartell-de-festes-2024-representa-a-la-verge-de-loreto-abrigallada-pels-festers\/","name":"El cartell de festes 2024 representa a la Verge de Loreto abrigallada pels festers - Ajuntament de Santa Pola","isPartOf":{"@id":"https:\/\/santapola.es\/ca\/#website"},"primaryImageOfPage":{"@id":"https:\/\/santapola.es\/ca\/el-cartell-de-festes-2024-representa-a-la-verge-de-loreto-abrigallada-pels-festers\/#primaryimage"},"image":{"@id":"https:\/\/santapola.es\/ca\/el-cartell-de-festes-2024-representa-a-la-verge-de-loreto-abrigallada-pels-festers\/#primaryimage"},"thumbnailUrl":"https:\/\/santapola.es\/wp-content\/uploads\/2024\/08\/2024-08-12-cargos-festeros.jpeg","datePublished":"2024-08-12T08:47:24+00:00","dateModified":"2024-08-12T08:51:09+00:00","author":{"@id":"https:\/\/santapola.es\/ca\/#\/schema\/person\/ad1d67403707b58350c7be5e8dbc442d"},"breadcrumb":{"@id":"https:\/\/santapola.es\/ca\/el-cartell-de-festes-2024-representa-a-la-verge-de-loreto-abrigallada-pels-festers\/#breadcrumb"},"inLanguage":"ca","potentialAction":[{"@type":"ReadAction","target":["https:\/\/santapola.es\/ca\/el-cartell-de-festes-2024-representa-a-la-verge-de-loreto-abrigallada-pels-festers\/"]}]},{"@type":"ImageObject","inLanguage":"ca","@id":"https:\/\/santapola.es\/ca\/el-cartell-de-festes-2024-representa-a-la-verge-de-loreto-abrigallada-pels-festers\/#primaryimage","url":"https:\/\/santapola.es\/wp-content\/uploads\/2024\/08\/2024-08-12-cargos-festeros.jpeg","contentUrl":"https:\/\/santapola.es\/wp-content\/uploads\/2024\/08\/2024-08-12-cargos-festeros.jpeg","width":2000,"height":1124},{"@type":"BreadcrumbList","@id":"https:\/\/santapola.es\/ca\/el-cartell-de-festes-2024-representa-a-la-verge-de-loreto-abrigallada-pels-festers\/#breadcrumb","itemListElement":[{"@type":"ListItem","position":1,"name":"Inici","item":"https:\/\/santapola.es\/ca\/"},{"@type":"ListItem","position":2,"name":"El cartell de festes 2024 representa a la Verge de Loreto abrigallada pels festers"}]},{"@type":"WebSite","@id":"https:\/\/santapola.es\/ca\/#website","url":"https:\/\/santapola.es\/ca\/","name":"Ayuntamiento de Santa Pola","description":"Web de l'Ajuntament de Santa Pola","potentialAction":[{"@type":"SearchAction","target":{"@type":"EntryPoint","urlTemplate":"https:\/\/santapola.es\/ca\/?s={search_term_string}"},"query-input":{"@type":"PropertyValueSpecification","valueRequired":true,"valueName":"search_term_string"}}],"inLanguage":"ca"},{"@type":"Person","@id":"https:\/\/santapola.es\/ca\/#\/schema\/person\/ad1d67403707b58350c7be5e8dbc442d","name":"Jos\u00e9 Juan L\u00f3pez Lafuente"}]}},"_links":{"self":[{"href":"https:\/\/santapola.es\/ca\/wp-json\/wp\/v2\/posts\/38643","targetHints":{"allow":["GET"]}}],"collection":[{"href":"https:\/\/santapola.es\/ca\/wp-json\/wp\/v2\/posts"}],"about":[{"href":"https:\/\/santapola.es\/ca\/wp-json\/wp\/v2\/types\/post"}],"author":[{"embeddable":true,"href":"https:\/\/santapola.es\/ca\/wp-json\/wp\/v2\/users\/96"}],"replies":[{"embeddable":true,"href":"https:\/\/santapola.es\/ca\/wp-json\/wp\/v2\/comments?post=38643"}],"version-history":[{"count":0,"href":"https:\/\/santapola.es\/ca\/wp-json\/wp\/v2\/posts\/38643\/revisions"}],"wp:featuredmedia":[{"embeddable":true,"href":"https:\/\/santapola.es\/ca\/wp-json\/wp\/v2\/media\/38639"}],"wp:attachment":[{"href":"https:\/\/santapola.es\/ca\/wp-json\/wp\/v2\/media?parent=38643"}],"wp:term":[{"taxonomy":"category","embeddable":true,"href":"https:\/\/santapola.es\/ca\/wp-json\/wp\/v2\/categories?post=38643"},{"taxonomy":"post_tag","embeddable":true,"href":"https:\/\/santapola.es\/ca\/wp-json\/wp\/v2\/tags?post=38643"}],"curies":[{"name":"wp","href":"https:\/\/api.w.org\/{rel}","templated":true}]}}