{"id":38618,"date":"2024-08-08T11:09:13","date_gmt":"2024-08-08T09:09:13","guid":{"rendered":"https:\/\/santapola.es\/?p=38618"},"modified":"2024-08-08T11:10:57","modified_gmt":"2024-08-08T09:10:57","slug":"santa-pola-reconeix-dema-la-labor-dels-seus-joves-amb-valors","status":"publish","type":"post","link":"https:\/\/santapola.es\/ca\/santa-pola-reconeix-dema-la-labor-dels-seus-joves-amb-valors\/","title":{"rendered":"Santa Pola reconeix dem\u00e0 la labor dels seus joves amb valors"},"content":{"rendered":"<p><strong>La quarta edici\u00f3 de Joves Amb Valors retr\u00e0 homenatge a nou joves que destaquen en \u00e0mbits com la cultura, l&#8217;emprenedoria, el rendiment acad\u00e8mic, l&#8217;esport, la ci\u00e8ncia i la tecnologia.\u00a0<\/strong><\/p>\n<p>Dem\u00e0 divendres se celebra la quarta edici\u00f3 de Joves Amb Valors, un certamen a trav\u00e9s del qual la regidoria de Joventut de l&#8217;Ajuntament de Santa Pola pret\u00e9n recon\u00e9ixer a joves de la localitat que destaquen en diferents \u00e0mbits.<\/p>\n<p>Ser\u00e0 en l&#8217;auditori El Palmerar, a partir de les 21.00 hores, quasi coincidint en el temps amb una data decisiva com \u00e9s el Dia Internacional de la Joventut, quan es desenrotllar\u00e0 la gala que amb el t\u00edtol de Joves Amb Valors, pret\u00e9n fer un reconeixement p\u00fablic a totes aquelles persones joves que, amb el seu esfor\u00e7 i entusiasme, han aconseguit grans metes i s&#8217;han convertit en exemple per a futures generacions.<\/p>\n<p>Santa Pola no sols \u00e9s important pedrera de promeses de l&#8217;esport o figures destacades que ens representen en lligues nacionals, a l&#8217;estranger, en campionats auton\u00f2mics, en olimp\u00edades\u2026 Tamb\u00e9 \u00e9s bressol d&#8217;artistes que triomfen en teatres, en orquestres simf\u00f2niques a l&#8217;estranger, o d&#8217;emprenedors, gent valenta i lluitadora, #xic i #xic que aporten els seus coneixements per a millorar la vida d&#8217;altres persones.<\/p>\n<p>En esta gala s&#8217;entregaran nou guardons a joves entre 17 i 34 anys, consensuats per un equip t\u00e8cnic format per professorat dels instituts Santa Pola i Cap de L\u2019Aljub, els departaments municipals d&#8217;Esports, Cultura i Santa Pola Empr\u00e9n.<\/p>\n<p>L&#8217;acte comptar\u00e0 amb l&#8217;actuaci\u00f3 del grup de ball Xperience, un grup de joves de Santa Pola formats a l&#8217;escola Fem Dansa i que, gr\u00e0cies al seu entusiasme i lliurament, s&#8217;han convertit en un referent en el m\u00f3n de la dansa moderna.<\/p>\n","protected":false},"excerpt":{"rendered":"<p>La quarta edici\u00f3 de Joves Amb Valors retr\u00e0 homenatge a nou joves que destaquen en \u00e0mbits com la cultura, l&#8217;emprenedoria, el rendiment acad\u00e8mic, l&#8217;esport, la ci\u00e8ncia i la tecnologia.\u00a0 Dem\u00e0 divendres se celebra la quarta edici\u00f3 de Joves Amb Valors, un certamen a trav\u00e9s del qual la regidoria de Joventut de l&#8217;Ajuntament de Santa Pola [&hellip;]<\/p>\n","protected":false},"author":96,"featured_media":38616,"comment_status":"closed","ping_status":"closed","sticky":false,"template":"","format":"standard","meta":{"_et_pb_use_builder":"","_et_pb_old_content":"","_et_gb_content_width":"","footnotes":""},"categories":[494],"tags":[1024],"class_list":["post-38618","post","type-post","status-publish","format-standard","has-post-thumbnail","hentry","category-joventut","tag-joves-amb-valors-ca"],"yoast_head":"<!-- This site is optimized with the Yoast SEO plugin v27.4 - https:\/\/yoast.com\/product\/yoast-seo-wordpress\/ -->\n<title>Santa Pola reconeix dem\u00e0 la labor dels seus joves amb valors - Ajuntament de Santa Pola<\/title>\n<meta name=\"robots\" content=\"index, follow, max-snippet:-1, max-image-preview:large, max-video-preview:-1\" \/>\n<link rel=\"canonical\" href=\"https:\/\/santapola.es\/ca\/santa-pola-reconeix-dema-la-labor-dels-seus-joves-amb-valors\/\" \/>\n<meta property=\"og:locale\" content=\"ca_ES\" \/>\n<meta property=\"og:type\" content=\"article\" \/>\n<meta property=\"og:title\" content=\"Santa Pola reconeix dem\u00e0 la labor dels seus joves amb valors - Ajuntament de Santa Pola\" \/>\n<meta property=\"og:description\" content=\"La quarta edici\u00f3 de Joves Amb Valors retr\u00e0 homenatge a nou joves que destaquen en \u00e0mbits com la cultura, l&#8217;emprenedoria, el rendiment acad\u00e8mic, l&#8217;esport, la ci\u00e8ncia i la tecnologia.\u00a0 Dem\u00e0 divendres se celebra la quarta edici\u00f3 de Joves Amb Valors, un certamen a trav\u00e9s del qual la regidoria de Joventut de l&#8217;Ajuntament de Santa Pola [&hellip;]\" \/>\n<meta property=\"og:url\" content=\"https:\/\/santapola.es\/ca\/santa-pola-reconeix-dema-la-labor-dels-seus-joves-amb-valors\/\" \/>\n<meta property=\"og:site_name\" content=\"Ajuntament de Santa Pola\" \/>\n<meta property=\"article:publisher\" content=\"https:\/\/www.facebook.com\/AyuntamientoSantaPola\/\" \/>\n<meta property=\"article:published_time\" content=\"2024-08-08T09:09:13+00:00\" \/>\n<meta property=\"article:modified_time\" content=\"2024-08-08T09:10:57+00:00\" \/>\n<meta property=\"og:image\" content=\"https:\/\/santapola.es\/wp-content\/uploads\/2024\/08\/Joves-Amb-Valors-2023.jpeg\" \/>\n\t<meta property=\"og:image:width\" content=\"2560\" \/>\n\t<meta property=\"og:image:height\" content=\"1695\" \/>\n\t<meta property=\"og:image:type\" content=\"image\/jpeg\" \/>\n<meta name=\"author\" content=\"Jos\u00e9 Juan L\u00f3pez Lafuente\" \/>\n<meta name=\"twitter:card\" content=\"summary_large_image\" \/>\n<meta name=\"twitter:creator\" content=\"@SantaPolaAyunt\" \/>\n<meta name=\"twitter:site\" content=\"@SantaPolaAyunt\" \/>\n<script type=\"application\/ld+json\" class=\"yoast-schema-graph\">{\"@context\":\"https:\\\/\\\/schema.org\",\"@graph\":[{\"@type\":\"Article\",\"@id\":\"https:\\\/\\\/santapola.es\\\/ca\\\/santa-pola-reconeix-dema-la-labor-dels-seus-joves-amb-valors\\\/#article\",\"isPartOf\":{\"@id\":\"https:\\\/\\\/santapola.es\\\/ca\\\/santa-pola-reconeix-dema-la-labor-dels-seus-joves-amb-valors\\\/\"},\"author\":{\"name\":\"Jos\u00e9 Juan L\u00f3pez Lafuente\",\"@id\":\"https:\\\/\\\/santapola.es\\\/ca\\\/#\\\/schema\\\/person\\\/ad1d67403707b58350c7be5e8dbc442d\"},\"headline\":\"Santa Pola reconeix dem\u00e0 la labor dels seus joves amb valors\",\"datePublished\":\"2024-08-08T09:09:13+00:00\",\"dateModified\":\"2024-08-08T09:10:57+00:00\",\"mainEntityOfPage\":{\"@id\":\"https:\\\/\\\/santapola.es\\\/ca\\\/santa-pola-reconeix-dema-la-labor-dels-seus-joves-amb-valors\\\/\"},\"wordCount\":319,\"image\":{\"@id\":\"https:\\\/\\\/santapola.es\\\/ca\\\/santa-pola-reconeix-dema-la-labor-dels-seus-joves-amb-valors\\\/#primaryimage\"},\"thumbnailUrl\":\"https:\\\/\\\/santapola.es\\\/wp-content\\\/uploads\\\/2024\\\/08\\\/Joves-Amb-Valors-2023.jpeg\",\"keywords\":[\"Joves Amb Valors\"],\"articleSection\":[\"Joventut\"],\"inLanguage\":\"ca\"},{\"@type\":\"WebPage\",\"@id\":\"https:\\\/\\\/santapola.es\\\/ca\\\/santa-pola-reconeix-dema-la-labor-dels-seus-joves-amb-valors\\\/\",\"url\":\"https:\\\/\\\/santapola.es\\\/ca\\\/santa-pola-reconeix-dema-la-labor-dels-seus-joves-amb-valors\\\/\",\"name\":\"Santa Pola reconeix dem\u00e0 la labor dels seus joves amb valors - Ajuntament de Santa Pola\",\"isPartOf\":{\"@id\":\"https:\\\/\\\/santapola.es\\\/ca\\\/#website\"},\"primaryImageOfPage\":{\"@id\":\"https:\\\/\\\/santapola.es\\\/ca\\\/santa-pola-reconeix-dema-la-labor-dels-seus-joves-amb-valors\\\/#primaryimage\"},\"image\":{\"@id\":\"https:\\\/\\\/santapola.es\\\/ca\\\/santa-pola-reconeix-dema-la-labor-dels-seus-joves-amb-valors\\\/#primaryimage\"},\"thumbnailUrl\":\"https:\\\/\\\/santapola.es\\\/wp-content\\\/uploads\\\/2024\\\/08\\\/Joves-Amb-Valors-2023.jpeg\",\"datePublished\":\"2024-08-08T09:09:13+00:00\",\"dateModified\":\"2024-08-08T09:10:57+00:00\",\"author\":{\"@id\":\"https:\\\/\\\/santapola.es\\\/ca\\\/#\\\/schema\\\/person\\\/ad1d67403707b58350c7be5e8dbc442d\"},\"breadcrumb\":{\"@id\":\"https:\\\/\\\/santapola.es\\\/ca\\\/santa-pola-reconeix-dema-la-labor-dels-seus-joves-amb-valors\\\/#breadcrumb\"},\"inLanguage\":\"ca\",\"potentialAction\":[{\"@type\":\"ReadAction\",\"target\":[\"https:\\\/\\\/santapola.es\\\/ca\\\/santa-pola-reconeix-dema-la-labor-dels-seus-joves-amb-valors\\\/\"]}]},{\"@type\":\"ImageObject\",\"inLanguage\":\"ca\",\"@id\":\"https:\\\/\\\/santapola.es\\\/ca\\\/santa-pola-reconeix-dema-la-labor-dels-seus-joves-amb-valors\\\/#primaryimage\",\"url\":\"https:\\\/\\\/santapola.es\\\/wp-content\\\/uploads\\\/2024\\\/08\\\/Joves-Amb-Valors-2023.jpeg\",\"contentUrl\":\"https:\\\/\\\/santapola.es\\\/wp-content\\\/uploads\\\/2024\\\/08\\\/Joves-Amb-Valors-2023.jpeg\",\"width\":2560,\"height\":1695},{\"@type\":\"BreadcrumbList\",\"@id\":\"https:\\\/\\\/santapola.es\\\/ca\\\/santa-pola-reconeix-dema-la-labor-dels-seus-joves-amb-valors\\\/#breadcrumb\",\"itemListElement\":[{\"@type\":\"ListItem\",\"position\":1,\"name\":\"Inici\",\"item\":\"https:\\\/\\\/santapola.es\\\/ca\\\/\"},{\"@type\":\"ListItem\",\"position\":2,\"name\":\"Santa Pola reconeix dem\u00e0 la labor dels seus joves amb valors\"}]},{\"@type\":\"WebSite\",\"@id\":\"https:\\\/\\\/santapola.es\\\/ca\\\/#website\",\"url\":\"https:\\\/\\\/santapola.es\\\/ca\\\/\",\"name\":\"Ayuntamiento de Santa Pola\",\"description\":\"Web de l'Ajuntament de Santa Pola\",\"potentialAction\":[{\"@type\":\"SearchAction\",\"target\":{\"@type\":\"EntryPoint\",\"urlTemplate\":\"https:\\\/\\\/santapola.es\\\/ca\\\/?s={search_term_string}\"},\"query-input\":{\"@type\":\"PropertyValueSpecification\",\"valueRequired\":true,\"valueName\":\"search_term_string\"}}],\"inLanguage\":\"ca\"},{\"@type\":\"Person\",\"@id\":\"https:\\\/\\\/santapola.es\\\/ca\\\/#\\\/schema\\\/person\\\/ad1d67403707b58350c7be5e8dbc442d\",\"name\":\"Jos\u00e9 Juan L\u00f3pez Lafuente\"}]}<\/script>\n<!-- \/ Yoast SEO plugin. -->","yoast_head_json":{"title":"Santa Pola reconeix dem\u00e0 la labor dels seus joves amb valors - Ajuntament de Santa Pola","robots":{"index":"index","follow":"follow","max-snippet":"max-snippet:-1","max-image-preview":"max-image-preview:large","max-video-preview":"max-video-preview:-1"},"canonical":"https:\/\/santapola.es\/ca\/santa-pola-reconeix-dema-la-labor-dels-seus-joves-amb-valors\/","og_locale":"ca_ES","og_type":"article","og_title":"Santa Pola reconeix dem\u00e0 la labor dels seus joves amb valors - Ajuntament de Santa Pola","og_description":"La quarta edici\u00f3 de Joves Amb Valors retr\u00e0 homenatge a nou joves que destaquen en \u00e0mbits com la cultura, l&#8217;emprenedoria, el rendiment acad\u00e8mic, l&#8217;esport, la ci\u00e8ncia i la tecnologia.\u00a0 Dem\u00e0 divendres se celebra la quarta edici\u00f3 de Joves Amb Valors, un certamen a trav\u00e9s del qual la regidoria de Joventut de l&#8217;Ajuntament de Santa Pola [&hellip;]","og_url":"https:\/\/santapola.es\/ca\/santa-pola-reconeix-dema-la-labor-dels-seus-joves-amb-valors\/","og_site_name":"Ajuntament de Santa Pola","article_publisher":"https:\/\/www.facebook.com\/AyuntamientoSantaPola\/","article_published_time":"2024-08-08T09:09:13+00:00","article_modified_time":"2024-08-08T09:10:57+00:00","og_image":[{"width":2560,"height":1695,"url":"https:\/\/santapola.es\/wp-content\/uploads\/2024\/08\/Joves-Amb-Valors-2023.jpeg","type":"image\/jpeg"}],"author":"Jos\u00e9 Juan L\u00f3pez Lafuente","twitter_card":"summary_large_image","twitter_creator":"@SantaPolaAyunt","twitter_site":"@SantaPolaAyunt","schema":{"@context":"https:\/\/schema.org","@graph":[{"@type":"Article","@id":"https:\/\/santapola.es\/ca\/santa-pola-reconeix-dema-la-labor-dels-seus-joves-amb-valors\/#article","isPartOf":{"@id":"https:\/\/santapola.es\/ca\/santa-pola-reconeix-dema-la-labor-dels-seus-joves-amb-valors\/"},"author":{"name":"Jos\u00e9 Juan L\u00f3pez Lafuente","@id":"https:\/\/santapola.es\/ca\/#\/schema\/person\/ad1d67403707b58350c7be5e8dbc442d"},"headline":"Santa Pola reconeix dem\u00e0 la labor dels seus joves amb valors","datePublished":"2024-08-08T09:09:13+00:00","dateModified":"2024-08-08T09:10:57+00:00","mainEntityOfPage":{"@id":"https:\/\/santapola.es\/ca\/santa-pola-reconeix-dema-la-labor-dels-seus-joves-amb-valors\/"},"wordCount":319,"image":{"@id":"https:\/\/santapola.es\/ca\/santa-pola-reconeix-dema-la-labor-dels-seus-joves-amb-valors\/#primaryimage"},"thumbnailUrl":"https:\/\/santapola.es\/wp-content\/uploads\/2024\/08\/Joves-Amb-Valors-2023.jpeg","keywords":["Joves Amb Valors"],"articleSection":["Joventut"],"inLanguage":"ca"},{"@type":"WebPage","@id":"https:\/\/santapola.es\/ca\/santa-pola-reconeix-dema-la-labor-dels-seus-joves-amb-valors\/","url":"https:\/\/santapola.es\/ca\/santa-pola-reconeix-dema-la-labor-dels-seus-joves-amb-valors\/","name":"Santa Pola reconeix dem\u00e0 la labor dels seus joves amb valors - Ajuntament de Santa Pola","isPartOf":{"@id":"https:\/\/santapola.es\/ca\/#website"},"primaryImageOfPage":{"@id":"https:\/\/santapola.es\/ca\/santa-pola-reconeix-dema-la-labor-dels-seus-joves-amb-valors\/#primaryimage"},"image":{"@id":"https:\/\/santapola.es\/ca\/santa-pola-reconeix-dema-la-labor-dels-seus-joves-amb-valors\/#primaryimage"},"thumbnailUrl":"https:\/\/santapola.es\/wp-content\/uploads\/2024\/08\/Joves-Amb-Valors-2023.jpeg","datePublished":"2024-08-08T09:09:13+00:00","dateModified":"2024-08-08T09:10:57+00:00","author":{"@id":"https:\/\/santapola.es\/ca\/#\/schema\/person\/ad1d67403707b58350c7be5e8dbc442d"},"breadcrumb":{"@id":"https:\/\/santapola.es\/ca\/santa-pola-reconeix-dema-la-labor-dels-seus-joves-amb-valors\/#breadcrumb"},"inLanguage":"ca","potentialAction":[{"@type":"ReadAction","target":["https:\/\/santapola.es\/ca\/santa-pola-reconeix-dema-la-labor-dels-seus-joves-amb-valors\/"]}]},{"@type":"ImageObject","inLanguage":"ca","@id":"https:\/\/santapola.es\/ca\/santa-pola-reconeix-dema-la-labor-dels-seus-joves-amb-valors\/#primaryimage","url":"https:\/\/santapola.es\/wp-content\/uploads\/2024\/08\/Joves-Amb-Valors-2023.jpeg","contentUrl":"https:\/\/santapola.es\/wp-content\/uploads\/2024\/08\/Joves-Amb-Valors-2023.jpeg","width":2560,"height":1695},{"@type":"BreadcrumbList","@id":"https:\/\/santapola.es\/ca\/santa-pola-reconeix-dema-la-labor-dels-seus-joves-amb-valors\/#breadcrumb","itemListElement":[{"@type":"ListItem","position":1,"name":"Inici","item":"https:\/\/santapola.es\/ca\/"},{"@type":"ListItem","position":2,"name":"Santa Pola reconeix dem\u00e0 la labor dels seus joves amb valors"}]},{"@type":"WebSite","@id":"https:\/\/santapola.es\/ca\/#website","url":"https:\/\/santapola.es\/ca\/","name":"Ayuntamiento de Santa Pola","description":"Web de l'Ajuntament de Santa Pola","potentialAction":[{"@type":"SearchAction","target":{"@type":"EntryPoint","urlTemplate":"https:\/\/santapola.es\/ca\/?s={search_term_string}"},"query-input":{"@type":"PropertyValueSpecification","valueRequired":true,"valueName":"search_term_string"}}],"inLanguage":"ca"},{"@type":"Person","@id":"https:\/\/santapola.es\/ca\/#\/schema\/person\/ad1d67403707b58350c7be5e8dbc442d","name":"Jos\u00e9 Juan L\u00f3pez Lafuente"}]}},"_links":{"self":[{"href":"https:\/\/santapola.es\/ca\/wp-json\/wp\/v2\/posts\/38618","targetHints":{"allow":["GET"]}}],"collection":[{"href":"https:\/\/santapola.es\/ca\/wp-json\/wp\/v2\/posts"}],"about":[{"href":"https:\/\/santapola.es\/ca\/wp-json\/wp\/v2\/types\/post"}],"author":[{"embeddable":true,"href":"https:\/\/santapola.es\/ca\/wp-json\/wp\/v2\/users\/96"}],"replies":[{"embeddable":true,"href":"https:\/\/santapola.es\/ca\/wp-json\/wp\/v2\/comments?post=38618"}],"version-history":[{"count":0,"href":"https:\/\/santapola.es\/ca\/wp-json\/wp\/v2\/posts\/38618\/revisions"}],"wp:featuredmedia":[{"embeddable":true,"href":"https:\/\/santapola.es\/ca\/wp-json\/wp\/v2\/media\/38616"}],"wp:attachment":[{"href":"https:\/\/santapola.es\/ca\/wp-json\/wp\/v2\/media?parent=38618"}],"wp:term":[{"taxonomy":"category","embeddable":true,"href":"https:\/\/santapola.es\/ca\/wp-json\/wp\/v2\/categories?post=38618"},{"taxonomy":"post_tag","embeddable":true,"href":"https:\/\/santapola.es\/ca\/wp-json\/wp\/v2\/tags?post=38618"}],"curies":[{"name":"wp","href":"https:\/\/api.w.org\/{rel}","templated":true}]}}