{"id":38611,"date":"2024-08-07T16:57:52","date_gmt":"2024-08-07T14:57:52","guid":{"rendered":"https:\/\/santapola.es\/?p=38611"},"modified":"2024-08-07T16:59:55","modified_gmt":"2024-08-07T14:59:55","slug":"santa-pola-planteja-al-conseller-marciano-gomez-les-seues-necessitats-mes-importants-en-materia-de-sanitat","status":"publish","type":"post","link":"https:\/\/santapola.es\/ca\/santa-pola-planteja-al-conseller-marciano-gomez-les-seues-necessitats-mes-importants-en-materia-de-sanitat\/","title":{"rendered":"Santa Pola planteja al conseller Marciano G\u00f3mez les seues necessitats m\u00e9s importants en mat\u00e8ria de sanitat"},"content":{"rendered":"<p><strong>En la reuni\u00f3 d&#8217;este mat\u00ed a Alacant amb l&#8217;alcaldessa i el regidor de l&#8217;\u00e0rea, el conseller s&#8217;ha comprom\u00e9s a estudiar les propostes de l&#8217;Ajuntament i a visitar Santa Pola per a con\u00e9ixer de primera m\u00e0 la situaci\u00f3 sanit\u00e0ria del municipi.<\/strong><\/p>\n<p>L&#8217;alcaldessa Loreto Serrano i el regidor de Sanitat, Borja Merino, s&#8217;han reunit este mat\u00ed a Alacant amb el conseller de Sanitat, Marciano G\u00f3mez, amb la finalitat de posar sobre la taula les peticions m\u00e9s perempt\u00f2ries per a millorar l&#8217;atenci\u00f3 sanit\u00e0ria a Santa Pola, despr\u00e9s de huit anys de govern del Bot\u00e1nic.<\/p>\n<p>Entre els temes tractats, s&#8217;ha plantejat al conseller la urg\u00e8ncia de firmar un conveni per a la construcci\u00f3 del necessari centre de salut de Gran Alacant, per al qual l&#8217;Ajuntament disposa ja dels terrenys i les infraestructures pertinents per a la seua cessi\u00f3 a la conselleria, i que donaria servici en este barri a m\u00e9s de deu mil residents.<\/p>\n<p>Loreto Serrano ha manifestat que \u201ctornem satisfets i esperan\u00e7ats de la reuni\u00f3 amb el conseller, que s&#8217;ha mostrat receptiu i s&#8217;ha comprom\u00e9s a visitar Santa Pola per a veure de primera m\u00e0 quines s\u00f3n eixes necessitats i la situaci\u00f3 sanit\u00e0ria de la ciutat\u201d.<\/p>\n","protected":false},"excerpt":{"rendered":"<p>En la reuni\u00f3 d&#8217;este mat\u00ed a Alacant amb l&#8217;alcaldessa i el regidor de l&#8217;\u00e0rea, el conseller s&#8217;ha comprom\u00e9s a estudiar les propostes de l&#8217;Ajuntament i a visitar Santa Pola per a con\u00e9ixer de primera m\u00e0 la situaci\u00f3 sanit\u00e0ria del municipi. L&#8217;alcaldessa Loreto Serrano i el regidor de Sanitat, Borja Merino, s&#8217;han reunit este mat\u00ed a [&hellip;]<\/p>\n","protected":false},"author":96,"featured_media":38609,"comment_status":"closed","ping_status":"closed","sticky":false,"template":"","format":"standard","meta":{"_et_pb_use_builder":"","_et_pb_old_content":"","_et_gb_content_width":"","footnotes":""},"categories":[649],"tags":[582,1021,487,1022],"class_list":["post-38611","post","type-post","status-publish","format-standard","has-post-thumbnail","hentry","category-sanitat","tag-borja-merino-ca","tag-conselleria-de-sanitat","tag-loreto-serrano-ca","tag-marciano-gomez-ca"],"yoast_head":"<!-- This site is optimized with the Yoast SEO plugin v27.4 - https:\/\/yoast.com\/product\/yoast-seo-wordpress\/ -->\n<title>Santa Pola planteja al conseller Marciano G\u00f3mez les seues necessitats m\u00e9s importants en mat\u00e8ria de sanitat - Ajuntament de Santa Pola<\/title>\n<meta name=\"robots\" content=\"index, follow, max-snippet:-1, max-image-preview:large, max-video-preview:-1\" \/>\n<link rel=\"canonical\" href=\"https:\/\/santapola.es\/ca\/santa-pola-planteja-al-conseller-marciano-gomez-les-seues-necessitats-mes-importants-en-materia-de-sanitat\/\" \/>\n<meta property=\"og:locale\" content=\"ca_ES\" \/>\n<meta property=\"og:type\" content=\"article\" \/>\n<meta property=\"og:title\" content=\"Santa Pola planteja al conseller Marciano G\u00f3mez les seues necessitats m\u00e9s importants en mat\u00e8ria de sanitat - Ajuntament de Santa Pola\" \/>\n<meta property=\"og:description\" content=\"En la reuni\u00f3 d&#8217;este mat\u00ed a Alacant amb l&#8217;alcaldessa i el regidor de l&#8217;\u00e0rea, el conseller s&#8217;ha comprom\u00e9s a estudiar les propostes de l&#8217;Ajuntament i a visitar Santa Pola per a con\u00e9ixer de primera m\u00e0 la situaci\u00f3 sanit\u00e0ria del municipi. L&#8217;alcaldessa Loreto Serrano i el regidor de Sanitat, Borja Merino, s&#8217;han reunit este mat\u00ed a [&hellip;]\" \/>\n<meta property=\"og:url\" content=\"https:\/\/santapola.es\/ca\/santa-pola-planteja-al-conseller-marciano-gomez-les-seues-necessitats-mes-importants-en-materia-de-sanitat\/\" \/>\n<meta property=\"og:site_name\" content=\"Ajuntament de Santa Pola\" \/>\n<meta property=\"article:publisher\" content=\"https:\/\/www.facebook.com\/AyuntamientoSantaPola\/\" \/>\n<meta property=\"article:published_time\" content=\"2024-08-07T14:57:52+00:00\" \/>\n<meta property=\"article:modified_time\" content=\"2024-08-07T14:59:55+00:00\" \/>\n<meta property=\"og:image\" content=\"https:\/\/santapola.es\/wp-content\/uploads\/2024\/08\/2024-08-07-reunion-sanidad.jpeg\" \/>\n\t<meta property=\"og:image:width\" content=\"4000\" \/>\n\t<meta property=\"og:image:height\" content=\"3000\" \/>\n\t<meta property=\"og:image:type\" content=\"image\/jpeg\" \/>\n<meta name=\"author\" content=\"Jos\u00e9 Juan L\u00f3pez Lafuente\" \/>\n<meta name=\"twitter:card\" content=\"summary_large_image\" \/>\n<meta name=\"twitter:creator\" content=\"@SantaPolaAyunt\" \/>\n<meta name=\"twitter:site\" content=\"@SantaPolaAyunt\" \/>\n<script type=\"application\/ld+json\" class=\"yoast-schema-graph\">{\"@context\":\"https:\\\/\\\/schema.org\",\"@graph\":[{\"@type\":\"Article\",\"@id\":\"https:\\\/\\\/santapola.es\\\/ca\\\/santa-pola-planteja-al-conseller-marciano-gomez-les-seues-necessitats-mes-importants-en-materia-de-sanitat\\\/#article\",\"isPartOf\":{\"@id\":\"https:\\\/\\\/santapola.es\\\/ca\\\/santa-pola-planteja-al-conseller-marciano-gomez-les-seues-necessitats-mes-importants-en-materia-de-sanitat\\\/\"},\"author\":{\"name\":\"Jos\u00e9 Juan L\u00f3pez Lafuente\",\"@id\":\"https:\\\/\\\/santapola.es\\\/ca\\\/#\\\/schema\\\/person\\\/ad1d67403707b58350c7be5e8dbc442d\"},\"headline\":\"Santa Pola planteja al conseller Marciano G\u00f3mez les seues necessitats m\u00e9s importants en mat\u00e8ria de sanitat\",\"datePublished\":\"2024-08-07T14:57:52+00:00\",\"dateModified\":\"2024-08-07T14:59:55+00:00\",\"mainEntityOfPage\":{\"@id\":\"https:\\\/\\\/santapola.es\\\/ca\\\/santa-pola-planteja-al-conseller-marciano-gomez-les-seues-necessitats-mes-importants-en-materia-de-sanitat\\\/\"},\"wordCount\":239,\"image\":{\"@id\":\"https:\\\/\\\/santapola.es\\\/ca\\\/santa-pola-planteja-al-conseller-marciano-gomez-les-seues-necessitats-mes-importants-en-materia-de-sanitat\\\/#primaryimage\"},\"thumbnailUrl\":\"https:\\\/\\\/santapola.es\\\/wp-content\\\/uploads\\\/2024\\\/08\\\/2024-08-07-reunion-sanidad.jpeg\",\"keywords\":[\"Borja Merino\",\"Conseller\u00eda de Sanitat\",\"Loreto Serrano\",\"Marciano G\u00f3mez\"],\"articleSection\":[\"Sanitat\"],\"inLanguage\":\"ca\"},{\"@type\":\"WebPage\",\"@id\":\"https:\\\/\\\/santapola.es\\\/ca\\\/santa-pola-planteja-al-conseller-marciano-gomez-les-seues-necessitats-mes-importants-en-materia-de-sanitat\\\/\",\"url\":\"https:\\\/\\\/santapola.es\\\/ca\\\/santa-pola-planteja-al-conseller-marciano-gomez-les-seues-necessitats-mes-importants-en-materia-de-sanitat\\\/\",\"name\":\"Santa Pola planteja al conseller Marciano G\u00f3mez les seues necessitats m\u00e9s importants en mat\u00e8ria de sanitat - Ajuntament de Santa Pola\",\"isPartOf\":{\"@id\":\"https:\\\/\\\/santapola.es\\\/ca\\\/#website\"},\"primaryImageOfPage\":{\"@id\":\"https:\\\/\\\/santapola.es\\\/ca\\\/santa-pola-planteja-al-conseller-marciano-gomez-les-seues-necessitats-mes-importants-en-materia-de-sanitat\\\/#primaryimage\"},\"image\":{\"@id\":\"https:\\\/\\\/santapola.es\\\/ca\\\/santa-pola-planteja-al-conseller-marciano-gomez-les-seues-necessitats-mes-importants-en-materia-de-sanitat\\\/#primaryimage\"},\"thumbnailUrl\":\"https:\\\/\\\/santapola.es\\\/wp-content\\\/uploads\\\/2024\\\/08\\\/2024-08-07-reunion-sanidad.jpeg\",\"datePublished\":\"2024-08-07T14:57:52+00:00\",\"dateModified\":\"2024-08-07T14:59:55+00:00\",\"author\":{\"@id\":\"https:\\\/\\\/santapola.es\\\/ca\\\/#\\\/schema\\\/person\\\/ad1d67403707b58350c7be5e8dbc442d\"},\"breadcrumb\":{\"@id\":\"https:\\\/\\\/santapola.es\\\/ca\\\/santa-pola-planteja-al-conseller-marciano-gomez-les-seues-necessitats-mes-importants-en-materia-de-sanitat\\\/#breadcrumb\"},\"inLanguage\":\"ca\",\"potentialAction\":[{\"@type\":\"ReadAction\",\"target\":[\"https:\\\/\\\/santapola.es\\\/ca\\\/santa-pola-planteja-al-conseller-marciano-gomez-les-seues-necessitats-mes-importants-en-materia-de-sanitat\\\/\"]}]},{\"@type\":\"ImageObject\",\"inLanguage\":\"ca\",\"@id\":\"https:\\\/\\\/santapola.es\\\/ca\\\/santa-pola-planteja-al-conseller-marciano-gomez-les-seues-necessitats-mes-importants-en-materia-de-sanitat\\\/#primaryimage\",\"url\":\"https:\\\/\\\/santapola.es\\\/wp-content\\\/uploads\\\/2024\\\/08\\\/2024-08-07-reunion-sanidad.jpeg\",\"contentUrl\":\"https:\\\/\\\/santapola.es\\\/wp-content\\\/uploads\\\/2024\\\/08\\\/2024-08-07-reunion-sanidad.jpeg\",\"width\":4000,\"height\":3000},{\"@type\":\"BreadcrumbList\",\"@id\":\"https:\\\/\\\/santapola.es\\\/ca\\\/santa-pola-planteja-al-conseller-marciano-gomez-les-seues-necessitats-mes-importants-en-materia-de-sanitat\\\/#breadcrumb\",\"itemListElement\":[{\"@type\":\"ListItem\",\"position\":1,\"name\":\"Inici\",\"item\":\"https:\\\/\\\/santapola.es\\\/ca\\\/\"},{\"@type\":\"ListItem\",\"position\":2,\"name\":\"Santa Pola planteja al conseller Marciano G\u00f3mez les seues necessitats m\u00e9s importants en mat\u00e8ria de sanitat\"}]},{\"@type\":\"WebSite\",\"@id\":\"https:\\\/\\\/santapola.es\\\/ca\\\/#website\",\"url\":\"https:\\\/\\\/santapola.es\\\/ca\\\/\",\"name\":\"Ayuntamiento de Santa Pola\",\"description\":\"Web de l'Ajuntament de Santa Pola\",\"potentialAction\":[{\"@type\":\"SearchAction\",\"target\":{\"@type\":\"EntryPoint\",\"urlTemplate\":\"https:\\\/\\\/santapola.es\\\/ca\\\/?s={search_term_string}\"},\"query-input\":{\"@type\":\"PropertyValueSpecification\",\"valueRequired\":true,\"valueName\":\"search_term_string\"}}],\"inLanguage\":\"ca\"},{\"@type\":\"Person\",\"@id\":\"https:\\\/\\\/santapola.es\\\/ca\\\/#\\\/schema\\\/person\\\/ad1d67403707b58350c7be5e8dbc442d\",\"name\":\"Jos\u00e9 Juan L\u00f3pez Lafuente\"}]}<\/script>\n<!-- \/ Yoast SEO plugin. -->","yoast_head_json":{"title":"Santa Pola planteja al conseller Marciano G\u00f3mez les seues necessitats m\u00e9s importants en mat\u00e8ria de sanitat - Ajuntament de Santa Pola","robots":{"index":"index","follow":"follow","max-snippet":"max-snippet:-1","max-image-preview":"max-image-preview:large","max-video-preview":"max-video-preview:-1"},"canonical":"https:\/\/santapola.es\/ca\/santa-pola-planteja-al-conseller-marciano-gomez-les-seues-necessitats-mes-importants-en-materia-de-sanitat\/","og_locale":"ca_ES","og_type":"article","og_title":"Santa Pola planteja al conseller Marciano G\u00f3mez les seues necessitats m\u00e9s importants en mat\u00e8ria de sanitat - Ajuntament de Santa Pola","og_description":"En la reuni\u00f3 d&#8217;este mat\u00ed a Alacant amb l&#8217;alcaldessa i el regidor de l&#8217;\u00e0rea, el conseller s&#8217;ha comprom\u00e9s a estudiar les propostes de l&#8217;Ajuntament i a visitar Santa Pola per a con\u00e9ixer de primera m\u00e0 la situaci\u00f3 sanit\u00e0ria del municipi. L&#8217;alcaldessa Loreto Serrano i el regidor de Sanitat, Borja Merino, s&#8217;han reunit este mat\u00ed a [&hellip;]","og_url":"https:\/\/santapola.es\/ca\/santa-pola-planteja-al-conseller-marciano-gomez-les-seues-necessitats-mes-importants-en-materia-de-sanitat\/","og_site_name":"Ajuntament de Santa Pola","article_publisher":"https:\/\/www.facebook.com\/AyuntamientoSantaPola\/","article_published_time":"2024-08-07T14:57:52+00:00","article_modified_time":"2024-08-07T14:59:55+00:00","og_image":[{"width":4000,"height":3000,"url":"https:\/\/santapola.es\/wp-content\/uploads\/2024\/08\/2024-08-07-reunion-sanidad.jpeg","type":"image\/jpeg"}],"author":"Jos\u00e9 Juan L\u00f3pez Lafuente","twitter_card":"summary_large_image","twitter_creator":"@SantaPolaAyunt","twitter_site":"@SantaPolaAyunt","schema":{"@context":"https:\/\/schema.org","@graph":[{"@type":"Article","@id":"https:\/\/santapola.es\/ca\/santa-pola-planteja-al-conseller-marciano-gomez-les-seues-necessitats-mes-importants-en-materia-de-sanitat\/#article","isPartOf":{"@id":"https:\/\/santapola.es\/ca\/santa-pola-planteja-al-conseller-marciano-gomez-les-seues-necessitats-mes-importants-en-materia-de-sanitat\/"},"author":{"name":"Jos\u00e9 Juan L\u00f3pez Lafuente","@id":"https:\/\/santapola.es\/ca\/#\/schema\/person\/ad1d67403707b58350c7be5e8dbc442d"},"headline":"Santa Pola planteja al conseller Marciano G\u00f3mez les seues necessitats m\u00e9s importants en mat\u00e8ria de sanitat","datePublished":"2024-08-07T14:57:52+00:00","dateModified":"2024-08-07T14:59:55+00:00","mainEntityOfPage":{"@id":"https:\/\/santapola.es\/ca\/santa-pola-planteja-al-conseller-marciano-gomez-les-seues-necessitats-mes-importants-en-materia-de-sanitat\/"},"wordCount":239,"image":{"@id":"https:\/\/santapola.es\/ca\/santa-pola-planteja-al-conseller-marciano-gomez-les-seues-necessitats-mes-importants-en-materia-de-sanitat\/#primaryimage"},"thumbnailUrl":"https:\/\/santapola.es\/wp-content\/uploads\/2024\/08\/2024-08-07-reunion-sanidad.jpeg","keywords":["Borja Merino","Conseller\u00eda de Sanitat","Loreto Serrano","Marciano G\u00f3mez"],"articleSection":["Sanitat"],"inLanguage":"ca"},{"@type":"WebPage","@id":"https:\/\/santapola.es\/ca\/santa-pola-planteja-al-conseller-marciano-gomez-les-seues-necessitats-mes-importants-en-materia-de-sanitat\/","url":"https:\/\/santapola.es\/ca\/santa-pola-planteja-al-conseller-marciano-gomez-les-seues-necessitats-mes-importants-en-materia-de-sanitat\/","name":"Santa Pola planteja al conseller Marciano G\u00f3mez les seues necessitats m\u00e9s importants en mat\u00e8ria de sanitat - Ajuntament de Santa Pola","isPartOf":{"@id":"https:\/\/santapola.es\/ca\/#website"},"primaryImageOfPage":{"@id":"https:\/\/santapola.es\/ca\/santa-pola-planteja-al-conseller-marciano-gomez-les-seues-necessitats-mes-importants-en-materia-de-sanitat\/#primaryimage"},"image":{"@id":"https:\/\/santapola.es\/ca\/santa-pola-planteja-al-conseller-marciano-gomez-les-seues-necessitats-mes-importants-en-materia-de-sanitat\/#primaryimage"},"thumbnailUrl":"https:\/\/santapola.es\/wp-content\/uploads\/2024\/08\/2024-08-07-reunion-sanidad.jpeg","datePublished":"2024-08-07T14:57:52+00:00","dateModified":"2024-08-07T14:59:55+00:00","author":{"@id":"https:\/\/santapola.es\/ca\/#\/schema\/person\/ad1d67403707b58350c7be5e8dbc442d"},"breadcrumb":{"@id":"https:\/\/santapola.es\/ca\/santa-pola-planteja-al-conseller-marciano-gomez-les-seues-necessitats-mes-importants-en-materia-de-sanitat\/#breadcrumb"},"inLanguage":"ca","potentialAction":[{"@type":"ReadAction","target":["https:\/\/santapola.es\/ca\/santa-pola-planteja-al-conseller-marciano-gomez-les-seues-necessitats-mes-importants-en-materia-de-sanitat\/"]}]},{"@type":"ImageObject","inLanguage":"ca","@id":"https:\/\/santapola.es\/ca\/santa-pola-planteja-al-conseller-marciano-gomez-les-seues-necessitats-mes-importants-en-materia-de-sanitat\/#primaryimage","url":"https:\/\/santapola.es\/wp-content\/uploads\/2024\/08\/2024-08-07-reunion-sanidad.jpeg","contentUrl":"https:\/\/santapola.es\/wp-content\/uploads\/2024\/08\/2024-08-07-reunion-sanidad.jpeg","width":4000,"height":3000},{"@type":"BreadcrumbList","@id":"https:\/\/santapola.es\/ca\/santa-pola-planteja-al-conseller-marciano-gomez-les-seues-necessitats-mes-importants-en-materia-de-sanitat\/#breadcrumb","itemListElement":[{"@type":"ListItem","position":1,"name":"Inici","item":"https:\/\/santapola.es\/ca\/"},{"@type":"ListItem","position":2,"name":"Santa Pola planteja al conseller Marciano G\u00f3mez les seues necessitats m\u00e9s importants en mat\u00e8ria de sanitat"}]},{"@type":"WebSite","@id":"https:\/\/santapola.es\/ca\/#website","url":"https:\/\/santapola.es\/ca\/","name":"Ayuntamiento de Santa Pola","description":"Web de l'Ajuntament de Santa Pola","potentialAction":[{"@type":"SearchAction","target":{"@type":"EntryPoint","urlTemplate":"https:\/\/santapola.es\/ca\/?s={search_term_string}"},"query-input":{"@type":"PropertyValueSpecification","valueRequired":true,"valueName":"search_term_string"}}],"inLanguage":"ca"},{"@type":"Person","@id":"https:\/\/santapola.es\/ca\/#\/schema\/person\/ad1d67403707b58350c7be5e8dbc442d","name":"Jos\u00e9 Juan L\u00f3pez Lafuente"}]}},"_links":{"self":[{"href":"https:\/\/santapola.es\/ca\/wp-json\/wp\/v2\/posts\/38611","targetHints":{"allow":["GET"]}}],"collection":[{"href":"https:\/\/santapola.es\/ca\/wp-json\/wp\/v2\/posts"}],"about":[{"href":"https:\/\/santapola.es\/ca\/wp-json\/wp\/v2\/types\/post"}],"author":[{"embeddable":true,"href":"https:\/\/santapola.es\/ca\/wp-json\/wp\/v2\/users\/96"}],"replies":[{"embeddable":true,"href":"https:\/\/santapola.es\/ca\/wp-json\/wp\/v2\/comments?post=38611"}],"version-history":[{"count":0,"href":"https:\/\/santapola.es\/ca\/wp-json\/wp\/v2\/posts\/38611\/revisions"}],"wp:featuredmedia":[{"embeddable":true,"href":"https:\/\/santapola.es\/ca\/wp-json\/wp\/v2\/media\/38609"}],"wp:attachment":[{"href":"https:\/\/santapola.es\/ca\/wp-json\/wp\/v2\/media?parent=38611"}],"wp:term":[{"taxonomy":"category","embeddable":true,"href":"https:\/\/santapola.es\/ca\/wp-json\/wp\/v2\/categories?post=38611"},{"taxonomy":"post_tag","embeddable":true,"href":"https:\/\/santapola.es\/ca\/wp-json\/wp\/v2\/tags?post=38611"}],"curies":[{"name":"wp","href":"https:\/\/api.w.org\/{rel}","templated":true}]}}