{"id":38598,"date":"2024-08-05T14:47:20","date_gmt":"2024-08-05T12:47:20","guid":{"rendered":"https:\/\/santapola.es\/?p=38598"},"modified":"2024-08-05T14:47:20","modified_gmt":"2024-08-05T12:47:20","slug":"les-platges-accessibles-de-santa-pola-registren-mes-de-5-300-usuaris-durant-el-mes-de-juliol","status":"publish","type":"post","link":"https:\/\/santapola.es\/ca\/les-platges-accessibles-de-santa-pola-registren-mes-de-5-300-usuaris-durant-el-mes-de-juliol\/","title":{"rendered":"Les platges accessibles de Santa Pola registren m\u00e9s de 5.300 usuaris durant el mes de juliol"},"content":{"rendered":"<p><strong>Les platges adaptades de Llevant i Gran Platja continuen registrant, un estiu m\u00e9s, una gran aflu\u00e8ncia per part d&#8217;usuaris amb mobilitat redu\u00efda o amb capacitats diferents, tant f\u00edsiques com ps\u00edquic-sensorials, que valoren d&#8217;una forma molt positiva estos servicis.\u00a0<\/strong><\/p>\n<p>\u00c9s un dels servicis m\u00e9s valorats pels banyistes que cada estiu gaudixen del nostre litoral. Santa Pola disposa de dos platges adaptades, Llevant i Gran Platja, amb punts accessibles perqu\u00e8 les persones amb mobilitat redu\u00efda o amb capacitats diferents puguen accedir a la riba amb facilitat i banyar-se amb total seguretat.<\/p>\n<p>A m\u00e9s, Gran Platja oferix tamb\u00e9 una \u00e0rea especial per a persones amb capacitats ps\u00edquic-sensorials diferents, on poden gaudir d&#8217;activitats l\u00fadiques i pedag\u00f2giques en un espai d&#8217;oci i ser atesos per personal altament qualificat.<\/p>\n<p>Durant el mes de juliol de 2024, en la zona de bany assistit de la platja de Llevant s&#8217;han registrat un total de 2.765 usuaris i 912 banys. En Gran Platja han sigut 2.574 usuaris i 1.142 banys, a m\u00e9s de registrar la pres\u00e8ncia de 75 usuaris en l&#8217;\u00e0rea especial.<\/p>\n<p>Aix\u00f2 suposa unes xifres globals de 5.339 usuaris i 2.054 banys assistits en els dos punts accessibles de les platges de Santa Pola.<\/p>\n<p><strong>Servicis disponibles<\/strong><\/p>\n<p>La platja de Llevant est\u00e0 guardonada des de 2003 amb la distinci\u00f3 de &#8220;Ruptura de Barreres Arquitect\u00f2niques i Atenci\u00f3 a Persones amb Discapacitats&#8221;. Totes dues platges s\u00f3n considerades per PREDIF i CASER entre les huit platges millor adaptades i accessibles del Llevant espanyol.<\/p>\n<p>Alguns dels servicis disponibles en estes dos platges adaptades s\u00f3n aparcaments reservats, desfibril\u00b7lador, vehicle d&#8217;intervenci\u00f3 r\u00e0pida, rampes, passarel\u00b7les adaptades d&#8217;ample especial fins a la riba, zona d&#8217;ombra, lavabo, dutxa i vestuari adaptat, cadires i crosses amf\u00edbies, grua de transfer\u00e8ncia, material d&#8217;higiene, zona abalisada, personal de suport qualificat i socorrisme, llengua de signes espanyola, cartelleria en Braile i illa de bany adaptat.<\/p>\n<p><strong>1.926 incid\u00e8ncies assistides<\/strong><\/p>\n<p>Durant el mes de juliol de 2024 el servici de socorrisme de les platges de Santa Pola ha registrat un total de 1.926 incid\u00e8ncies, la majoria d&#8217;elles (1.675) per picades de medusa, ferides diverses (131), picada de peix arrapa (64), colps de calor (15), contusions (14), cos estrany ocular (9), rescat (7), eri\u00e7\u00f3 (6), picada d&#8217;insectes (4) i xiquets perduts (1).<\/p>\n","protected":false},"excerpt":{"rendered":"<p>Les platges adaptades de Llevant i Gran Platja continuen registrant, un estiu m\u00e9s, una gran aflu\u00e8ncia per part d&#8217;usuaris amb mobilitat redu\u00efda o amb capacitats diferents, tant f\u00edsiques com ps\u00edquic-sensorials, que valoren d&#8217;una forma molt positiva estos servicis.\u00a0 \u00c9s un dels servicis m\u00e9s valorats pels banyistes que cada estiu gaudixen del nostre litoral. Santa Pola [&hellip;]<\/p>\n","protected":false},"author":96,"featured_media":38600,"comment_status":"closed","ping_status":"closed","sticky":false,"template":"","format":"standard","meta":{"_et_pb_use_builder":"","_et_pb_old_content":"","_et_gb_content_width":"","footnotes":""},"categories":[574],"tags":[1018,1019,1017],"class_list":["post-38598","post","type-post","status-publish","format-standard","has-post-thumbnail","hentry","category-platjes","tag-gran-platja","tag-platja-de-llevant","tag-platjes-accesibles"],"yoast_head":"<!-- This site is optimized with the Yoast SEO plugin v27.4 - https:\/\/yoast.com\/product\/yoast-seo-wordpress\/ -->\n<title>Les platges accessibles de Santa Pola registren m\u00e9s de 5.300 usuaris durant el mes de juliol - Ajuntament de Santa Pola<\/title>\n<meta name=\"robots\" content=\"index, follow, max-snippet:-1, max-image-preview:large, max-video-preview:-1\" \/>\n<link rel=\"canonical\" href=\"https:\/\/santapola.es\/ca\/les-platges-accessibles-de-santa-pola-registren-mes-de-5-300-usuaris-durant-el-mes-de-juliol\/\" \/>\n<meta property=\"og:locale\" content=\"ca_ES\" \/>\n<meta property=\"og:type\" content=\"article\" \/>\n<meta property=\"og:title\" content=\"Les platges accessibles de Santa Pola registren m\u00e9s de 5.300 usuaris durant el mes de juliol - Ajuntament de Santa Pola\" \/>\n<meta property=\"og:description\" content=\"Les platges adaptades de Llevant i Gran Platja continuen registrant, un estiu m\u00e9s, una gran aflu\u00e8ncia per part d&#8217;usuaris amb mobilitat redu\u00efda o amb capacitats diferents, tant f\u00edsiques com ps\u00edquic-sensorials, que valoren d&#8217;una forma molt positiva estos servicis.\u00a0 \u00c9s un dels servicis m\u00e9s valorats pels banyistes que cada estiu gaudixen del nostre litoral. Santa Pola [&hellip;]\" \/>\n<meta property=\"og:url\" content=\"https:\/\/santapola.es\/ca\/les-platges-accessibles-de-santa-pola-registren-mes-de-5-300-usuaris-durant-el-mes-de-juliol\/\" \/>\n<meta property=\"og:site_name\" content=\"Ajuntament de Santa Pola\" \/>\n<meta property=\"article:publisher\" content=\"https:\/\/www.facebook.com\/AyuntamientoSantaPola\/\" \/>\n<meta property=\"article:published_time\" content=\"2024-08-05T12:47:20+00:00\" \/>\n<meta property=\"og:image\" content=\"https:\/\/santapola.es\/wp-content\/uploads\/2024\/08\/2024-08-05-playa-accesible-2.jpeg\" \/>\n\t<meta property=\"og:image:width\" content=\"1600\" \/>\n\t<meta property=\"og:image:height\" content=\"1200\" \/>\n\t<meta property=\"og:image:type\" content=\"image\/jpeg\" \/>\n<meta name=\"author\" content=\"Jos\u00e9 Juan L\u00f3pez Lafuente\" \/>\n<meta name=\"twitter:card\" content=\"summary_large_image\" \/>\n<meta name=\"twitter:creator\" content=\"@SantaPolaAyunt\" \/>\n<meta name=\"twitter:site\" content=\"@SantaPolaAyunt\" \/>\n<script type=\"application\/ld+json\" class=\"yoast-schema-graph\">{\"@context\":\"https:\\\/\\\/schema.org\",\"@graph\":[{\"@type\":\"Article\",\"@id\":\"https:\\\/\\\/santapola.es\\\/ca\\\/les-platges-accessibles-de-santa-pola-registren-mes-de-5-300-usuaris-durant-el-mes-de-juliol\\\/#article\",\"isPartOf\":{\"@id\":\"https:\\\/\\\/santapola.es\\\/ca\\\/les-platges-accessibles-de-santa-pola-registren-mes-de-5-300-usuaris-durant-el-mes-de-juliol\\\/\"},\"author\":{\"name\":\"Jos\u00e9 Juan L\u00f3pez Lafuente\",\"@id\":\"https:\\\/\\\/santapola.es\\\/ca\\\/#\\\/schema\\\/person\\\/ad1d67403707b58350c7be5e8dbc442d\"},\"headline\":\"Les platges accessibles de Santa Pola registren m\u00e9s de 5.300 usuaris durant el mes de juliol\",\"datePublished\":\"2024-08-05T12:47:20+00:00\",\"mainEntityOfPage\":{\"@id\":\"https:\\\/\\\/santapola.es\\\/ca\\\/les-platges-accessibles-de-santa-pola-registren-mes-de-5-300-usuaris-durant-el-mes-de-juliol\\\/\"},\"wordCount\":395,\"image\":{\"@id\":\"https:\\\/\\\/santapola.es\\\/ca\\\/les-platges-accessibles-de-santa-pola-registren-mes-de-5-300-usuaris-durant-el-mes-de-juliol\\\/#primaryimage\"},\"thumbnailUrl\":\"https:\\\/\\\/santapola.es\\\/wp-content\\\/uploads\\\/2024\\\/08\\\/2024-08-05-playa-accesible-2.jpeg\",\"keywords\":[\"Gran Platja\",\"Platja de Llevant\",\"platjes accesibles\"],\"articleSection\":[\"Platjes\"],\"inLanguage\":\"ca\"},{\"@type\":\"WebPage\",\"@id\":\"https:\\\/\\\/santapola.es\\\/ca\\\/les-platges-accessibles-de-santa-pola-registren-mes-de-5-300-usuaris-durant-el-mes-de-juliol\\\/\",\"url\":\"https:\\\/\\\/santapola.es\\\/ca\\\/les-platges-accessibles-de-santa-pola-registren-mes-de-5-300-usuaris-durant-el-mes-de-juliol\\\/\",\"name\":\"Les platges accessibles de Santa Pola registren m\u00e9s de 5.300 usuaris durant el mes de juliol - Ajuntament de Santa Pola\",\"isPartOf\":{\"@id\":\"https:\\\/\\\/santapola.es\\\/ca\\\/#website\"},\"primaryImageOfPage\":{\"@id\":\"https:\\\/\\\/santapola.es\\\/ca\\\/les-platges-accessibles-de-santa-pola-registren-mes-de-5-300-usuaris-durant-el-mes-de-juliol\\\/#primaryimage\"},\"image\":{\"@id\":\"https:\\\/\\\/santapola.es\\\/ca\\\/les-platges-accessibles-de-santa-pola-registren-mes-de-5-300-usuaris-durant-el-mes-de-juliol\\\/#primaryimage\"},\"thumbnailUrl\":\"https:\\\/\\\/santapola.es\\\/wp-content\\\/uploads\\\/2024\\\/08\\\/2024-08-05-playa-accesible-2.jpeg\",\"datePublished\":\"2024-08-05T12:47:20+00:00\",\"author\":{\"@id\":\"https:\\\/\\\/santapola.es\\\/ca\\\/#\\\/schema\\\/person\\\/ad1d67403707b58350c7be5e8dbc442d\"},\"breadcrumb\":{\"@id\":\"https:\\\/\\\/santapola.es\\\/ca\\\/les-platges-accessibles-de-santa-pola-registren-mes-de-5-300-usuaris-durant-el-mes-de-juliol\\\/#breadcrumb\"},\"inLanguage\":\"ca\",\"potentialAction\":[{\"@type\":\"ReadAction\",\"target\":[\"https:\\\/\\\/santapola.es\\\/ca\\\/les-platges-accessibles-de-santa-pola-registren-mes-de-5-300-usuaris-durant-el-mes-de-juliol\\\/\"]}]},{\"@type\":\"ImageObject\",\"inLanguage\":\"ca\",\"@id\":\"https:\\\/\\\/santapola.es\\\/ca\\\/les-platges-accessibles-de-santa-pola-registren-mes-de-5-300-usuaris-durant-el-mes-de-juliol\\\/#primaryimage\",\"url\":\"https:\\\/\\\/santapola.es\\\/wp-content\\\/uploads\\\/2024\\\/08\\\/2024-08-05-playa-accesible-2.jpeg\",\"contentUrl\":\"https:\\\/\\\/santapola.es\\\/wp-content\\\/uploads\\\/2024\\\/08\\\/2024-08-05-playa-accesible-2.jpeg\",\"width\":1600,\"height\":1200},{\"@type\":\"BreadcrumbList\",\"@id\":\"https:\\\/\\\/santapola.es\\\/ca\\\/les-platges-accessibles-de-santa-pola-registren-mes-de-5-300-usuaris-durant-el-mes-de-juliol\\\/#breadcrumb\",\"itemListElement\":[{\"@type\":\"ListItem\",\"position\":1,\"name\":\"Inici\",\"item\":\"https:\\\/\\\/santapola.es\\\/ca\\\/\"},{\"@type\":\"ListItem\",\"position\":2,\"name\":\"Les platges accessibles de Santa Pola registren m\u00e9s de 5.300 usuaris durant el mes de juliol\"}]},{\"@type\":\"WebSite\",\"@id\":\"https:\\\/\\\/santapola.es\\\/ca\\\/#website\",\"url\":\"https:\\\/\\\/santapola.es\\\/ca\\\/\",\"name\":\"Ayuntamiento de Santa Pola\",\"description\":\"Web de l'Ajuntament de Santa Pola\",\"potentialAction\":[{\"@type\":\"SearchAction\",\"target\":{\"@type\":\"EntryPoint\",\"urlTemplate\":\"https:\\\/\\\/santapola.es\\\/ca\\\/?s={search_term_string}\"},\"query-input\":{\"@type\":\"PropertyValueSpecification\",\"valueRequired\":true,\"valueName\":\"search_term_string\"}}],\"inLanguage\":\"ca\"},{\"@type\":\"Person\",\"@id\":\"https:\\\/\\\/santapola.es\\\/ca\\\/#\\\/schema\\\/person\\\/ad1d67403707b58350c7be5e8dbc442d\",\"name\":\"Jos\u00e9 Juan L\u00f3pez Lafuente\"}]}<\/script>\n<!-- \/ Yoast SEO plugin. -->","yoast_head_json":{"title":"Les platges accessibles de Santa Pola registren m\u00e9s de 5.300 usuaris durant el mes de juliol - Ajuntament de Santa Pola","robots":{"index":"index","follow":"follow","max-snippet":"max-snippet:-1","max-image-preview":"max-image-preview:large","max-video-preview":"max-video-preview:-1"},"canonical":"https:\/\/santapola.es\/ca\/les-platges-accessibles-de-santa-pola-registren-mes-de-5-300-usuaris-durant-el-mes-de-juliol\/","og_locale":"ca_ES","og_type":"article","og_title":"Les platges accessibles de Santa Pola registren m\u00e9s de 5.300 usuaris durant el mes de juliol - Ajuntament de Santa Pola","og_description":"Les platges adaptades de Llevant i Gran Platja continuen registrant, un estiu m\u00e9s, una gran aflu\u00e8ncia per part d&#8217;usuaris amb mobilitat redu\u00efda o amb capacitats diferents, tant f\u00edsiques com ps\u00edquic-sensorials, que valoren d&#8217;una forma molt positiva estos servicis.\u00a0 \u00c9s un dels servicis m\u00e9s valorats pels banyistes que cada estiu gaudixen del nostre litoral. Santa Pola [&hellip;]","og_url":"https:\/\/santapola.es\/ca\/les-platges-accessibles-de-santa-pola-registren-mes-de-5-300-usuaris-durant-el-mes-de-juliol\/","og_site_name":"Ajuntament de Santa Pola","article_publisher":"https:\/\/www.facebook.com\/AyuntamientoSantaPola\/","article_published_time":"2024-08-05T12:47:20+00:00","og_image":[{"width":1600,"height":1200,"url":"https:\/\/santapola.es\/wp-content\/uploads\/2024\/08\/2024-08-05-playa-accesible-2.jpeg","type":"image\/jpeg"}],"author":"Jos\u00e9 Juan L\u00f3pez Lafuente","twitter_card":"summary_large_image","twitter_creator":"@SantaPolaAyunt","twitter_site":"@SantaPolaAyunt","schema":{"@context":"https:\/\/schema.org","@graph":[{"@type":"Article","@id":"https:\/\/santapola.es\/ca\/les-platges-accessibles-de-santa-pola-registren-mes-de-5-300-usuaris-durant-el-mes-de-juliol\/#article","isPartOf":{"@id":"https:\/\/santapola.es\/ca\/les-platges-accessibles-de-santa-pola-registren-mes-de-5-300-usuaris-durant-el-mes-de-juliol\/"},"author":{"name":"Jos\u00e9 Juan L\u00f3pez Lafuente","@id":"https:\/\/santapola.es\/ca\/#\/schema\/person\/ad1d67403707b58350c7be5e8dbc442d"},"headline":"Les platges accessibles de Santa Pola registren m\u00e9s de 5.300 usuaris durant el mes de juliol","datePublished":"2024-08-05T12:47:20+00:00","mainEntityOfPage":{"@id":"https:\/\/santapola.es\/ca\/les-platges-accessibles-de-santa-pola-registren-mes-de-5-300-usuaris-durant-el-mes-de-juliol\/"},"wordCount":395,"image":{"@id":"https:\/\/santapola.es\/ca\/les-platges-accessibles-de-santa-pola-registren-mes-de-5-300-usuaris-durant-el-mes-de-juliol\/#primaryimage"},"thumbnailUrl":"https:\/\/santapola.es\/wp-content\/uploads\/2024\/08\/2024-08-05-playa-accesible-2.jpeg","keywords":["Gran Platja","Platja de Llevant","platjes accesibles"],"articleSection":["Platjes"],"inLanguage":"ca"},{"@type":"WebPage","@id":"https:\/\/santapola.es\/ca\/les-platges-accessibles-de-santa-pola-registren-mes-de-5-300-usuaris-durant-el-mes-de-juliol\/","url":"https:\/\/santapola.es\/ca\/les-platges-accessibles-de-santa-pola-registren-mes-de-5-300-usuaris-durant-el-mes-de-juliol\/","name":"Les platges accessibles de Santa Pola registren m\u00e9s de 5.300 usuaris durant el mes de juliol - Ajuntament de Santa Pola","isPartOf":{"@id":"https:\/\/santapola.es\/ca\/#website"},"primaryImageOfPage":{"@id":"https:\/\/santapola.es\/ca\/les-platges-accessibles-de-santa-pola-registren-mes-de-5-300-usuaris-durant-el-mes-de-juliol\/#primaryimage"},"image":{"@id":"https:\/\/santapola.es\/ca\/les-platges-accessibles-de-santa-pola-registren-mes-de-5-300-usuaris-durant-el-mes-de-juliol\/#primaryimage"},"thumbnailUrl":"https:\/\/santapola.es\/wp-content\/uploads\/2024\/08\/2024-08-05-playa-accesible-2.jpeg","datePublished":"2024-08-05T12:47:20+00:00","author":{"@id":"https:\/\/santapola.es\/ca\/#\/schema\/person\/ad1d67403707b58350c7be5e8dbc442d"},"breadcrumb":{"@id":"https:\/\/santapola.es\/ca\/les-platges-accessibles-de-santa-pola-registren-mes-de-5-300-usuaris-durant-el-mes-de-juliol\/#breadcrumb"},"inLanguage":"ca","potentialAction":[{"@type":"ReadAction","target":["https:\/\/santapola.es\/ca\/les-platges-accessibles-de-santa-pola-registren-mes-de-5-300-usuaris-durant-el-mes-de-juliol\/"]}]},{"@type":"ImageObject","inLanguage":"ca","@id":"https:\/\/santapola.es\/ca\/les-platges-accessibles-de-santa-pola-registren-mes-de-5-300-usuaris-durant-el-mes-de-juliol\/#primaryimage","url":"https:\/\/santapola.es\/wp-content\/uploads\/2024\/08\/2024-08-05-playa-accesible-2.jpeg","contentUrl":"https:\/\/santapola.es\/wp-content\/uploads\/2024\/08\/2024-08-05-playa-accesible-2.jpeg","width":1600,"height":1200},{"@type":"BreadcrumbList","@id":"https:\/\/santapola.es\/ca\/les-platges-accessibles-de-santa-pola-registren-mes-de-5-300-usuaris-durant-el-mes-de-juliol\/#breadcrumb","itemListElement":[{"@type":"ListItem","position":1,"name":"Inici","item":"https:\/\/santapola.es\/ca\/"},{"@type":"ListItem","position":2,"name":"Les platges accessibles de Santa Pola registren m\u00e9s de 5.300 usuaris durant el mes de juliol"}]},{"@type":"WebSite","@id":"https:\/\/santapola.es\/ca\/#website","url":"https:\/\/santapola.es\/ca\/","name":"Ayuntamiento de Santa Pola","description":"Web de l'Ajuntament de Santa Pola","potentialAction":[{"@type":"SearchAction","target":{"@type":"EntryPoint","urlTemplate":"https:\/\/santapola.es\/ca\/?s={search_term_string}"},"query-input":{"@type":"PropertyValueSpecification","valueRequired":true,"valueName":"search_term_string"}}],"inLanguage":"ca"},{"@type":"Person","@id":"https:\/\/santapola.es\/ca\/#\/schema\/person\/ad1d67403707b58350c7be5e8dbc442d","name":"Jos\u00e9 Juan L\u00f3pez Lafuente"}]}},"_links":{"self":[{"href":"https:\/\/santapola.es\/ca\/wp-json\/wp\/v2\/posts\/38598","targetHints":{"allow":["GET"]}}],"collection":[{"href":"https:\/\/santapola.es\/ca\/wp-json\/wp\/v2\/posts"}],"about":[{"href":"https:\/\/santapola.es\/ca\/wp-json\/wp\/v2\/types\/post"}],"author":[{"embeddable":true,"href":"https:\/\/santapola.es\/ca\/wp-json\/wp\/v2\/users\/96"}],"replies":[{"embeddable":true,"href":"https:\/\/santapola.es\/ca\/wp-json\/wp\/v2\/comments?post=38598"}],"version-history":[{"count":0,"href":"https:\/\/santapola.es\/ca\/wp-json\/wp\/v2\/posts\/38598\/revisions"}],"wp:featuredmedia":[{"embeddable":true,"href":"https:\/\/santapola.es\/ca\/wp-json\/wp\/v2\/media\/38600"}],"wp:attachment":[{"href":"https:\/\/santapola.es\/ca\/wp-json\/wp\/v2\/media?parent=38598"}],"wp:term":[{"taxonomy":"category","embeddable":true,"href":"https:\/\/santapola.es\/ca\/wp-json\/wp\/v2\/categories?post=38598"},{"taxonomy":"post_tag","embeddable":true,"href":"https:\/\/santapola.es\/ca\/wp-json\/wp\/v2\/tags?post=38598"}],"curies":[{"name":"wp","href":"https:\/\/api.w.org\/{rel}","templated":true}]}}