{"id":38451,"date":"2024-07-30T13:49:24","date_gmt":"2024-07-30T11:49:24","guid":{"rendered":"https:\/\/santapola.es\/?p=38451"},"modified":"2024-07-30T13:54:12","modified_gmt":"2024-07-30T11:54:12","slug":"santa-pola-de-lest-prepara-el-seu-xvii-sopar-de-la-lluna-plena-el-21-dagost","status":"publish","type":"post","link":"https:\/\/santapola.es\/ca\/santa-pola-de-lest-prepara-el-seu-xvii-sopar-de-la-lluna-plena-el-21-dagost\/","title":{"rendered":"Santa Pola de l&#8217;Est prepara el seu XVII Sopar de la Lluna Plena el 21 d&#8217;agost"},"content":{"rendered":"<p><strong>S&#8217;espera que m\u00e9s de mil persones reben eixa nit a la lluna plena en el tradicional esdeveniment que fusiona conviv\u00e8ncia, solidaritat i diversi\u00f3. La taula i 6 cadires costaran 25 euros i els beneficis aniran destinats a l&#8217;Associaci\u00f3 de Fibromi\u00e0lgia local.\u00a0<\/strong><\/p>\n<p>Hui s&#8217;ha presentat oficialment la dessetena edici\u00f3 del Sopar de la Lluna Plena que organitza l&#8217;Associaci\u00f3 de Ve\u00efns Cales de Santa Pola de l&#8217;Est amb la col\u00b7laboraci\u00f3 de l&#8217;Ajuntament.<\/p>\n<p>La regidor de Festes, Nely Baile, ha destacat la rellev\u00e0ncia d&#8217;este tradicional esdeveniment: \u201cl&#8217;estiu \u00e9s s\u00edmbol de festa en els nostres barris i dimecres que ve 21 d&#8217;agost viurem el moment especial de Santa Pola de l&#8217;Est, el seu sopar de la lluna plena, a la qual acudiran centenars de persones vestides de blanc com a marca la tradici\u00f3\u201d.<\/p>\n<p>La presidenta de l&#8217;associaci\u00f3, Mar\u00eda Luisa Pomares, va explicar que \u201cla gent anir\u00e0 acudint a partir de les 21.00 hores i tindrem diverses activitats. Com la m\u00fasica incita a passar-ho b\u00e9, la Colla El Freu far\u00e0 un recorregut per tot el passeig ocupat per les taules a mode d&#8217;inici de la festa\u201d.<\/p>\n<p>A partir de les 22.00 es desenrotllaran la resta d&#8217;esdeveniments en el p\u00e0rquing sota l&#8217;antiga piscina, \u201con tindrem els telescopis de l&#8217;Associaci\u00f3 Astron\u00f2mica de Santa Pola, les activitats infantils de Fem Art, que portaran tamb\u00e9 en els xiquets sahrau\u00eds que passen l&#8217;estiu ac\u00ed, les gaites i guitarres dels Amics de Rusadir i els balls de Gym Noray amb el seu animador Cristian Mateo\u201d.<\/p>\n<p>Pomares va afegir que \u201csempre busquem l&#8217;aspecte solidari del sopar beneficiant a una associaci\u00f3 de Santa Pola, i en esta ocasi\u00f3 hem triat a l&#8217;Associaci\u00f3 de Fibromi\u00e0lgia\u201d. Reservar la taula amb 6 cadires costa 25 euros i els tiquets es poden comprar en la cafeteria Rocky\u2019s, en l&#8217;avinguda P\u00e9rez Ojeda enfront del p\u00e0rquing del port.<\/p>\n<p>L&#8217;associaci\u00f3 va voler agrair la labor \u201cde tots els col\u00b7laboradors voluntaris i de l&#8217;Ajuntament de Santa Pola que ens aporta la infraestructura necess\u00e0ria perqu\u00e8 puguem organitzar este esdeveniment\u201d.<\/p>\n","protected":false},"excerpt":{"rendered":"<p>S&#8217;espera que m\u00e9s de mil persones reben eixa nit a la lluna plena en el tradicional esdeveniment que fusiona conviv\u00e8ncia, solidaritat i diversi\u00f3. La taula i 6 cadires costaran 25 euros i els beneficis aniran destinats a l&#8217;Associaci\u00f3 de Fibromi\u00e0lgia local.\u00a0 Hui s&#8217;ha presentat oficialment la dessetena edici\u00f3 del Sopar de la Lluna Plena que [&hellip;]<\/p>\n","protected":false},"author":96,"featured_media":38449,"comment_status":"closed","ping_status":"closed","sticky":false,"template":"","format":"standard","meta":{"_et_pb_use_builder":"","_et_pb_old_content":"","_et_gb_content_width":"","footnotes":""},"categories":[434,1000],"tags":[1002,511,1001],"class_list":["post-38451","post","type-post","status-publish","format-standard","has-post-thumbnail","hentry","category-festes","category-santa-pola-de-lest","tag-associacio-de-veins-cales-de-santa-pola-de-lest","tag-nely-baile-ca","tag-sopar-de-la-lluna-plena"],"yoast_head":"<!-- This site is optimized with the Yoast SEO plugin v27.4 - https:\/\/yoast.com\/product\/yoast-seo-wordpress\/ -->\n<title>Santa Pola de l&#039;Est prepara el seu XVII Sopar de la Lluna Plena el 21 d&#039;agost - Ajuntament de Santa Pola<\/title>\n<meta name=\"robots\" content=\"index, follow, max-snippet:-1, max-image-preview:large, max-video-preview:-1\" \/>\n<link rel=\"canonical\" href=\"https:\/\/santapola.es\/ca\/santa-pola-de-lest-prepara-el-seu-xvii-sopar-de-la-lluna-plena-el-21-dagost\/\" \/>\n<meta property=\"og:locale\" content=\"ca_ES\" \/>\n<meta property=\"og:type\" content=\"article\" \/>\n<meta property=\"og:title\" content=\"Santa Pola de l&#039;Est prepara el seu XVII Sopar de la Lluna Plena el 21 d&#039;agost - Ajuntament de Santa Pola\" \/>\n<meta property=\"og:description\" content=\"S&#8217;espera que m\u00e9s de mil persones reben eixa nit a la lluna plena en el tradicional esdeveniment que fusiona conviv\u00e8ncia, solidaritat i diversi\u00f3. La taula i 6 cadires costaran 25 euros i els beneficis aniran destinats a l&#8217;Associaci\u00f3 de Fibromi\u00e0lgia local.\u00a0 Hui s&#8217;ha presentat oficialment la dessetena edici\u00f3 del Sopar de la Lluna Plena que [&hellip;]\" \/>\n<meta property=\"og:url\" content=\"https:\/\/santapola.es\/ca\/santa-pola-de-lest-prepara-el-seu-xvii-sopar-de-la-lluna-plena-el-21-dagost\/\" \/>\n<meta property=\"og:site_name\" content=\"Ajuntament de Santa Pola\" \/>\n<meta property=\"article:publisher\" content=\"https:\/\/www.facebook.com\/AyuntamientoSantaPola\/\" \/>\n<meta property=\"article:published_time\" content=\"2024-07-30T11:49:24+00:00\" \/>\n<meta property=\"article:modified_time\" content=\"2024-07-30T11:54:12+00:00\" \/>\n<meta property=\"og:image\" content=\"https:\/\/santapola.es\/wp-content\/uploads\/2024\/07\/2024-07-30-cena-de-la-luna-llena.jpeg\" \/>\n\t<meta property=\"og:image:width\" content=\"1600\" \/>\n\t<meta property=\"og:image:height\" content=\"1200\" \/>\n\t<meta property=\"og:image:type\" content=\"image\/jpeg\" \/>\n<meta name=\"author\" content=\"Jos\u00e9 Juan L\u00f3pez Lafuente\" \/>\n<meta name=\"twitter:card\" content=\"summary_large_image\" \/>\n<meta name=\"twitter:creator\" content=\"@SantaPolaAyunt\" \/>\n<meta name=\"twitter:site\" content=\"@SantaPolaAyunt\" \/>\n<script type=\"application\/ld+json\" class=\"yoast-schema-graph\">{\"@context\":\"https:\\\/\\\/schema.org\",\"@graph\":[{\"@type\":\"Article\",\"@id\":\"https:\\\/\\\/santapola.es\\\/ca\\\/santa-pola-de-lest-prepara-el-seu-xvii-sopar-de-la-lluna-plena-el-21-dagost\\\/#article\",\"isPartOf\":{\"@id\":\"https:\\\/\\\/santapola.es\\\/ca\\\/santa-pola-de-lest-prepara-el-seu-xvii-sopar-de-la-lluna-plena-el-21-dagost\\\/\"},\"author\":{\"name\":\"Jos\u00e9 Juan L\u00f3pez Lafuente\",\"@id\":\"https:\\\/\\\/santapola.es\\\/ca\\\/#\\\/schema\\\/person\\\/ad1d67403707b58350c7be5e8dbc442d\"},\"headline\":\"Santa Pola de l&#8217;Est prepara el seu XVII Sopar de la Lluna Plena el 21 d&#8217;agost\",\"datePublished\":\"2024-07-30T11:49:24+00:00\",\"dateModified\":\"2024-07-30T11:54:12+00:00\",\"mainEntityOfPage\":{\"@id\":\"https:\\\/\\\/santapola.es\\\/ca\\\/santa-pola-de-lest-prepara-el-seu-xvii-sopar-de-la-lluna-plena-el-21-dagost\\\/\"},\"wordCount\":376,\"image\":{\"@id\":\"https:\\\/\\\/santapola.es\\\/ca\\\/santa-pola-de-lest-prepara-el-seu-xvii-sopar-de-la-lluna-plena-el-21-dagost\\\/#primaryimage\"},\"thumbnailUrl\":\"https:\\\/\\\/santapola.es\\\/wp-content\\\/uploads\\\/2024\\\/07\\\/2024-07-30-cena-de-la-luna-llena.jpeg\",\"keywords\":[\"Associaci\u00f3 de Ve\u00efns Cales de Santa Pola de l'Est\",\"Nely Baile\",\"Sopar de la Lluna Plena\"],\"articleSection\":[\"Festes\",\"Santa Pola de l'Est\"],\"inLanguage\":\"ca\"},{\"@type\":\"WebPage\",\"@id\":\"https:\\\/\\\/santapola.es\\\/ca\\\/santa-pola-de-lest-prepara-el-seu-xvii-sopar-de-la-lluna-plena-el-21-dagost\\\/\",\"url\":\"https:\\\/\\\/santapola.es\\\/ca\\\/santa-pola-de-lest-prepara-el-seu-xvii-sopar-de-la-lluna-plena-el-21-dagost\\\/\",\"name\":\"Santa Pola de l'Est prepara el seu XVII Sopar de la Lluna Plena el 21 d'agost - Ajuntament de Santa Pola\",\"isPartOf\":{\"@id\":\"https:\\\/\\\/santapola.es\\\/ca\\\/#website\"},\"primaryImageOfPage\":{\"@id\":\"https:\\\/\\\/santapola.es\\\/ca\\\/santa-pola-de-lest-prepara-el-seu-xvii-sopar-de-la-lluna-plena-el-21-dagost\\\/#primaryimage\"},\"image\":{\"@id\":\"https:\\\/\\\/santapola.es\\\/ca\\\/santa-pola-de-lest-prepara-el-seu-xvii-sopar-de-la-lluna-plena-el-21-dagost\\\/#primaryimage\"},\"thumbnailUrl\":\"https:\\\/\\\/santapola.es\\\/wp-content\\\/uploads\\\/2024\\\/07\\\/2024-07-30-cena-de-la-luna-llena.jpeg\",\"datePublished\":\"2024-07-30T11:49:24+00:00\",\"dateModified\":\"2024-07-30T11:54:12+00:00\",\"author\":{\"@id\":\"https:\\\/\\\/santapola.es\\\/ca\\\/#\\\/schema\\\/person\\\/ad1d67403707b58350c7be5e8dbc442d\"},\"breadcrumb\":{\"@id\":\"https:\\\/\\\/santapola.es\\\/ca\\\/santa-pola-de-lest-prepara-el-seu-xvii-sopar-de-la-lluna-plena-el-21-dagost\\\/#breadcrumb\"},\"inLanguage\":\"ca\",\"potentialAction\":[{\"@type\":\"ReadAction\",\"target\":[\"https:\\\/\\\/santapola.es\\\/ca\\\/santa-pola-de-lest-prepara-el-seu-xvii-sopar-de-la-lluna-plena-el-21-dagost\\\/\"]}]},{\"@type\":\"ImageObject\",\"inLanguage\":\"ca\",\"@id\":\"https:\\\/\\\/santapola.es\\\/ca\\\/santa-pola-de-lest-prepara-el-seu-xvii-sopar-de-la-lluna-plena-el-21-dagost\\\/#primaryimage\",\"url\":\"https:\\\/\\\/santapola.es\\\/wp-content\\\/uploads\\\/2024\\\/07\\\/2024-07-30-cena-de-la-luna-llena.jpeg\",\"contentUrl\":\"https:\\\/\\\/santapola.es\\\/wp-content\\\/uploads\\\/2024\\\/07\\\/2024-07-30-cena-de-la-luna-llena.jpeg\",\"width\":1600,\"height\":1200},{\"@type\":\"BreadcrumbList\",\"@id\":\"https:\\\/\\\/santapola.es\\\/ca\\\/santa-pola-de-lest-prepara-el-seu-xvii-sopar-de-la-lluna-plena-el-21-dagost\\\/#breadcrumb\",\"itemListElement\":[{\"@type\":\"ListItem\",\"position\":1,\"name\":\"Inici\",\"item\":\"https:\\\/\\\/santapola.es\\\/ca\\\/\"},{\"@type\":\"ListItem\",\"position\":2,\"name\":\"Santa Pola de l&#8217;Est prepara el seu XVII Sopar de la Lluna Plena el 21 d&#8217;agost\"}]},{\"@type\":\"WebSite\",\"@id\":\"https:\\\/\\\/santapola.es\\\/ca\\\/#website\",\"url\":\"https:\\\/\\\/santapola.es\\\/ca\\\/\",\"name\":\"Ayuntamiento de Santa Pola\",\"description\":\"Web de l'Ajuntament de Santa Pola\",\"potentialAction\":[{\"@type\":\"SearchAction\",\"target\":{\"@type\":\"EntryPoint\",\"urlTemplate\":\"https:\\\/\\\/santapola.es\\\/ca\\\/?s={search_term_string}\"},\"query-input\":{\"@type\":\"PropertyValueSpecification\",\"valueRequired\":true,\"valueName\":\"search_term_string\"}}],\"inLanguage\":\"ca\"},{\"@type\":\"Person\",\"@id\":\"https:\\\/\\\/santapola.es\\\/ca\\\/#\\\/schema\\\/person\\\/ad1d67403707b58350c7be5e8dbc442d\",\"name\":\"Jos\u00e9 Juan L\u00f3pez Lafuente\"}]}<\/script>\n<!-- \/ Yoast SEO plugin. -->","yoast_head_json":{"title":"Santa Pola de l'Est prepara el seu XVII Sopar de la Lluna Plena el 21 d'agost - Ajuntament de Santa Pola","robots":{"index":"index","follow":"follow","max-snippet":"max-snippet:-1","max-image-preview":"max-image-preview:large","max-video-preview":"max-video-preview:-1"},"canonical":"https:\/\/santapola.es\/ca\/santa-pola-de-lest-prepara-el-seu-xvii-sopar-de-la-lluna-plena-el-21-dagost\/","og_locale":"ca_ES","og_type":"article","og_title":"Santa Pola de l'Est prepara el seu XVII Sopar de la Lluna Plena el 21 d'agost - Ajuntament de Santa Pola","og_description":"S&#8217;espera que m\u00e9s de mil persones reben eixa nit a la lluna plena en el tradicional esdeveniment que fusiona conviv\u00e8ncia, solidaritat i diversi\u00f3. La taula i 6 cadires costaran 25 euros i els beneficis aniran destinats a l&#8217;Associaci\u00f3 de Fibromi\u00e0lgia local.\u00a0 Hui s&#8217;ha presentat oficialment la dessetena edici\u00f3 del Sopar de la Lluna Plena que [&hellip;]","og_url":"https:\/\/santapola.es\/ca\/santa-pola-de-lest-prepara-el-seu-xvii-sopar-de-la-lluna-plena-el-21-dagost\/","og_site_name":"Ajuntament de Santa Pola","article_publisher":"https:\/\/www.facebook.com\/AyuntamientoSantaPola\/","article_published_time":"2024-07-30T11:49:24+00:00","article_modified_time":"2024-07-30T11:54:12+00:00","og_image":[{"width":1600,"height":1200,"url":"https:\/\/santapola.es\/wp-content\/uploads\/2024\/07\/2024-07-30-cena-de-la-luna-llena.jpeg","type":"image\/jpeg"}],"author":"Jos\u00e9 Juan L\u00f3pez Lafuente","twitter_card":"summary_large_image","twitter_creator":"@SantaPolaAyunt","twitter_site":"@SantaPolaAyunt","schema":{"@context":"https:\/\/schema.org","@graph":[{"@type":"Article","@id":"https:\/\/santapola.es\/ca\/santa-pola-de-lest-prepara-el-seu-xvii-sopar-de-la-lluna-plena-el-21-dagost\/#article","isPartOf":{"@id":"https:\/\/santapola.es\/ca\/santa-pola-de-lest-prepara-el-seu-xvii-sopar-de-la-lluna-plena-el-21-dagost\/"},"author":{"name":"Jos\u00e9 Juan L\u00f3pez Lafuente","@id":"https:\/\/santapola.es\/ca\/#\/schema\/person\/ad1d67403707b58350c7be5e8dbc442d"},"headline":"Santa Pola de l&#8217;Est prepara el seu XVII Sopar de la Lluna Plena el 21 d&#8217;agost","datePublished":"2024-07-30T11:49:24+00:00","dateModified":"2024-07-30T11:54:12+00:00","mainEntityOfPage":{"@id":"https:\/\/santapola.es\/ca\/santa-pola-de-lest-prepara-el-seu-xvii-sopar-de-la-lluna-plena-el-21-dagost\/"},"wordCount":376,"image":{"@id":"https:\/\/santapola.es\/ca\/santa-pola-de-lest-prepara-el-seu-xvii-sopar-de-la-lluna-plena-el-21-dagost\/#primaryimage"},"thumbnailUrl":"https:\/\/santapola.es\/wp-content\/uploads\/2024\/07\/2024-07-30-cena-de-la-luna-llena.jpeg","keywords":["Associaci\u00f3 de Ve\u00efns Cales de Santa Pola de l'Est","Nely Baile","Sopar de la Lluna Plena"],"articleSection":["Festes","Santa Pola de l'Est"],"inLanguage":"ca"},{"@type":"WebPage","@id":"https:\/\/santapola.es\/ca\/santa-pola-de-lest-prepara-el-seu-xvii-sopar-de-la-lluna-plena-el-21-dagost\/","url":"https:\/\/santapola.es\/ca\/santa-pola-de-lest-prepara-el-seu-xvii-sopar-de-la-lluna-plena-el-21-dagost\/","name":"Santa Pola de l'Est prepara el seu XVII Sopar de la Lluna Plena el 21 d'agost - Ajuntament de Santa Pola","isPartOf":{"@id":"https:\/\/santapola.es\/ca\/#website"},"primaryImageOfPage":{"@id":"https:\/\/santapola.es\/ca\/santa-pola-de-lest-prepara-el-seu-xvii-sopar-de-la-lluna-plena-el-21-dagost\/#primaryimage"},"image":{"@id":"https:\/\/santapola.es\/ca\/santa-pola-de-lest-prepara-el-seu-xvii-sopar-de-la-lluna-plena-el-21-dagost\/#primaryimage"},"thumbnailUrl":"https:\/\/santapola.es\/wp-content\/uploads\/2024\/07\/2024-07-30-cena-de-la-luna-llena.jpeg","datePublished":"2024-07-30T11:49:24+00:00","dateModified":"2024-07-30T11:54:12+00:00","author":{"@id":"https:\/\/santapola.es\/ca\/#\/schema\/person\/ad1d67403707b58350c7be5e8dbc442d"},"breadcrumb":{"@id":"https:\/\/santapola.es\/ca\/santa-pola-de-lest-prepara-el-seu-xvii-sopar-de-la-lluna-plena-el-21-dagost\/#breadcrumb"},"inLanguage":"ca","potentialAction":[{"@type":"ReadAction","target":["https:\/\/santapola.es\/ca\/santa-pola-de-lest-prepara-el-seu-xvii-sopar-de-la-lluna-plena-el-21-dagost\/"]}]},{"@type":"ImageObject","inLanguage":"ca","@id":"https:\/\/santapola.es\/ca\/santa-pola-de-lest-prepara-el-seu-xvii-sopar-de-la-lluna-plena-el-21-dagost\/#primaryimage","url":"https:\/\/santapola.es\/wp-content\/uploads\/2024\/07\/2024-07-30-cena-de-la-luna-llena.jpeg","contentUrl":"https:\/\/santapola.es\/wp-content\/uploads\/2024\/07\/2024-07-30-cena-de-la-luna-llena.jpeg","width":1600,"height":1200},{"@type":"BreadcrumbList","@id":"https:\/\/santapola.es\/ca\/santa-pola-de-lest-prepara-el-seu-xvii-sopar-de-la-lluna-plena-el-21-dagost\/#breadcrumb","itemListElement":[{"@type":"ListItem","position":1,"name":"Inici","item":"https:\/\/santapola.es\/ca\/"},{"@type":"ListItem","position":2,"name":"Santa Pola de l&#8217;Est prepara el seu XVII Sopar de la Lluna Plena el 21 d&#8217;agost"}]},{"@type":"WebSite","@id":"https:\/\/santapola.es\/ca\/#website","url":"https:\/\/santapola.es\/ca\/","name":"Ayuntamiento de Santa Pola","description":"Web de l'Ajuntament de Santa Pola","potentialAction":[{"@type":"SearchAction","target":{"@type":"EntryPoint","urlTemplate":"https:\/\/santapola.es\/ca\/?s={search_term_string}"},"query-input":{"@type":"PropertyValueSpecification","valueRequired":true,"valueName":"search_term_string"}}],"inLanguage":"ca"},{"@type":"Person","@id":"https:\/\/santapola.es\/ca\/#\/schema\/person\/ad1d67403707b58350c7be5e8dbc442d","name":"Jos\u00e9 Juan L\u00f3pez Lafuente"}]}},"_links":{"self":[{"href":"https:\/\/santapola.es\/ca\/wp-json\/wp\/v2\/posts\/38451","targetHints":{"allow":["GET"]}}],"collection":[{"href":"https:\/\/santapola.es\/ca\/wp-json\/wp\/v2\/posts"}],"about":[{"href":"https:\/\/santapola.es\/ca\/wp-json\/wp\/v2\/types\/post"}],"author":[{"embeddable":true,"href":"https:\/\/santapola.es\/ca\/wp-json\/wp\/v2\/users\/96"}],"replies":[{"embeddable":true,"href":"https:\/\/santapola.es\/ca\/wp-json\/wp\/v2\/comments?post=38451"}],"version-history":[{"count":0,"href":"https:\/\/santapola.es\/ca\/wp-json\/wp\/v2\/posts\/38451\/revisions"}],"wp:featuredmedia":[{"embeddable":true,"href":"https:\/\/santapola.es\/ca\/wp-json\/wp\/v2\/media\/38449"}],"wp:attachment":[{"href":"https:\/\/santapola.es\/ca\/wp-json\/wp\/v2\/media?parent=38451"}],"wp:term":[{"taxonomy":"category","embeddable":true,"href":"https:\/\/santapola.es\/ca\/wp-json\/wp\/v2\/categories?post=38451"},{"taxonomy":"post_tag","embeddable":true,"href":"https:\/\/santapola.es\/ca\/wp-json\/wp\/v2\/tags?post=38451"}],"curies":[{"name":"wp","href":"https:\/\/api.w.org\/{rel}","templated":true}]}}