{"id":38369,"date":"2024-07-25T10:50:09","date_gmt":"2024-07-25T08:50:09","guid":{"rendered":"https:\/\/santapola.es\/?p=38369"},"modified":"2024-07-25T10:50:09","modified_gmt":"2024-07-25T08:50:09","slug":"el-ies-gran-alacant-continua-su-proceso-de-ampliacion-y-crecera-hasta-los-350-estudiantes-el-proximo-curso","status":"publish","type":"post","link":"https:\/\/santapola.es\/ca\/el-ies-gran-alacant-continua-su-proceso-de-ampliacion-y-crecera-hasta-los-350-estudiantes-el-proximo-curso\/","title":{"rendered":"El IES Gran Alacant contin\u00faa su proceso de ampliaci\u00f3n y crecer\u00e1 hasta los 350 estudiantes el pr\u00f3ximo curso"},"content":{"rendered":"<p><b>El IES Gran Alacant, nacido el pasado curso como fruto de una reivindicaci\u00f3n popular del vecindario del barrio, se ampl\u00eda en infraestructuras, docentes y alumnado.\u00a0<\/b><\/p>\n<p><span style=\"font-weight: 400;\">El IES Gran Alacant, resultado de las reivindicaciones sociales, culturales y educativas del vecindario del barrio y de las familias durante a\u00f1os, se encuentra en pleno proceso de ampliaci\u00f3n. Los concejales de Gran Alacant, \u00d3scar Valenzuela (tambi\u00e9n de Educaci\u00f3n) y Borja Merino, se han reunido con los responsables del centro para coordinar actuaciones.<\/span><\/p>\n<p><span style=\"font-weight: 400;\">En espera de la construcci\u00f3n del edificio de obra definitivo en el distrito educativo del barrio, el IES Gran Alacant se instal\u00f3 de forma provisional en aulas prefabricadas en el recinto del mercadillo local desde el pasado septiembre de 2023. En este primer a\u00f1o del centro se produjo el establecimiento de las primeras 9 unidades correspondientes a 228 alumnos y alumnas, escolarizados en 1\u00baESO, 2\u00baESO y 3\u00baESO. La prioridad ha transitado estos 12 meses en realizar una atenci\u00f3n personalizada al alumnado y a las familias en la incorporaci\u00f3n a la vida del centro.\u00a0<\/span><\/p>\n<p><span style=\"font-weight: 400;\">Un a\u00f1o despu\u00e9s, las instalaciones provisionales del IES Gran Alacant se ampl\u00edan a fin de permitir incrementar m\u00e1s niveles educativos en los pr\u00f3ximos cursos. En dicha ampliaci\u00f3n se incorporan 16 unidades de distinto tama\u00f1o, que dan respuesta a un aumento de alumnado, tanto actual como en futuros cursos. Solo el pr\u00f3ximo curso aumenta m\u00e1s de una centena el alumnado del centro.\u00a0<\/span><\/p>\n<p><span style=\"font-weight: 400;\">En concreto, 93 alumnos y alumnas adscritos al colegio de referencia, el CEIP Vicenta Ruso, y otros 31 que provienen del actual proceso de admisi\u00f3n en distintos niveles, procedentes de centros de El Altet, Santa Pola y otras localidades. Con todo, a\u00fan se espera la matriculaci\u00f3n de m\u00e1s alumnado proveniente de centros de otras localidades y pa\u00edses, dada la necesidad detectada en este primer curso de dar respuesta a la demanda de matriculaci\u00f3n sobrevenida constante, que denota el dinamismo del barrio.\u00a0<\/span><\/p>\n<p><span style=\"font-weight: 400;\">Para todo ello, el IES Gran Alacant ha previsto un plan de actuaci\u00f3n que pueda dar cabida a tal demanda social. Se han celebrado encuentros con Conselleria, con el Ayuntamiento de Santa Pola y con diferentes instituciones locales con el objetivo de satisfacer las necesidades educativas m\u00e1s pertinentes.\u00a0<\/span><\/p>\n<p><span style=\"font-weight: 400;\">Aun con la provisionalidad de las instalaciones, el calendario estimado de implantaci\u00f3n de niveles acad\u00e9micos ser\u00e1 a nivel por curso. Esta implantaci\u00f3n, prioritaria para la comunidad educativa, se har\u00e1 de forma paulatina y gradual optimizando los espacios de que se disponen. En el curso 2024-2025 se implanta 4\u00baESO y se cierra el ciclo de Educaci\u00f3n Secundaria Obligatoria. Adem\u00e1s, se incorporar\u00e1 el Bachillerato, inici\u00e1ndose en el curso 2025-2026 con 1\u00ba de Bachillerato y en el 2026-2027 con el 2\u00ba.\u00a0<\/span><\/p>\n<p><b>Mejora de los equipamientos<\/b><\/p>\n<p><span style=\"font-weight: 400;\">Se han mantenido reuniones a lo largo del curso para instalar equipamientos en las zonas comunes (bancos, zona de parking de bicicletas, un patio cubierto con carpa), a los que se incorporar\u00e1n este pr\u00f3ximo curso un camino seguro de acceso al centro, fuentes de agua, una readaptaci\u00f3n de los espacios de patio para compensar la ampliaci\u00f3n del aulario con la cesi\u00f3n de una terraza adicional, adem\u00e1s de una zona de mesas de picnic y la instalaci\u00f3n de ba\u00f1os externos, etc. Sin duda, tras esta ampliaci\u00f3n f\u00edsica del aulario acad\u00e9mico, el objetivo prioritario ser\u00e1 adecuar nuevas zonas de patio que permitan dar servicio en futuros cursos al aumento de alumnos\/as.\u00a0<\/span><\/p>\n<p><span style=\"font-weight: 400;\">Esta optimizaci\u00f3n de espacios se realiza creando o adaptando ambientes amables para el alumnado, exprimiendo los recursos disponibles con una gesti\u00f3n creativa y potenciadora, con la ayuda de sinergias con m\u00faltiples instituciones y apoyos. Patios activos, proyectos globales inclusivos, participaci\u00f3n del alumnado y de las familias junto con un respeto riguroso por la convivencia y la responsabilidad, hacen del centro una referencia para familias que viven m\u00e1s all\u00e1 de los l\u00edmites del barrio.\u00a0<\/span><\/p>\n<p><span style=\"font-weight: 400;\">Se ha conseguido, en este sentido, crear un convenio entre el IES Gran Alacant y el Ayuntamiento para abrir el centro a la juventud del barrio, en colaboraci\u00f3n con las concejal\u00edas de Juventud, Servicios Sociales, Participaci\u00f3n ciudadana y las Bibliotecas Municipales, \u201cLos Viernes del IES GA\u201d. Este proyecto ya ha abierto el centro este verano con talleres diversos para los adolescentes en el barrio. Pese a la complejidad del proceso, la implicaci\u00f3n de todos es lo que est\u00e1 ayudando a resolver las dificultades y construir un proyecto con un enorme potencial.\u00a0<\/span><\/p>\n<p><span style=\"font-weight: 400;\">En resumen, con el objetivo de satisfacer esta demanda socioeducativa, la comunidad del IES Gran Alacant, que incluye a las familias, al AFA y al claustro de docentes, la mayor\u00eda de los cuales provienen del mismo barrio, se esfuerza por integrar a todos a todas en un proyecto inclusivo social y cultural pese a las dificultades propias de estos momentos iniciales.\u00a0<\/span><\/p>\n<p><span style=\"font-weight: 400;\">Ilusi\u00f3n, trabajo y entrega de quienes tratan de cubrir una demanda hist\u00f3rica del barrio, confluyen en este proyecto. Aun con las l\u00f3gicas dificultades generadas por todo lo que se inicia, la colaboraci\u00f3n de toda la comunidad est\u00e1 dando como resultado, en este primer a\u00f1o de andadura, una instituci\u00f3n educativa s\u00f3lida en la que participan alumnado, familias y docentes del barrio.\u00a0<\/span><\/p>\n","protected":false},"excerpt":{"rendered":"<p>El IES Gran Alacant, nacido el pasado curso como fruto de una reivindicaci\u00f3n popular del vecindario del barrio, se ampl\u00eda en infraestructuras, docentes y alumnado.\u00a0 El IES Gran Alacant, resultado de las reivindicaciones sociales, culturales y educativas del vecindario del barrio y de las familias durante a\u00f1os, se encuentra en pleno proceso de ampliaci\u00f3n. Los [&hellip;]<\/p>\n","protected":false},"author":96,"featured_media":38370,"comment_status":"closed","ping_status":"closed","sticky":false,"template":"","format":"standard","meta":{"_et_pb_use_builder":"","_et_pb_old_content":"","_et_gb_content_width":"","footnotes":""},"categories":[116,117],"tags":[147,118,148],"class_list":["post-38369","post","type-post","status-publish","format-standard","has-post-thumbnail","hentry","category-educacion","category-gran-alacant","tag-borja-merino","tag-ies-gran-alacant","tag-oscar-valenzuela"],"yoast_head":"<!-- This site is optimized with the Yoast SEO plugin v27.4 - https:\/\/yoast.com\/product\/yoast-seo-wordpress\/ -->\n<title>El IES Gran Alacant contin\u00faa su proceso de ampliaci\u00f3n y crecer\u00e1 hasta los 350 estudiantes el pr\u00f3ximo curso - Ajuntament de Santa Pola<\/title>\n<meta name=\"robots\" content=\"index, follow, max-snippet:-1, max-image-preview:large, max-video-preview:-1\" \/>\n<link rel=\"canonical\" href=\"https:\/\/santapola.es\/ca\/el-ies-gran-alacant-continua-su-proceso-de-ampliacion-y-crecera-hasta-los-350-estudiantes-el-proximo-curso\/\" \/>\n<meta property=\"og:locale\" content=\"ca_ES\" \/>\n<meta property=\"og:type\" content=\"article\" \/>\n<meta property=\"og:title\" content=\"El IES Gran Alacant contin\u00faa su proceso de ampliaci\u00f3n y crecer\u00e1 hasta los 350 estudiantes el pr\u00f3ximo curso - Ajuntament de Santa Pola\" \/>\n<meta property=\"og:description\" content=\"El IES Gran Alacant, nacido el pasado curso como fruto de una reivindicaci\u00f3n popular del vecindario del barrio, se ampl\u00eda en infraestructuras, docentes y alumnado.\u00a0 El IES Gran Alacant, resultado de las reivindicaciones sociales, culturales y educativas del vecindario del barrio y de las familias durante a\u00f1os, se encuentra en pleno proceso de ampliaci\u00f3n. Los [&hellip;]\" \/>\n<meta property=\"og:url\" content=\"https:\/\/santapola.es\/ca\/el-ies-gran-alacant-continua-su-proceso-de-ampliacion-y-crecera-hasta-los-350-estudiantes-el-proximo-curso\/\" \/>\n<meta property=\"og:site_name\" content=\"Ajuntament de Santa Pola\" \/>\n<meta property=\"article:publisher\" content=\"https:\/\/www.facebook.com\/AyuntamientoSantaPola\/\" \/>\n<meta property=\"article:published_time\" content=\"2024-07-25T08:50:09+00:00\" \/>\n<meta property=\"og:image\" content=\"https:\/\/santapola.es\/wp-content\/uploads\/2024\/07\/2024-07-19-IES-Gran-Alacant.jpeg\" \/>\n\t<meta property=\"og:image:width\" content=\"1600\" \/>\n\t<meta property=\"og:image:height\" content=\"1380\" \/>\n\t<meta property=\"og:image:type\" content=\"image\/jpeg\" \/>\n<meta name=\"author\" content=\"Jos\u00e9 Juan L\u00f3pez Lafuente\" \/>\n<meta name=\"twitter:card\" content=\"summary_large_image\" \/>\n<meta name=\"twitter:creator\" content=\"@SantaPolaAyunt\" \/>\n<meta name=\"twitter:site\" content=\"@SantaPolaAyunt\" \/>\n<script type=\"application\/ld+json\" class=\"yoast-schema-graph\">{\"@context\":\"https:\\\/\\\/schema.org\",\"@graph\":[{\"@type\":\"Article\",\"@id\":\"https:\\\/\\\/santapola.es\\\/ca\\\/el-ies-gran-alacant-continua-su-proceso-de-ampliacion-y-crecera-hasta-los-350-estudiantes-el-proximo-curso\\\/#article\",\"isPartOf\":{\"@id\":\"https:\\\/\\\/santapola.es\\\/ca\\\/el-ies-gran-alacant-continua-su-proceso-de-ampliacion-y-crecera-hasta-los-350-estudiantes-el-proximo-curso\\\/\"},\"author\":{\"name\":\"Jos\u00e9 Juan L\u00f3pez Lafuente\",\"@id\":\"https:\\\/\\\/santapola.es\\\/ca\\\/#\\\/schema\\\/person\\\/ad1d67403707b58350c7be5e8dbc442d\"},\"headline\":\"El IES Gran Alacant contin\u00faa su proceso de ampliaci\u00f3n y crecer\u00e1 hasta los 350 estudiantes el pr\u00f3ximo curso\",\"datePublished\":\"2024-07-25T08:50:09+00:00\",\"mainEntityOfPage\":{\"@id\":\"https:\\\/\\\/santapola.es\\\/ca\\\/el-ies-gran-alacant-continua-su-proceso-de-ampliacion-y-crecera-hasta-los-350-estudiantes-el-proximo-curso\\\/\"},\"wordCount\":911,\"image\":{\"@id\":\"https:\\\/\\\/santapola.es\\\/ca\\\/el-ies-gran-alacant-continua-su-proceso-de-ampliacion-y-crecera-hasta-los-350-estudiantes-el-proximo-curso\\\/#primaryimage\"},\"thumbnailUrl\":\"https:\\\/\\\/santapola.es\\\/wp-content\\\/uploads\\\/2024\\\/07\\\/2024-07-19-IES-Gran-Alacant.jpeg\",\"keywords\":[\"Borja Merino\",\"IES Gran Alacant\",\"\u00d3scar Valenzuela\"],\"articleSection\":[\"Educaci\u00f3n\",\"Gran Alacant\"],\"inLanguage\":\"ca\"},{\"@type\":\"WebPage\",\"@id\":\"https:\\\/\\\/santapola.es\\\/ca\\\/el-ies-gran-alacant-continua-su-proceso-de-ampliacion-y-crecera-hasta-los-350-estudiantes-el-proximo-curso\\\/\",\"url\":\"https:\\\/\\\/santapola.es\\\/ca\\\/el-ies-gran-alacant-continua-su-proceso-de-ampliacion-y-crecera-hasta-los-350-estudiantes-el-proximo-curso\\\/\",\"name\":\"El IES Gran Alacant contin\u00faa su proceso de ampliaci\u00f3n y crecer\u00e1 hasta los 350 estudiantes el pr\u00f3ximo curso - Ajuntament de Santa Pola\",\"isPartOf\":{\"@id\":\"https:\\\/\\\/santapola.es\\\/ca\\\/#website\"},\"primaryImageOfPage\":{\"@id\":\"https:\\\/\\\/santapola.es\\\/ca\\\/el-ies-gran-alacant-continua-su-proceso-de-ampliacion-y-crecera-hasta-los-350-estudiantes-el-proximo-curso\\\/#primaryimage\"},\"image\":{\"@id\":\"https:\\\/\\\/santapola.es\\\/ca\\\/el-ies-gran-alacant-continua-su-proceso-de-ampliacion-y-crecera-hasta-los-350-estudiantes-el-proximo-curso\\\/#primaryimage\"},\"thumbnailUrl\":\"https:\\\/\\\/santapola.es\\\/wp-content\\\/uploads\\\/2024\\\/07\\\/2024-07-19-IES-Gran-Alacant.jpeg\",\"datePublished\":\"2024-07-25T08:50:09+00:00\",\"author\":{\"@id\":\"https:\\\/\\\/santapola.es\\\/ca\\\/#\\\/schema\\\/person\\\/ad1d67403707b58350c7be5e8dbc442d\"},\"breadcrumb\":{\"@id\":\"https:\\\/\\\/santapola.es\\\/ca\\\/el-ies-gran-alacant-continua-su-proceso-de-ampliacion-y-crecera-hasta-los-350-estudiantes-el-proximo-curso\\\/#breadcrumb\"},\"inLanguage\":\"ca\",\"potentialAction\":[{\"@type\":\"ReadAction\",\"target\":[\"https:\\\/\\\/santapola.es\\\/ca\\\/el-ies-gran-alacant-continua-su-proceso-de-ampliacion-y-crecera-hasta-los-350-estudiantes-el-proximo-curso\\\/\"]}]},{\"@type\":\"ImageObject\",\"inLanguage\":\"ca\",\"@id\":\"https:\\\/\\\/santapola.es\\\/ca\\\/el-ies-gran-alacant-continua-su-proceso-de-ampliacion-y-crecera-hasta-los-350-estudiantes-el-proximo-curso\\\/#primaryimage\",\"url\":\"https:\\\/\\\/santapola.es\\\/wp-content\\\/uploads\\\/2024\\\/07\\\/2024-07-19-IES-Gran-Alacant.jpeg\",\"contentUrl\":\"https:\\\/\\\/santapola.es\\\/wp-content\\\/uploads\\\/2024\\\/07\\\/2024-07-19-IES-Gran-Alacant.jpeg\",\"width\":1600,\"height\":1380},{\"@type\":\"BreadcrumbList\",\"@id\":\"https:\\\/\\\/santapola.es\\\/ca\\\/el-ies-gran-alacant-continua-su-proceso-de-ampliacion-y-crecera-hasta-los-350-estudiantes-el-proximo-curso\\\/#breadcrumb\",\"itemListElement\":[{\"@type\":\"ListItem\",\"position\":1,\"name\":\"Inici\",\"item\":\"https:\\\/\\\/santapola.es\\\/ca\\\/\"},{\"@type\":\"ListItem\",\"position\":2,\"name\":\"El IES Gran Alacant contin\u00faa su proceso de ampliaci\u00f3n y crecer\u00e1 hasta los 350 estudiantes el pr\u00f3ximo curso\"}]},{\"@type\":\"WebSite\",\"@id\":\"https:\\\/\\\/santapola.es\\\/ca\\\/#website\",\"url\":\"https:\\\/\\\/santapola.es\\\/ca\\\/\",\"name\":\"Ayuntamiento de Santa Pola\",\"description\":\"Web de l'Ajuntament de Santa Pola\",\"potentialAction\":[{\"@type\":\"SearchAction\",\"target\":{\"@type\":\"EntryPoint\",\"urlTemplate\":\"https:\\\/\\\/santapola.es\\\/ca\\\/?s={search_term_string}\"},\"query-input\":{\"@type\":\"PropertyValueSpecification\",\"valueRequired\":true,\"valueName\":\"search_term_string\"}}],\"inLanguage\":\"ca\"},{\"@type\":\"Person\",\"@id\":\"https:\\\/\\\/santapola.es\\\/ca\\\/#\\\/schema\\\/person\\\/ad1d67403707b58350c7be5e8dbc442d\",\"name\":\"Jos\u00e9 Juan L\u00f3pez Lafuente\"}]}<\/script>\n<!-- \/ Yoast SEO plugin. -->","yoast_head_json":{"title":"El IES Gran Alacant contin\u00faa su proceso de ampliaci\u00f3n y crecer\u00e1 hasta los 350 estudiantes el pr\u00f3ximo curso - Ajuntament de Santa Pola","robots":{"index":"index","follow":"follow","max-snippet":"max-snippet:-1","max-image-preview":"max-image-preview:large","max-video-preview":"max-video-preview:-1"},"canonical":"https:\/\/santapola.es\/ca\/el-ies-gran-alacant-continua-su-proceso-de-ampliacion-y-crecera-hasta-los-350-estudiantes-el-proximo-curso\/","og_locale":"ca_ES","og_type":"article","og_title":"El IES Gran Alacant contin\u00faa su proceso de ampliaci\u00f3n y crecer\u00e1 hasta los 350 estudiantes el pr\u00f3ximo curso - Ajuntament de Santa Pola","og_description":"El IES Gran Alacant, nacido el pasado curso como fruto de una reivindicaci\u00f3n popular del vecindario del barrio, se ampl\u00eda en infraestructuras, docentes y alumnado.\u00a0 El IES Gran Alacant, resultado de las reivindicaciones sociales, culturales y educativas del vecindario del barrio y de las familias durante a\u00f1os, se encuentra en pleno proceso de ampliaci\u00f3n. Los [&hellip;]","og_url":"https:\/\/santapola.es\/ca\/el-ies-gran-alacant-continua-su-proceso-de-ampliacion-y-crecera-hasta-los-350-estudiantes-el-proximo-curso\/","og_site_name":"Ajuntament de Santa Pola","article_publisher":"https:\/\/www.facebook.com\/AyuntamientoSantaPola\/","article_published_time":"2024-07-25T08:50:09+00:00","og_image":[{"width":1600,"height":1380,"url":"https:\/\/santapola.es\/wp-content\/uploads\/2024\/07\/2024-07-19-IES-Gran-Alacant.jpeg","type":"image\/jpeg"}],"author":"Jos\u00e9 Juan L\u00f3pez Lafuente","twitter_card":"summary_large_image","twitter_creator":"@SantaPolaAyunt","twitter_site":"@SantaPolaAyunt","schema":{"@context":"https:\/\/schema.org","@graph":[{"@type":"Article","@id":"https:\/\/santapola.es\/ca\/el-ies-gran-alacant-continua-su-proceso-de-ampliacion-y-crecera-hasta-los-350-estudiantes-el-proximo-curso\/#article","isPartOf":{"@id":"https:\/\/santapola.es\/ca\/el-ies-gran-alacant-continua-su-proceso-de-ampliacion-y-crecera-hasta-los-350-estudiantes-el-proximo-curso\/"},"author":{"name":"Jos\u00e9 Juan L\u00f3pez Lafuente","@id":"https:\/\/santapola.es\/ca\/#\/schema\/person\/ad1d67403707b58350c7be5e8dbc442d"},"headline":"El IES Gran Alacant contin\u00faa su proceso de ampliaci\u00f3n y crecer\u00e1 hasta los 350 estudiantes el pr\u00f3ximo curso","datePublished":"2024-07-25T08:50:09+00:00","mainEntityOfPage":{"@id":"https:\/\/santapola.es\/ca\/el-ies-gran-alacant-continua-su-proceso-de-ampliacion-y-crecera-hasta-los-350-estudiantes-el-proximo-curso\/"},"wordCount":911,"image":{"@id":"https:\/\/santapola.es\/ca\/el-ies-gran-alacant-continua-su-proceso-de-ampliacion-y-crecera-hasta-los-350-estudiantes-el-proximo-curso\/#primaryimage"},"thumbnailUrl":"https:\/\/santapola.es\/wp-content\/uploads\/2024\/07\/2024-07-19-IES-Gran-Alacant.jpeg","keywords":["Borja Merino","IES Gran Alacant","\u00d3scar Valenzuela"],"articleSection":["Educaci\u00f3n","Gran Alacant"],"inLanguage":"ca"},{"@type":"WebPage","@id":"https:\/\/santapola.es\/ca\/el-ies-gran-alacant-continua-su-proceso-de-ampliacion-y-crecera-hasta-los-350-estudiantes-el-proximo-curso\/","url":"https:\/\/santapola.es\/ca\/el-ies-gran-alacant-continua-su-proceso-de-ampliacion-y-crecera-hasta-los-350-estudiantes-el-proximo-curso\/","name":"El IES Gran Alacant contin\u00faa su proceso de ampliaci\u00f3n y crecer\u00e1 hasta los 350 estudiantes el pr\u00f3ximo curso - Ajuntament de Santa Pola","isPartOf":{"@id":"https:\/\/santapola.es\/ca\/#website"},"primaryImageOfPage":{"@id":"https:\/\/santapola.es\/ca\/el-ies-gran-alacant-continua-su-proceso-de-ampliacion-y-crecera-hasta-los-350-estudiantes-el-proximo-curso\/#primaryimage"},"image":{"@id":"https:\/\/santapola.es\/ca\/el-ies-gran-alacant-continua-su-proceso-de-ampliacion-y-crecera-hasta-los-350-estudiantes-el-proximo-curso\/#primaryimage"},"thumbnailUrl":"https:\/\/santapola.es\/wp-content\/uploads\/2024\/07\/2024-07-19-IES-Gran-Alacant.jpeg","datePublished":"2024-07-25T08:50:09+00:00","author":{"@id":"https:\/\/santapola.es\/ca\/#\/schema\/person\/ad1d67403707b58350c7be5e8dbc442d"},"breadcrumb":{"@id":"https:\/\/santapola.es\/ca\/el-ies-gran-alacant-continua-su-proceso-de-ampliacion-y-crecera-hasta-los-350-estudiantes-el-proximo-curso\/#breadcrumb"},"inLanguage":"ca","potentialAction":[{"@type":"ReadAction","target":["https:\/\/santapola.es\/ca\/el-ies-gran-alacant-continua-su-proceso-de-ampliacion-y-crecera-hasta-los-350-estudiantes-el-proximo-curso\/"]}]},{"@type":"ImageObject","inLanguage":"ca","@id":"https:\/\/santapola.es\/ca\/el-ies-gran-alacant-continua-su-proceso-de-ampliacion-y-crecera-hasta-los-350-estudiantes-el-proximo-curso\/#primaryimage","url":"https:\/\/santapola.es\/wp-content\/uploads\/2024\/07\/2024-07-19-IES-Gran-Alacant.jpeg","contentUrl":"https:\/\/santapola.es\/wp-content\/uploads\/2024\/07\/2024-07-19-IES-Gran-Alacant.jpeg","width":1600,"height":1380},{"@type":"BreadcrumbList","@id":"https:\/\/santapola.es\/ca\/el-ies-gran-alacant-continua-su-proceso-de-ampliacion-y-crecera-hasta-los-350-estudiantes-el-proximo-curso\/#breadcrumb","itemListElement":[{"@type":"ListItem","position":1,"name":"Inici","item":"https:\/\/santapola.es\/ca\/"},{"@type":"ListItem","position":2,"name":"El IES Gran Alacant contin\u00faa su proceso de ampliaci\u00f3n y crecer\u00e1 hasta los 350 estudiantes el pr\u00f3ximo curso"}]},{"@type":"WebSite","@id":"https:\/\/santapola.es\/ca\/#website","url":"https:\/\/santapola.es\/ca\/","name":"Ayuntamiento de Santa Pola","description":"Web de l'Ajuntament de Santa Pola","potentialAction":[{"@type":"SearchAction","target":{"@type":"EntryPoint","urlTemplate":"https:\/\/santapola.es\/ca\/?s={search_term_string}"},"query-input":{"@type":"PropertyValueSpecification","valueRequired":true,"valueName":"search_term_string"}}],"inLanguage":"ca"},{"@type":"Person","@id":"https:\/\/santapola.es\/ca\/#\/schema\/person\/ad1d67403707b58350c7be5e8dbc442d","name":"Jos\u00e9 Juan L\u00f3pez Lafuente"}]}},"_links":{"self":[{"href":"https:\/\/santapola.es\/ca\/wp-json\/wp\/v2\/posts\/38369","targetHints":{"allow":["GET"]}}],"collection":[{"href":"https:\/\/santapola.es\/ca\/wp-json\/wp\/v2\/posts"}],"about":[{"href":"https:\/\/santapola.es\/ca\/wp-json\/wp\/v2\/types\/post"}],"author":[{"embeddable":true,"href":"https:\/\/santapola.es\/ca\/wp-json\/wp\/v2\/users\/96"}],"replies":[{"embeddable":true,"href":"https:\/\/santapola.es\/ca\/wp-json\/wp\/v2\/comments?post=38369"}],"version-history":[{"count":0,"href":"https:\/\/santapola.es\/ca\/wp-json\/wp\/v2\/posts\/38369\/revisions"}],"wp:featuredmedia":[{"embeddable":true,"href":"https:\/\/santapola.es\/ca\/wp-json\/wp\/v2\/media\/38370"}],"wp:attachment":[{"href":"https:\/\/santapola.es\/ca\/wp-json\/wp\/v2\/media?parent=38369"}],"wp:term":[{"taxonomy":"category","embeddable":true,"href":"https:\/\/santapola.es\/ca\/wp-json\/wp\/v2\/categories?post=38369"},{"taxonomy":"post_tag","embeddable":true,"href":"https:\/\/santapola.es\/ca\/wp-json\/wp\/v2\/tags?post=38369"}],"curies":[{"name":"wp","href":"https:\/\/api.w.org\/{rel}","templated":true}]}}