{"id":38360,"date":"2024-07-24T19:44:14","date_gmt":"2024-07-24T17:44:14","guid":{"rendered":"https:\/\/santapola.es\/?p=38360"},"modified":"2024-07-24T19:44:14","modified_gmt":"2024-07-24T17:44:14","slug":"santa-pola-acull-este-cap-de-setmana-el-campionat-despanya-de-beach-sprint-de-rem","status":"publish","type":"post","link":"https:\/\/santapola.es\/ca\/santa-pola-acull-este-cap-de-setmana-el-campionat-despanya-de-beach-sprint-de-rem\/","title":{"rendered":"Santa Pola acull este cap de setmana el Campionat d&#8217;Espanya de beach sprint de rem"},"content":{"rendered":"<p><strong>310 esportistes de tot el pa\u00eds participaran des del divendres fins al diumenge en l&#8217;espectacular competici\u00f3 que organitza el Club N\u00e0utic Santa Pola i que podr\u00e0 seguir en viu el p\u00fablic des de les graderies instal\u00b7lades al principi de Gran Platja.<\/strong><\/p>\n<p>El beach sprint \u00e9s una modalitat vistosa i espectacular del rem en mar, i ser\u00e0 per primera vegada esport ol\u00edmpic a Los Angeles 2028. Dos embarcacions competixen entre si eixint des de l&#8217;arena, remen mar endins en un esl\u00e0lom de 250 metres, tornen velo\u00e7ment en l\u00ednia recta a la platja i els remers finalitzen la prova saltant a l&#8217;aigua i corrent sobre l&#8217;arena fins a la meta.<\/p>\n<p>Hui s&#8217;ha presentat oficialment el III Campionat d&#8217;Espanya 2024 de beach sprint en el Club N\u00e0utic de Santa Pola, organitzador del torneig. El seu president Pascual Orts va voler agrair \u201ca la Federaci\u00f3 Espanyola de Rem la seua confian\u00e7a en nosaltres i a l&#8217;Ajuntament de Santa Pola el seu suport incondicional, per a nosaltres \u00e9s un orgull organitzar este Campionat d&#8217;Espanya. Espere que siguen uns dies de competici\u00f3, de diversi\u00f3 per als participants i d&#8217;\u00e8xits per als remers\u201d.<\/p>\n<p><strong>Esport ol\u00edmpic en 2028<\/strong><\/p>\n<p>La presidenta de la Federaci\u00f3 Espanyola de Rem, Asunci\u00f3n Loriente, qui el divendres viatjar\u00e0 a Par\u00eds per a acompanyar als remers espanyols en els Jocs Ol\u00edmpics, va declarar que \u201cestes competicions s\u00f3n un gran repte perqu\u00e8 sabem que tancar un tros de platja al juliol no \u00e9s f\u00e0cil, per aix\u00f2 el meu agra\u00efment a l&#8217;Ajuntament. El Club N\u00e0utic Santa Pola t\u00e9 experi\u00e8ncia, sempre el fan molt b\u00e9 i sempre ens anem molt contents\u201d.<\/p>\n<p>\u201cD&#8217;este campionat eixiran els futurs components de la selecci\u00f3 espanyola de beach sprint, per tant futurs ol\u00edmpics, des de la Federaci\u00f3 estem treballant molt en esta especialitat que creix i creix, especialment a la Comunitat Valenciana, i que ser\u00e0 ol\u00edmpica a Los Angeles 2028\u201d, va afegir Loriente, qui va voler tamb\u00e9 valorar el suport de les entitats patrocinadores d&#8217;este campionat.<\/p>\n<p><strong>310 competidors<\/strong><\/p>\n<p>Alejandro Ruiz, president de la Federaci\u00f3 de Rem de la Comunitat Valenciana, va explicar que \u201ccomptarem amb 310 participants de set federacions de tot el pa\u00eds, dels quals el 55% s\u00f3n homes i el 45% dones, en categories cadet, juvenil, absoluta i veterans, en les modalitats individual, doble i quatre mixt amb timoner\u201d.<\/p>\n<p>El III Campionat d&#8217;Espanya de beach sprint comen\u00e7ar\u00e0 a l&#8217;inici de la Gran Platja el divendres 26 a les 11.00 amb els entrenaments i la presa oficial de temps que marcaran els aparellaments. El dissabte comen\u00e7aran les eliminat\u00f2ries durant tot el dia, des de les 8.00 fins a les 20.00 hores, mentres que per al diumenge a partir de les 8.00 estan previstes les fases finals i finalment el lliurament de trofeus al voltant de les 14.00 hores.<\/p>\n<p><strong>L&#8217;esport com a generador de riquesa<\/strong><\/p>\n<p>L&#8217;alcaldessa de Santa Pola, Loreto Serrano, va destacar que \u201cSanta Pola est\u00e0 en ratxa com a atractiva seu de competicions esportives, com demostra que la Federaci\u00f3 Espanyola de Rem ens haja triat. Ser\u00e0 un gran espectacle poder veure des de la platja el desenvolupament del torneig, per aix\u00f2 animem a santapolers i visitants al fet que puguen viure esta experi\u00e8ncia des de les graderies que hem instal\u00b7lat en Gran Platja\u201d.<\/p>\n<p>Serrano va valorar que \u201centre el divendres i el dissabte unes mil persones vindran a Santa Pola per a participar i presenciar el campionat, la qual cosa suposa allotjament als nostres hotels i apartaments tur\u00edstics, menjades en els nostres restaurants i donarem a con\u00e9ixer al nostre poble a esportistes que, com uns altres han fet, poden en un futur fer de la nostra badia el seu lloc d&#8217;entrenament\u201d.<\/p>\n","protected":false},"excerpt":{"rendered":"<p>310 esportistes de tot el pa\u00eds participaran des del divendres fins al diumenge en l&#8217;espectacular competici\u00f3 que organitza el Club N\u00e0utic Santa Pola i que podr\u00e0 seguir en viu el p\u00fablic des de les graderies instal\u00b7lades al principi de Gran Platja. El beach sprint \u00e9s una modalitat vistosa i espectacular del rem en mar, i [&hellip;]<\/p>\n","protected":false},"author":96,"featured_media":38358,"comment_status":"closed","ping_status":"closed","sticky":false,"template":"","format":"standard","meta":{"_et_pb_use_builder":"","_et_pb_old_content":"","_et_gb_content_width":"","footnotes":""},"categories":[439],"tags":[581,990,992,991,487],"class_list":["post-38360","post","type-post","status-publish","format-standard","has-post-thumbnail","hentry","category-esport","tag-angel-piedecausa-ca","tag-club-nautic-santa-pola","tag-federacio-de-rem-de-la-comunitat-valenciana","tag-federacio-espanyola-de-rem","tag-loreto-serrano-ca"],"yoast_head":"<!-- This site is optimized with the Yoast SEO plugin v27.4 - https:\/\/yoast.com\/product\/yoast-seo-wordpress\/ -->\n<title>Santa Pola acull este cap de setmana el Campionat d&#039;Espanya de beach sprint de rem - Ajuntament de Santa Pola<\/title>\n<meta name=\"robots\" content=\"index, follow, max-snippet:-1, max-image-preview:large, max-video-preview:-1\" \/>\n<link rel=\"canonical\" href=\"https:\/\/santapola.es\/ca\/santa-pola-acull-este-cap-de-setmana-el-campionat-despanya-de-beach-sprint-de-rem\/\" \/>\n<meta property=\"og:locale\" content=\"ca_ES\" \/>\n<meta property=\"og:type\" content=\"article\" \/>\n<meta property=\"og:title\" content=\"Santa Pola acull este cap de setmana el Campionat d&#039;Espanya de beach sprint de rem - Ajuntament de Santa Pola\" \/>\n<meta property=\"og:description\" content=\"310 esportistes de tot el pa\u00eds participaran des del divendres fins al diumenge en l&#8217;espectacular competici\u00f3 que organitza el Club N\u00e0utic Santa Pola i que podr\u00e0 seguir en viu el p\u00fablic des de les graderies instal\u00b7lades al principi de Gran Platja. El beach sprint \u00e9s una modalitat vistosa i espectacular del rem en mar, i [&hellip;]\" \/>\n<meta property=\"og:url\" content=\"https:\/\/santapola.es\/ca\/santa-pola-acull-este-cap-de-setmana-el-campionat-despanya-de-beach-sprint-de-rem\/\" \/>\n<meta property=\"og:site_name\" content=\"Ajuntament de Santa Pola\" \/>\n<meta property=\"article:publisher\" content=\"https:\/\/www.facebook.com\/AyuntamientoSantaPola\/\" \/>\n<meta property=\"article:published_time\" content=\"2024-07-24T17:44:14+00:00\" \/>\n<meta property=\"og:image\" content=\"https:\/\/santapola.es\/wp-content\/uploads\/2024\/07\/2024-07-24-presentacion-2.jpeg\" \/>\n\t<meta property=\"og:image:width\" content=\"1600\" \/>\n\t<meta property=\"og:image:height\" content=\"1200\" \/>\n\t<meta property=\"og:image:type\" content=\"image\/jpeg\" \/>\n<meta name=\"author\" content=\"Jos\u00e9 Juan L\u00f3pez Lafuente\" \/>\n<meta name=\"twitter:card\" content=\"summary_large_image\" \/>\n<meta name=\"twitter:creator\" content=\"@SantaPolaAyunt\" \/>\n<meta name=\"twitter:site\" content=\"@SantaPolaAyunt\" \/>\n<script type=\"application\/ld+json\" class=\"yoast-schema-graph\">{\"@context\":\"https:\\\/\\\/schema.org\",\"@graph\":[{\"@type\":\"Article\",\"@id\":\"https:\\\/\\\/santapola.es\\\/ca\\\/santa-pola-acull-este-cap-de-setmana-el-campionat-despanya-de-beach-sprint-de-rem\\\/#article\",\"isPartOf\":{\"@id\":\"https:\\\/\\\/santapola.es\\\/ca\\\/santa-pola-acull-este-cap-de-setmana-el-campionat-despanya-de-beach-sprint-de-rem\\\/\"},\"author\":{\"name\":\"Jos\u00e9 Juan L\u00f3pez Lafuente\",\"@id\":\"https:\\\/\\\/santapola.es\\\/ca\\\/#\\\/schema\\\/person\\\/ad1d67403707b58350c7be5e8dbc442d\"},\"headline\":\"Santa Pola acull este cap de setmana el Campionat d&#8217;Espanya de beach sprint de rem\",\"datePublished\":\"2024-07-24T17:44:14+00:00\",\"mainEntityOfPage\":{\"@id\":\"https:\\\/\\\/santapola.es\\\/ca\\\/santa-pola-acull-este-cap-de-setmana-el-campionat-despanya-de-beach-sprint-de-rem\\\/\"},\"wordCount\":647,\"image\":{\"@id\":\"https:\\\/\\\/santapola.es\\\/ca\\\/santa-pola-acull-este-cap-de-setmana-el-campionat-despanya-de-beach-sprint-de-rem\\\/#primaryimage\"},\"thumbnailUrl\":\"https:\\\/\\\/santapola.es\\\/wp-content\\\/uploads\\\/2024\\\/07\\\/2024-07-24-presentacion-2.jpeg\",\"keywords\":[\"\u00c1ngel Piedecausa\",\"Club N\u00e1utic Santa Pola\",\"Federaci\u00f3 de Rem de la Comunitat Valenciana\",\"Federaci\u00f3 Espanyola de Rem\",\"Loreto Serrano\"],\"articleSection\":[\"Esport\"],\"inLanguage\":\"ca\"},{\"@type\":\"WebPage\",\"@id\":\"https:\\\/\\\/santapola.es\\\/ca\\\/santa-pola-acull-este-cap-de-setmana-el-campionat-despanya-de-beach-sprint-de-rem\\\/\",\"url\":\"https:\\\/\\\/santapola.es\\\/ca\\\/santa-pola-acull-este-cap-de-setmana-el-campionat-despanya-de-beach-sprint-de-rem\\\/\",\"name\":\"Santa Pola acull este cap de setmana el Campionat d'Espanya de beach sprint de rem - Ajuntament de Santa Pola\",\"isPartOf\":{\"@id\":\"https:\\\/\\\/santapola.es\\\/ca\\\/#website\"},\"primaryImageOfPage\":{\"@id\":\"https:\\\/\\\/santapola.es\\\/ca\\\/santa-pola-acull-este-cap-de-setmana-el-campionat-despanya-de-beach-sprint-de-rem\\\/#primaryimage\"},\"image\":{\"@id\":\"https:\\\/\\\/santapola.es\\\/ca\\\/santa-pola-acull-este-cap-de-setmana-el-campionat-despanya-de-beach-sprint-de-rem\\\/#primaryimage\"},\"thumbnailUrl\":\"https:\\\/\\\/santapola.es\\\/wp-content\\\/uploads\\\/2024\\\/07\\\/2024-07-24-presentacion-2.jpeg\",\"datePublished\":\"2024-07-24T17:44:14+00:00\",\"author\":{\"@id\":\"https:\\\/\\\/santapola.es\\\/ca\\\/#\\\/schema\\\/person\\\/ad1d67403707b58350c7be5e8dbc442d\"},\"breadcrumb\":{\"@id\":\"https:\\\/\\\/santapola.es\\\/ca\\\/santa-pola-acull-este-cap-de-setmana-el-campionat-despanya-de-beach-sprint-de-rem\\\/#breadcrumb\"},\"inLanguage\":\"ca\",\"potentialAction\":[{\"@type\":\"ReadAction\",\"target\":[\"https:\\\/\\\/santapola.es\\\/ca\\\/santa-pola-acull-este-cap-de-setmana-el-campionat-despanya-de-beach-sprint-de-rem\\\/\"]}]},{\"@type\":\"ImageObject\",\"inLanguage\":\"ca\",\"@id\":\"https:\\\/\\\/santapola.es\\\/ca\\\/santa-pola-acull-este-cap-de-setmana-el-campionat-despanya-de-beach-sprint-de-rem\\\/#primaryimage\",\"url\":\"https:\\\/\\\/santapola.es\\\/wp-content\\\/uploads\\\/2024\\\/07\\\/2024-07-24-presentacion-2.jpeg\",\"contentUrl\":\"https:\\\/\\\/santapola.es\\\/wp-content\\\/uploads\\\/2024\\\/07\\\/2024-07-24-presentacion-2.jpeg\",\"width\":1600,\"height\":1200},{\"@type\":\"BreadcrumbList\",\"@id\":\"https:\\\/\\\/santapola.es\\\/ca\\\/santa-pola-acull-este-cap-de-setmana-el-campionat-despanya-de-beach-sprint-de-rem\\\/#breadcrumb\",\"itemListElement\":[{\"@type\":\"ListItem\",\"position\":1,\"name\":\"Inici\",\"item\":\"https:\\\/\\\/santapola.es\\\/ca\\\/\"},{\"@type\":\"ListItem\",\"position\":2,\"name\":\"Santa Pola acull este cap de setmana el Campionat d&#8217;Espanya de beach sprint de rem\"}]},{\"@type\":\"WebSite\",\"@id\":\"https:\\\/\\\/santapola.es\\\/ca\\\/#website\",\"url\":\"https:\\\/\\\/santapola.es\\\/ca\\\/\",\"name\":\"Ayuntamiento de Santa Pola\",\"description\":\"Web de l'Ajuntament de Santa Pola\",\"potentialAction\":[{\"@type\":\"SearchAction\",\"target\":{\"@type\":\"EntryPoint\",\"urlTemplate\":\"https:\\\/\\\/santapola.es\\\/ca\\\/?s={search_term_string}\"},\"query-input\":{\"@type\":\"PropertyValueSpecification\",\"valueRequired\":true,\"valueName\":\"search_term_string\"}}],\"inLanguage\":\"ca\"},{\"@type\":\"Person\",\"@id\":\"https:\\\/\\\/santapola.es\\\/ca\\\/#\\\/schema\\\/person\\\/ad1d67403707b58350c7be5e8dbc442d\",\"name\":\"Jos\u00e9 Juan L\u00f3pez Lafuente\"}]}<\/script>\n<!-- \/ Yoast SEO plugin. -->","yoast_head_json":{"title":"Santa Pola acull este cap de setmana el Campionat d'Espanya de beach sprint de rem - Ajuntament de Santa Pola","robots":{"index":"index","follow":"follow","max-snippet":"max-snippet:-1","max-image-preview":"max-image-preview:large","max-video-preview":"max-video-preview:-1"},"canonical":"https:\/\/santapola.es\/ca\/santa-pola-acull-este-cap-de-setmana-el-campionat-despanya-de-beach-sprint-de-rem\/","og_locale":"ca_ES","og_type":"article","og_title":"Santa Pola acull este cap de setmana el Campionat d'Espanya de beach sprint de rem - Ajuntament de Santa Pola","og_description":"310 esportistes de tot el pa\u00eds participaran des del divendres fins al diumenge en l&#8217;espectacular competici\u00f3 que organitza el Club N\u00e0utic Santa Pola i que podr\u00e0 seguir en viu el p\u00fablic des de les graderies instal\u00b7lades al principi de Gran Platja. El beach sprint \u00e9s una modalitat vistosa i espectacular del rem en mar, i [&hellip;]","og_url":"https:\/\/santapola.es\/ca\/santa-pola-acull-este-cap-de-setmana-el-campionat-despanya-de-beach-sprint-de-rem\/","og_site_name":"Ajuntament de Santa Pola","article_publisher":"https:\/\/www.facebook.com\/AyuntamientoSantaPola\/","article_published_time":"2024-07-24T17:44:14+00:00","og_image":[{"width":1600,"height":1200,"url":"https:\/\/santapola.es\/wp-content\/uploads\/2024\/07\/2024-07-24-presentacion-2.jpeg","type":"image\/jpeg"}],"author":"Jos\u00e9 Juan L\u00f3pez Lafuente","twitter_card":"summary_large_image","twitter_creator":"@SantaPolaAyunt","twitter_site":"@SantaPolaAyunt","schema":{"@context":"https:\/\/schema.org","@graph":[{"@type":"Article","@id":"https:\/\/santapola.es\/ca\/santa-pola-acull-este-cap-de-setmana-el-campionat-despanya-de-beach-sprint-de-rem\/#article","isPartOf":{"@id":"https:\/\/santapola.es\/ca\/santa-pola-acull-este-cap-de-setmana-el-campionat-despanya-de-beach-sprint-de-rem\/"},"author":{"name":"Jos\u00e9 Juan L\u00f3pez Lafuente","@id":"https:\/\/santapola.es\/ca\/#\/schema\/person\/ad1d67403707b58350c7be5e8dbc442d"},"headline":"Santa Pola acull este cap de setmana el Campionat d&#8217;Espanya de beach sprint de rem","datePublished":"2024-07-24T17:44:14+00:00","mainEntityOfPage":{"@id":"https:\/\/santapola.es\/ca\/santa-pola-acull-este-cap-de-setmana-el-campionat-despanya-de-beach-sprint-de-rem\/"},"wordCount":647,"image":{"@id":"https:\/\/santapola.es\/ca\/santa-pola-acull-este-cap-de-setmana-el-campionat-despanya-de-beach-sprint-de-rem\/#primaryimage"},"thumbnailUrl":"https:\/\/santapola.es\/wp-content\/uploads\/2024\/07\/2024-07-24-presentacion-2.jpeg","keywords":["\u00c1ngel Piedecausa","Club N\u00e1utic Santa Pola","Federaci\u00f3 de Rem de la Comunitat Valenciana","Federaci\u00f3 Espanyola de Rem","Loreto Serrano"],"articleSection":["Esport"],"inLanguage":"ca"},{"@type":"WebPage","@id":"https:\/\/santapola.es\/ca\/santa-pola-acull-este-cap-de-setmana-el-campionat-despanya-de-beach-sprint-de-rem\/","url":"https:\/\/santapola.es\/ca\/santa-pola-acull-este-cap-de-setmana-el-campionat-despanya-de-beach-sprint-de-rem\/","name":"Santa Pola acull este cap de setmana el Campionat d'Espanya de beach sprint de rem - Ajuntament de Santa Pola","isPartOf":{"@id":"https:\/\/santapola.es\/ca\/#website"},"primaryImageOfPage":{"@id":"https:\/\/santapola.es\/ca\/santa-pola-acull-este-cap-de-setmana-el-campionat-despanya-de-beach-sprint-de-rem\/#primaryimage"},"image":{"@id":"https:\/\/santapola.es\/ca\/santa-pola-acull-este-cap-de-setmana-el-campionat-despanya-de-beach-sprint-de-rem\/#primaryimage"},"thumbnailUrl":"https:\/\/santapola.es\/wp-content\/uploads\/2024\/07\/2024-07-24-presentacion-2.jpeg","datePublished":"2024-07-24T17:44:14+00:00","author":{"@id":"https:\/\/santapola.es\/ca\/#\/schema\/person\/ad1d67403707b58350c7be5e8dbc442d"},"breadcrumb":{"@id":"https:\/\/santapola.es\/ca\/santa-pola-acull-este-cap-de-setmana-el-campionat-despanya-de-beach-sprint-de-rem\/#breadcrumb"},"inLanguage":"ca","potentialAction":[{"@type":"ReadAction","target":["https:\/\/santapola.es\/ca\/santa-pola-acull-este-cap-de-setmana-el-campionat-despanya-de-beach-sprint-de-rem\/"]}]},{"@type":"ImageObject","inLanguage":"ca","@id":"https:\/\/santapola.es\/ca\/santa-pola-acull-este-cap-de-setmana-el-campionat-despanya-de-beach-sprint-de-rem\/#primaryimage","url":"https:\/\/santapola.es\/wp-content\/uploads\/2024\/07\/2024-07-24-presentacion-2.jpeg","contentUrl":"https:\/\/santapola.es\/wp-content\/uploads\/2024\/07\/2024-07-24-presentacion-2.jpeg","width":1600,"height":1200},{"@type":"BreadcrumbList","@id":"https:\/\/santapola.es\/ca\/santa-pola-acull-este-cap-de-setmana-el-campionat-despanya-de-beach-sprint-de-rem\/#breadcrumb","itemListElement":[{"@type":"ListItem","position":1,"name":"Inici","item":"https:\/\/santapola.es\/ca\/"},{"@type":"ListItem","position":2,"name":"Santa Pola acull este cap de setmana el Campionat d&#8217;Espanya de beach sprint de rem"}]},{"@type":"WebSite","@id":"https:\/\/santapola.es\/ca\/#website","url":"https:\/\/santapola.es\/ca\/","name":"Ayuntamiento de Santa Pola","description":"Web de l'Ajuntament de Santa Pola","potentialAction":[{"@type":"SearchAction","target":{"@type":"EntryPoint","urlTemplate":"https:\/\/santapola.es\/ca\/?s={search_term_string}"},"query-input":{"@type":"PropertyValueSpecification","valueRequired":true,"valueName":"search_term_string"}}],"inLanguage":"ca"},{"@type":"Person","@id":"https:\/\/santapola.es\/ca\/#\/schema\/person\/ad1d67403707b58350c7be5e8dbc442d","name":"Jos\u00e9 Juan L\u00f3pez Lafuente"}]}},"_links":{"self":[{"href":"https:\/\/santapola.es\/ca\/wp-json\/wp\/v2\/posts\/38360","targetHints":{"allow":["GET"]}}],"collection":[{"href":"https:\/\/santapola.es\/ca\/wp-json\/wp\/v2\/posts"}],"about":[{"href":"https:\/\/santapola.es\/ca\/wp-json\/wp\/v2\/types\/post"}],"author":[{"embeddable":true,"href":"https:\/\/santapola.es\/ca\/wp-json\/wp\/v2\/users\/96"}],"replies":[{"embeddable":true,"href":"https:\/\/santapola.es\/ca\/wp-json\/wp\/v2\/comments?post=38360"}],"version-history":[{"count":0,"href":"https:\/\/santapola.es\/ca\/wp-json\/wp\/v2\/posts\/38360\/revisions"}],"wp:featuredmedia":[{"embeddable":true,"href":"https:\/\/santapola.es\/ca\/wp-json\/wp\/v2\/media\/38358"}],"wp:attachment":[{"href":"https:\/\/santapola.es\/ca\/wp-json\/wp\/v2\/media?parent=38360"}],"wp:term":[{"taxonomy":"category","embeddable":true,"href":"https:\/\/santapola.es\/ca\/wp-json\/wp\/v2\/categories?post=38360"},{"taxonomy":"post_tag","embeddable":true,"href":"https:\/\/santapola.es\/ca\/wp-json\/wp\/v2\/tags?post=38360"}],"curies":[{"name":"wp","href":"https:\/\/api.w.org\/{rel}","templated":true}]}}