{"id":38335,"date":"2024-07-24T14:16:59","date_gmt":"2024-07-24T12:16:59","guid":{"rendered":"https:\/\/santapola.es\/?p=38335"},"modified":"2024-07-24T14:16:59","modified_gmt":"2024-07-24T12:16:59","slug":"recepcio-a-lajuntament-al-campio-del-mon-amateur-de-fisic-culturisme-marco-arago","status":"publish","type":"post","link":"https:\/\/santapola.es\/ca\/recepcio-a-lajuntament-al-campio-del-mon-amateur-de-fisic-culturisme-marco-arago\/","title":{"rendered":"Recepci\u00f3 a l&#8217;Ajuntament al Campi\u00f3 del M\u00f3n amateur de f\u00edsic culturisme Marco Arag\u00f3"},"content":{"rendered":"<p><strong>L&#8217;esportista establit en Gran Alacant presenta un brillant palmar\u00e9s amb un or i una plata Mundial i tres Campionats d&#8217;Espanya.<\/strong><\/p>\n<p>El regidor d&#8217;Esports, \u00c1ngel Piedecausa, acompanyat per les edils Nely Baile i Trini Ortiz, han rebut oficialment hui en el sal\u00f3 de plens de l&#8217;Ajuntament al culturista cordov\u00e9s Marco Arag\u00f3n, que porta quasi deu anys establit a Santa Pola i regenta un centre d&#8217;entrenament en Gran Alacant.<\/p>\n<p>Piedecausa va declarar que \u201cper a nosaltres \u00e9s un privilegi tindre&#8217;t ac\u00ed i volem felicitar-te per tots els \u00e8xits collits en els dos \u00faltims anys i, sobretot, agrair-te que sempre portes el nom de Santa Pola all\u00e0 on competixes\u201d.<\/p>\n<p>Arag\u00f3n va donar \u201cles gr\u00e0cies per este reconeixement i per tot el suport rebut d&#8217;este ajuntament, per a mi \u00e9s un gran honor. Porte quasi deu anys ac\u00ed i \u00e9s una terra que m&#8217;ha acollit molt b\u00e9, per aix\u00f2 sempre he competit amb el nom de Santa Pola i Gran Alacant, que \u00e9s on viu\u201d.<\/p>\n<p>Sobre els seus inicis: \u201cen la competici\u00f3 he comen\u00e7at tard, fa nom\u00e9s dos anys quasi amb 49, va ser com una aposta d&#8217;arribar als 50 damunt d&#8217;una tarima. Em va sorprendre un poc obtindre tan bons resultats, vaig comen\u00e7ar amb campionats regionals i vaig guanyar el nacional. Ac\u00ed va ser quan em van dir que havia d&#8217;anar al Campionat del M\u00f3n, amb el meu xandall d&#8217;Espanya, el meu bitllet d&#8217;avi\u00f3 i que m&#8217;anava a Eslov\u00e8nia, encara se&#8217;m posa encara el borrissol de punta. Vaig guanyar l&#8217;or per parelles i enguany, en el Mundial que es va celebrar a M\u00e0laga, he sigut subcampi\u00f3 individual\u201d.<\/p>\n<p>Marco Arag\u00f3n va recordar que \u201cla gent ha de saber que el culturisme \u00e9s un esport molt dur, ha sigut un entrenament i una dieta estricta durant any i mig, no tots els esportistes s\u00f3n capa\u00e7os de tindre eixa disciplina i for\u00e7a de voluntat\u201d.<\/p>\n<p>Sobre el futur, el seu objectiu \u201cper a l&#8217;any que ve \u00e9s anar a l&#8217;octubre a l&#8217;Arnold Classic a Madrid, al qual ve Arnold Schwarzenegger, i per al qual he de preparar-me b\u00e9 i pujar una mica de pes per a aconseguir una cosa grossa amb Santa Pola, perqu\u00e8 \u00e9s un escenari internacional\u201d.<\/p>\n<p><strong>Palmar\u00e9s<\/strong><\/p>\n<p>Marco Arag\u00f3n \u00e9s preparador personal en el seu centre d&#8217;entrenament del Club MaragonFIT de Gran Alacant i ha obtingut un brillant palmar\u00e9s en solo els dos \u00faltims anys 2023 i 2024:<\/p>\n<p>-Campi\u00f3 del M\u00f3n per parelles Federaci\u00f3 IBFF<\/p>\n<p>-Subcampi\u00f3 del M\u00f3n Federaci\u00f3 NAC<\/p>\n<p>-Doble Campi\u00f3 d&#8217;Espanya en Federaci\u00f3 AESA<\/p>\n<p>-Campi\u00f3 en 4 competicions internacionals Federacions IBFF i CIFF<\/p>\n<p>-Campi\u00f3 de Castella-la Manxa AEFF<\/p>\n<p>-Campi\u00f3 d&#8217;Espanya Federaci\u00f3 AEFF<\/p>\n","protected":false},"excerpt":{"rendered":"<p>L&#8217;esportista establit en Gran Alacant presenta un brillant palmar\u00e9s amb un or i una plata Mundial i tres Campionats d&#8217;Espanya. El regidor d&#8217;Esports, \u00c1ngel Piedecausa, acompanyat per les edils Nely Baile i Trini Ortiz, han rebut oficialment hui en el sal\u00f3 de plens de l&#8217;Ajuntament al culturista cordov\u00e9s Marco Arag\u00f3n, que porta quasi deu anys [&hellip;]<\/p>\n","protected":false},"author":96,"featured_media":38333,"comment_status":"closed","ping_status":"closed","sticky":false,"template":"","format":"standard","meta":{"_et_pb_use_builder":"","_et_pb_old_content":"","_et_gb_content_width":"","footnotes":""},"categories":[439],"tags":[581,984,985],"class_list":["post-38335","post","type-post","status-publish","format-standard","has-post-thumbnail","hentry","category-esport","tag-angel-piedecausa-ca","tag-fisic-culturisme","tag-marco-aragon-ca"],"yoast_head":"<!-- This site is optimized with the Yoast SEO plugin v27.4 - https:\/\/yoast.com\/product\/yoast-seo-wordpress\/ -->\n<title>Recepci\u00f3 a l&#039;Ajuntament al Campi\u00f3 del M\u00f3n amateur de f\u00edsic culturisme Marco Arag\u00f3 - Ajuntament de Santa Pola<\/title>\n<meta name=\"robots\" content=\"index, follow, max-snippet:-1, max-image-preview:large, max-video-preview:-1\" \/>\n<link rel=\"canonical\" href=\"https:\/\/santapola.es\/ca\/recepcio-a-lajuntament-al-campio-del-mon-amateur-de-fisic-culturisme-marco-arago\/\" \/>\n<meta property=\"og:locale\" content=\"ca_ES\" \/>\n<meta property=\"og:type\" content=\"article\" \/>\n<meta property=\"og:title\" content=\"Recepci\u00f3 a l&#039;Ajuntament al Campi\u00f3 del M\u00f3n amateur de f\u00edsic culturisme Marco Arag\u00f3 - Ajuntament de Santa Pola\" \/>\n<meta property=\"og:description\" content=\"L&#8217;esportista establit en Gran Alacant presenta un brillant palmar\u00e9s amb un or i una plata Mundial i tres Campionats d&#8217;Espanya. El regidor d&#8217;Esports, \u00c1ngel Piedecausa, acompanyat per les edils Nely Baile i Trini Ortiz, han rebut oficialment hui en el sal\u00f3 de plens de l&#8217;Ajuntament al culturista cordov\u00e9s Marco Arag\u00f3n, que porta quasi deu anys [&hellip;]\" \/>\n<meta property=\"og:url\" content=\"https:\/\/santapola.es\/ca\/recepcio-a-lajuntament-al-campio-del-mon-amateur-de-fisic-culturisme-marco-arago\/\" \/>\n<meta property=\"og:site_name\" content=\"Ajuntament de Santa Pola\" \/>\n<meta property=\"article:publisher\" content=\"https:\/\/www.facebook.com\/AyuntamientoSantaPola\/\" \/>\n<meta property=\"article:published_time\" content=\"2024-07-24T12:16:59+00:00\" \/>\n<meta property=\"og:image\" content=\"https:\/\/santapola.es\/wp-content\/uploads\/2024\/07\/2024-07-24-recepcion-a-Marco-Ara.jpg\" \/>\n\t<meta property=\"og:image:width\" content=\"1824\" \/>\n\t<meta property=\"og:image:height\" content=\"1160\" \/>\n\t<meta property=\"og:image:type\" content=\"image\/jpeg\" \/>\n<meta name=\"author\" content=\"Jos\u00e9 Juan L\u00f3pez Lafuente\" \/>\n<meta name=\"twitter:card\" content=\"summary_large_image\" \/>\n<meta name=\"twitter:creator\" content=\"@SantaPolaAyunt\" \/>\n<meta name=\"twitter:site\" content=\"@SantaPolaAyunt\" \/>\n<script type=\"application\/ld+json\" class=\"yoast-schema-graph\">{\"@context\":\"https:\\\/\\\/schema.org\",\"@graph\":[{\"@type\":\"Article\",\"@id\":\"https:\\\/\\\/santapola.es\\\/ca\\\/recepcio-a-lajuntament-al-campio-del-mon-amateur-de-fisic-culturisme-marco-arago\\\/#article\",\"isPartOf\":{\"@id\":\"https:\\\/\\\/santapola.es\\\/ca\\\/recepcio-a-lajuntament-al-campio-del-mon-amateur-de-fisic-culturisme-marco-arago\\\/\"},\"author\":{\"name\":\"Jos\u00e9 Juan L\u00f3pez Lafuente\",\"@id\":\"https:\\\/\\\/santapola.es\\\/ca\\\/#\\\/schema\\\/person\\\/ad1d67403707b58350c7be5e8dbc442d\"},\"headline\":\"Recepci\u00f3 a l&#8217;Ajuntament al Campi\u00f3 del M\u00f3n amateur de f\u00edsic culturisme Marco Arag\u00f3\",\"datePublished\":\"2024-07-24T12:16:59+00:00\",\"mainEntityOfPage\":{\"@id\":\"https:\\\/\\\/santapola.es\\\/ca\\\/recepcio-a-lajuntament-al-campio-del-mon-amateur-de-fisic-culturisme-marco-arago\\\/\"},\"wordCount\":482,\"image\":{\"@id\":\"https:\\\/\\\/santapola.es\\\/ca\\\/recepcio-a-lajuntament-al-campio-del-mon-amateur-de-fisic-culturisme-marco-arago\\\/#primaryimage\"},\"thumbnailUrl\":\"https:\\\/\\\/santapola.es\\\/wp-content\\\/uploads\\\/2024\\\/07\\\/2024-07-24-recepcion-a-Marco-Ara.jpg\",\"keywords\":[\"\u00c1ngel Piedecausa\",\"f\u00edsic culturisme\",\"Marco Arag\u00f3n\"],\"articleSection\":[\"Esport\"],\"inLanguage\":\"ca\"},{\"@type\":\"WebPage\",\"@id\":\"https:\\\/\\\/santapola.es\\\/ca\\\/recepcio-a-lajuntament-al-campio-del-mon-amateur-de-fisic-culturisme-marco-arago\\\/\",\"url\":\"https:\\\/\\\/santapola.es\\\/ca\\\/recepcio-a-lajuntament-al-campio-del-mon-amateur-de-fisic-culturisme-marco-arago\\\/\",\"name\":\"Recepci\u00f3 a l'Ajuntament al Campi\u00f3 del M\u00f3n amateur de f\u00edsic culturisme Marco Arag\u00f3 - Ajuntament de Santa Pola\",\"isPartOf\":{\"@id\":\"https:\\\/\\\/santapola.es\\\/ca\\\/#website\"},\"primaryImageOfPage\":{\"@id\":\"https:\\\/\\\/santapola.es\\\/ca\\\/recepcio-a-lajuntament-al-campio-del-mon-amateur-de-fisic-culturisme-marco-arago\\\/#primaryimage\"},\"image\":{\"@id\":\"https:\\\/\\\/santapola.es\\\/ca\\\/recepcio-a-lajuntament-al-campio-del-mon-amateur-de-fisic-culturisme-marco-arago\\\/#primaryimage\"},\"thumbnailUrl\":\"https:\\\/\\\/santapola.es\\\/wp-content\\\/uploads\\\/2024\\\/07\\\/2024-07-24-recepcion-a-Marco-Ara.jpg\",\"datePublished\":\"2024-07-24T12:16:59+00:00\",\"author\":{\"@id\":\"https:\\\/\\\/santapola.es\\\/ca\\\/#\\\/schema\\\/person\\\/ad1d67403707b58350c7be5e8dbc442d\"},\"breadcrumb\":{\"@id\":\"https:\\\/\\\/santapola.es\\\/ca\\\/recepcio-a-lajuntament-al-campio-del-mon-amateur-de-fisic-culturisme-marco-arago\\\/#breadcrumb\"},\"inLanguage\":\"ca\",\"potentialAction\":[{\"@type\":\"ReadAction\",\"target\":[\"https:\\\/\\\/santapola.es\\\/ca\\\/recepcio-a-lajuntament-al-campio-del-mon-amateur-de-fisic-culturisme-marco-arago\\\/\"]}]},{\"@type\":\"ImageObject\",\"inLanguage\":\"ca\",\"@id\":\"https:\\\/\\\/santapola.es\\\/ca\\\/recepcio-a-lajuntament-al-campio-del-mon-amateur-de-fisic-culturisme-marco-arago\\\/#primaryimage\",\"url\":\"https:\\\/\\\/santapola.es\\\/wp-content\\\/uploads\\\/2024\\\/07\\\/2024-07-24-recepcion-a-Marco-Ara.jpg\",\"contentUrl\":\"https:\\\/\\\/santapola.es\\\/wp-content\\\/uploads\\\/2024\\\/07\\\/2024-07-24-recepcion-a-Marco-Ara.jpg\",\"width\":1824,\"height\":1160},{\"@type\":\"BreadcrumbList\",\"@id\":\"https:\\\/\\\/santapola.es\\\/ca\\\/recepcio-a-lajuntament-al-campio-del-mon-amateur-de-fisic-culturisme-marco-arago\\\/#breadcrumb\",\"itemListElement\":[{\"@type\":\"ListItem\",\"position\":1,\"name\":\"Inici\",\"item\":\"https:\\\/\\\/santapola.es\\\/ca\\\/\"},{\"@type\":\"ListItem\",\"position\":2,\"name\":\"Recepci\u00f3 a l&#8217;Ajuntament al Campi\u00f3 del M\u00f3n amateur de f\u00edsic culturisme Marco Arag\u00f3\"}]},{\"@type\":\"WebSite\",\"@id\":\"https:\\\/\\\/santapola.es\\\/ca\\\/#website\",\"url\":\"https:\\\/\\\/santapola.es\\\/ca\\\/\",\"name\":\"Ayuntamiento de Santa Pola\",\"description\":\"Web de l'Ajuntament de Santa Pola\",\"potentialAction\":[{\"@type\":\"SearchAction\",\"target\":{\"@type\":\"EntryPoint\",\"urlTemplate\":\"https:\\\/\\\/santapola.es\\\/ca\\\/?s={search_term_string}\"},\"query-input\":{\"@type\":\"PropertyValueSpecification\",\"valueRequired\":true,\"valueName\":\"search_term_string\"}}],\"inLanguage\":\"ca\"},{\"@type\":\"Person\",\"@id\":\"https:\\\/\\\/santapola.es\\\/ca\\\/#\\\/schema\\\/person\\\/ad1d67403707b58350c7be5e8dbc442d\",\"name\":\"Jos\u00e9 Juan L\u00f3pez Lafuente\"}]}<\/script>\n<!-- \/ Yoast SEO plugin. -->","yoast_head_json":{"title":"Recepci\u00f3 a l'Ajuntament al Campi\u00f3 del M\u00f3n amateur de f\u00edsic culturisme Marco Arag\u00f3 - Ajuntament de Santa Pola","robots":{"index":"index","follow":"follow","max-snippet":"max-snippet:-1","max-image-preview":"max-image-preview:large","max-video-preview":"max-video-preview:-1"},"canonical":"https:\/\/santapola.es\/ca\/recepcio-a-lajuntament-al-campio-del-mon-amateur-de-fisic-culturisme-marco-arago\/","og_locale":"ca_ES","og_type":"article","og_title":"Recepci\u00f3 a l'Ajuntament al Campi\u00f3 del M\u00f3n amateur de f\u00edsic culturisme Marco Arag\u00f3 - Ajuntament de Santa Pola","og_description":"L&#8217;esportista establit en Gran Alacant presenta un brillant palmar\u00e9s amb un or i una plata Mundial i tres Campionats d&#8217;Espanya. El regidor d&#8217;Esports, \u00c1ngel Piedecausa, acompanyat per les edils Nely Baile i Trini Ortiz, han rebut oficialment hui en el sal\u00f3 de plens de l&#8217;Ajuntament al culturista cordov\u00e9s Marco Arag\u00f3n, que porta quasi deu anys [&hellip;]","og_url":"https:\/\/santapola.es\/ca\/recepcio-a-lajuntament-al-campio-del-mon-amateur-de-fisic-culturisme-marco-arago\/","og_site_name":"Ajuntament de Santa Pola","article_publisher":"https:\/\/www.facebook.com\/AyuntamientoSantaPola\/","article_published_time":"2024-07-24T12:16:59+00:00","og_image":[{"width":1824,"height":1160,"url":"https:\/\/santapola.es\/wp-content\/uploads\/2024\/07\/2024-07-24-recepcion-a-Marco-Ara.jpg","type":"image\/jpeg"}],"author":"Jos\u00e9 Juan L\u00f3pez Lafuente","twitter_card":"summary_large_image","twitter_creator":"@SantaPolaAyunt","twitter_site":"@SantaPolaAyunt","schema":{"@context":"https:\/\/schema.org","@graph":[{"@type":"Article","@id":"https:\/\/santapola.es\/ca\/recepcio-a-lajuntament-al-campio-del-mon-amateur-de-fisic-culturisme-marco-arago\/#article","isPartOf":{"@id":"https:\/\/santapola.es\/ca\/recepcio-a-lajuntament-al-campio-del-mon-amateur-de-fisic-culturisme-marco-arago\/"},"author":{"name":"Jos\u00e9 Juan L\u00f3pez Lafuente","@id":"https:\/\/santapola.es\/ca\/#\/schema\/person\/ad1d67403707b58350c7be5e8dbc442d"},"headline":"Recepci\u00f3 a l&#8217;Ajuntament al Campi\u00f3 del M\u00f3n amateur de f\u00edsic culturisme Marco Arag\u00f3","datePublished":"2024-07-24T12:16:59+00:00","mainEntityOfPage":{"@id":"https:\/\/santapola.es\/ca\/recepcio-a-lajuntament-al-campio-del-mon-amateur-de-fisic-culturisme-marco-arago\/"},"wordCount":482,"image":{"@id":"https:\/\/santapola.es\/ca\/recepcio-a-lajuntament-al-campio-del-mon-amateur-de-fisic-culturisme-marco-arago\/#primaryimage"},"thumbnailUrl":"https:\/\/santapola.es\/wp-content\/uploads\/2024\/07\/2024-07-24-recepcion-a-Marco-Ara.jpg","keywords":["\u00c1ngel Piedecausa","f\u00edsic culturisme","Marco Arag\u00f3n"],"articleSection":["Esport"],"inLanguage":"ca"},{"@type":"WebPage","@id":"https:\/\/santapola.es\/ca\/recepcio-a-lajuntament-al-campio-del-mon-amateur-de-fisic-culturisme-marco-arago\/","url":"https:\/\/santapola.es\/ca\/recepcio-a-lajuntament-al-campio-del-mon-amateur-de-fisic-culturisme-marco-arago\/","name":"Recepci\u00f3 a l'Ajuntament al Campi\u00f3 del M\u00f3n amateur de f\u00edsic culturisme Marco Arag\u00f3 - Ajuntament de Santa Pola","isPartOf":{"@id":"https:\/\/santapola.es\/ca\/#website"},"primaryImageOfPage":{"@id":"https:\/\/santapola.es\/ca\/recepcio-a-lajuntament-al-campio-del-mon-amateur-de-fisic-culturisme-marco-arago\/#primaryimage"},"image":{"@id":"https:\/\/santapola.es\/ca\/recepcio-a-lajuntament-al-campio-del-mon-amateur-de-fisic-culturisme-marco-arago\/#primaryimage"},"thumbnailUrl":"https:\/\/santapola.es\/wp-content\/uploads\/2024\/07\/2024-07-24-recepcion-a-Marco-Ara.jpg","datePublished":"2024-07-24T12:16:59+00:00","author":{"@id":"https:\/\/santapola.es\/ca\/#\/schema\/person\/ad1d67403707b58350c7be5e8dbc442d"},"breadcrumb":{"@id":"https:\/\/santapola.es\/ca\/recepcio-a-lajuntament-al-campio-del-mon-amateur-de-fisic-culturisme-marco-arago\/#breadcrumb"},"inLanguage":"ca","potentialAction":[{"@type":"ReadAction","target":["https:\/\/santapola.es\/ca\/recepcio-a-lajuntament-al-campio-del-mon-amateur-de-fisic-culturisme-marco-arago\/"]}]},{"@type":"ImageObject","inLanguage":"ca","@id":"https:\/\/santapola.es\/ca\/recepcio-a-lajuntament-al-campio-del-mon-amateur-de-fisic-culturisme-marco-arago\/#primaryimage","url":"https:\/\/santapola.es\/wp-content\/uploads\/2024\/07\/2024-07-24-recepcion-a-Marco-Ara.jpg","contentUrl":"https:\/\/santapola.es\/wp-content\/uploads\/2024\/07\/2024-07-24-recepcion-a-Marco-Ara.jpg","width":1824,"height":1160},{"@type":"BreadcrumbList","@id":"https:\/\/santapola.es\/ca\/recepcio-a-lajuntament-al-campio-del-mon-amateur-de-fisic-culturisme-marco-arago\/#breadcrumb","itemListElement":[{"@type":"ListItem","position":1,"name":"Inici","item":"https:\/\/santapola.es\/ca\/"},{"@type":"ListItem","position":2,"name":"Recepci\u00f3 a l&#8217;Ajuntament al Campi\u00f3 del M\u00f3n amateur de f\u00edsic culturisme Marco Arag\u00f3"}]},{"@type":"WebSite","@id":"https:\/\/santapola.es\/ca\/#website","url":"https:\/\/santapola.es\/ca\/","name":"Ayuntamiento de Santa Pola","description":"Web de l'Ajuntament de Santa Pola","potentialAction":[{"@type":"SearchAction","target":{"@type":"EntryPoint","urlTemplate":"https:\/\/santapola.es\/ca\/?s={search_term_string}"},"query-input":{"@type":"PropertyValueSpecification","valueRequired":true,"valueName":"search_term_string"}}],"inLanguage":"ca"},{"@type":"Person","@id":"https:\/\/santapola.es\/ca\/#\/schema\/person\/ad1d67403707b58350c7be5e8dbc442d","name":"Jos\u00e9 Juan L\u00f3pez Lafuente"}]}},"_links":{"self":[{"href":"https:\/\/santapola.es\/ca\/wp-json\/wp\/v2\/posts\/38335","targetHints":{"allow":["GET"]}}],"collection":[{"href":"https:\/\/santapola.es\/ca\/wp-json\/wp\/v2\/posts"}],"about":[{"href":"https:\/\/santapola.es\/ca\/wp-json\/wp\/v2\/types\/post"}],"author":[{"embeddable":true,"href":"https:\/\/santapola.es\/ca\/wp-json\/wp\/v2\/users\/96"}],"replies":[{"embeddable":true,"href":"https:\/\/santapola.es\/ca\/wp-json\/wp\/v2\/comments?post=38335"}],"version-history":[{"count":0,"href":"https:\/\/santapola.es\/ca\/wp-json\/wp\/v2\/posts\/38335\/revisions"}],"wp:featuredmedia":[{"embeddable":true,"href":"https:\/\/santapola.es\/ca\/wp-json\/wp\/v2\/media\/38333"}],"wp:attachment":[{"href":"https:\/\/santapola.es\/ca\/wp-json\/wp\/v2\/media?parent=38335"}],"wp:term":[{"taxonomy":"category","embeddable":true,"href":"https:\/\/santapola.es\/ca\/wp-json\/wp\/v2\/categories?post=38335"},{"taxonomy":"post_tag","embeddable":true,"href":"https:\/\/santapola.es\/ca\/wp-json\/wp\/v2\/tags?post=38335"}],"curies":[{"name":"wp","href":"https:\/\/api.w.org\/{rel}","templated":true}]}}