{"id":38129,"date":"2024-07-15T14:17:56","date_gmt":"2024-07-15T12:17:56","guid":{"rendered":"https:\/\/santapola.es\/?p=38129"},"modified":"2024-07-15T14:17:56","modified_gmt":"2024-07-15T12:17:56","slug":"torna-el-concurs-de-carrers-engalanats-en-les-festes-patronals","status":"publish","type":"post","link":"https:\/\/santapola.es\/ca\/torna-el-concurs-de-carrers-engalanats-en-les-festes-patronals\/","title":{"rendered":"Torna el concurs de carrers engalanats en les festes patronals"},"content":{"rendered":"<p><strong>La regidoria de Festes recupera el concurs de carrers engalanats durant les celebracions de Moros i Cristians i en honor de la Verge de Loreto. Els interessats a tancar el seu carrer podran presentar la seua sol\u00b7licitud fins al 31 de juliol, tant si entren en concurs com si no.<\/strong><\/p>\n<p>La regidoria de Festes de l&#8217;Ajuntament de Santa Pola ha publicat hui les bases del concurs de carrers engalanats per a les festes patronals en honor a la Verge de Loreto 2024, en el qual podran participar els ve\u00efns del municipi.<br \/>\nL&#8217;estil i el tema de la decoraci\u00f3 ser\u00e0 lliure, encara que es valorar\u00e0 algun tipus d&#8217;al\u00b7lusi\u00f3 a les festes patronals o al poble, sempre de manera manual i amb pintura no permanent de l&#8217;asfalt.<br \/>\nEls criteris de valoraci\u00f3 que tindr\u00e0 en compte el jurat seran el disseny del conjunt, la decoraci\u00f3 de l&#8217;asfalt, la decoraci\u00f3 a\u00e8ria, balcons i finestres, aix\u00ed com la utilitzaci\u00f3 de motius referents a festes o a Santa Pola.<br \/>\nEl jurat visitar\u00e0 els carrers el 4 de setembre en un cercaviles i atorgar\u00e0 tres premis de 300, 200 i 100 euros canviables en material de papereria.<br \/>\nEl tall del carrer s&#8217;iniciar\u00e0 el 30 d&#8217;agost a les 00.00 hores per a iniciar el muntatge i romandr\u00e0 engalanada fins al 8 de setembre.<br \/>\nLes bases completes es poden obtindre en el portal municipal a trav\u00e9s de l&#8217;enlla\u00e7 <a href=\"http:\/\/santapola.es\/fiestas\">santapola.es\/fiestas<\/a>\u00a0i la sol\u00b7licitud servir\u00e0 indistintament perqu\u00e8 sol\u00b7liciten perm\u00eds de tall els carrers que vulguen o no concursar.<\/p>\n","protected":false},"excerpt":{"rendered":"<p>La regidoria de Festes recupera el concurs de carrers engalanats durant les celebracions de Moros i Cristians i en honor de la Verge de Loreto. Els interessats a tancar el seu carrer podran presentar la seua sol\u00b7licitud fins al 31 de juliol, tant si entren en concurs com si no. La regidoria de Festes de [&hellip;]<\/p>\n","protected":false},"author":96,"featured_media":38133,"comment_status":"closed","ping_status":"closed","sticky":false,"template":"","format":"standard","meta":{"_et_pb_use_builder":"","_et_pb_old_content":"","_et_gb_content_width":"","footnotes":""},"categories":[434],"tags":[972],"class_list":["post-38129","post","type-post","status-publish","format-standard","has-post-thumbnail","hentry","category-festes","tag-carrers-engalanats"],"yoast_head":"<!-- This site is optimized with the Yoast SEO plugin v27.4 - https:\/\/yoast.com\/product\/yoast-seo-wordpress\/ -->\n<title>Torna el concurs de carrers engalanats en les festes patronals - Ajuntament de Santa Pola<\/title>\n<meta name=\"robots\" content=\"index, follow, max-snippet:-1, max-image-preview:large, max-video-preview:-1\" \/>\n<link rel=\"canonical\" href=\"https:\/\/santapola.es\/ca\/torna-el-concurs-de-carrers-engalanats-en-les-festes-patronals\/\" \/>\n<meta property=\"og:locale\" content=\"ca_ES\" \/>\n<meta property=\"og:type\" content=\"article\" \/>\n<meta property=\"og:title\" content=\"Torna el concurs de carrers engalanats en les festes patronals - Ajuntament de Santa Pola\" \/>\n<meta property=\"og:description\" content=\"La regidoria de Festes recupera el concurs de carrers engalanats durant les celebracions de Moros i Cristians i en honor de la Verge de Loreto. Els interessats a tancar el seu carrer podran presentar la seua sol\u00b7licitud fins al 31 de juliol, tant si entren en concurs com si no. La regidoria de Festes de [&hellip;]\" \/>\n<meta property=\"og:url\" content=\"https:\/\/santapola.es\/ca\/torna-el-concurs-de-carrers-engalanats-en-les-festes-patronals\/\" \/>\n<meta property=\"og:site_name\" content=\"Ajuntament de Santa Pola\" \/>\n<meta property=\"article:publisher\" content=\"https:\/\/www.facebook.com\/AyuntamientoSantaPola\/\" \/>\n<meta property=\"article:published_time\" content=\"2024-07-15T12:17:56+00:00\" \/>\n<meta property=\"og:image\" content=\"https:\/\/santapola.es\/wp-content\/uploads\/2024\/07\/2024-07-15-calles-engalanadas.jpeg\" \/>\n\t<meta property=\"og:image:width\" content=\"4032\" \/>\n\t<meta property=\"og:image:height\" content=\"2268\" \/>\n\t<meta property=\"og:image:type\" content=\"image\/jpeg\" \/>\n<meta name=\"author\" content=\"Jos\u00e9 Juan L\u00f3pez Lafuente\" \/>\n<meta name=\"twitter:card\" content=\"summary_large_image\" \/>\n<meta name=\"twitter:creator\" content=\"@SantaPolaAyunt\" \/>\n<meta name=\"twitter:site\" content=\"@SantaPolaAyunt\" \/>\n<script type=\"application\/ld+json\" class=\"yoast-schema-graph\">{\"@context\":\"https:\\\/\\\/schema.org\",\"@graph\":[{\"@type\":\"Article\",\"@id\":\"https:\\\/\\\/santapola.es\\\/ca\\\/torna-el-concurs-de-carrers-engalanats-en-les-festes-patronals\\\/#article\",\"isPartOf\":{\"@id\":\"https:\\\/\\\/santapola.es\\\/ca\\\/torna-el-concurs-de-carrers-engalanats-en-les-festes-patronals\\\/\"},\"author\":{\"name\":\"Jos\u00e9 Juan L\u00f3pez Lafuente\",\"@id\":\"https:\\\/\\\/santapola.es\\\/ca\\\/#\\\/schema\\\/person\\\/ad1d67403707b58350c7be5e8dbc442d\"},\"headline\":\"Torna el concurs de carrers engalanats en les festes patronals\",\"datePublished\":\"2024-07-15T12:17:56+00:00\",\"mainEntityOfPage\":{\"@id\":\"https:\\\/\\\/santapola.es\\\/ca\\\/torna-el-concurs-de-carrers-engalanats-en-les-festes-patronals\\\/\"},\"wordCount\":266,\"image\":{\"@id\":\"https:\\\/\\\/santapola.es\\\/ca\\\/torna-el-concurs-de-carrers-engalanats-en-les-festes-patronals\\\/#primaryimage\"},\"thumbnailUrl\":\"https:\\\/\\\/santapola.es\\\/wp-content\\\/uploads\\\/2024\\\/07\\\/2024-07-15-calles-engalanadas.jpeg\",\"keywords\":[\"carrers engalanats\"],\"articleSection\":[\"Festes\"],\"inLanguage\":\"ca\"},{\"@type\":\"WebPage\",\"@id\":\"https:\\\/\\\/santapola.es\\\/ca\\\/torna-el-concurs-de-carrers-engalanats-en-les-festes-patronals\\\/\",\"url\":\"https:\\\/\\\/santapola.es\\\/ca\\\/torna-el-concurs-de-carrers-engalanats-en-les-festes-patronals\\\/\",\"name\":\"Torna el concurs de carrers engalanats en les festes patronals - Ajuntament de Santa Pola\",\"isPartOf\":{\"@id\":\"https:\\\/\\\/santapola.es\\\/ca\\\/#website\"},\"primaryImageOfPage\":{\"@id\":\"https:\\\/\\\/santapola.es\\\/ca\\\/torna-el-concurs-de-carrers-engalanats-en-les-festes-patronals\\\/#primaryimage\"},\"image\":{\"@id\":\"https:\\\/\\\/santapola.es\\\/ca\\\/torna-el-concurs-de-carrers-engalanats-en-les-festes-patronals\\\/#primaryimage\"},\"thumbnailUrl\":\"https:\\\/\\\/santapola.es\\\/wp-content\\\/uploads\\\/2024\\\/07\\\/2024-07-15-calles-engalanadas.jpeg\",\"datePublished\":\"2024-07-15T12:17:56+00:00\",\"author\":{\"@id\":\"https:\\\/\\\/santapola.es\\\/ca\\\/#\\\/schema\\\/person\\\/ad1d67403707b58350c7be5e8dbc442d\"},\"breadcrumb\":{\"@id\":\"https:\\\/\\\/santapola.es\\\/ca\\\/torna-el-concurs-de-carrers-engalanats-en-les-festes-patronals\\\/#breadcrumb\"},\"inLanguage\":\"ca\",\"potentialAction\":[{\"@type\":\"ReadAction\",\"target\":[\"https:\\\/\\\/santapola.es\\\/ca\\\/torna-el-concurs-de-carrers-engalanats-en-les-festes-patronals\\\/\"]}]},{\"@type\":\"ImageObject\",\"inLanguage\":\"ca\",\"@id\":\"https:\\\/\\\/santapola.es\\\/ca\\\/torna-el-concurs-de-carrers-engalanats-en-les-festes-patronals\\\/#primaryimage\",\"url\":\"https:\\\/\\\/santapola.es\\\/wp-content\\\/uploads\\\/2024\\\/07\\\/2024-07-15-calles-engalanadas.jpeg\",\"contentUrl\":\"https:\\\/\\\/santapola.es\\\/wp-content\\\/uploads\\\/2024\\\/07\\\/2024-07-15-calles-engalanadas.jpeg\",\"width\":4032,\"height\":2268},{\"@type\":\"BreadcrumbList\",\"@id\":\"https:\\\/\\\/santapola.es\\\/ca\\\/torna-el-concurs-de-carrers-engalanats-en-les-festes-patronals\\\/#breadcrumb\",\"itemListElement\":[{\"@type\":\"ListItem\",\"position\":1,\"name\":\"Inici\",\"item\":\"https:\\\/\\\/santapola.es\\\/ca\\\/\"},{\"@type\":\"ListItem\",\"position\":2,\"name\":\"Torna el concurs de carrers engalanats en les festes patronals\"}]},{\"@type\":\"WebSite\",\"@id\":\"https:\\\/\\\/santapola.es\\\/ca\\\/#website\",\"url\":\"https:\\\/\\\/santapola.es\\\/ca\\\/\",\"name\":\"Ayuntamiento de Santa Pola\",\"description\":\"Web de l'Ajuntament de Santa Pola\",\"potentialAction\":[{\"@type\":\"SearchAction\",\"target\":{\"@type\":\"EntryPoint\",\"urlTemplate\":\"https:\\\/\\\/santapola.es\\\/ca\\\/?s={search_term_string}\"},\"query-input\":{\"@type\":\"PropertyValueSpecification\",\"valueRequired\":true,\"valueName\":\"search_term_string\"}}],\"inLanguage\":\"ca\"},{\"@type\":\"Person\",\"@id\":\"https:\\\/\\\/santapola.es\\\/ca\\\/#\\\/schema\\\/person\\\/ad1d67403707b58350c7be5e8dbc442d\",\"name\":\"Jos\u00e9 Juan L\u00f3pez Lafuente\"}]}<\/script>\n<!-- \/ Yoast SEO plugin. -->","yoast_head_json":{"title":"Torna el concurs de carrers engalanats en les festes patronals - Ajuntament de Santa Pola","robots":{"index":"index","follow":"follow","max-snippet":"max-snippet:-1","max-image-preview":"max-image-preview:large","max-video-preview":"max-video-preview:-1"},"canonical":"https:\/\/santapola.es\/ca\/torna-el-concurs-de-carrers-engalanats-en-les-festes-patronals\/","og_locale":"ca_ES","og_type":"article","og_title":"Torna el concurs de carrers engalanats en les festes patronals - Ajuntament de Santa Pola","og_description":"La regidoria de Festes recupera el concurs de carrers engalanats durant les celebracions de Moros i Cristians i en honor de la Verge de Loreto. Els interessats a tancar el seu carrer podran presentar la seua sol\u00b7licitud fins al 31 de juliol, tant si entren en concurs com si no. La regidoria de Festes de [&hellip;]","og_url":"https:\/\/santapola.es\/ca\/torna-el-concurs-de-carrers-engalanats-en-les-festes-patronals\/","og_site_name":"Ajuntament de Santa Pola","article_publisher":"https:\/\/www.facebook.com\/AyuntamientoSantaPola\/","article_published_time":"2024-07-15T12:17:56+00:00","og_image":[{"width":4032,"height":2268,"url":"https:\/\/santapola.es\/wp-content\/uploads\/2024\/07\/2024-07-15-calles-engalanadas.jpeg","type":"image\/jpeg"}],"author":"Jos\u00e9 Juan L\u00f3pez Lafuente","twitter_card":"summary_large_image","twitter_creator":"@SantaPolaAyunt","twitter_site":"@SantaPolaAyunt","schema":{"@context":"https:\/\/schema.org","@graph":[{"@type":"Article","@id":"https:\/\/santapola.es\/ca\/torna-el-concurs-de-carrers-engalanats-en-les-festes-patronals\/#article","isPartOf":{"@id":"https:\/\/santapola.es\/ca\/torna-el-concurs-de-carrers-engalanats-en-les-festes-patronals\/"},"author":{"name":"Jos\u00e9 Juan L\u00f3pez Lafuente","@id":"https:\/\/santapola.es\/ca\/#\/schema\/person\/ad1d67403707b58350c7be5e8dbc442d"},"headline":"Torna el concurs de carrers engalanats en les festes patronals","datePublished":"2024-07-15T12:17:56+00:00","mainEntityOfPage":{"@id":"https:\/\/santapola.es\/ca\/torna-el-concurs-de-carrers-engalanats-en-les-festes-patronals\/"},"wordCount":266,"image":{"@id":"https:\/\/santapola.es\/ca\/torna-el-concurs-de-carrers-engalanats-en-les-festes-patronals\/#primaryimage"},"thumbnailUrl":"https:\/\/santapola.es\/wp-content\/uploads\/2024\/07\/2024-07-15-calles-engalanadas.jpeg","keywords":["carrers engalanats"],"articleSection":["Festes"],"inLanguage":"ca"},{"@type":"WebPage","@id":"https:\/\/santapola.es\/ca\/torna-el-concurs-de-carrers-engalanats-en-les-festes-patronals\/","url":"https:\/\/santapola.es\/ca\/torna-el-concurs-de-carrers-engalanats-en-les-festes-patronals\/","name":"Torna el concurs de carrers engalanats en les festes patronals - Ajuntament de Santa Pola","isPartOf":{"@id":"https:\/\/santapola.es\/ca\/#website"},"primaryImageOfPage":{"@id":"https:\/\/santapola.es\/ca\/torna-el-concurs-de-carrers-engalanats-en-les-festes-patronals\/#primaryimage"},"image":{"@id":"https:\/\/santapola.es\/ca\/torna-el-concurs-de-carrers-engalanats-en-les-festes-patronals\/#primaryimage"},"thumbnailUrl":"https:\/\/santapola.es\/wp-content\/uploads\/2024\/07\/2024-07-15-calles-engalanadas.jpeg","datePublished":"2024-07-15T12:17:56+00:00","author":{"@id":"https:\/\/santapola.es\/ca\/#\/schema\/person\/ad1d67403707b58350c7be5e8dbc442d"},"breadcrumb":{"@id":"https:\/\/santapola.es\/ca\/torna-el-concurs-de-carrers-engalanats-en-les-festes-patronals\/#breadcrumb"},"inLanguage":"ca","potentialAction":[{"@type":"ReadAction","target":["https:\/\/santapola.es\/ca\/torna-el-concurs-de-carrers-engalanats-en-les-festes-patronals\/"]}]},{"@type":"ImageObject","inLanguage":"ca","@id":"https:\/\/santapola.es\/ca\/torna-el-concurs-de-carrers-engalanats-en-les-festes-patronals\/#primaryimage","url":"https:\/\/santapola.es\/wp-content\/uploads\/2024\/07\/2024-07-15-calles-engalanadas.jpeg","contentUrl":"https:\/\/santapola.es\/wp-content\/uploads\/2024\/07\/2024-07-15-calles-engalanadas.jpeg","width":4032,"height":2268},{"@type":"BreadcrumbList","@id":"https:\/\/santapola.es\/ca\/torna-el-concurs-de-carrers-engalanats-en-les-festes-patronals\/#breadcrumb","itemListElement":[{"@type":"ListItem","position":1,"name":"Inici","item":"https:\/\/santapola.es\/ca\/"},{"@type":"ListItem","position":2,"name":"Torna el concurs de carrers engalanats en les festes patronals"}]},{"@type":"WebSite","@id":"https:\/\/santapola.es\/ca\/#website","url":"https:\/\/santapola.es\/ca\/","name":"Ayuntamiento de Santa Pola","description":"Web de l'Ajuntament de Santa Pola","potentialAction":[{"@type":"SearchAction","target":{"@type":"EntryPoint","urlTemplate":"https:\/\/santapola.es\/ca\/?s={search_term_string}"},"query-input":{"@type":"PropertyValueSpecification","valueRequired":true,"valueName":"search_term_string"}}],"inLanguage":"ca"},{"@type":"Person","@id":"https:\/\/santapola.es\/ca\/#\/schema\/person\/ad1d67403707b58350c7be5e8dbc442d","name":"Jos\u00e9 Juan L\u00f3pez Lafuente"}]}},"_links":{"self":[{"href":"https:\/\/santapola.es\/ca\/wp-json\/wp\/v2\/posts\/38129","targetHints":{"allow":["GET"]}}],"collection":[{"href":"https:\/\/santapola.es\/ca\/wp-json\/wp\/v2\/posts"}],"about":[{"href":"https:\/\/santapola.es\/ca\/wp-json\/wp\/v2\/types\/post"}],"author":[{"embeddable":true,"href":"https:\/\/santapola.es\/ca\/wp-json\/wp\/v2\/users\/96"}],"replies":[{"embeddable":true,"href":"https:\/\/santapola.es\/ca\/wp-json\/wp\/v2\/comments?post=38129"}],"version-history":[{"count":0,"href":"https:\/\/santapola.es\/ca\/wp-json\/wp\/v2\/posts\/38129\/revisions"}],"wp:featuredmedia":[{"embeddable":true,"href":"https:\/\/santapola.es\/ca\/wp-json\/wp\/v2\/media\/38133"}],"wp:attachment":[{"href":"https:\/\/santapola.es\/ca\/wp-json\/wp\/v2\/media?parent=38129"}],"wp:term":[{"taxonomy":"category","embeddable":true,"href":"https:\/\/santapola.es\/ca\/wp-json\/wp\/v2\/categories?post=38129"},{"taxonomy":"post_tag","embeddable":true,"href":"https:\/\/santapola.es\/ca\/wp-json\/wp\/v2\/tags?post=38129"}],"curies":[{"name":"wp","href":"https:\/\/api.w.org\/{rel}","templated":true}]}}