{"id":38116,"date":"2024-07-15T10:22:11","date_gmt":"2024-07-15T08:22:11","guid":{"rendered":"https:\/\/santapola.es\/?p=38116"},"modified":"2024-07-15T10:23:13","modified_gmt":"2024-07-15T08:23:13","slug":"dimarts-16-de-juliol-festivitat-de-la-mare-de-deu-del-carmen","status":"publish","type":"post","link":"https:\/\/santapola.es\/ca\/dimarts-16-de-juliol-festivitat-de-la-mare-de-deu-del-carmen\/","title":{"rendered":"Dimarts 16 de juliol, festivitat de la Mare de D\u00e9u del Carmen"},"content":{"rendered":"<p>En ser festa local, dem\u00e0 dimarts dia 16 de juliol, festivitat de la Mare de D\u00e9u del Carmen, este ajuntament romandr\u00e0 tancat al p\u00fablic. Feli\u00e7 festa de les gents de la mar!<\/p>\n","protected":false},"excerpt":{"rendered":"<p>En ser festa local, dem\u00e0 dimarts dia 16 de juliol, festivitat de la Mare de D\u00e9u del Carmen, este ajuntament romandr\u00e0 tancat al p\u00fablic. Feli\u00e7 festa de les gents de la mar!<\/p>\n","protected":false},"author":96,"featured_media":38114,"comment_status":"closed","ping_status":"closed","sticky":false,"template":"","format":"standard","meta":{"_et_pb_use_builder":"","_et_pb_old_content":"","_et_gb_content_width":"","footnotes":""},"categories":[516],"tags":[959],"class_list":["post-38116","post","type-post","status-publish","format-standard","has-post-thumbnail","hentry","category-avisos-ca","tag-mare-de-deu-del-carmen"],"yoast_head":"<!-- This site is optimized with the Yoast SEO plugin v27.4 - https:\/\/yoast.com\/product\/yoast-seo-wordpress\/ -->\n<title>Dimarts 16 de juliol, festivitat de la Mare de D\u00e9u del Carmen - Ajuntament de Santa Pola<\/title>\n<meta name=\"robots\" content=\"index, follow, max-snippet:-1, max-image-preview:large, max-video-preview:-1\" \/>\n<link rel=\"canonical\" href=\"https:\/\/santapola.es\/ca\/dimarts-16-de-juliol-festivitat-de-la-mare-de-deu-del-carmen\/\" \/>\n<meta property=\"og:locale\" content=\"ca_ES\" \/>\n<meta property=\"og:type\" content=\"article\" \/>\n<meta property=\"og:title\" content=\"Dimarts 16 de juliol, festivitat de la Mare de D\u00e9u del Carmen - Ajuntament de Santa Pola\" \/>\n<meta property=\"og:description\" content=\"En ser festa local, dem\u00e0 dimarts dia 16 de juliol, festivitat de la Mare de D\u00e9u del Carmen, este ajuntament romandr\u00e0 tancat al p\u00fablic. Feli\u00e7 festa de les gents de la mar!\" \/>\n<meta property=\"og:url\" content=\"https:\/\/santapola.es\/ca\/dimarts-16-de-juliol-festivitat-de-la-mare-de-deu-del-carmen\/\" \/>\n<meta property=\"og:site_name\" content=\"Ajuntament de Santa Pola\" \/>\n<meta property=\"article:publisher\" content=\"https:\/\/www.facebook.com\/AyuntamientoSantaPola\/\" \/>\n<meta property=\"article:published_time\" content=\"2024-07-15T08:22:11+00:00\" \/>\n<meta property=\"article:modified_time\" content=\"2024-07-15T08:23:13+00:00\" \/>\n<meta property=\"og:image\" content=\"https:\/\/santapola.es\/wp-content\/uploads\/2024\/07\/VIRGEN-DEL-CARMEN.jpg\" \/>\n\t<meta property=\"og:image:width\" content=\"1920\" \/>\n\t<meta property=\"og:image:height\" content=\"1080\" \/>\n\t<meta property=\"og:image:type\" content=\"image\/jpeg\" \/>\n<meta name=\"author\" content=\"Jos\u00e9 Juan L\u00f3pez Lafuente\" \/>\n<meta name=\"twitter:card\" content=\"summary_large_image\" \/>\n<meta name=\"twitter:creator\" content=\"@SantaPolaAyunt\" \/>\n<meta name=\"twitter:site\" content=\"@SantaPolaAyunt\" \/>\n<script type=\"application\/ld+json\" class=\"yoast-schema-graph\">{\"@context\":\"https:\\\/\\\/schema.org\",\"@graph\":[{\"@type\":\"Article\",\"@id\":\"https:\\\/\\\/santapola.es\\\/ca\\\/dimarts-16-de-juliol-festivitat-de-la-mare-de-deu-del-carmen\\\/#article\",\"isPartOf\":{\"@id\":\"https:\\\/\\\/santapola.es\\\/ca\\\/dimarts-16-de-juliol-festivitat-de-la-mare-de-deu-del-carmen\\\/\"},\"author\":{\"name\":\"Jos\u00e9 Juan L\u00f3pez Lafuente\",\"@id\":\"https:\\\/\\\/santapola.es\\\/ca\\\/#\\\/schema\\\/person\\\/ad1d67403707b58350c7be5e8dbc442d\"},\"headline\":\"Dimarts 16 de juliol, festivitat de la Mare de D\u00e9u del Carmen\",\"datePublished\":\"2024-07-15T08:22:11+00:00\",\"dateModified\":\"2024-07-15T08:23:13+00:00\",\"mainEntityOfPage\":{\"@id\":\"https:\\\/\\\/santapola.es\\\/ca\\\/dimarts-16-de-juliol-festivitat-de-la-mare-de-deu-del-carmen\\\/\"},\"wordCount\":45,\"image\":{\"@id\":\"https:\\\/\\\/santapola.es\\\/ca\\\/dimarts-16-de-juliol-festivitat-de-la-mare-de-deu-del-carmen\\\/#primaryimage\"},\"thumbnailUrl\":\"https:\\\/\\\/santapola.es\\\/wp-content\\\/uploads\\\/2024\\\/07\\\/VIRGEN-DEL-CARMEN.jpg\",\"keywords\":[\"Mare de D\u00e9u del Carmen\"],\"articleSection\":[\"Avisos\"],\"inLanguage\":\"ca\"},{\"@type\":\"WebPage\",\"@id\":\"https:\\\/\\\/santapola.es\\\/ca\\\/dimarts-16-de-juliol-festivitat-de-la-mare-de-deu-del-carmen\\\/\",\"url\":\"https:\\\/\\\/santapola.es\\\/ca\\\/dimarts-16-de-juliol-festivitat-de-la-mare-de-deu-del-carmen\\\/\",\"name\":\"Dimarts 16 de juliol, festivitat de la Mare de D\u00e9u del Carmen - Ajuntament de Santa Pola\",\"isPartOf\":{\"@id\":\"https:\\\/\\\/santapola.es\\\/ca\\\/#website\"},\"primaryImageOfPage\":{\"@id\":\"https:\\\/\\\/santapola.es\\\/ca\\\/dimarts-16-de-juliol-festivitat-de-la-mare-de-deu-del-carmen\\\/#primaryimage\"},\"image\":{\"@id\":\"https:\\\/\\\/santapola.es\\\/ca\\\/dimarts-16-de-juliol-festivitat-de-la-mare-de-deu-del-carmen\\\/#primaryimage\"},\"thumbnailUrl\":\"https:\\\/\\\/santapola.es\\\/wp-content\\\/uploads\\\/2024\\\/07\\\/VIRGEN-DEL-CARMEN.jpg\",\"datePublished\":\"2024-07-15T08:22:11+00:00\",\"dateModified\":\"2024-07-15T08:23:13+00:00\",\"author\":{\"@id\":\"https:\\\/\\\/santapola.es\\\/ca\\\/#\\\/schema\\\/person\\\/ad1d67403707b58350c7be5e8dbc442d\"},\"breadcrumb\":{\"@id\":\"https:\\\/\\\/santapola.es\\\/ca\\\/dimarts-16-de-juliol-festivitat-de-la-mare-de-deu-del-carmen\\\/#breadcrumb\"},\"inLanguage\":\"ca\",\"potentialAction\":[{\"@type\":\"ReadAction\",\"target\":[\"https:\\\/\\\/santapola.es\\\/ca\\\/dimarts-16-de-juliol-festivitat-de-la-mare-de-deu-del-carmen\\\/\"]}]},{\"@type\":\"ImageObject\",\"inLanguage\":\"ca\",\"@id\":\"https:\\\/\\\/santapola.es\\\/ca\\\/dimarts-16-de-juliol-festivitat-de-la-mare-de-deu-del-carmen\\\/#primaryimage\",\"url\":\"https:\\\/\\\/santapola.es\\\/wp-content\\\/uploads\\\/2024\\\/07\\\/VIRGEN-DEL-CARMEN.jpg\",\"contentUrl\":\"https:\\\/\\\/santapola.es\\\/wp-content\\\/uploads\\\/2024\\\/07\\\/VIRGEN-DEL-CARMEN.jpg\",\"width\":1920,\"height\":1080},{\"@type\":\"BreadcrumbList\",\"@id\":\"https:\\\/\\\/santapola.es\\\/ca\\\/dimarts-16-de-juliol-festivitat-de-la-mare-de-deu-del-carmen\\\/#breadcrumb\",\"itemListElement\":[{\"@type\":\"ListItem\",\"position\":1,\"name\":\"Inici\",\"item\":\"https:\\\/\\\/santapola.es\\\/ca\\\/\"},{\"@type\":\"ListItem\",\"position\":2,\"name\":\"Dimarts 16 de juliol, festivitat de la Mare de D\u00e9u del Carmen\"}]},{\"@type\":\"WebSite\",\"@id\":\"https:\\\/\\\/santapola.es\\\/ca\\\/#website\",\"url\":\"https:\\\/\\\/santapola.es\\\/ca\\\/\",\"name\":\"Ayuntamiento de Santa Pola\",\"description\":\"Web de l'Ajuntament de Santa Pola\",\"potentialAction\":[{\"@type\":\"SearchAction\",\"target\":{\"@type\":\"EntryPoint\",\"urlTemplate\":\"https:\\\/\\\/santapola.es\\\/ca\\\/?s={search_term_string}\"},\"query-input\":{\"@type\":\"PropertyValueSpecification\",\"valueRequired\":true,\"valueName\":\"search_term_string\"}}],\"inLanguage\":\"ca\"},{\"@type\":\"Person\",\"@id\":\"https:\\\/\\\/santapola.es\\\/ca\\\/#\\\/schema\\\/person\\\/ad1d67403707b58350c7be5e8dbc442d\",\"name\":\"Jos\u00e9 Juan L\u00f3pez Lafuente\"}]}<\/script>\n<!-- \/ Yoast SEO plugin. -->","yoast_head_json":{"title":"Dimarts 16 de juliol, festivitat de la Mare de D\u00e9u del Carmen - Ajuntament de Santa Pola","robots":{"index":"index","follow":"follow","max-snippet":"max-snippet:-1","max-image-preview":"max-image-preview:large","max-video-preview":"max-video-preview:-1"},"canonical":"https:\/\/santapola.es\/ca\/dimarts-16-de-juliol-festivitat-de-la-mare-de-deu-del-carmen\/","og_locale":"ca_ES","og_type":"article","og_title":"Dimarts 16 de juliol, festivitat de la Mare de D\u00e9u del Carmen - Ajuntament de Santa Pola","og_description":"En ser festa local, dem\u00e0 dimarts dia 16 de juliol, festivitat de la Mare de D\u00e9u del Carmen, este ajuntament romandr\u00e0 tancat al p\u00fablic. Feli\u00e7 festa de les gents de la mar!","og_url":"https:\/\/santapola.es\/ca\/dimarts-16-de-juliol-festivitat-de-la-mare-de-deu-del-carmen\/","og_site_name":"Ajuntament de Santa Pola","article_publisher":"https:\/\/www.facebook.com\/AyuntamientoSantaPola\/","article_published_time":"2024-07-15T08:22:11+00:00","article_modified_time":"2024-07-15T08:23:13+00:00","og_image":[{"width":1920,"height":1080,"url":"https:\/\/santapola.es\/wp-content\/uploads\/2024\/07\/VIRGEN-DEL-CARMEN.jpg","type":"image\/jpeg"}],"author":"Jos\u00e9 Juan L\u00f3pez Lafuente","twitter_card":"summary_large_image","twitter_creator":"@SantaPolaAyunt","twitter_site":"@SantaPolaAyunt","schema":{"@context":"https:\/\/schema.org","@graph":[{"@type":"Article","@id":"https:\/\/santapola.es\/ca\/dimarts-16-de-juliol-festivitat-de-la-mare-de-deu-del-carmen\/#article","isPartOf":{"@id":"https:\/\/santapola.es\/ca\/dimarts-16-de-juliol-festivitat-de-la-mare-de-deu-del-carmen\/"},"author":{"name":"Jos\u00e9 Juan L\u00f3pez Lafuente","@id":"https:\/\/santapola.es\/ca\/#\/schema\/person\/ad1d67403707b58350c7be5e8dbc442d"},"headline":"Dimarts 16 de juliol, festivitat de la Mare de D\u00e9u del Carmen","datePublished":"2024-07-15T08:22:11+00:00","dateModified":"2024-07-15T08:23:13+00:00","mainEntityOfPage":{"@id":"https:\/\/santapola.es\/ca\/dimarts-16-de-juliol-festivitat-de-la-mare-de-deu-del-carmen\/"},"wordCount":45,"image":{"@id":"https:\/\/santapola.es\/ca\/dimarts-16-de-juliol-festivitat-de-la-mare-de-deu-del-carmen\/#primaryimage"},"thumbnailUrl":"https:\/\/santapola.es\/wp-content\/uploads\/2024\/07\/VIRGEN-DEL-CARMEN.jpg","keywords":["Mare de D\u00e9u del Carmen"],"articleSection":["Avisos"],"inLanguage":"ca"},{"@type":"WebPage","@id":"https:\/\/santapola.es\/ca\/dimarts-16-de-juliol-festivitat-de-la-mare-de-deu-del-carmen\/","url":"https:\/\/santapola.es\/ca\/dimarts-16-de-juliol-festivitat-de-la-mare-de-deu-del-carmen\/","name":"Dimarts 16 de juliol, festivitat de la Mare de D\u00e9u del Carmen - Ajuntament de Santa Pola","isPartOf":{"@id":"https:\/\/santapola.es\/ca\/#website"},"primaryImageOfPage":{"@id":"https:\/\/santapola.es\/ca\/dimarts-16-de-juliol-festivitat-de-la-mare-de-deu-del-carmen\/#primaryimage"},"image":{"@id":"https:\/\/santapola.es\/ca\/dimarts-16-de-juliol-festivitat-de-la-mare-de-deu-del-carmen\/#primaryimage"},"thumbnailUrl":"https:\/\/santapola.es\/wp-content\/uploads\/2024\/07\/VIRGEN-DEL-CARMEN.jpg","datePublished":"2024-07-15T08:22:11+00:00","dateModified":"2024-07-15T08:23:13+00:00","author":{"@id":"https:\/\/santapola.es\/ca\/#\/schema\/person\/ad1d67403707b58350c7be5e8dbc442d"},"breadcrumb":{"@id":"https:\/\/santapola.es\/ca\/dimarts-16-de-juliol-festivitat-de-la-mare-de-deu-del-carmen\/#breadcrumb"},"inLanguage":"ca","potentialAction":[{"@type":"ReadAction","target":["https:\/\/santapola.es\/ca\/dimarts-16-de-juliol-festivitat-de-la-mare-de-deu-del-carmen\/"]}]},{"@type":"ImageObject","inLanguage":"ca","@id":"https:\/\/santapola.es\/ca\/dimarts-16-de-juliol-festivitat-de-la-mare-de-deu-del-carmen\/#primaryimage","url":"https:\/\/santapola.es\/wp-content\/uploads\/2024\/07\/VIRGEN-DEL-CARMEN.jpg","contentUrl":"https:\/\/santapola.es\/wp-content\/uploads\/2024\/07\/VIRGEN-DEL-CARMEN.jpg","width":1920,"height":1080},{"@type":"BreadcrumbList","@id":"https:\/\/santapola.es\/ca\/dimarts-16-de-juliol-festivitat-de-la-mare-de-deu-del-carmen\/#breadcrumb","itemListElement":[{"@type":"ListItem","position":1,"name":"Inici","item":"https:\/\/santapola.es\/ca\/"},{"@type":"ListItem","position":2,"name":"Dimarts 16 de juliol, festivitat de la Mare de D\u00e9u del Carmen"}]},{"@type":"WebSite","@id":"https:\/\/santapola.es\/ca\/#website","url":"https:\/\/santapola.es\/ca\/","name":"Ayuntamiento de Santa Pola","description":"Web de l'Ajuntament de Santa Pola","potentialAction":[{"@type":"SearchAction","target":{"@type":"EntryPoint","urlTemplate":"https:\/\/santapola.es\/ca\/?s={search_term_string}"},"query-input":{"@type":"PropertyValueSpecification","valueRequired":true,"valueName":"search_term_string"}}],"inLanguage":"ca"},{"@type":"Person","@id":"https:\/\/santapola.es\/ca\/#\/schema\/person\/ad1d67403707b58350c7be5e8dbc442d","name":"Jos\u00e9 Juan L\u00f3pez Lafuente"}]}},"_links":{"self":[{"href":"https:\/\/santapola.es\/ca\/wp-json\/wp\/v2\/posts\/38116","targetHints":{"allow":["GET"]}}],"collection":[{"href":"https:\/\/santapola.es\/ca\/wp-json\/wp\/v2\/posts"}],"about":[{"href":"https:\/\/santapola.es\/ca\/wp-json\/wp\/v2\/types\/post"}],"author":[{"embeddable":true,"href":"https:\/\/santapola.es\/ca\/wp-json\/wp\/v2\/users\/96"}],"replies":[{"embeddable":true,"href":"https:\/\/santapola.es\/ca\/wp-json\/wp\/v2\/comments?post=38116"}],"version-history":[{"count":0,"href":"https:\/\/santapola.es\/ca\/wp-json\/wp\/v2\/posts\/38116\/revisions"}],"wp:featuredmedia":[{"embeddable":true,"href":"https:\/\/santapola.es\/ca\/wp-json\/wp\/v2\/media\/38114"}],"wp:attachment":[{"href":"https:\/\/santapola.es\/ca\/wp-json\/wp\/v2\/media?parent=38116"}],"wp:term":[{"taxonomy":"category","embeddable":true,"href":"https:\/\/santapola.es\/ca\/wp-json\/wp\/v2\/categories?post=38116"},{"taxonomy":"post_tag","embeddable":true,"href":"https:\/\/santapola.es\/ca\/wp-json\/wp\/v2\/tags?post=38116"}],"curies":[{"name":"wp","href":"https:\/\/api.w.org\/{rel}","templated":true}]}}